{"id":48328,"date":"2026-04-29T21:18:52","date_gmt":"2026-04-29T21:18:52","guid":{"rendered":"https:\/\/www.agrupamentoverticalgaviao.pt\/?p=48328"},"modified":"2026-04-29T21:18:54","modified_gmt":"2026-04-29T21:18:54","slug":"2-o-encontro-internacional-do-projeto-etwinning-voices-and-visions","status":"publish","type":"post","link":"https:\/\/www.agrupamentoverticalgaviao.pt\/?p=48328","title":{"rendered":"2.\u00ba encontro internacional do projeto eTwinning\u00a0Voices and Visions!"},"content":{"rendered":"\n<p>Hoje, o Agrupamento de Escolas de Gavi\u00e3o voltou a dar voz aos seus alunos no 2.\u00ba encontro internacional do projeto eTwinning&nbsp;<em>Voices and Visions<\/em>!<\/p>\n\n\n\n<p>Os alunos do Curso Profissional de Desporto (10.\u00baA)&nbsp;representaram o AEG com entusiasmo e sentido cr\u00edtico, participando num debate internacional sobre a utiliza\u00e7\u00e3o de smartphones e Intelig\u00eancia Artificial em contexto escolar.<\/p>\n\n\n\n<p>Neste encontro online, partilharam ideias, opini\u00f5es e perspetivas com colegas das escolas parceiras de It\u00e1lia, Bulg\u00e1ria, Turquia, Rom\u00e9nia e Pol\u00f3nia, refor\u00e7ando compet\u00eancias de comunica\u00e7\u00e3o, cidadania digital e colabora\u00e7\u00e3o europeia.<\/p>\n\n\n\n<p>Aprender, refletir e construir o futuro\u2026 juntos e al\u00e9m-fronteiras!<\/p>\n\n\n\n<p><\/p>\n","protected":false},"excerpt":{"rendered":"<p>Hoje, o Agrupamento de Escolas de Gavi\u00e3o voltou a dar voz aos seus alunos &hellip; <\/p>\n","protected":false},"author":2,"featured_media":48329,"comment_status":"closed","ping_status":"closed","sticky":false,"template":"","format":"standard","meta":{"footnotes":""},"categories":[169],"tags":[],"class_list":["post-48328","post","type-post","status-publish","format-standard","has-post-thumbnail","hentry","category-projeto-etwinning"],"yoast_head":"<!-- This site is optimized with the Yoast SEO plugin v27.5 - https:\/\/yoast.com\/product\/yoast-seo-wordpress\/ -->\n<title>2.\u00ba encontro internacional do projeto eTwinning\u00a0Voices and Visions! - Agrupamento de Escolas de Gavi\u00e3o<\/title>\n<meta name=\"robots\" content=\"index, follow, max-snippet:-1, max-image-preview:large, max-video-preview:-1\" \/>\n<link rel=\"canonical\" href=\"https:\/\/www.agrupamentoverticalgaviao.pt\/?p=48328\" \/>\n<meta property=\"og:locale\" content=\"pt_PT\" \/>\n<meta property=\"og:type\" content=\"article\" \/>\n<meta property=\"og:title\" content=\"2.\u00ba encontro internacional do projeto eTwinning\u00a0Voices and Visions! - Agrupamento de Escolas de Gavi\u00e3o\" \/>\n<meta property=\"og:description\" content=\"Hoje, o Agrupamento de Escolas de Gavi\u00e3o voltou a dar voz aos seus alunos &hellip;\" \/>\n<meta property=\"og:url\" content=\"https:\/\/www.agrupamentoverticalgaviao.pt\/?p=48328\" \/>\n<meta property=\"og:site_name\" content=\"Agrupamento de Escolas de Gavi\u00e3o\" \/>\n<meta property=\"article:published_time\" content=\"2026-04-29T21:18:52+00:00\" \/>\n<meta property=\"article:modified_time\" content=\"2026-04-29T21:18:54+00:00\" \/>\n<meta property=\"og:image\" content=\"https:\/\/www.agrupamentoverticalgaviao.pt\/wp-content\/uploads\/2026\/04\/second-students-meeting.jpg\" \/>\n\t<meta property=\"og:image:width\" content=\"1400\" \/>\n\t<meta property=\"og:image:height\" content=\"800\" \/>\n\t<meta property=\"og:image:type\" content=\"image\/jpeg\" \/>\n<meta name=\"author\" content=\"marco Vilela\" \/>\n<meta name=\"twitter:card\" content=\"summary_large_image\" \/>\n<meta name=\"twitter:label1\" content=\"Escrito por\" \/>\n\t<meta name=\"twitter:data1\" content=\"marco Vilela\" \/>\n\t<meta name=\"twitter:label2\" content=\"Tempo estimado de leitura\" \/>\n\t<meta name=\"twitter:data2\" content=\"1 minuto\" \/>\n<script type=\"application\/ld+json\" class=\"yoast-schema-graph\">{\"@context\":\"https:\\\/\\\/schema.org\",\"@graph\":[{\"@type\":\"Article\",\"@id\":\"https:\\\/\\\/www.agrupamentoverticalgaviao.pt\\\/?p=48328#article\",\"isPartOf\":{\"@id\":\"https:\\\/\\\/www.agrupamentoverticalgaviao.pt\\\/?p=48328\"},\"author\":{\"name\":\"marco Vilela\",\"@id\":\"https:\\\/\\\/www.agrupamentoverticalgaviao.pt\\\/#\\\/schema\\\/person\\\/b337300b08ca20a17717f1b413f4b253\"},\"headline\":\"2.\u00ba encontro internacional do projeto eTwinning\u00a0Voices and Visions!\",\"datePublished\":\"2026-04-29T21:18:52+00:00\",\"dateModified\":\"2026-04-29T21:18:54+00:00\",\"mainEntityOfPage\":{\"@id\":\"https:\\\/\\\/www.agrupamentoverticalgaviao.pt\\\/?p=48328\"},\"wordCount\":116,\"image\":{\"@id\":\"https:\\\/\\\/www.agrupamentoverticalgaviao.pt\\\/?p=48328#primaryimage\"},\"thumbnailUrl\":\"https:\\\/\\\/www.agrupamentoverticalgaviao.pt\\\/wp-content\\\/uploads\\\/2026\\\/04\\\/second-students-meeting.jpg\",\"articleSection\":[\"Projeto Etwinning\"],\"inLanguage\":\"pt-PT\"},{\"@type\":\"WebPage\",\"@id\":\"https:\\\/\\\/www.agrupamentoverticalgaviao.pt\\\/?p=48328\",\"url\":\"https:\\\/\\\/www.agrupamentoverticalgaviao.pt\\\/?p=48328\",\"name\":\"2.\u00ba encontro internacional do projeto eTwinning\u00a0Voices and Visions! - Agrupamento de Escolas de Gavi\u00e3o\",\"isPartOf\":{\"@id\":\"https:\\\/\\\/www.agrupamentoverticalgaviao.pt\\\/#website\"},\"primaryImageOfPage\":{\"@id\":\"https:\\\/\\\/www.agrupamentoverticalgaviao.pt\\\/?p=48328#primaryimage\"},\"image\":{\"@id\":\"https:\\\/\\\/www.agrupamentoverticalgaviao.pt\\\/?p=48328#primaryimage\"},\"thumbnailUrl\":\"https:\\\/\\\/www.agrupamentoverticalgaviao.pt\\\/wp-content\\\/uploads\\\/2026\\\/04\\\/second-students-meeting.jpg\",\"datePublished\":\"2026-04-29T21:18:52+00:00\",\"dateModified\":\"2026-04-29T21:18:54+00:00\",\"author\":{\"@id\":\"https:\\\/\\\/www.agrupamentoverticalgaviao.pt\\\/#\\\/schema\\\/person\\\/b337300b08ca20a17717f1b413f4b253\"},\"breadcrumb\":{\"@id\":\"https:\\\/\\\/www.agrupamentoverticalgaviao.pt\\\/?p=48328#breadcrumb\"},\"inLanguage\":\"pt-PT\",\"potentialAction\":[{\"@type\":\"ReadAction\",\"target\":[\"https:\\\/\\\/www.agrupamentoverticalgaviao.pt\\\/?p=48328\"]}]},{\"@type\":\"ImageObject\",\"inLanguage\":\"pt-PT\",\"@id\":\"https:\\\/\\\/www.agrupamentoverticalgaviao.pt\\\/?p=48328#primaryimage\",\"url\":\"https:\\\/\\\/www.agrupamentoverticalgaviao.pt\\\/wp-content\\\/uploads\\\/2026\\\/04\\\/second-students-meeting.jpg\",\"contentUrl\":\"https:\\\/\\\/www.agrupamentoverticalgaviao.pt\\\/wp-content\\\/uploads\\\/2026\\\/04\\\/second-students-meeting.jpg\",\"width\":1400,\"height\":800},{\"@type\":\"BreadcrumbList\",\"@id\":\"https:\\\/\\\/www.agrupamentoverticalgaviao.pt\\\/?p=48328#breadcrumb\",\"itemListElement\":[{\"@type\":\"ListItem\",\"position\":1,\"name\":\"In\u00edcio\",\"item\":\"https:\\\/\\\/www.agrupamentoverticalgaviao.pt\\\/\"},{\"@type\":\"ListItem\",\"position\":2,\"name\":\"2.\u00ba encontro internacional do projeto eTwinning\u00a0Voices and Visions!\"}]},{\"@type\":\"WebSite\",\"@id\":\"https:\\\/\\\/www.agrupamentoverticalgaviao.pt\\\/#website\",\"url\":\"https:\\\/\\\/www.agrupamentoverticalgaviao.pt\\\/\",\"name\":\"Agrupamento de Escolas de Gavi\u00e3o\",\"description\":\"\",\"alternateName\":\"Agrupamento de Escolas de Gavi\u00e3o\",\"potentialAction\":[{\"@type\":\"SearchAction\",\"target\":{\"@type\":\"EntryPoint\",\"urlTemplate\":\"https:\\\/\\\/www.agrupamentoverticalgaviao.pt\\\/?s={search_term_string}\"},\"query-input\":{\"@type\":\"PropertyValueSpecification\",\"valueRequired\":true,\"valueName\":\"search_term_string\"}}],\"inLanguage\":\"pt-PT\"},{\"@type\":\"Person\",\"@id\":\"https:\\\/\\\/www.agrupamentoverticalgaviao.pt\\\/#\\\/schema\\\/person\\\/b337300b08ca20a17717f1b413f4b253\",\"name\":\"marco Vilela\",\"image\":{\"@type\":\"ImageObject\",\"inLanguage\":\"pt-PT\",\"@id\":\"https:\\\/\\\/secure.gravatar.com\\\/avatar\\\/8eb0feb60b637bbf624addb993bbcd710c4802ede472519543b7b7625a815e2d?s=96&d=mm&r=g\",\"url\":\"https:\\\/\\\/secure.gravatar.com\\\/avatar\\\/8eb0feb60b637bbf624addb993bbcd710c4802ede472519543b7b7625a815e2d?s=96&d=mm&r=g\",\"contentUrl\":\"https:\\\/\\\/secure.gravatar.com\\\/avatar\\\/8eb0feb60b637bbf624addb993bbcd710c4802ede472519543b7b7625a815e2d?s=96&d=mm&r=g\",\"caption\":\"marco Vilela\"},\"url\":\"https:\\\/\\\/www.agrupamentoverticalgaviao.pt\\\/?author=2\"}]}<\/script>\n<!-- \/ Yoast SEO plugin. -->","yoast_head_json":{"title":"2.\u00ba encontro internacional do projeto eTwinning\u00a0Voices and Visions! - Agrupamento de Escolas de Gavi\u00e3o","robots":{"index":"index","follow":"follow","max-snippet":"max-snippet:-1","max-image-preview":"max-image-preview:large","max-video-preview":"max-video-preview:-1"},"canonical":"https:\/\/www.agrupamentoverticalgaviao.pt\/?p=48328","og_locale":"pt_PT","og_type":"article","og_title":"2.\u00ba encontro internacional do projeto eTwinning\u00a0Voices and Visions! - Agrupamento de Escolas de Gavi\u00e3o","og_description":"Hoje, o Agrupamento de Escolas de Gavi\u00e3o voltou a dar voz aos seus alunos &hellip;","og_url":"https:\/\/www.agrupamentoverticalgaviao.pt\/?p=48328","og_site_name":"Agrupamento de Escolas de Gavi\u00e3o","article_published_time":"2026-04-29T21:18:52+00:00","article_modified_time":"2026-04-29T21:18:54+00:00","og_image":[{"width":1400,"height":800,"url":"https:\/\/www.agrupamentoverticalgaviao.pt\/wp-content\/uploads\/2026\/04\/second-students-meeting.jpg","type":"image\/jpeg"}],"author":"marco Vilela","twitter_card":"summary_large_image","twitter_misc":{"Escrito por":"marco Vilela","Tempo estimado de leitura":"1 minuto"},"schema":{"@context":"https:\/\/schema.org","@graph":[{"@type":"Article","@id":"https:\/\/www.agrupamentoverticalgaviao.pt\/?p=48328#article","isPartOf":{"@id":"https:\/\/www.agrupamentoverticalgaviao.pt\/?p=48328"},"author":{"name":"marco Vilela","@id":"https:\/\/www.agrupamentoverticalgaviao.pt\/#\/schema\/person\/b337300b08ca20a17717f1b413f4b253"},"headline":"2.\u00ba encontro internacional do projeto eTwinning\u00a0Voices and Visions!","datePublished":"2026-04-29T21:18:52+00:00","dateModified":"2026-04-29T21:18:54+00:00","mainEntityOfPage":{"@id":"https:\/\/www.agrupamentoverticalgaviao.pt\/?p=48328"},"wordCount":116,"image":{"@id":"https:\/\/www.agrupamentoverticalgaviao.pt\/?p=48328#primaryimage"},"thumbnailUrl":"https:\/\/www.agrupamentoverticalgaviao.pt\/wp-content\/uploads\/2026\/04\/second-students-meeting.jpg","articleSection":["Projeto Etwinning"],"inLanguage":"pt-PT"},{"@type":"WebPage","@id":"https:\/\/www.agrupamentoverticalgaviao.pt\/?p=48328","url":"https:\/\/www.agrupamentoverticalgaviao.pt\/?p=48328","name":"2.\u00ba encontro internacional do projeto eTwinning\u00a0Voices and Visions! - Agrupamento de Escolas de Gavi\u00e3o","isPartOf":{"@id":"https:\/\/www.agrupamentoverticalgaviao.pt\/#website"},"primaryImageOfPage":{"@id":"https:\/\/www.agrupamentoverticalgaviao.pt\/?p=48328#primaryimage"},"image":{"@id":"https:\/\/www.agrupamentoverticalgaviao.pt\/?p=48328#primaryimage"},"thumbnailUrl":"https:\/\/www.agrupamentoverticalgaviao.pt\/wp-content\/uploads\/2026\/04\/second-students-meeting.jpg","datePublished":"2026-04-29T21:18:52+00:00","dateModified":"2026-04-29T21:18:54+00:00","author":{"@id":"https:\/\/www.agrupamentoverticalgaviao.pt\/#\/schema\/person\/b337300b08ca20a17717f1b413f4b253"},"breadcrumb":{"@id":"https:\/\/www.agrupamentoverticalgaviao.pt\/?p=48328#breadcrumb"},"inLanguage":"pt-PT","potentialAction":[{"@type":"ReadAction","target":["https:\/\/www.agrupamentoverticalgaviao.pt\/?p=48328"]}]},{"@type":"ImageObject","inLanguage":"pt-PT","@id":"https:\/\/www.agrupamentoverticalgaviao.pt\/?p=48328#primaryimage","url":"https:\/\/www.agrupamentoverticalgaviao.pt\/wp-content\/uploads\/2026\/04\/second-students-meeting.jpg","contentUrl":"https:\/\/www.agrupamentoverticalgaviao.pt\/wp-content\/uploads\/2026\/04\/second-students-meeting.jpg","width":1400,"height":800},{"@type":"BreadcrumbList","@id":"https:\/\/www.agrupamentoverticalgaviao.pt\/?p=48328#breadcrumb","itemListElement":[{"@type":"ListItem","position":1,"name":"In\u00edcio","item":"https:\/\/www.agrupamentoverticalgaviao.pt\/"},{"@type":"ListItem","position":2,"name":"2.\u00ba encontro internacional do projeto eTwinning\u00a0Voices and Visions!"}]},{"@type":"WebSite","@id":"https:\/\/www.agrupamentoverticalgaviao.pt\/#website","url":"https:\/\/www.agrupamentoverticalgaviao.pt\/","name":"Agrupamento de Escolas de Gavi\u00e3o","description":"","alternateName":"Agrupamento de Escolas de Gavi\u00e3o","potentialAction":[{"@type":"SearchAction","target":{"@type":"EntryPoint","urlTemplate":"https:\/\/www.agrupamentoverticalgaviao.pt\/?s={search_term_string}"},"query-input":{"@type":"PropertyValueSpecification","valueRequired":true,"valueName":"search_term_string"}}],"inLanguage":"pt-PT"},{"@type":"Person","@id":"https:\/\/www.agrupamentoverticalgaviao.pt\/#\/schema\/person\/b337300b08ca20a17717f1b413f4b253","name":"marco Vilela","image":{"@type":"ImageObject","inLanguage":"pt-PT","@id":"https:\/\/secure.gravatar.com\/avatar\/8eb0feb60b637bbf624addb993bbcd710c4802ede472519543b7b7625a815e2d?s=96&d=mm&r=g","url":"https:\/\/secure.gravatar.com\/avatar\/8eb0feb60b637bbf624addb993bbcd710c4802ede472519543b7b7625a815e2d?s=96&d=mm&r=g","contentUrl":"https:\/\/secure.gravatar.com\/avatar\/8eb0feb60b637bbf624addb993bbcd710c4802ede472519543b7b7625a815e2d?s=96&d=mm&r=g","caption":"marco Vilela"},"url":"https:\/\/www.agrupamentoverticalgaviao.pt\/?author=2"}]}},"_links":{"self":[{"href":"https:\/\/www.agrupamentoverticalgaviao.pt\/index.php?rest_route=\/wp\/v2\/posts\/48328","targetHints":{"allow":["GET"]}}],"collection":[{"href":"https:\/\/www.agrupamentoverticalgaviao.pt\/index.php?rest_route=\/wp\/v2\/posts"}],"about":[{"href":"https:\/\/www.agrupamentoverticalgaviao.pt\/index.php?rest_route=\/wp\/v2\/types\/post"}],"author":[{"embeddable":true,"href":"https:\/\/www.agrupamentoverticalgaviao.pt\/index.php?rest_route=\/wp\/v2\/users\/2"}],"replies":[{"embeddable":true,"href":"https:\/\/www.agrupamentoverticalgaviao.pt\/index.php?rest_route=%2Fwp%2Fv2%2Fcomments&post=48328"}],"version-history":[{"count":1,"href":"https:\/\/www.agrupamentoverticalgaviao.pt\/index.php?rest_route=\/wp\/v2\/posts\/48328\/revisions"}],"predecessor-version":[{"id":48330,"href":"https:\/\/www.agrupamentoverticalgaviao.pt\/index.php?rest_route=\/wp\/v2\/posts\/48328\/revisions\/48330"}],"wp:featuredmedia":[{"embeddable":true,"href":"https:\/\/www.agrupamentoverticalgaviao.pt\/index.php?rest_route=\/wp\/v2\/media\/48329"}],"wp:attachment":[{"href":"https:\/\/www.agrupamentoverticalgaviao.pt\/index.php?rest_route=%2Fwp%2Fv2%2Fmedia&parent=48328"}],"wp:term":[{"taxonomy":"category","embeddable":true,"href":"https:\/\/www.agrupamentoverticalgaviao.pt\/index.php?rest_route=%2Fwp%2Fv2%2Fcategories&post=48328"},{"taxonomy":"post_tag","embeddable":true,"href":"https:\/\/www.agrupamentoverticalgaviao.pt\/index.php?rest_route=%2Fwp%2Fv2%2Ftags&post=48328"}],"curies":[{"name":"wp","href":"https:\/\/api.w.org\/{rel}","templated":true}]}}