{"id":48311,"date":"2026-04-29T21:16:00","date_gmt":"2026-04-29T21:16:00","guid":{"rendered":"https:\/\/www.agrupamentoverticalgaviao.pt\/?p=48311"},"modified":"2026-04-29T21:16:03","modified_gmt":"2026-04-29T21:16:03","slug":"provas-de-aptidao-profissional","status":"publish","type":"post","link":"https:\/\/www.agrupamentoverticalgaviao.pt\/?p=48311","title":{"rendered":"Provas de Aptid\u00e3o Profissional"},"content":{"rendered":"\n<p>No passado dia 28 de abril, o AEG assinalou um momento cheio de significado com a realiza\u00e7\u00e3o das Provas de Aptid\u00e3o Profissional dos alunos dos cursos profissionais de T\u00e9cnico\/a Auxiliar de Sa\u00fade (TAS) e T\u00e9cnico\/a de Prote\u00e7\u00e3o Civil (TPC).<\/p>\n\n\n\n<p>Mais do que uma prova, este foi o culminar de tr\u00eas anos de aprendizagem, dedica\u00e7\u00e3o, crescimento e prepara\u00e7\u00e3o para o futuro. Um momento solene, marcado pela responsabilidade, pela maturidade e pelo empenho demonstrado por todos os alunos, que est\u00e3o de parab\u00e9ns pela forma exemplar como encerraram esta importante etapa do seu percurso formativo.<\/p>\n\n\n\n<p>Um agradecimento sincero aos elementos do j\u00fari pela sua presen\u00e7a, compromisso e contributo: ao elemento da Dire\u00e7\u00e3o, Laureano Heitor, \u00e0 Diretora de Turma, S\u00edlvia Serrano, aos Diretores de Curso Sara Batista (TAS) e Jo\u00e3o Rodrigues (TPC).<\/p>\n\n\n\n<p>Uma palavra de especial reconhecimento aos elementos externos que enriqueceram este momento com a sua experi\u00eancia e profissionalismo: ao Coordenador Municipal de Prote\u00e7\u00e3o Civil de Gavi\u00e3o, Bruno Marques, ao 2.\u00ba Comandante dos Bombeiros de Gavi\u00e3o, Carlos Isa\u00edas, \u00e0 enfermeira Ana Lu\u00edsa Carias e \u00e0 psic\u00f3loga M\u00f3nica Marques.<\/p>\n\n\n\n<p>Um agradecimento igualmente sentido aos pais e familiares presentes, cuja presen\u00e7a, apoio e orgulho tornaram este momento ainda mais especial.<\/p>\n\n\n\n<p>A todos os alunos, muitos parab\u00e9ns. Fecha-se agora um ciclo muito importante e inicia-se uma nova etapa, com novos desafios, aprendizagens, oportunidades e um futuro cheio de sucessos.<\/p>\n\n\n\n<figure class=\"wp-block-gallery has-nested-images columns-default is-cropped wp-block-gallery-1 is-layout-flex wp-block-gallery-is-layout-flex\">\n<figure class=\"wp-block-image size-large\"><a href=\"https:\/\/www.agrupamentoverticalgaviao.pt\/wp-content\/uploads\/2026\/04\/Foto_01.jpg\"><img loading=\"lazy\" decoding=\"async\" width=\"988\" height=\"600\" data-id=\"48313\" src=\"https:\/\/www.agrupamentoverticalgaviao.pt\/wp-content\/uploads\/2026\/04\/Foto_01.jpg\" alt=\"\" class=\"wp-image-48313\" srcset=\"https:\/\/www.agrupamentoverticalgaviao.pt\/wp-content\/uploads\/2026\/04\/Foto_01.jpg 988w, https:\/\/www.agrupamentoverticalgaviao.pt\/wp-content\/uploads\/2026\/04\/Foto_01-300x182.jpg 300w, https:\/\/www.agrupamentoverticalgaviao.pt\/wp-content\/uploads\/2026\/04\/Foto_01-768x466.jpg 768w\" sizes=\"auto, (max-width: 988px) 100vw, 988px\" \/><\/a><\/figure>\n\n\n\n<figure class=\"wp-block-image size-large\"><a href=\"https:\/\/www.agrupamentoverticalgaviao.pt\/wp-content\/uploads\/2026\/04\/Foto_02.jpg\"><img loading=\"lazy\" decoding=\"async\" width=\"969\" height=\"600\" data-id=\"48314\" src=\"https:\/\/www.agrupamentoverticalgaviao.pt\/wp-content\/uploads\/2026\/04\/Foto_02.jpg\" alt=\"\" class=\"wp-image-48314\" srcset=\"https:\/\/www.agrupamentoverticalgaviao.pt\/wp-content\/uploads\/2026\/04\/Foto_02.jpg 969w, https:\/\/www.agrupamentoverticalgaviao.pt\/wp-content\/uploads\/2026\/04\/Foto_02-300x186.jpg 300w, https:\/\/www.agrupamentoverticalgaviao.pt\/wp-content\/uploads\/2026\/04\/Foto_02-768x476.jpg 768w\" sizes=\"auto, (max-width: 969px) 100vw, 969px\" \/><\/a><\/figure>\n\n\n\n<figure class=\"wp-block-image size-large\"><a href=\"https:\/\/www.agrupamentoverticalgaviao.pt\/wp-content\/uploads\/2026\/04\/Foto_03.jpg\"><img loading=\"lazy\" decoding=\"async\" width=\"822\" height=\"600\" data-id=\"48316\" src=\"https:\/\/www.agrupamentoverticalgaviao.pt\/wp-content\/uploads\/2026\/04\/Foto_03.jpg\" alt=\"\" class=\"wp-image-48316\" srcset=\"https:\/\/www.agrupamentoverticalgaviao.pt\/wp-content\/uploads\/2026\/04\/Foto_03.jpg 822w, https:\/\/www.agrupamentoverticalgaviao.pt\/wp-content\/uploads\/2026\/04\/Foto_03-300x219.jpg 300w, https:\/\/www.agrupamentoverticalgaviao.pt\/wp-content\/uploads\/2026\/04\/Foto_03-768x561.jpg 768w\" sizes=\"auto, (max-width: 822px) 100vw, 822px\" \/><\/a><\/figure>\n\n\n\n<figure class=\"wp-block-image size-large\"><a href=\"https:\/\/www.agrupamentoverticalgaviao.pt\/wp-content\/uploads\/2026\/04\/Foto_04.jpg\"><img loading=\"lazy\" decoding=\"async\" width=\"1021\" height=\"600\" data-id=\"48312\" src=\"https:\/\/www.agrupamentoverticalgaviao.pt\/wp-content\/uploads\/2026\/04\/Foto_04.jpg\" alt=\"\" class=\"wp-image-48312\" srcset=\"https:\/\/www.agrupamentoverticalgaviao.pt\/wp-content\/uploads\/2026\/04\/Foto_04.jpg 1021w, https:\/\/www.agrupamentoverticalgaviao.pt\/wp-content\/uploads\/2026\/04\/Foto_04-300x176.jpg 300w, https:\/\/www.agrupamentoverticalgaviao.pt\/wp-content\/uploads\/2026\/04\/Foto_04-768x451.jpg 768w\" sizes=\"auto, (max-width: 1021px) 100vw, 1021px\" \/><\/a><\/figure>\n\n\n\n<figure class=\"wp-block-image size-large\"><a href=\"https:\/\/www.agrupamentoverticalgaviao.pt\/wp-content\/uploads\/2026\/04\/Foto_05.jpg\"><img loading=\"lazy\" decoding=\"async\" width=\"1013\" height=\"600\" data-id=\"48315\" src=\"https:\/\/www.agrupamentoverticalgaviao.pt\/wp-content\/uploads\/2026\/04\/Foto_05.jpg\" alt=\"\" class=\"wp-image-48315\" srcset=\"https:\/\/www.agrupamentoverticalgaviao.pt\/wp-content\/uploads\/2026\/04\/Foto_05.jpg 1013w, https:\/\/www.agrupamentoverticalgaviao.pt\/wp-content\/uploads\/2026\/04\/Foto_05-300x178.jpg 300w, https:\/\/www.agrupamentoverticalgaviao.pt\/wp-content\/uploads\/2026\/04\/Foto_05-768x455.jpg 768w, https:\/\/www.agrupamentoverticalgaviao.pt\/wp-content\/uploads\/2026\/04\/Foto_05-445x265.jpg 445w\" sizes=\"auto, (max-width: 1013px) 100vw, 1013px\" \/><\/a><\/figure>\n\n\n\n<figure class=\"wp-block-image size-large\"><a href=\"https:\/\/www.agrupamentoverticalgaviao.pt\/wp-content\/uploads\/2026\/04\/Foto_06.jpg\"><img loading=\"lazy\" decoding=\"async\" width=\"836\" height=\"600\" data-id=\"48317\" src=\"https:\/\/www.agrupamentoverticalgaviao.pt\/wp-content\/uploads\/2026\/04\/Foto_06.jpg\" alt=\"\" class=\"wp-image-48317\" srcset=\"https:\/\/www.agrupamentoverticalgaviao.pt\/wp-content\/uploads\/2026\/04\/Foto_06.jpg 836w, https:\/\/www.agrupamentoverticalgaviao.pt\/wp-content\/uploads\/2026\/04\/Foto_06-300x215.jpg 300w, https:\/\/www.agrupamentoverticalgaviao.pt\/wp-content\/uploads\/2026\/04\/Foto_06-768x551.jpg 768w, https:\/\/www.agrupamentoverticalgaviao.pt\/wp-content\/uploads\/2026\/04\/Foto_06-120x85.jpg 120w\" sizes=\"auto, (max-width: 836px) 100vw, 836px\" \/><\/a><\/figure>\n\n\n\n<figure class=\"wp-block-image size-large\"><a href=\"https:\/\/www.agrupamentoverticalgaviao.pt\/wp-content\/uploads\/2026\/04\/Foto_07.jpg\"><img loading=\"lazy\" decoding=\"async\" width=\"892\" height=\"600\" data-id=\"48318\" src=\"https:\/\/www.agrupamentoverticalgaviao.pt\/wp-content\/uploads\/2026\/04\/Foto_07.jpg\" alt=\"\" class=\"wp-image-48318\" srcset=\"https:\/\/www.agrupamentoverticalgaviao.pt\/wp-content\/uploads\/2026\/04\/Foto_07.jpg 892w, https:\/\/www.agrupamentoverticalgaviao.pt\/wp-content\/uploads\/2026\/04\/Foto_07-300x202.jpg 300w, https:\/\/www.agrupamentoverticalgaviao.pt\/wp-content\/uploads\/2026\/04\/Foto_07-768x517.jpg 768w\" sizes=\"auto, (max-width: 892px) 100vw, 892px\" \/><\/a><\/figure>\n\n\n\n<figure class=\"wp-block-image size-large\"><a href=\"https:\/\/www.agrupamentoverticalgaviao.pt\/wp-content\/uploads\/2026\/04\/Foto_08.jpg\"><img loading=\"lazy\" decoding=\"async\" width=\"924\" height=\"600\" data-id=\"48322\" src=\"https:\/\/www.agrupamentoverticalgaviao.pt\/wp-content\/uploads\/2026\/04\/Foto_08.jpg\" alt=\"\" class=\"wp-image-48322\" srcset=\"https:\/\/www.agrupamentoverticalgaviao.pt\/wp-content\/uploads\/2026\/04\/Foto_08.jpg 924w, https:\/\/www.agrupamentoverticalgaviao.pt\/wp-content\/uploads\/2026\/04\/Foto_08-300x195.jpg 300w, https:\/\/www.agrupamentoverticalgaviao.pt\/wp-content\/uploads\/2026\/04\/Foto_08-768x499.jpg 768w\" sizes=\"auto, (max-width: 924px) 100vw, 924px\" \/><\/a><\/figure>\n\n\n\n<figure class=\"wp-block-image size-large\"><a href=\"https:\/\/www.agrupamentoverticalgaviao.pt\/wp-content\/uploads\/2026\/04\/Foto_09.jpg\"><img loading=\"lazy\" decoding=\"async\" width=\"853\" height=\"600\" data-id=\"48321\" src=\"https:\/\/www.agrupamentoverticalgaviao.pt\/wp-content\/uploads\/2026\/04\/Foto_09.jpg\" alt=\"\" class=\"wp-image-48321\" srcset=\"https:\/\/www.agrupamentoverticalgaviao.pt\/wp-content\/uploads\/2026\/04\/Foto_09.jpg 853w, https:\/\/www.agrupamentoverticalgaviao.pt\/wp-content\/uploads\/2026\/04\/Foto_09-300x211.jpg 300w, https:\/\/www.agrupamentoverticalgaviao.pt\/wp-content\/uploads\/2026\/04\/Foto_09-768x540.jpg 768w, https:\/\/www.agrupamentoverticalgaviao.pt\/wp-content\/uploads\/2026\/04\/Foto_09-120x85.jpg 120w\" sizes=\"auto, (max-width: 853px) 100vw, 853px\" \/><\/a><\/figure>\n\n\n\n<figure class=\"wp-block-image size-large\"><a href=\"https:\/\/www.agrupamentoverticalgaviao.pt\/wp-content\/uploads\/2026\/04\/Foto_10.jpg\"><img loading=\"lazy\" decoding=\"async\" width=\"949\" height=\"600\" data-id=\"48319\" src=\"https:\/\/www.agrupamentoverticalgaviao.pt\/wp-content\/uploads\/2026\/04\/Foto_10.jpg\" alt=\"\" class=\"wp-image-48319\" srcset=\"https:\/\/www.agrupamentoverticalgaviao.pt\/wp-content\/uploads\/2026\/04\/Foto_10.jpg 949w, https:\/\/www.agrupamentoverticalgaviao.pt\/wp-content\/uploads\/2026\/04\/Foto_10-300x190.jpg 300w, https:\/\/www.agrupamentoverticalgaviao.pt\/wp-content\/uploads\/2026\/04\/Foto_10-768x486.jpg 768w\" sizes=\"auto, (max-width: 949px) 100vw, 949px\" \/><\/a><\/figure>\n\n\n\n<figure class=\"wp-block-image size-large\"><a href=\"https:\/\/www.agrupamentoverticalgaviao.pt\/wp-content\/uploads\/2026\/04\/Foto_11.jpg\"><img loading=\"lazy\" decoding=\"async\" width=\"651\" height=\"600\" data-id=\"48320\" src=\"https:\/\/www.agrupamentoverticalgaviao.pt\/wp-content\/uploads\/2026\/04\/Foto_11.jpg\" alt=\"\" class=\"wp-image-48320\" srcset=\"https:\/\/www.agrupamentoverticalgaviao.pt\/wp-content\/uploads\/2026\/04\/Foto_11.jpg 651w, https:\/\/www.agrupamentoverticalgaviao.pt\/wp-content\/uploads\/2026\/04\/Foto_11-300x276.jpg 300w\" sizes=\"auto, (max-width: 651px) 100vw, 651px\" \/><\/a><\/figure>\n\n\n\n<figure class=\"wp-block-image size-large\"><a href=\"https:\/\/www.agrupamentoverticalgaviao.pt\/wp-content\/uploads\/2026\/04\/Foto_12.jpg\"><img loading=\"lazy\" decoding=\"async\" width=\"725\" height=\"600\" data-id=\"48323\" src=\"https:\/\/www.agrupamentoverticalgaviao.pt\/wp-content\/uploads\/2026\/04\/Foto_12.jpg\" alt=\"\" class=\"wp-image-48323\" srcset=\"https:\/\/www.agrupamentoverticalgaviao.pt\/wp-content\/uploads\/2026\/04\/Foto_12.jpg 725w, https:\/\/www.agrupamentoverticalgaviao.pt\/wp-content\/uploads\/2026\/04\/Foto_12-300x248.jpg 300w\" sizes=\"auto, (max-width: 725px) 100vw, 725px\" \/><\/a><\/figure>\n\n\n\n<figure class=\"wp-block-image size-large\"><a href=\"https:\/\/www.agrupamentoverticalgaviao.pt\/wp-content\/uploads\/2026\/04\/Foto_13.jpg\"><img loading=\"lazy\" decoding=\"async\" width=\"600\" height=\"600\" data-id=\"48324\" src=\"https:\/\/www.agrupamentoverticalgaviao.pt\/wp-content\/uploads\/2026\/04\/Foto_13.jpg\" alt=\"\" class=\"wp-image-48324\" srcset=\"https:\/\/www.agrupamentoverticalgaviao.pt\/wp-content\/uploads\/2026\/04\/Foto_13.jpg 600w, https:\/\/www.agrupamentoverticalgaviao.pt\/wp-content\/uploads\/2026\/04\/Foto_13-300x300.jpg 300w, https:\/\/www.agrupamentoverticalgaviao.pt\/wp-content\/uploads\/2026\/04\/Foto_13-150x150.jpg 150w\" sizes=\"auto, (max-width: 600px) 100vw, 600px\" \/><\/a><\/figure>\n\n\n\n<figure class=\"wp-block-image size-large\"><a href=\"https:\/\/www.agrupamentoverticalgaviao.pt\/wp-content\/uploads\/2026\/04\/Foto_14.jpg\"><img loading=\"lazy\" decoding=\"async\" width=\"583\" height=\"600\" data-id=\"48325\" src=\"https:\/\/www.agrupamentoverticalgaviao.pt\/wp-content\/uploads\/2026\/04\/Foto_14.jpg\" alt=\"\" class=\"wp-image-48325\" srcset=\"https:\/\/www.agrupamentoverticalgaviao.pt\/wp-content\/uploads\/2026\/04\/Foto_14.jpg 583w, https:\/\/www.agrupamentoverticalgaviao.pt\/wp-content\/uploads\/2026\/04\/Foto_14-292x300.jpg 292w\" sizes=\"auto, (max-width: 583px) 100vw, 583px\" \/><\/a><\/figure>\n<\/figure>\n","protected":false},"excerpt":{"rendered":"<p>No passado dia 28 de abril, o AEG assinalou um momento cheio de significado &hellip; <\/p>\n","protected":false},"author":2,"featured_media":48326,"comment_status":"closed","ping_status":"closed","sticky":false,"template":"","format":"standard","meta":{"footnotes":""},"categories":[193],"tags":[],"class_list":["post-48311","post","type-post","status-publish","format-standard","has-post-thumbnail","hentry","category-curso-profissional"],"yoast_head":"<!-- This site is optimized with the Yoast SEO plugin v27.5 - https:\/\/yoast.com\/product\/yoast-seo-wordpress\/ -->\n<title>Provas de Aptid\u00e3o Profissional - Agrupamento de Escolas de Gavi\u00e3o<\/title>\n<meta name=\"robots\" content=\"index, follow, max-snippet:-1, max-image-preview:large, max-video-preview:-1\" \/>\n<link rel=\"canonical\" href=\"https:\/\/www.agrupamentoverticalgaviao.pt\/?p=48311\" \/>\n<meta property=\"og:locale\" content=\"pt_PT\" \/>\n<meta property=\"og:type\" content=\"article\" \/>\n<meta property=\"og:title\" content=\"Provas de Aptid\u00e3o Profissional - Agrupamento de Escolas de Gavi\u00e3o\" \/>\n<meta property=\"og:description\" content=\"No passado dia 28 de abril, o AEG assinalou um momento cheio de significado &hellip;\" \/>\n<meta property=\"og:url\" content=\"https:\/\/www.agrupamentoverticalgaviao.pt\/?p=48311\" \/>\n<meta property=\"og:site_name\" content=\"Agrupamento de Escolas de Gavi\u00e3o\" \/>\n<meta property=\"article:published_time\" content=\"2026-04-29T21:16:00+00:00\" \/>\n<meta property=\"article:modified_time\" content=\"2026-04-29T21:16:03+00:00\" \/>\n<meta property=\"og:image\" content=\"https:\/\/www.agrupamentoverticalgaviao.pt\/wp-content\/uploads\/2026\/04\/foto1.jpg\" \/>\n\t<meta property=\"og:image:width\" content=\"1400\" \/>\n\t<meta property=\"og:image:height\" content=\"800\" \/>\n\t<meta property=\"og:image:type\" content=\"image\/jpeg\" \/>\n<meta name=\"author\" content=\"marco Vilela\" \/>\n<meta name=\"twitter:card\" content=\"summary_large_image\" \/>\n<meta name=\"twitter:label1\" content=\"Escrito por\" \/>\n\t<meta name=\"twitter:data1\" content=\"marco Vilela\" \/>\n\t<meta name=\"twitter:label2\" content=\"Tempo estimado de leitura\" \/>\n\t<meta name=\"twitter:data2\" content=\"5 minutos\" \/>\n<script type=\"application\/ld+json\" class=\"yoast-schema-graph\">{\"@context\":\"https:\\\/\\\/schema.org\",\"@graph\":[{\"@type\":\"Article\",\"@id\":\"https:\\\/\\\/www.agrupamentoverticalgaviao.pt\\\/?p=48311#article\",\"isPartOf\":{\"@id\":\"https:\\\/\\\/www.agrupamentoverticalgaviao.pt\\\/?p=48311\"},\"author\":{\"name\":\"marco Vilela\",\"@id\":\"https:\\\/\\\/www.agrupamentoverticalgaviao.pt\\\/#\\\/schema\\\/person\\\/b337300b08ca20a17717f1b413f4b253\"},\"headline\":\"Provas de Aptid\u00e3o Profissional\",\"datePublished\":\"2026-04-29T21:16:00+00:00\",\"dateModified\":\"2026-04-29T21:16:03+00:00\",\"mainEntityOfPage\":{\"@id\":\"https:\\\/\\\/www.agrupamentoverticalgaviao.pt\\\/?p=48311\"},\"wordCount\":251,\"image\":{\"@id\":\"https:\\\/\\\/www.agrupamentoverticalgaviao.pt\\\/?p=48311#primaryimage\"},\"thumbnailUrl\":\"https:\\\/\\\/www.agrupamentoverticalgaviao.pt\\\/wp-content\\\/uploads\\\/2026\\\/04\\\/foto1.jpg\",\"articleSection\":[\"Curso Profissional\"],\"inLanguage\":\"pt-PT\"},{\"@type\":\"WebPage\",\"@id\":\"https:\\\/\\\/www.agrupamentoverticalgaviao.pt\\\/?p=48311\",\"url\":\"https:\\\/\\\/www.agrupamentoverticalgaviao.pt\\\/?p=48311\",\"name\":\"Provas de Aptid\u00e3o Profissional - Agrupamento de Escolas de Gavi\u00e3o\",\"isPartOf\":{\"@id\":\"https:\\\/\\\/www.agrupamentoverticalgaviao.pt\\\/#website\"},\"primaryImageOfPage\":{\"@id\":\"https:\\\/\\\/www.agrupamentoverticalgaviao.pt\\\/?p=48311#primaryimage\"},\"image\":{\"@id\":\"https:\\\/\\\/www.agrupamentoverticalgaviao.pt\\\/?p=48311#primaryimage\"},\"thumbnailUrl\":\"https:\\\/\\\/www.agrupamentoverticalgaviao.pt\\\/wp-content\\\/uploads\\\/2026\\\/04\\\/foto1.jpg\",\"datePublished\":\"2026-04-29T21:16:00+00:00\",\"dateModified\":\"2026-04-29T21:16:03+00:00\",\"author\":{\"@id\":\"https:\\\/\\\/www.agrupamentoverticalgaviao.pt\\\/#\\\/schema\\\/person\\\/b337300b08ca20a17717f1b413f4b253\"},\"breadcrumb\":{\"@id\":\"https:\\\/\\\/www.agrupamentoverticalgaviao.pt\\\/?p=48311#breadcrumb\"},\"inLanguage\":\"pt-PT\",\"potentialAction\":[{\"@type\":\"ReadAction\",\"target\":[\"https:\\\/\\\/www.agrupamentoverticalgaviao.pt\\\/?p=48311\"]}]},{\"@type\":\"ImageObject\",\"inLanguage\":\"pt-PT\",\"@id\":\"https:\\\/\\\/www.agrupamentoverticalgaviao.pt\\\/?p=48311#primaryimage\",\"url\":\"https:\\\/\\\/www.agrupamentoverticalgaviao.pt\\\/wp-content\\\/uploads\\\/2026\\\/04\\\/foto1.jpg\",\"contentUrl\":\"https:\\\/\\\/www.agrupamentoverticalgaviao.pt\\\/wp-content\\\/uploads\\\/2026\\\/04\\\/foto1.jpg\",\"width\":1400,\"height\":800},{\"@type\":\"BreadcrumbList\",\"@id\":\"https:\\\/\\\/www.agrupamentoverticalgaviao.pt\\\/?p=48311#breadcrumb\",\"itemListElement\":[{\"@type\":\"ListItem\",\"position\":1,\"name\":\"In\u00edcio\",\"item\":\"https:\\\/\\\/www.agrupamentoverticalgaviao.pt\\\/\"},{\"@type\":\"ListItem\",\"position\":2,\"name\":\"Provas de Aptid\u00e3o Profissional\"}]},{\"@type\":\"WebSite\",\"@id\":\"https:\\\/\\\/www.agrupamentoverticalgaviao.pt\\\/#website\",\"url\":\"https:\\\/\\\/www.agrupamentoverticalgaviao.pt\\\/\",\"name\":\"Agrupamento de Escolas de Gavi\u00e3o\",\"description\":\"\",\"alternateName\":\"Agrupamento de Escolas de Gavi\u00e3o\",\"potentialAction\":[{\"@type\":\"SearchAction\",\"target\":{\"@type\":\"EntryPoint\",\"urlTemplate\":\"https:\\\/\\\/www.agrupamentoverticalgaviao.pt\\\/?s={search_term_string}\"},\"query-input\":{\"@type\":\"PropertyValueSpecification\",\"valueRequired\":true,\"valueName\":\"search_term_string\"}}],\"inLanguage\":\"pt-PT\"},{\"@type\":\"Person\",\"@id\":\"https:\\\/\\\/www.agrupamentoverticalgaviao.pt\\\/#\\\/schema\\\/person\\\/b337300b08ca20a17717f1b413f4b253\",\"name\":\"marco Vilela\",\"image\":{\"@type\":\"ImageObject\",\"inLanguage\":\"pt-PT\",\"@id\":\"https:\\\/\\\/secure.gravatar.com\\\/avatar\\\/8eb0feb60b637bbf624addb993bbcd710c4802ede472519543b7b7625a815e2d?s=96&d=mm&r=g\",\"url\":\"https:\\\/\\\/secure.gravatar.com\\\/avatar\\\/8eb0feb60b637bbf624addb993bbcd710c4802ede472519543b7b7625a815e2d?s=96&d=mm&r=g\",\"contentUrl\":\"https:\\\/\\\/secure.gravatar.com\\\/avatar\\\/8eb0feb60b637bbf624addb993bbcd710c4802ede472519543b7b7625a815e2d?s=96&d=mm&r=g\",\"caption\":\"marco Vilela\"},\"url\":\"https:\\\/\\\/www.agrupamentoverticalgaviao.pt\\\/?author=2\"}]}<\/script>\n<!-- \/ Yoast SEO plugin. -->","yoast_head_json":{"title":"Provas de Aptid\u00e3o Profissional - Agrupamento de Escolas de Gavi\u00e3o","robots":{"index":"index","follow":"follow","max-snippet":"max-snippet:-1","max-image-preview":"max-image-preview:large","max-video-preview":"max-video-preview:-1"},"canonical":"https:\/\/www.agrupamentoverticalgaviao.pt\/?p=48311","og_locale":"pt_PT","og_type":"article","og_title":"Provas de Aptid\u00e3o Profissional - Agrupamento de Escolas de Gavi\u00e3o","og_description":"No passado dia 28 de abril, o AEG assinalou um momento cheio de significado &hellip;","og_url":"https:\/\/www.agrupamentoverticalgaviao.pt\/?p=48311","og_site_name":"Agrupamento de Escolas de Gavi\u00e3o","article_published_time":"2026-04-29T21:16:00+00:00","article_modified_time":"2026-04-29T21:16:03+00:00","og_image":[{"width":1400,"height":800,"url":"https:\/\/www.agrupamentoverticalgaviao.pt\/wp-content\/uploads\/2026\/04\/foto1.jpg","type":"image\/jpeg"}],"author":"marco Vilela","twitter_card":"summary_large_image","twitter_misc":{"Escrito por":"marco Vilela","Tempo estimado de leitura":"5 minutos"},"schema":{"@context":"https:\/\/schema.org","@graph":[{"@type":"Article","@id":"https:\/\/www.agrupamentoverticalgaviao.pt\/?p=48311#article","isPartOf":{"@id":"https:\/\/www.agrupamentoverticalgaviao.pt\/?p=48311"},"author":{"name":"marco Vilela","@id":"https:\/\/www.agrupamentoverticalgaviao.pt\/#\/schema\/person\/b337300b08ca20a17717f1b413f4b253"},"headline":"Provas de Aptid\u00e3o Profissional","datePublished":"2026-04-29T21:16:00+00:00","dateModified":"2026-04-29T21:16:03+00:00","mainEntityOfPage":{"@id":"https:\/\/www.agrupamentoverticalgaviao.pt\/?p=48311"},"wordCount":251,"image":{"@id":"https:\/\/www.agrupamentoverticalgaviao.pt\/?p=48311#primaryimage"},"thumbnailUrl":"https:\/\/www.agrupamentoverticalgaviao.pt\/wp-content\/uploads\/2026\/04\/foto1.jpg","articleSection":["Curso Profissional"],"inLanguage":"pt-PT"},{"@type":"WebPage","@id":"https:\/\/www.agrupamentoverticalgaviao.pt\/?p=48311","url":"https:\/\/www.agrupamentoverticalgaviao.pt\/?p=48311","name":"Provas de Aptid\u00e3o Profissional - Agrupamento de Escolas de Gavi\u00e3o","isPartOf":{"@id":"https:\/\/www.agrupamentoverticalgaviao.pt\/#website"},"primaryImageOfPage":{"@id":"https:\/\/www.agrupamentoverticalgaviao.pt\/?p=48311#primaryimage"},"image":{"@id":"https:\/\/www.agrupamentoverticalgaviao.pt\/?p=48311#primaryimage"},"thumbnailUrl":"https:\/\/www.agrupamentoverticalgaviao.pt\/wp-content\/uploads\/2026\/04\/foto1.jpg","datePublished":"2026-04-29T21:16:00+00:00","dateModified":"2026-04-29T21:16:03+00:00","author":{"@id":"https:\/\/www.agrupamentoverticalgaviao.pt\/#\/schema\/person\/b337300b08ca20a17717f1b413f4b253"},"breadcrumb":{"@id":"https:\/\/www.agrupamentoverticalgaviao.pt\/?p=48311#breadcrumb"},"inLanguage":"pt-PT","potentialAction":[{"@type":"ReadAction","target":["https:\/\/www.agrupamentoverticalgaviao.pt\/?p=48311"]}]},{"@type":"ImageObject","inLanguage":"pt-PT","@id":"https:\/\/www.agrupamentoverticalgaviao.pt\/?p=48311#primaryimage","url":"https:\/\/www.agrupamentoverticalgaviao.pt\/wp-content\/uploads\/2026\/04\/foto1.jpg","contentUrl":"https:\/\/www.agrupamentoverticalgaviao.pt\/wp-content\/uploads\/2026\/04\/foto1.jpg","width":1400,"height":800},{"@type":"BreadcrumbList","@id":"https:\/\/www.agrupamentoverticalgaviao.pt\/?p=48311#breadcrumb","itemListElement":[{"@type":"ListItem","position":1,"name":"In\u00edcio","item":"https:\/\/www.agrupamentoverticalgaviao.pt\/"},{"@type":"ListItem","position":2,"name":"Provas de Aptid\u00e3o Profissional"}]},{"@type":"WebSite","@id":"https:\/\/www.agrupamentoverticalgaviao.pt\/#website","url":"https:\/\/www.agrupamentoverticalgaviao.pt\/","name":"Agrupamento de Escolas de Gavi\u00e3o","description":"","alternateName":"Agrupamento de Escolas de Gavi\u00e3o","potentialAction":[{"@type":"SearchAction","target":{"@type":"EntryPoint","urlTemplate":"https:\/\/www.agrupamentoverticalgaviao.pt\/?s={search_term_string}"},"query-input":{"@type":"PropertyValueSpecification","valueRequired":true,"valueName":"search_term_string"}}],"inLanguage":"pt-PT"},{"@type":"Person","@id":"https:\/\/www.agrupamentoverticalgaviao.pt\/#\/schema\/person\/b337300b08ca20a17717f1b413f4b253","name":"marco Vilela","image":{"@type":"ImageObject","inLanguage":"pt-PT","@id":"https:\/\/secure.gravatar.com\/avatar\/8eb0feb60b637bbf624addb993bbcd710c4802ede472519543b7b7625a815e2d?s=96&d=mm&r=g","url":"https:\/\/secure.gravatar.com\/avatar\/8eb0feb60b637bbf624addb993bbcd710c4802ede472519543b7b7625a815e2d?s=96&d=mm&r=g","contentUrl":"https:\/\/secure.gravatar.com\/avatar\/8eb0feb60b637bbf624addb993bbcd710c4802ede472519543b7b7625a815e2d?s=96&d=mm&r=g","caption":"marco Vilela"},"url":"https:\/\/www.agrupamentoverticalgaviao.pt\/?author=2"}]}},"_links":{"self":[{"href":"https:\/\/www.agrupamentoverticalgaviao.pt\/index.php?rest_route=\/wp\/v2\/posts\/48311","targetHints":{"allow":["GET"]}}],"collection":[{"href":"https:\/\/www.agrupamentoverticalgaviao.pt\/index.php?rest_route=\/wp\/v2\/posts"}],"about":[{"href":"https:\/\/www.agrupamentoverticalgaviao.pt\/index.php?rest_route=\/wp\/v2\/types\/post"}],"author":[{"embeddable":true,"href":"https:\/\/www.agrupamentoverticalgaviao.pt\/index.php?rest_route=\/wp\/v2\/users\/2"}],"replies":[{"embeddable":true,"href":"https:\/\/www.agrupamentoverticalgaviao.pt\/index.php?rest_route=%2Fwp%2Fv2%2Fcomments&post=48311"}],"version-history":[{"count":1,"href":"https:\/\/www.agrupamentoverticalgaviao.pt\/index.php?rest_route=\/wp\/v2\/posts\/48311\/revisions"}],"predecessor-version":[{"id":48327,"href":"https:\/\/www.agrupamentoverticalgaviao.pt\/index.php?rest_route=\/wp\/v2\/posts\/48311\/revisions\/48327"}],"wp:featuredmedia":[{"embeddable":true,"href":"https:\/\/www.agrupamentoverticalgaviao.pt\/index.php?rest_route=\/wp\/v2\/media\/48326"}],"wp:attachment":[{"href":"https:\/\/www.agrupamentoverticalgaviao.pt\/index.php?rest_route=%2Fwp%2Fv2%2Fmedia&parent=48311"}],"wp:term":[{"taxonomy":"category","embeddable":true,"href":"https:\/\/www.agrupamentoverticalgaviao.pt\/index.php?rest_route=%2Fwp%2Fv2%2Fcategories&post=48311"},{"taxonomy":"post_tag","embeddable":true,"href":"https:\/\/www.agrupamentoverticalgaviao.pt\/index.php?rest_route=%2Fwp%2Fv2%2Ftags&post=48311"}],"curies":[{"name":"wp","href":"https:\/\/api.w.org\/{rel}","templated":true}]}}