{"id":48255,"date":"2026-04-23T21:19:33","date_gmt":"2026-04-23T21:19:33","guid":{"rendered":"https:\/\/www.agrupamentoverticalgaviao.pt\/?p=48255"},"modified":"2026-04-23T21:19:36","modified_gmt":"2026-04-23T21:19:36","slug":"visita-de-estudo-ao-servico-municipal-de-protecao-civil-de-ponte-de-sor-e-bombeiros-voluntarios-de-ponte-de-sor","status":"publish","type":"post","link":"https:\/\/www.agrupamentoverticalgaviao.pt\/?p=48255","title":{"rendered":"Visita de Estudo\u00a0ao Servi\u00e7o Municipal de Prote\u00e7\u00e3o Civil de Ponte de Sor e Bombeiros Volunt\u00e1rios de Ponte de Sor"},"content":{"rendered":"\n<p>No passado dia 16 de Mar\u00e7o, a turma do&nbsp;11\u00ba ano do Curso Profissional de T\u00e9cnico de Prote\u00e7\u00e3o Civil , no \u00e2mbito da UFCD 9887- Extin\u00e7\u00e3o de inc\u00eandios rurais- inicia\u00e7\u00e3o, realizaram uma visita de estudo ao Servi\u00e7o Municipal de&nbsp;Prote\u00e7\u00e3o Civil de Ponte de Sor e aos Bombeiros Volunt\u00e1rios de Ponte de Sor.<\/p>\n\n\n\n<p>Durante o dia tiveram a oportunidade de consolidar as aprendizagens ligadas \u00e0 UFCD, nomeadamente conhecer um Ve\u00edculo Florestal de Combate a Inc\u00eandios (VFCI) de \u00faltima gera\u00e7\u00e3o, bem como a oportunidade de realizar a componente pr\u00e1tica com m\u00e9todos extintores , nomeadamente com extintores.<\/p>\n\n\n\n<p>Agradecemos ao formador Paulo Rodrigues a oportunidade, bem como a amabilidade, simpatia e profissionalismo de todos os que nos receberam.<\/p>\n\n\n\n<figure class=\"wp-block-gallery has-nested-images columns-default is-cropped wp-block-gallery-1 is-layout-flex wp-block-gallery-is-layout-flex\">\n<figure class=\"wp-block-image size-large\"><a href=\"https:\/\/www.agrupamentoverticalgaviao.pt\/wp-content\/uploads\/2026\/04\/Protecao-Civil_-1.jpeg\"><img loading=\"lazy\" decoding=\"async\" width=\"375\" height=\"500\" data-id=\"48258\" src=\"https:\/\/www.agrupamentoverticalgaviao.pt\/wp-content\/uploads\/2026\/04\/Protecao-Civil_-1.jpeg\" alt=\"\" class=\"wp-image-48258\" srcset=\"https:\/\/www.agrupamentoverticalgaviao.pt\/wp-content\/uploads\/2026\/04\/Protecao-Civil_-1.jpeg 375w, https:\/\/www.agrupamentoverticalgaviao.pt\/wp-content\/uploads\/2026\/04\/Protecao-Civil_-1-225x300.jpeg 225w\" sizes=\"auto, (max-width: 375px) 100vw, 375px\" \/><\/a><\/figure>\n\n\n\n<figure class=\"wp-block-image size-large\"><a href=\"https:\/\/www.agrupamentoverticalgaviao.pt\/wp-content\/uploads\/2026\/04\/Protecao-Civil_-2.jpeg\"><img loading=\"lazy\" decoding=\"async\" width=\"375\" height=\"500\" data-id=\"48256\" src=\"https:\/\/www.agrupamentoverticalgaviao.pt\/wp-content\/uploads\/2026\/04\/Protecao-Civil_-2.jpeg\" alt=\"\" class=\"wp-image-48256\" srcset=\"https:\/\/www.agrupamentoverticalgaviao.pt\/wp-content\/uploads\/2026\/04\/Protecao-Civil_-2.jpeg 375w, https:\/\/www.agrupamentoverticalgaviao.pt\/wp-content\/uploads\/2026\/04\/Protecao-Civil_-2-225x300.jpeg 225w\" sizes=\"auto, (max-width: 375px) 100vw, 375px\" \/><\/a><\/figure>\n\n\n\n<figure class=\"wp-block-image size-large\"><a href=\"https:\/\/www.agrupamentoverticalgaviao.pt\/wp-content\/uploads\/2026\/04\/Protecao-Civil_-3.jpeg\"><img loading=\"lazy\" decoding=\"async\" width=\"375\" height=\"500\" data-id=\"48261\" src=\"https:\/\/www.agrupamentoverticalgaviao.pt\/wp-content\/uploads\/2026\/04\/Protecao-Civil_-3.jpeg\" alt=\"\" class=\"wp-image-48261\" srcset=\"https:\/\/www.agrupamentoverticalgaviao.pt\/wp-content\/uploads\/2026\/04\/Protecao-Civil_-3.jpeg 375w, https:\/\/www.agrupamentoverticalgaviao.pt\/wp-content\/uploads\/2026\/04\/Protecao-Civil_-3-225x300.jpeg 225w\" sizes=\"auto, (max-width: 375px) 100vw, 375px\" \/><\/a><\/figure>\n\n\n\n<figure class=\"wp-block-image size-large\"><a href=\"https:\/\/www.agrupamentoverticalgaviao.pt\/wp-content\/uploads\/2026\/04\/Protecao-Civil_-4.jpeg\"><img loading=\"lazy\" decoding=\"async\" width=\"375\" height=\"500\" data-id=\"48259\" src=\"https:\/\/www.agrupamentoverticalgaviao.pt\/wp-content\/uploads\/2026\/04\/Protecao-Civil_-4.jpeg\" alt=\"\" class=\"wp-image-48259\" srcset=\"https:\/\/www.agrupamentoverticalgaviao.pt\/wp-content\/uploads\/2026\/04\/Protecao-Civil_-4.jpeg 375w, https:\/\/www.agrupamentoverticalgaviao.pt\/wp-content\/uploads\/2026\/04\/Protecao-Civil_-4-225x300.jpeg 225w\" sizes=\"auto, (max-width: 375px) 100vw, 375px\" \/><\/a><\/figure>\n\n\n\n<figure class=\"wp-block-image size-large\"><a href=\"https:\/\/www.agrupamentoverticalgaviao.pt\/wp-content\/uploads\/2026\/04\/Protecao-Civil_-5.jpeg\"><img loading=\"lazy\" decoding=\"async\" width=\"500\" height=\"375\" data-id=\"48257\" src=\"https:\/\/www.agrupamentoverticalgaviao.pt\/wp-content\/uploads\/2026\/04\/Protecao-Civil_-5.jpeg\" alt=\"\" class=\"wp-image-48257\" srcset=\"https:\/\/www.agrupamentoverticalgaviao.pt\/wp-content\/uploads\/2026\/04\/Protecao-Civil_-5.jpeg 500w, https:\/\/www.agrupamentoverticalgaviao.pt\/wp-content\/uploads\/2026\/04\/Protecao-Civil_-5-300x225.jpeg 300w\" sizes=\"auto, (max-width: 500px) 100vw, 500px\" \/><\/a><\/figure>\n\n\n\n<figure class=\"wp-block-image size-large\"><a href=\"https:\/\/www.agrupamentoverticalgaviao.pt\/wp-content\/uploads\/2026\/04\/Protecao-Civil_-6.jpeg\"><img loading=\"lazy\" decoding=\"async\" width=\"500\" height=\"375\" data-id=\"48260\" src=\"https:\/\/www.agrupamentoverticalgaviao.pt\/wp-content\/uploads\/2026\/04\/Protecao-Civil_-6.jpeg\" alt=\"\" class=\"wp-image-48260\" srcset=\"https:\/\/www.agrupamentoverticalgaviao.pt\/wp-content\/uploads\/2026\/04\/Protecao-Civil_-6.jpeg 500w, https:\/\/www.agrupamentoverticalgaviao.pt\/wp-content\/uploads\/2026\/04\/Protecao-Civil_-6-300x225.jpeg 300w\" sizes=\"auto, (max-width: 500px) 100vw, 500px\" \/><\/a><\/figure>\n<\/figure>\n","protected":false},"excerpt":{"rendered":"<p>No passado dia 16 de Mar\u00e7o, a turma do&nbsp;11\u00ba ano do Curso Profissional de &hellip; <\/p>\n","protected":false},"author":2,"featured_media":48262,"comment_status":"closed","ping_status":"closed","sticky":false,"template":"","format":"standard","meta":{"footnotes":""},"categories":[54],"tags":[],"class_list":["post-48255","post","type-post","status-publish","format-standard","has-post-thumbnail","hentry","category-visita-de-estudo"],"yoast_head":"<!-- This site is optimized with the Yoast SEO plugin v27.4 - https:\/\/yoast.com\/product\/yoast-seo-wordpress\/ -->\n<title>Visita de Estudo\u00a0ao Servi\u00e7o Municipal de Prote\u00e7\u00e3o Civil de Ponte de Sor e Bombeiros Volunt\u00e1rios de Ponte de Sor - Agrupamento de Escolas de Gavi\u00e3o<\/title>\n<meta name=\"robots\" content=\"index, follow, max-snippet:-1, max-image-preview:large, max-video-preview:-1\" \/>\n<link rel=\"canonical\" href=\"https:\/\/www.agrupamentoverticalgaviao.pt\/?p=48255\" \/>\n<meta property=\"og:locale\" content=\"pt_PT\" \/>\n<meta property=\"og:type\" content=\"article\" \/>\n<meta property=\"og:title\" content=\"Visita de Estudo\u00a0ao Servi\u00e7o Municipal de Prote\u00e7\u00e3o Civil de Ponte de Sor e Bombeiros Volunt\u00e1rios de Ponte de Sor - Agrupamento de Escolas de Gavi\u00e3o\" \/>\n<meta property=\"og:description\" content=\"No passado dia 16 de Mar\u00e7o, a turma do&nbsp;11\u00ba ano do Curso Profissional de &hellip;\" \/>\n<meta property=\"og:url\" content=\"https:\/\/www.agrupamentoverticalgaviao.pt\/?p=48255\" \/>\n<meta property=\"og:site_name\" content=\"Agrupamento de Escolas de Gavi\u00e3o\" \/>\n<meta property=\"article:published_time\" content=\"2026-04-23T21:19:33+00:00\" \/>\n<meta property=\"article:modified_time\" content=\"2026-04-23T21:19:36+00:00\" \/>\n<meta property=\"og:image\" content=\"https:\/\/www.agrupamentoverticalgaviao.pt\/wp-content\/uploads\/2026\/04\/ProtCivil.jpg\" \/>\n\t<meta property=\"og:image:width\" content=\"1400\" \/>\n\t<meta property=\"og:image:height\" content=\"800\" \/>\n\t<meta property=\"og:image:type\" content=\"image\/jpeg\" \/>\n<meta name=\"author\" content=\"marco Vilela\" \/>\n<meta name=\"twitter:card\" content=\"summary_large_image\" \/>\n<meta name=\"twitter:label1\" content=\"Escrito por\" \/>\n\t<meta name=\"twitter:data1\" content=\"marco Vilela\" \/>\n\t<meta name=\"twitter:label2\" content=\"Tempo estimado de leitura\" \/>\n\t<meta name=\"twitter:data2\" content=\"3 minutos\" \/>\n<script type=\"application\/ld+json\" class=\"yoast-schema-graph\">{\"@context\":\"https:\\\/\\\/schema.org\",\"@graph\":[{\"@type\":\"Article\",\"@id\":\"https:\\\/\\\/www.agrupamentoverticalgaviao.pt\\\/?p=48255#article\",\"isPartOf\":{\"@id\":\"https:\\\/\\\/www.agrupamentoverticalgaviao.pt\\\/?p=48255\"},\"author\":{\"name\":\"marco Vilela\",\"@id\":\"https:\\\/\\\/www.agrupamentoverticalgaviao.pt\\\/#\\\/schema\\\/person\\\/b337300b08ca20a17717f1b413f4b253\"},\"headline\":\"Visita de Estudo\u00a0ao Servi\u00e7o Municipal de Prote\u00e7\u00e3o Civil de Ponte de Sor e Bombeiros Volunt\u00e1rios de Ponte de Sor\",\"datePublished\":\"2026-04-23T21:19:33+00:00\",\"dateModified\":\"2026-04-23T21:19:36+00:00\",\"mainEntityOfPage\":{\"@id\":\"https:\\\/\\\/www.agrupamentoverticalgaviao.pt\\\/?p=48255\"},\"wordCount\":149,\"image\":{\"@id\":\"https:\\\/\\\/www.agrupamentoverticalgaviao.pt\\\/?p=48255#primaryimage\"},\"thumbnailUrl\":\"https:\\\/\\\/www.agrupamentoverticalgaviao.pt\\\/wp-content\\\/uploads\\\/2026\\\/04\\\/ProtCivil.jpg\",\"articleSection\":[\"Visita de Estudo\"],\"inLanguage\":\"pt-PT\"},{\"@type\":\"WebPage\",\"@id\":\"https:\\\/\\\/www.agrupamentoverticalgaviao.pt\\\/?p=48255\",\"url\":\"https:\\\/\\\/www.agrupamentoverticalgaviao.pt\\\/?p=48255\",\"name\":\"Visita de Estudo\u00a0ao Servi\u00e7o Municipal de Prote\u00e7\u00e3o Civil de Ponte de Sor e Bombeiros Volunt\u00e1rios de Ponte de Sor - Agrupamento de Escolas de Gavi\u00e3o\",\"isPartOf\":{\"@id\":\"https:\\\/\\\/www.agrupamentoverticalgaviao.pt\\\/#website\"},\"primaryImageOfPage\":{\"@id\":\"https:\\\/\\\/www.agrupamentoverticalgaviao.pt\\\/?p=48255#primaryimage\"},\"image\":{\"@id\":\"https:\\\/\\\/www.agrupamentoverticalgaviao.pt\\\/?p=48255#primaryimage\"},\"thumbnailUrl\":\"https:\\\/\\\/www.agrupamentoverticalgaviao.pt\\\/wp-content\\\/uploads\\\/2026\\\/04\\\/ProtCivil.jpg\",\"datePublished\":\"2026-04-23T21:19:33+00:00\",\"dateModified\":\"2026-04-23T21:19:36+00:00\",\"author\":{\"@id\":\"https:\\\/\\\/www.agrupamentoverticalgaviao.pt\\\/#\\\/schema\\\/person\\\/b337300b08ca20a17717f1b413f4b253\"},\"breadcrumb\":{\"@id\":\"https:\\\/\\\/www.agrupamentoverticalgaviao.pt\\\/?p=48255#breadcrumb\"},\"inLanguage\":\"pt-PT\",\"potentialAction\":[{\"@type\":\"ReadAction\",\"target\":[\"https:\\\/\\\/www.agrupamentoverticalgaviao.pt\\\/?p=48255\"]}]},{\"@type\":\"ImageObject\",\"inLanguage\":\"pt-PT\",\"@id\":\"https:\\\/\\\/www.agrupamentoverticalgaviao.pt\\\/?p=48255#primaryimage\",\"url\":\"https:\\\/\\\/www.agrupamentoverticalgaviao.pt\\\/wp-content\\\/uploads\\\/2026\\\/04\\\/ProtCivil.jpg\",\"contentUrl\":\"https:\\\/\\\/www.agrupamentoverticalgaviao.pt\\\/wp-content\\\/uploads\\\/2026\\\/04\\\/ProtCivil.jpg\",\"width\":1400,\"height\":800},{\"@type\":\"BreadcrumbList\",\"@id\":\"https:\\\/\\\/www.agrupamentoverticalgaviao.pt\\\/?p=48255#breadcrumb\",\"itemListElement\":[{\"@type\":\"ListItem\",\"position\":1,\"name\":\"In\u00edcio\",\"item\":\"https:\\\/\\\/www.agrupamentoverticalgaviao.pt\\\/\"},{\"@type\":\"ListItem\",\"position\":2,\"name\":\"Visita de Estudo\u00a0ao Servi\u00e7o Municipal de Prote\u00e7\u00e3o Civil de Ponte de Sor e Bombeiros Volunt\u00e1rios de Ponte de Sor\"}]},{\"@type\":\"WebSite\",\"@id\":\"https:\\\/\\\/www.agrupamentoverticalgaviao.pt\\\/#website\",\"url\":\"https:\\\/\\\/www.agrupamentoverticalgaviao.pt\\\/\",\"name\":\"Agrupamento de Escolas de Gavi\u00e3o\",\"description\":\"\",\"alternateName\":\"Agrupamento de Escolas de Gavi\u00e3o\",\"potentialAction\":[{\"@type\":\"SearchAction\",\"target\":{\"@type\":\"EntryPoint\",\"urlTemplate\":\"https:\\\/\\\/www.agrupamentoverticalgaviao.pt\\\/?s={search_term_string}\"},\"query-input\":{\"@type\":\"PropertyValueSpecification\",\"valueRequired\":true,\"valueName\":\"search_term_string\"}}],\"inLanguage\":\"pt-PT\"},{\"@type\":\"Person\",\"@id\":\"https:\\\/\\\/www.agrupamentoverticalgaviao.pt\\\/#\\\/schema\\\/person\\\/b337300b08ca20a17717f1b413f4b253\",\"name\":\"marco Vilela\",\"image\":{\"@type\":\"ImageObject\",\"inLanguage\":\"pt-PT\",\"@id\":\"https:\\\/\\\/secure.gravatar.com\\\/avatar\\\/8eb0feb60b637bbf624addb993bbcd710c4802ede472519543b7b7625a815e2d?s=96&d=mm&r=g\",\"url\":\"https:\\\/\\\/secure.gravatar.com\\\/avatar\\\/8eb0feb60b637bbf624addb993bbcd710c4802ede472519543b7b7625a815e2d?s=96&d=mm&r=g\",\"contentUrl\":\"https:\\\/\\\/secure.gravatar.com\\\/avatar\\\/8eb0feb60b637bbf624addb993bbcd710c4802ede472519543b7b7625a815e2d?s=96&d=mm&r=g\",\"caption\":\"marco Vilela\"},\"url\":\"https:\\\/\\\/www.agrupamentoverticalgaviao.pt\\\/?author=2\"}]}<\/script>\n<!-- \/ Yoast SEO plugin. -->","yoast_head_json":{"title":"Visita de Estudo\u00a0ao Servi\u00e7o Municipal de Prote\u00e7\u00e3o Civil de Ponte de Sor e Bombeiros Volunt\u00e1rios de Ponte de Sor - Agrupamento de Escolas de Gavi\u00e3o","robots":{"index":"index","follow":"follow","max-snippet":"max-snippet:-1","max-image-preview":"max-image-preview:large","max-video-preview":"max-video-preview:-1"},"canonical":"https:\/\/www.agrupamentoverticalgaviao.pt\/?p=48255","og_locale":"pt_PT","og_type":"article","og_title":"Visita de Estudo\u00a0ao Servi\u00e7o Municipal de Prote\u00e7\u00e3o Civil de Ponte de Sor e Bombeiros Volunt\u00e1rios de Ponte de Sor - Agrupamento de Escolas de Gavi\u00e3o","og_description":"No passado dia 16 de Mar\u00e7o, a turma do&nbsp;11\u00ba ano do Curso Profissional de &hellip;","og_url":"https:\/\/www.agrupamentoverticalgaviao.pt\/?p=48255","og_site_name":"Agrupamento de Escolas de Gavi\u00e3o","article_published_time":"2026-04-23T21:19:33+00:00","article_modified_time":"2026-04-23T21:19:36+00:00","og_image":[{"width":1400,"height":800,"url":"https:\/\/www.agrupamentoverticalgaviao.pt\/wp-content\/uploads\/2026\/04\/ProtCivil.jpg","type":"image\/jpeg"}],"author":"marco Vilela","twitter_card":"summary_large_image","twitter_misc":{"Escrito por":"marco Vilela","Tempo estimado de leitura":"3 minutos"},"schema":{"@context":"https:\/\/schema.org","@graph":[{"@type":"Article","@id":"https:\/\/www.agrupamentoverticalgaviao.pt\/?p=48255#article","isPartOf":{"@id":"https:\/\/www.agrupamentoverticalgaviao.pt\/?p=48255"},"author":{"name":"marco Vilela","@id":"https:\/\/www.agrupamentoverticalgaviao.pt\/#\/schema\/person\/b337300b08ca20a17717f1b413f4b253"},"headline":"Visita de Estudo\u00a0ao Servi\u00e7o Municipal de Prote\u00e7\u00e3o Civil de Ponte de Sor e Bombeiros Volunt\u00e1rios de Ponte de Sor","datePublished":"2026-04-23T21:19:33+00:00","dateModified":"2026-04-23T21:19:36+00:00","mainEntityOfPage":{"@id":"https:\/\/www.agrupamentoverticalgaviao.pt\/?p=48255"},"wordCount":149,"image":{"@id":"https:\/\/www.agrupamentoverticalgaviao.pt\/?p=48255#primaryimage"},"thumbnailUrl":"https:\/\/www.agrupamentoverticalgaviao.pt\/wp-content\/uploads\/2026\/04\/ProtCivil.jpg","articleSection":["Visita de Estudo"],"inLanguage":"pt-PT"},{"@type":"WebPage","@id":"https:\/\/www.agrupamentoverticalgaviao.pt\/?p=48255","url":"https:\/\/www.agrupamentoverticalgaviao.pt\/?p=48255","name":"Visita de Estudo\u00a0ao Servi\u00e7o Municipal de Prote\u00e7\u00e3o Civil de Ponte de Sor e Bombeiros Volunt\u00e1rios de Ponte de Sor - Agrupamento de Escolas de Gavi\u00e3o","isPartOf":{"@id":"https:\/\/www.agrupamentoverticalgaviao.pt\/#website"},"primaryImageOfPage":{"@id":"https:\/\/www.agrupamentoverticalgaviao.pt\/?p=48255#primaryimage"},"image":{"@id":"https:\/\/www.agrupamentoverticalgaviao.pt\/?p=48255#primaryimage"},"thumbnailUrl":"https:\/\/www.agrupamentoverticalgaviao.pt\/wp-content\/uploads\/2026\/04\/ProtCivil.jpg","datePublished":"2026-04-23T21:19:33+00:00","dateModified":"2026-04-23T21:19:36+00:00","author":{"@id":"https:\/\/www.agrupamentoverticalgaviao.pt\/#\/schema\/person\/b337300b08ca20a17717f1b413f4b253"},"breadcrumb":{"@id":"https:\/\/www.agrupamentoverticalgaviao.pt\/?p=48255#breadcrumb"},"inLanguage":"pt-PT","potentialAction":[{"@type":"ReadAction","target":["https:\/\/www.agrupamentoverticalgaviao.pt\/?p=48255"]}]},{"@type":"ImageObject","inLanguage":"pt-PT","@id":"https:\/\/www.agrupamentoverticalgaviao.pt\/?p=48255#primaryimage","url":"https:\/\/www.agrupamentoverticalgaviao.pt\/wp-content\/uploads\/2026\/04\/ProtCivil.jpg","contentUrl":"https:\/\/www.agrupamentoverticalgaviao.pt\/wp-content\/uploads\/2026\/04\/ProtCivil.jpg","width":1400,"height":800},{"@type":"BreadcrumbList","@id":"https:\/\/www.agrupamentoverticalgaviao.pt\/?p=48255#breadcrumb","itemListElement":[{"@type":"ListItem","position":1,"name":"In\u00edcio","item":"https:\/\/www.agrupamentoverticalgaviao.pt\/"},{"@type":"ListItem","position":2,"name":"Visita de Estudo\u00a0ao Servi\u00e7o Municipal de Prote\u00e7\u00e3o Civil de Ponte de Sor e Bombeiros Volunt\u00e1rios de Ponte de Sor"}]},{"@type":"WebSite","@id":"https:\/\/www.agrupamentoverticalgaviao.pt\/#website","url":"https:\/\/www.agrupamentoverticalgaviao.pt\/","name":"Agrupamento de Escolas de Gavi\u00e3o","description":"","alternateName":"Agrupamento de Escolas de Gavi\u00e3o","potentialAction":[{"@type":"SearchAction","target":{"@type":"EntryPoint","urlTemplate":"https:\/\/www.agrupamentoverticalgaviao.pt\/?s={search_term_string}"},"query-input":{"@type":"PropertyValueSpecification","valueRequired":true,"valueName":"search_term_string"}}],"inLanguage":"pt-PT"},{"@type":"Person","@id":"https:\/\/www.agrupamentoverticalgaviao.pt\/#\/schema\/person\/b337300b08ca20a17717f1b413f4b253","name":"marco Vilela","image":{"@type":"ImageObject","inLanguage":"pt-PT","@id":"https:\/\/secure.gravatar.com\/avatar\/8eb0feb60b637bbf624addb993bbcd710c4802ede472519543b7b7625a815e2d?s=96&d=mm&r=g","url":"https:\/\/secure.gravatar.com\/avatar\/8eb0feb60b637bbf624addb993bbcd710c4802ede472519543b7b7625a815e2d?s=96&d=mm&r=g","contentUrl":"https:\/\/secure.gravatar.com\/avatar\/8eb0feb60b637bbf624addb993bbcd710c4802ede472519543b7b7625a815e2d?s=96&d=mm&r=g","caption":"marco Vilela"},"url":"https:\/\/www.agrupamentoverticalgaviao.pt\/?author=2"}]}},"_links":{"self":[{"href":"https:\/\/www.agrupamentoverticalgaviao.pt\/index.php?rest_route=\/wp\/v2\/posts\/48255","targetHints":{"allow":["GET"]}}],"collection":[{"href":"https:\/\/www.agrupamentoverticalgaviao.pt\/index.php?rest_route=\/wp\/v2\/posts"}],"about":[{"href":"https:\/\/www.agrupamentoverticalgaviao.pt\/index.php?rest_route=\/wp\/v2\/types\/post"}],"author":[{"embeddable":true,"href":"https:\/\/www.agrupamentoverticalgaviao.pt\/index.php?rest_route=\/wp\/v2\/users\/2"}],"replies":[{"embeddable":true,"href":"https:\/\/www.agrupamentoverticalgaviao.pt\/index.php?rest_route=%2Fwp%2Fv2%2Fcomments&post=48255"}],"version-history":[{"count":1,"href":"https:\/\/www.agrupamentoverticalgaviao.pt\/index.php?rest_route=\/wp\/v2\/posts\/48255\/revisions"}],"predecessor-version":[{"id":48263,"href":"https:\/\/www.agrupamentoverticalgaviao.pt\/index.php?rest_route=\/wp\/v2\/posts\/48255\/revisions\/48263"}],"wp:featuredmedia":[{"embeddable":true,"href":"https:\/\/www.agrupamentoverticalgaviao.pt\/index.php?rest_route=\/wp\/v2\/media\/48262"}],"wp:attachment":[{"href":"https:\/\/www.agrupamentoverticalgaviao.pt\/index.php?rest_route=%2Fwp%2Fv2%2Fmedia&parent=48255"}],"wp:term":[{"taxonomy":"category","embeddable":true,"href":"https:\/\/www.agrupamentoverticalgaviao.pt\/index.php?rest_route=%2Fwp%2Fv2%2Fcategories&post=48255"},{"taxonomy":"post_tag","embeddable":true,"href":"https:\/\/www.agrupamentoverticalgaviao.pt\/index.php?rest_route=%2Fwp%2Fv2%2Ftags&post=48255"}],"curies":[{"name":"wp","href":"https:\/\/api.w.org\/{rel}","templated":true}]}}