{"id":47485,"date":"2025-11-25T22:25:31","date_gmt":"2025-11-25T22:25:31","guid":{"rendered":"https:\/\/www.agrupamentoverticalgaviao.pt\/?p=47485"},"modified":"2025-11-25T22:25:33","modified_gmt":"2025-11-25T22:25:33","slug":"dia-da-floresta-autoctone-3","status":"publish","type":"post","link":"https:\/\/www.agrupamentoverticalgaviao.pt\/?p=47485","title":{"rendered":"Dia da Floresta Aut\u00f3ctone"},"content":{"rendered":"\n<p>No \u00e2mbito da comemora\u00e7\u00e3o deste dia os Delegados Ambientais e os alunos do Curso T\u00e9cnico\/a de Prote\u00e7\u00e3o Civil do AEG participaram na planta\u00e7\u00e3o de uma cortina arb\u00f3rea. Iniciativa conjunta do Munic\u00edpio de Gavi\u00e3o e da Akuo, renov\u00e1veis de Portugal.<\/p>\n\n\n\n<p>Atividade inserida no Programa Eco-Escolas.<\/p>\n\n\n\n<figure class=\"wp-block-gallery has-nested-images columns-4 is-cropped wp-block-gallery-1 is-layout-flex wp-block-gallery-is-layout-flex\">\n<figure class=\"wp-block-image size-large\"><a href=\"https:\/\/www.agrupamentoverticalgaviao.pt\/wp-content\/uploads\/2025\/11\/FlorestaAutoco_01.jpg\"><img loading=\"lazy\" decoding=\"async\" width=\"600\" height=\"900\" data-id=\"47488\" src=\"https:\/\/www.agrupamentoverticalgaviao.pt\/wp-content\/uploads\/2025\/11\/FlorestaAutoco_01.jpg\" alt=\"\" class=\"wp-image-47488\" srcset=\"https:\/\/www.agrupamentoverticalgaviao.pt\/wp-content\/uploads\/2025\/11\/FlorestaAutoco_01.jpg 600w, https:\/\/www.agrupamentoverticalgaviao.pt\/wp-content\/uploads\/2025\/11\/FlorestaAutoco_01-200x300.jpg 200w\" sizes=\"auto, (max-width: 600px) 100vw, 600px\" \/><\/a><\/figure>\n\n\n\n<figure class=\"wp-block-image size-large\"><a href=\"https:\/\/www.agrupamentoverticalgaviao.pt\/wp-content\/uploads\/2025\/11\/FlorestaAutoco_02.jpg\"><img loading=\"lazy\" decoding=\"async\" width=\"600\" height=\"900\" data-id=\"47490\" src=\"https:\/\/www.agrupamentoverticalgaviao.pt\/wp-content\/uploads\/2025\/11\/FlorestaAutoco_02.jpg\" alt=\"\" class=\"wp-image-47490\" srcset=\"https:\/\/www.agrupamentoverticalgaviao.pt\/wp-content\/uploads\/2025\/11\/FlorestaAutoco_02.jpg 600w, https:\/\/www.agrupamentoverticalgaviao.pt\/wp-content\/uploads\/2025\/11\/FlorestaAutoco_02-200x300.jpg 200w\" sizes=\"auto, (max-width: 600px) 100vw, 600px\" \/><\/a><\/figure>\n\n\n\n<figure class=\"wp-block-image size-large\"><a href=\"https:\/\/www.agrupamentoverticalgaviao.pt\/wp-content\/uploads\/2025\/11\/FlorestaAutoco_03.jpg\"><img loading=\"lazy\" decoding=\"async\" width=\"600\" height=\"900\" data-id=\"47491\" src=\"https:\/\/www.agrupamentoverticalgaviao.pt\/wp-content\/uploads\/2025\/11\/FlorestaAutoco_03.jpg\" alt=\"\" class=\"wp-image-47491\" srcset=\"https:\/\/www.agrupamentoverticalgaviao.pt\/wp-content\/uploads\/2025\/11\/FlorestaAutoco_03.jpg 600w, https:\/\/www.agrupamentoverticalgaviao.pt\/wp-content\/uploads\/2025\/11\/FlorestaAutoco_03-200x300.jpg 200w\" sizes=\"auto, (max-width: 600px) 100vw, 600px\" \/><\/a><\/figure>\n\n\n\n<figure class=\"wp-block-image size-large\"><a href=\"https:\/\/www.agrupamentoverticalgaviao.pt\/wp-content\/uploads\/2025\/11\/FlorestaAutoco_04.jpg\"><img loading=\"lazy\" decoding=\"async\" width=\"600\" height=\"900\" data-id=\"47486\" src=\"https:\/\/www.agrupamentoverticalgaviao.pt\/wp-content\/uploads\/2025\/11\/FlorestaAutoco_04.jpg\" alt=\"\" class=\"wp-image-47486\" srcset=\"https:\/\/www.agrupamentoverticalgaviao.pt\/wp-content\/uploads\/2025\/11\/FlorestaAutoco_04.jpg 600w, https:\/\/www.agrupamentoverticalgaviao.pt\/wp-content\/uploads\/2025\/11\/FlorestaAutoco_04-200x300.jpg 200w\" sizes=\"auto, (max-width: 600px) 100vw, 600px\" \/><\/a><\/figure>\n\n\n\n<figure class=\"wp-block-image size-large\"><a href=\"https:\/\/www.agrupamentoverticalgaviao.pt\/wp-content\/uploads\/2025\/11\/FlorestaAutoco_05.jpg\"><img loading=\"lazy\" decoding=\"async\" width=\"600\" height=\"900\" data-id=\"47489\" src=\"https:\/\/www.agrupamentoverticalgaviao.pt\/wp-content\/uploads\/2025\/11\/FlorestaAutoco_05.jpg\" alt=\"\" class=\"wp-image-47489\" srcset=\"https:\/\/www.agrupamentoverticalgaviao.pt\/wp-content\/uploads\/2025\/11\/FlorestaAutoco_05.jpg 600w, https:\/\/www.agrupamentoverticalgaviao.pt\/wp-content\/uploads\/2025\/11\/FlorestaAutoco_05-200x300.jpg 200w\" sizes=\"auto, (max-width: 600px) 100vw, 600px\" \/><\/a><\/figure>\n\n\n\n<figure class=\"wp-block-image size-large\"><a href=\"https:\/\/www.agrupamentoverticalgaviao.pt\/wp-content\/uploads\/2025\/11\/FlorestaAutoco_06.jpg\"><img loading=\"lazy\" decoding=\"async\" width=\"600\" height=\"900\" data-id=\"47487\" src=\"https:\/\/www.agrupamentoverticalgaviao.pt\/wp-content\/uploads\/2025\/11\/FlorestaAutoco_06.jpg\" alt=\"\" class=\"wp-image-47487\" srcset=\"https:\/\/www.agrupamentoverticalgaviao.pt\/wp-content\/uploads\/2025\/11\/FlorestaAutoco_06.jpg 600w, https:\/\/www.agrupamentoverticalgaviao.pt\/wp-content\/uploads\/2025\/11\/FlorestaAutoco_06-200x300.jpg 200w\" sizes=\"auto, (max-width: 600px) 100vw, 600px\" \/><\/a><\/figure>\n\n\n\n<figure class=\"wp-block-image size-large\"><a href=\"https:\/\/www.agrupamentoverticalgaviao.pt\/wp-content\/uploads\/2025\/11\/FlorestaAutoco_07.jpg\"><img loading=\"lazy\" decoding=\"async\" width=\"600\" height=\"900\" data-id=\"47492\" src=\"https:\/\/www.agrupamentoverticalgaviao.pt\/wp-content\/uploads\/2025\/11\/FlorestaAutoco_07.jpg\" alt=\"\" class=\"wp-image-47492\" srcset=\"https:\/\/www.agrupamentoverticalgaviao.pt\/wp-content\/uploads\/2025\/11\/FlorestaAutoco_07.jpg 600w, https:\/\/www.agrupamentoverticalgaviao.pt\/wp-content\/uploads\/2025\/11\/FlorestaAutoco_07-200x300.jpg 200w\" sizes=\"auto, (max-width: 600px) 100vw, 600px\" \/><\/a><\/figure>\n\n\n\n<figure class=\"wp-block-image size-large\"><a href=\"https:\/\/www.agrupamentoverticalgaviao.pt\/wp-content\/uploads\/2025\/11\/FlorestaAutoco_08.jpg\"><img loading=\"lazy\" decoding=\"async\" width=\"600\" height=\"900\" data-id=\"47494\" src=\"https:\/\/www.agrupamentoverticalgaviao.pt\/wp-content\/uploads\/2025\/11\/FlorestaAutoco_08.jpg\" alt=\"\" class=\"wp-image-47494\" srcset=\"https:\/\/www.agrupamentoverticalgaviao.pt\/wp-content\/uploads\/2025\/11\/FlorestaAutoco_08.jpg 600w, https:\/\/www.agrupamentoverticalgaviao.pt\/wp-content\/uploads\/2025\/11\/FlorestaAutoco_08-200x300.jpg 200w\" sizes=\"auto, (max-width: 600px) 100vw, 600px\" \/><\/a><\/figure>\n\n\n\n<figure class=\"wp-block-image size-large\"><a href=\"https:\/\/www.agrupamentoverticalgaviao.pt\/wp-content\/uploads\/2025\/11\/FlorestaAutoco_09.jpg\"><img loading=\"lazy\" decoding=\"async\" width=\"600\" height=\"900\" data-id=\"47495\" src=\"https:\/\/www.agrupamentoverticalgaviao.pt\/wp-content\/uploads\/2025\/11\/FlorestaAutoco_09.jpg\" alt=\"\" class=\"wp-image-47495\" srcset=\"https:\/\/www.agrupamentoverticalgaviao.pt\/wp-content\/uploads\/2025\/11\/FlorestaAutoco_09.jpg 600w, https:\/\/www.agrupamentoverticalgaviao.pt\/wp-content\/uploads\/2025\/11\/FlorestaAutoco_09-200x300.jpg 200w\" sizes=\"auto, (max-width: 600px) 100vw, 600px\" \/><\/a><\/figure>\n\n\n\n<figure class=\"wp-block-image size-large\"><a href=\"https:\/\/www.agrupamentoverticalgaviao.pt\/wp-content\/uploads\/2025\/11\/FlorestaAutoco_10.jpg\"><img loading=\"lazy\" decoding=\"async\" width=\"600\" height=\"900\" data-id=\"47493\" src=\"https:\/\/www.agrupamentoverticalgaviao.pt\/wp-content\/uploads\/2025\/11\/FlorestaAutoco_10.jpg\" alt=\"\" class=\"wp-image-47493\" srcset=\"https:\/\/www.agrupamentoverticalgaviao.pt\/wp-content\/uploads\/2025\/11\/FlorestaAutoco_10.jpg 600w, https:\/\/www.agrupamentoverticalgaviao.pt\/wp-content\/uploads\/2025\/11\/FlorestaAutoco_10-200x300.jpg 200w\" sizes=\"auto, (max-width: 600px) 100vw, 600px\" \/><\/a><\/figure>\n\n\n\n<figure class=\"wp-block-image size-large\"><a href=\"https:\/\/www.agrupamentoverticalgaviao.pt\/wp-content\/uploads\/2025\/11\/FlorestaAutoco_11.jpg\"><img loading=\"lazy\" decoding=\"async\" width=\"600\" height=\"400\" data-id=\"47497\" src=\"https:\/\/www.agrupamentoverticalgaviao.pt\/wp-content\/uploads\/2025\/11\/FlorestaAutoco_11.jpg\" alt=\"\" class=\"wp-image-47497\" srcset=\"https:\/\/www.agrupamentoverticalgaviao.pt\/wp-content\/uploads\/2025\/11\/FlorestaAutoco_11.jpg 600w, https:\/\/www.agrupamentoverticalgaviao.pt\/wp-content\/uploads\/2025\/11\/FlorestaAutoco_11-300x200.jpg 300w\" sizes=\"auto, (max-width: 600px) 100vw, 600px\" \/><\/a><\/figure>\n\n\n\n<figure class=\"wp-block-image size-large\"><a href=\"https:\/\/www.agrupamentoverticalgaviao.pt\/wp-content\/uploads\/2025\/11\/FlorestaAutoco_12.jpg\"><img loading=\"lazy\" decoding=\"async\" width=\"600\" height=\"900\" data-id=\"47496\" src=\"https:\/\/www.agrupamentoverticalgaviao.pt\/wp-content\/uploads\/2025\/11\/FlorestaAutoco_12.jpg\" alt=\"\" class=\"wp-image-47496\" srcset=\"https:\/\/www.agrupamentoverticalgaviao.pt\/wp-content\/uploads\/2025\/11\/FlorestaAutoco_12.jpg 600w, https:\/\/www.agrupamentoverticalgaviao.pt\/wp-content\/uploads\/2025\/11\/FlorestaAutoco_12-200x300.jpg 200w\" sizes=\"auto, (max-width: 600px) 100vw, 600px\" \/><\/a><\/figure>\n\n\n\n<figure class=\"wp-block-image size-large\"><a href=\"https:\/\/www.agrupamentoverticalgaviao.pt\/wp-content\/uploads\/2025\/11\/FlorestaAutoco_13.jpg\"><img loading=\"lazy\" decoding=\"async\" width=\"600\" height=\"900\" data-id=\"47498\" src=\"https:\/\/www.agrupamentoverticalgaviao.pt\/wp-content\/uploads\/2025\/11\/FlorestaAutoco_13.jpg\" alt=\"\" class=\"wp-image-47498\" srcset=\"https:\/\/www.agrupamentoverticalgaviao.pt\/wp-content\/uploads\/2025\/11\/FlorestaAutoco_13.jpg 600w, https:\/\/www.agrupamentoverticalgaviao.pt\/wp-content\/uploads\/2025\/11\/FlorestaAutoco_13-200x300.jpg 200w\" sizes=\"auto, (max-width: 600px) 100vw, 600px\" \/><\/a><\/figure>\n\n\n\n<figure class=\"wp-block-image size-large\"><a href=\"https:\/\/www.agrupamentoverticalgaviao.pt\/wp-content\/uploads\/2025\/11\/FlorestaAutoco_14.jpg\"><img loading=\"lazy\" decoding=\"async\" width=\"600\" height=\"900\" data-id=\"47499\" src=\"https:\/\/www.agrupamentoverticalgaviao.pt\/wp-content\/uploads\/2025\/11\/FlorestaAutoco_14.jpg\" alt=\"\" class=\"wp-image-47499\" srcset=\"https:\/\/www.agrupamentoverticalgaviao.pt\/wp-content\/uploads\/2025\/11\/FlorestaAutoco_14.jpg 600w, https:\/\/www.agrupamentoverticalgaviao.pt\/wp-content\/uploads\/2025\/11\/FlorestaAutoco_14-200x300.jpg 200w\" sizes=\"auto, (max-width: 600px) 100vw, 600px\" \/><\/a><\/figure>\n\n\n\n<figure class=\"wp-block-image size-large\"><a href=\"https:\/\/www.agrupamentoverticalgaviao.pt\/wp-content\/uploads\/2025\/11\/FlorestaAutoco_15.jpg\"><img loading=\"lazy\" decoding=\"async\" width=\"600\" height=\"900\" data-id=\"47500\" src=\"https:\/\/www.agrupamentoverticalgaviao.pt\/wp-content\/uploads\/2025\/11\/FlorestaAutoco_15.jpg\" alt=\"\" class=\"wp-image-47500\" srcset=\"https:\/\/www.agrupamentoverticalgaviao.pt\/wp-content\/uploads\/2025\/11\/FlorestaAutoco_15.jpg 600w, https:\/\/www.agrupamentoverticalgaviao.pt\/wp-content\/uploads\/2025\/11\/FlorestaAutoco_15-200x300.jpg 200w\" sizes=\"auto, (max-width: 600px) 100vw, 600px\" \/><\/a><\/figure>\n\n\n\n<figure class=\"wp-block-image size-large\"><a href=\"https:\/\/www.agrupamentoverticalgaviao.pt\/wp-content\/uploads\/2025\/11\/FlorestaAutoco_16.jpg\"><img loading=\"lazy\" decoding=\"async\" width=\"600\" height=\"900\" data-id=\"47501\" src=\"https:\/\/www.agrupamentoverticalgaviao.pt\/wp-content\/uploads\/2025\/11\/FlorestaAutoco_16.jpg\" alt=\"\" class=\"wp-image-47501\" srcset=\"https:\/\/www.agrupamentoverticalgaviao.pt\/wp-content\/uploads\/2025\/11\/FlorestaAutoco_16.jpg 600w, https:\/\/www.agrupamentoverticalgaviao.pt\/wp-content\/uploads\/2025\/11\/FlorestaAutoco_16-200x300.jpg 200w\" sizes=\"auto, (max-width: 600px) 100vw, 600px\" \/><\/a><\/figure>\n\n\n\n<figure class=\"wp-block-image size-large\"><a href=\"https:\/\/www.agrupamentoverticalgaviao.pt\/wp-content\/uploads\/2025\/11\/FlorestaAutoco_17.jpg\"><img loading=\"lazy\" decoding=\"async\" width=\"600\" height=\"900\" data-id=\"47502\" src=\"https:\/\/www.agrupamentoverticalgaviao.pt\/wp-content\/uploads\/2025\/11\/FlorestaAutoco_17.jpg\" alt=\"\" class=\"wp-image-47502\" srcset=\"https:\/\/www.agrupamentoverticalgaviao.pt\/wp-content\/uploads\/2025\/11\/FlorestaAutoco_17.jpg 600w, https:\/\/www.agrupamentoverticalgaviao.pt\/wp-content\/uploads\/2025\/11\/FlorestaAutoco_17-200x300.jpg 200w\" sizes=\"auto, (max-width: 600px) 100vw, 600px\" \/><\/a><\/figure>\n\n\n\n<figure class=\"wp-block-image size-large\"><a href=\"https:\/\/www.agrupamentoverticalgaviao.pt\/wp-content\/uploads\/2025\/11\/FlorestaAutoco_18.jpg\"><img loading=\"lazy\" decoding=\"async\" width=\"600\" height=\"900\" data-id=\"47503\" src=\"https:\/\/www.agrupamentoverticalgaviao.pt\/wp-content\/uploads\/2025\/11\/FlorestaAutoco_18.jpg\" alt=\"\" class=\"wp-image-47503\" srcset=\"https:\/\/www.agrupamentoverticalgaviao.pt\/wp-content\/uploads\/2025\/11\/FlorestaAutoco_18.jpg 600w, https:\/\/www.agrupamentoverticalgaviao.pt\/wp-content\/uploads\/2025\/11\/FlorestaAutoco_18-200x300.jpg 200w\" sizes=\"auto, (max-width: 600px) 100vw, 600px\" \/><\/a><\/figure>\n\n\n\n<figure class=\"wp-block-image size-large\"><a href=\"https:\/\/www.agrupamentoverticalgaviao.pt\/wp-content\/uploads\/2025\/11\/FlorestaAutoco_19.jpg\"><img loading=\"lazy\" decoding=\"async\" width=\"600\" height=\"900\" data-id=\"47504\" src=\"https:\/\/www.agrupamentoverticalgaviao.pt\/wp-content\/uploads\/2025\/11\/FlorestaAutoco_19.jpg\" alt=\"\" class=\"wp-image-47504\" srcset=\"https:\/\/www.agrupamentoverticalgaviao.pt\/wp-content\/uploads\/2025\/11\/FlorestaAutoco_19.jpg 600w, https:\/\/www.agrupamentoverticalgaviao.pt\/wp-content\/uploads\/2025\/11\/FlorestaAutoco_19-200x300.jpg 200w\" sizes=\"auto, (max-width: 600px) 100vw, 600px\" \/><\/a><\/figure>\n\n\n\n<figure class=\"wp-block-image size-large\"><a href=\"https:\/\/www.agrupamentoverticalgaviao.pt\/wp-content\/uploads\/2025\/11\/FlorestaAutoco_20.jpg\"><img loading=\"lazy\" decoding=\"async\" width=\"600\" height=\"900\" data-id=\"47505\" src=\"https:\/\/www.agrupamentoverticalgaviao.pt\/wp-content\/uploads\/2025\/11\/FlorestaAutoco_20.jpg\" alt=\"\" class=\"wp-image-47505\" srcset=\"https:\/\/www.agrupamentoverticalgaviao.pt\/wp-content\/uploads\/2025\/11\/FlorestaAutoco_20.jpg 600w, https:\/\/www.agrupamentoverticalgaviao.pt\/wp-content\/uploads\/2025\/11\/FlorestaAutoco_20-200x300.jpg 200w\" sizes=\"auto, (max-width: 600px) 100vw, 600px\" \/><\/a><\/figure>\n\n\n\n<figure class=\"wp-block-image size-large\"><a href=\"https:\/\/www.agrupamentoverticalgaviao.pt\/wp-content\/uploads\/2025\/11\/FlorestaAutoco_21.jpg\"><img loading=\"lazy\" decoding=\"async\" width=\"600\" height=\"900\" data-id=\"47506\" src=\"https:\/\/www.agrupamentoverticalgaviao.pt\/wp-content\/uploads\/2025\/11\/FlorestaAutoco_21.jpg\" alt=\"\" class=\"wp-image-47506\" srcset=\"https:\/\/www.agrupamentoverticalgaviao.pt\/wp-content\/uploads\/2025\/11\/FlorestaAutoco_21.jpg 600w, https:\/\/www.agrupamentoverticalgaviao.pt\/wp-content\/uploads\/2025\/11\/FlorestaAutoco_21-200x300.jpg 200w\" sizes=\"auto, (max-width: 600px) 100vw, 600px\" \/><\/a><\/figure>\n\n\n\n<figure class=\"wp-block-image size-large\"><a href=\"https:\/\/www.agrupamentoverticalgaviao.pt\/wp-content\/uploads\/2025\/11\/FlorestaAutoco_22.jpg\"><img loading=\"lazy\" decoding=\"async\" width=\"600\" height=\"900\" data-id=\"47507\" src=\"https:\/\/www.agrupamentoverticalgaviao.pt\/wp-content\/uploads\/2025\/11\/FlorestaAutoco_22.jpg\" alt=\"\" class=\"wp-image-47507\" srcset=\"https:\/\/www.agrupamentoverticalgaviao.pt\/wp-content\/uploads\/2025\/11\/FlorestaAutoco_22.jpg 600w, https:\/\/www.agrupamentoverticalgaviao.pt\/wp-content\/uploads\/2025\/11\/FlorestaAutoco_22-200x300.jpg 200w\" sizes=\"auto, (max-width: 600px) 100vw, 600px\" \/><\/a><\/figure>\n\n\n\n<figure class=\"wp-block-image size-large\"><a href=\"https:\/\/www.agrupamentoverticalgaviao.pt\/wp-content\/uploads\/2025\/11\/FlorestaAutoco_23.jpg\"><img loading=\"lazy\" decoding=\"async\" width=\"600\" height=\"900\" data-id=\"47508\" src=\"https:\/\/www.agrupamentoverticalgaviao.pt\/wp-content\/uploads\/2025\/11\/FlorestaAutoco_23.jpg\" alt=\"\" class=\"wp-image-47508\" srcset=\"https:\/\/www.agrupamentoverticalgaviao.pt\/wp-content\/uploads\/2025\/11\/FlorestaAutoco_23.jpg 600w, https:\/\/www.agrupamentoverticalgaviao.pt\/wp-content\/uploads\/2025\/11\/FlorestaAutoco_23-200x300.jpg 200w\" sizes=\"auto, (max-width: 600px) 100vw, 600px\" \/><\/a><\/figure>\n\n\n\n<figure class=\"wp-block-image size-large\"><a href=\"https:\/\/www.agrupamentoverticalgaviao.pt\/wp-content\/uploads\/2025\/11\/FlorestaAutoco_24.jpg\"><img loading=\"lazy\" decoding=\"async\" width=\"600\" height=\"900\" data-id=\"47509\" src=\"https:\/\/www.agrupamentoverticalgaviao.pt\/wp-content\/uploads\/2025\/11\/FlorestaAutoco_24.jpg\" alt=\"\" class=\"wp-image-47509\" srcset=\"https:\/\/www.agrupamentoverticalgaviao.pt\/wp-content\/uploads\/2025\/11\/FlorestaAutoco_24.jpg 600w, https:\/\/www.agrupamentoverticalgaviao.pt\/wp-content\/uploads\/2025\/11\/FlorestaAutoco_24-200x300.jpg 200w\" sizes=\"auto, (max-width: 600px) 100vw, 600px\" \/><\/a><\/figure>\n\n\n\n<figure class=\"wp-block-image size-large\"><a href=\"https:\/\/www.agrupamentoverticalgaviao.pt\/wp-content\/uploads\/2025\/11\/FlorestaAutoco_25.jpg\"><img loading=\"lazy\" decoding=\"async\" width=\"600\" height=\"900\" data-id=\"47510\" src=\"https:\/\/www.agrupamentoverticalgaviao.pt\/wp-content\/uploads\/2025\/11\/FlorestaAutoco_25.jpg\" alt=\"\" class=\"wp-image-47510\" srcset=\"https:\/\/www.agrupamentoverticalgaviao.pt\/wp-content\/uploads\/2025\/11\/FlorestaAutoco_25.jpg 600w, https:\/\/www.agrupamentoverticalgaviao.pt\/wp-content\/uploads\/2025\/11\/FlorestaAutoco_25-200x300.jpg 200w\" sizes=\"auto, (max-width: 600px) 100vw, 600px\" \/><\/a><\/figure>\n\n\n\n<figure class=\"wp-block-image size-large\"><a href=\"https:\/\/www.agrupamentoverticalgaviao.pt\/wp-content\/uploads\/2025\/11\/FlorestaAutoco_26.jpg\"><img loading=\"lazy\" decoding=\"async\" width=\"600\" height=\"900\" data-id=\"47512\" src=\"https:\/\/www.agrupamentoverticalgaviao.pt\/wp-content\/uploads\/2025\/11\/FlorestaAutoco_26.jpg\" alt=\"\" class=\"wp-image-47512\" srcset=\"https:\/\/www.agrupamentoverticalgaviao.pt\/wp-content\/uploads\/2025\/11\/FlorestaAutoco_26.jpg 600w, https:\/\/www.agrupamentoverticalgaviao.pt\/wp-content\/uploads\/2025\/11\/FlorestaAutoco_26-200x300.jpg 200w\" sizes=\"auto, (max-width: 600px) 100vw, 600px\" \/><\/a><\/figure>\n\n\n\n<figure class=\"wp-block-image size-large\"><a href=\"https:\/\/www.agrupamentoverticalgaviao.pt\/wp-content\/uploads\/2025\/11\/FlorestaAutoco_27.jpg\"><img loading=\"lazy\" decoding=\"async\" width=\"600\" height=\"900\" data-id=\"47511\" src=\"https:\/\/www.agrupamentoverticalgaviao.pt\/wp-content\/uploads\/2025\/11\/FlorestaAutoco_27.jpg\" alt=\"\" class=\"wp-image-47511\" srcset=\"https:\/\/www.agrupamentoverticalgaviao.pt\/wp-content\/uploads\/2025\/11\/FlorestaAutoco_27.jpg 600w, https:\/\/www.agrupamentoverticalgaviao.pt\/wp-content\/uploads\/2025\/11\/FlorestaAutoco_27-200x300.jpg 200w\" sizes=\"auto, (max-width: 600px) 100vw, 600px\" \/><\/a><\/figure>\n\n\n\n<figure class=\"wp-block-image size-large\"><a href=\"https:\/\/www.agrupamentoverticalgaviao.pt\/wp-content\/uploads\/2025\/11\/FlorestaAutoco_28.jpg\"><img loading=\"lazy\" decoding=\"async\" width=\"600\" height=\"900\" data-id=\"47513\" src=\"https:\/\/www.agrupamentoverticalgaviao.pt\/wp-content\/uploads\/2025\/11\/FlorestaAutoco_28.jpg\" alt=\"\" class=\"wp-image-47513\" srcset=\"https:\/\/www.agrupamentoverticalgaviao.pt\/wp-content\/uploads\/2025\/11\/FlorestaAutoco_28.jpg 600w, https:\/\/www.agrupamentoverticalgaviao.pt\/wp-content\/uploads\/2025\/11\/FlorestaAutoco_28-200x300.jpg 200w\" sizes=\"auto, (max-width: 600px) 100vw, 600px\" \/><\/a><\/figure>\n\n\n\n<figure class=\"wp-block-image size-large\"><a href=\"https:\/\/www.agrupamentoverticalgaviao.pt\/wp-content\/uploads\/2025\/11\/FlorestaAutoco_29.jpg\"><img loading=\"lazy\" decoding=\"async\" width=\"600\" height=\"900\" data-id=\"47514\" src=\"https:\/\/www.agrupamentoverticalgaviao.pt\/wp-content\/uploads\/2025\/11\/FlorestaAutoco_29.jpg\" alt=\"\" class=\"wp-image-47514\" srcset=\"https:\/\/www.agrupamentoverticalgaviao.pt\/wp-content\/uploads\/2025\/11\/FlorestaAutoco_29.jpg 600w, https:\/\/www.agrupamentoverticalgaviao.pt\/wp-content\/uploads\/2025\/11\/FlorestaAutoco_29-200x300.jpg 200w\" sizes=\"auto, (max-width: 600px) 100vw, 600px\" \/><\/a><\/figure>\n\n\n\n<figure class=\"wp-block-image size-large\"><a href=\"https:\/\/www.agrupamentoverticalgaviao.pt\/wp-content\/uploads\/2025\/11\/FlorestaAutoco_30.jpg\"><img loading=\"lazy\" decoding=\"async\" width=\"600\" height=\"900\" data-id=\"47515\" src=\"https:\/\/www.agrupamentoverticalgaviao.pt\/wp-content\/uploads\/2025\/11\/FlorestaAutoco_30.jpg\" alt=\"\" class=\"wp-image-47515\" srcset=\"https:\/\/www.agrupamentoverticalgaviao.pt\/wp-content\/uploads\/2025\/11\/FlorestaAutoco_30.jpg 600w, https:\/\/www.agrupamentoverticalgaviao.pt\/wp-content\/uploads\/2025\/11\/FlorestaAutoco_30-200x300.jpg 200w\" sizes=\"auto, (max-width: 600px) 100vw, 600px\" \/><\/a><\/figure>\n\n\n\n<figure class=\"wp-block-image size-large\"><a href=\"https:\/\/www.agrupamentoverticalgaviao.pt\/wp-content\/uploads\/2025\/11\/FlorestaAutoco_31.jpg\"><img loading=\"lazy\" decoding=\"async\" width=\"600\" height=\"900\" data-id=\"47516\" src=\"https:\/\/www.agrupamentoverticalgaviao.pt\/wp-content\/uploads\/2025\/11\/FlorestaAutoco_31.jpg\" alt=\"\" class=\"wp-image-47516\" srcset=\"https:\/\/www.agrupamentoverticalgaviao.pt\/wp-content\/uploads\/2025\/11\/FlorestaAutoco_31.jpg 600w, https:\/\/www.agrupamentoverticalgaviao.pt\/wp-content\/uploads\/2025\/11\/FlorestaAutoco_31-200x300.jpg 200w\" sizes=\"auto, (max-width: 600px) 100vw, 600px\" \/><\/a><\/figure>\n\n\n\n<figure class=\"wp-block-image size-large\"><a href=\"https:\/\/www.agrupamentoverticalgaviao.pt\/wp-content\/uploads\/2025\/11\/FlorestaAutoco_32.jpg\"><img loading=\"lazy\" decoding=\"async\" width=\"600\" height=\"900\" data-id=\"47517\" src=\"https:\/\/www.agrupamentoverticalgaviao.pt\/wp-content\/uploads\/2025\/11\/FlorestaAutoco_32.jpg\" alt=\"\" class=\"wp-image-47517\" srcset=\"https:\/\/www.agrupamentoverticalgaviao.pt\/wp-content\/uploads\/2025\/11\/FlorestaAutoco_32.jpg 600w, https:\/\/www.agrupamentoverticalgaviao.pt\/wp-content\/uploads\/2025\/11\/FlorestaAutoco_32-200x300.jpg 200w\" sizes=\"auto, (max-width: 600px) 100vw, 600px\" \/><\/a><\/figure>\n\n\n\n<figure class=\"wp-block-image size-large\"><a href=\"https:\/\/www.agrupamentoverticalgaviao.pt\/wp-content\/uploads\/2025\/11\/FlorestaAutoco_33.jpg\"><img loading=\"lazy\" decoding=\"async\" width=\"600\" height=\"900\" data-id=\"47518\" src=\"https:\/\/www.agrupamentoverticalgaviao.pt\/wp-content\/uploads\/2025\/11\/FlorestaAutoco_33.jpg\" alt=\"\" class=\"wp-image-47518\" srcset=\"https:\/\/www.agrupamentoverticalgaviao.pt\/wp-content\/uploads\/2025\/11\/FlorestaAutoco_33.jpg 600w, https:\/\/www.agrupamentoverticalgaviao.pt\/wp-content\/uploads\/2025\/11\/FlorestaAutoco_33-200x300.jpg 200w\" sizes=\"auto, (max-width: 600px) 100vw, 600px\" \/><\/a><\/figure>\n\n\n\n<figure class=\"wp-block-image size-large\"><a href=\"https:\/\/www.agrupamentoverticalgaviao.pt\/wp-content\/uploads\/2025\/11\/FlorestaAutoco_34.jpg\"><img loading=\"lazy\" decoding=\"async\" width=\"600\" height=\"900\" data-id=\"47519\" src=\"https:\/\/www.agrupamentoverticalgaviao.pt\/wp-content\/uploads\/2025\/11\/FlorestaAutoco_34.jpg\" alt=\"\" class=\"wp-image-47519\" srcset=\"https:\/\/www.agrupamentoverticalgaviao.pt\/wp-content\/uploads\/2025\/11\/FlorestaAutoco_34.jpg 600w, https:\/\/www.agrupamentoverticalgaviao.pt\/wp-content\/uploads\/2025\/11\/FlorestaAutoco_34-200x300.jpg 200w\" sizes=\"auto, (max-width: 600px) 100vw, 600px\" \/><\/a><\/figure>\n\n\n\n<figure class=\"wp-block-image size-large\"><a href=\"https:\/\/www.agrupamentoverticalgaviao.pt\/wp-content\/uploads\/2025\/11\/FlorestaAutoco_35.jpg\"><img loading=\"lazy\" decoding=\"async\" width=\"600\" height=\"900\" data-id=\"47520\" src=\"https:\/\/www.agrupamentoverticalgaviao.pt\/wp-content\/uploads\/2025\/11\/FlorestaAutoco_35.jpg\" alt=\"\" class=\"wp-image-47520\" srcset=\"https:\/\/www.agrupamentoverticalgaviao.pt\/wp-content\/uploads\/2025\/11\/FlorestaAutoco_35.jpg 600w, https:\/\/www.agrupamentoverticalgaviao.pt\/wp-content\/uploads\/2025\/11\/FlorestaAutoco_35-200x300.jpg 200w\" sizes=\"auto, (max-width: 600px) 100vw, 600px\" \/><\/a><\/figure>\n\n\n\n<figure class=\"wp-block-image size-large\"><a href=\"https:\/\/www.agrupamentoverticalgaviao.pt\/wp-content\/uploads\/2025\/11\/FlorestaAutoco_36.jpg\"><img loading=\"lazy\" decoding=\"async\" width=\"600\" height=\"900\" data-id=\"47521\" src=\"https:\/\/www.agrupamentoverticalgaviao.pt\/wp-content\/uploads\/2025\/11\/FlorestaAutoco_36.jpg\" alt=\"\" class=\"wp-image-47521\" srcset=\"https:\/\/www.agrupamentoverticalgaviao.pt\/wp-content\/uploads\/2025\/11\/FlorestaAutoco_36.jpg 600w, https:\/\/www.agrupamentoverticalgaviao.pt\/wp-content\/uploads\/2025\/11\/FlorestaAutoco_36-200x300.jpg 200w\" sizes=\"auto, (max-width: 600px) 100vw, 600px\" \/><\/a><\/figure>\n\n\n\n<figure class=\"wp-block-image size-large\"><a href=\"https:\/\/www.agrupamentoverticalgaviao.pt\/wp-content\/uploads\/2025\/11\/FlorestaAutoco_37.jpg\"><img loading=\"lazy\" decoding=\"async\" width=\"600\" height=\"900\" data-id=\"47522\" src=\"https:\/\/www.agrupamentoverticalgaviao.pt\/wp-content\/uploads\/2025\/11\/FlorestaAutoco_37.jpg\" alt=\"\" class=\"wp-image-47522\" srcset=\"https:\/\/www.agrupamentoverticalgaviao.pt\/wp-content\/uploads\/2025\/11\/FlorestaAutoco_37.jpg 600w, https:\/\/www.agrupamentoverticalgaviao.pt\/wp-content\/uploads\/2025\/11\/FlorestaAutoco_37-200x300.jpg 200w\" sizes=\"auto, (max-width: 600px) 100vw, 600px\" \/><\/a><\/figure>\n\n\n\n<figure class=\"wp-block-image size-large\"><a href=\"https:\/\/www.agrupamentoverticalgaviao.pt\/wp-content\/uploads\/2025\/11\/FlorestaAutoco_38.jpg\"><img loading=\"lazy\" decoding=\"async\" width=\"600\" height=\"900\" data-id=\"47523\" src=\"https:\/\/www.agrupamentoverticalgaviao.pt\/wp-content\/uploads\/2025\/11\/FlorestaAutoco_38.jpg\" alt=\"\" class=\"wp-image-47523\" srcset=\"https:\/\/www.agrupamentoverticalgaviao.pt\/wp-content\/uploads\/2025\/11\/FlorestaAutoco_38.jpg 600w, https:\/\/www.agrupamentoverticalgaviao.pt\/wp-content\/uploads\/2025\/11\/FlorestaAutoco_38-200x300.jpg 200w\" sizes=\"auto, (max-width: 600px) 100vw, 600px\" \/><\/a><\/figure>\n\n\n\n<figure class=\"wp-block-image size-large\"><a href=\"https:\/\/www.agrupamentoverticalgaviao.pt\/wp-content\/uploads\/2025\/11\/FlorestaAutoco_39.jpg\"><img loading=\"lazy\" decoding=\"async\" width=\"600\" height=\"900\" data-id=\"47524\" src=\"https:\/\/www.agrupamentoverticalgaviao.pt\/wp-content\/uploads\/2025\/11\/FlorestaAutoco_39.jpg\" alt=\"\" class=\"wp-image-47524\" srcset=\"https:\/\/www.agrupamentoverticalgaviao.pt\/wp-content\/uploads\/2025\/11\/FlorestaAutoco_39.jpg 600w, https:\/\/www.agrupamentoverticalgaviao.pt\/wp-content\/uploads\/2025\/11\/FlorestaAutoco_39-200x300.jpg 200w\" sizes=\"auto, (max-width: 600px) 100vw, 600px\" \/><\/a><\/figure>\n\n\n\n<figure class=\"wp-block-image size-large\"><a href=\"https:\/\/www.agrupamentoverticalgaviao.pt\/wp-content\/uploads\/2025\/11\/FlorestaAutoco_40.jpg\"><img loading=\"lazy\" decoding=\"async\" width=\"600\" height=\"900\" data-id=\"47525\" src=\"https:\/\/www.agrupamentoverticalgaviao.pt\/wp-content\/uploads\/2025\/11\/FlorestaAutoco_40.jpg\" alt=\"\" class=\"wp-image-47525\" srcset=\"https:\/\/www.agrupamentoverticalgaviao.pt\/wp-content\/uploads\/2025\/11\/FlorestaAutoco_40.jpg 600w, https:\/\/www.agrupamentoverticalgaviao.pt\/wp-content\/uploads\/2025\/11\/FlorestaAutoco_40-200x300.jpg 200w\" sizes=\"auto, (max-width: 600px) 100vw, 600px\" \/><\/a><\/figure>\n\n\n\n<figure class=\"wp-block-image size-large\"><a href=\"https:\/\/www.agrupamentoverticalgaviao.pt\/wp-content\/uploads\/2025\/11\/FlorestaAutoco_41.jpg\"><img loading=\"lazy\" decoding=\"async\" width=\"600\" height=\"900\" data-id=\"47526\" src=\"https:\/\/www.agrupamentoverticalgaviao.pt\/wp-content\/uploads\/2025\/11\/FlorestaAutoco_41.jpg\" alt=\"\" class=\"wp-image-47526\" srcset=\"https:\/\/www.agrupamentoverticalgaviao.pt\/wp-content\/uploads\/2025\/11\/FlorestaAutoco_41.jpg 600w, https:\/\/www.agrupamentoverticalgaviao.pt\/wp-content\/uploads\/2025\/11\/FlorestaAutoco_41-200x300.jpg 200w\" sizes=\"auto, (max-width: 600px) 100vw, 600px\" \/><\/a><\/figure>\n\n\n\n<figure class=\"wp-block-image size-large\"><a href=\"https:\/\/www.agrupamentoverticalgaviao.pt\/wp-content\/uploads\/2025\/11\/FlorestaAutoco_42.jpg\"><img loading=\"lazy\" decoding=\"async\" width=\"600\" height=\"900\" data-id=\"47527\" src=\"https:\/\/www.agrupamentoverticalgaviao.pt\/wp-content\/uploads\/2025\/11\/FlorestaAutoco_42.jpg\" alt=\"\" class=\"wp-image-47527\" srcset=\"https:\/\/www.agrupamentoverticalgaviao.pt\/wp-content\/uploads\/2025\/11\/FlorestaAutoco_42.jpg 600w, https:\/\/www.agrupamentoverticalgaviao.pt\/wp-content\/uploads\/2025\/11\/FlorestaAutoco_42-200x300.jpg 200w\" sizes=\"auto, (max-width: 600px) 100vw, 600px\" \/><\/a><\/figure>\n\n\n\n<figure class=\"wp-block-image size-large\"><a href=\"https:\/\/www.agrupamentoverticalgaviao.pt\/wp-content\/uploads\/2025\/11\/FlorestaAutoco_43.jpg\"><img loading=\"lazy\" decoding=\"async\" width=\"600\" height=\"900\" data-id=\"47528\" src=\"https:\/\/www.agrupamentoverticalgaviao.pt\/wp-content\/uploads\/2025\/11\/FlorestaAutoco_43.jpg\" alt=\"\" class=\"wp-image-47528\" srcset=\"https:\/\/www.agrupamentoverticalgaviao.pt\/wp-content\/uploads\/2025\/11\/FlorestaAutoco_43.jpg 600w, https:\/\/www.agrupamentoverticalgaviao.pt\/wp-content\/uploads\/2025\/11\/FlorestaAutoco_43-200x300.jpg 200w\" sizes=\"auto, (max-width: 600px) 100vw, 600px\" \/><\/a><\/figure>\n\n\n\n<figure class=\"wp-block-image size-large\"><a href=\"https:\/\/www.agrupamentoverticalgaviao.pt\/wp-content\/uploads\/2025\/11\/FlorestaAutoco_44.jpg\"><img loading=\"lazy\" decoding=\"async\" width=\"600\" height=\"900\" data-id=\"47529\" src=\"https:\/\/www.agrupamentoverticalgaviao.pt\/wp-content\/uploads\/2025\/11\/FlorestaAutoco_44.jpg\" alt=\"\" class=\"wp-image-47529\" srcset=\"https:\/\/www.agrupamentoverticalgaviao.pt\/wp-content\/uploads\/2025\/11\/FlorestaAutoco_44.jpg 600w, https:\/\/www.agrupamentoverticalgaviao.pt\/wp-content\/uploads\/2025\/11\/FlorestaAutoco_44-200x300.jpg 200w\" sizes=\"auto, (max-width: 600px) 100vw, 600px\" \/><\/a><\/figure>\n\n\n\n<figure class=\"wp-block-image size-large\"><a href=\"https:\/\/www.agrupamentoverticalgaviao.pt\/wp-content\/uploads\/2025\/11\/FlorestaAutoco_45.jpg\"><img loading=\"lazy\" decoding=\"async\" width=\"600\" height=\"900\" data-id=\"47530\" src=\"https:\/\/www.agrupamentoverticalgaviao.pt\/wp-content\/uploads\/2025\/11\/FlorestaAutoco_45.jpg\" alt=\"\" class=\"wp-image-47530\" srcset=\"https:\/\/www.agrupamentoverticalgaviao.pt\/wp-content\/uploads\/2025\/11\/FlorestaAutoco_45.jpg 600w, https:\/\/www.agrupamentoverticalgaviao.pt\/wp-content\/uploads\/2025\/11\/FlorestaAutoco_45-200x300.jpg 200w\" sizes=\"auto, (max-width: 600px) 100vw, 600px\" \/><\/a><\/figure>\n\n\n\n<figure class=\"wp-block-image size-large\"><a href=\"https:\/\/www.agrupamentoverticalgaviao.pt\/wp-content\/uploads\/2025\/11\/FlorestaAutoco_46.jpg\"><img loading=\"lazy\" decoding=\"async\" width=\"600\" height=\"900\" data-id=\"47531\" src=\"https:\/\/www.agrupamentoverticalgaviao.pt\/wp-content\/uploads\/2025\/11\/FlorestaAutoco_46.jpg\" alt=\"\" class=\"wp-image-47531\" srcset=\"https:\/\/www.agrupamentoverticalgaviao.pt\/wp-content\/uploads\/2025\/11\/FlorestaAutoco_46.jpg 600w, https:\/\/www.agrupamentoverticalgaviao.pt\/wp-content\/uploads\/2025\/11\/FlorestaAutoco_46-200x300.jpg 200w\" sizes=\"auto, (max-width: 600px) 100vw, 600px\" \/><\/a><\/figure>\n\n\n\n<figure class=\"wp-block-image size-large\"><a href=\"https:\/\/www.agrupamentoverticalgaviao.pt\/wp-content\/uploads\/2025\/11\/FlorestaAutoco_47.jpg\"><img loading=\"lazy\" decoding=\"async\" width=\"600\" height=\"900\" data-id=\"47532\" src=\"https:\/\/www.agrupamentoverticalgaviao.pt\/wp-content\/uploads\/2025\/11\/FlorestaAutoco_47.jpg\" alt=\"\" class=\"wp-image-47532\" srcset=\"https:\/\/www.agrupamentoverticalgaviao.pt\/wp-content\/uploads\/2025\/11\/FlorestaAutoco_47.jpg 600w, https:\/\/www.agrupamentoverticalgaviao.pt\/wp-content\/uploads\/2025\/11\/FlorestaAutoco_47-200x300.jpg 200w\" sizes=\"auto, (max-width: 600px) 100vw, 600px\" \/><\/a><\/figure>\n\n\n\n<figure class=\"wp-block-image size-large\"><a href=\"https:\/\/www.agrupamentoverticalgaviao.pt\/wp-content\/uploads\/2025\/11\/FlorestaAutoco_48.jpg\"><img loading=\"lazy\" decoding=\"async\" width=\"600\" height=\"900\" data-id=\"47533\" src=\"https:\/\/www.agrupamentoverticalgaviao.pt\/wp-content\/uploads\/2025\/11\/FlorestaAutoco_48.jpg\" alt=\"\" class=\"wp-image-47533\" srcset=\"https:\/\/www.agrupamentoverticalgaviao.pt\/wp-content\/uploads\/2025\/11\/FlorestaAutoco_48.jpg 600w, https:\/\/www.agrupamentoverticalgaviao.pt\/wp-content\/uploads\/2025\/11\/FlorestaAutoco_48-200x300.jpg 200w\" sizes=\"auto, (max-width: 600px) 100vw, 600px\" \/><\/a><\/figure>\n\n\n\n<figure class=\"wp-block-image size-large\"><a href=\"https:\/\/www.agrupamentoverticalgaviao.pt\/wp-content\/uploads\/2025\/11\/FlorestaAutoco_49.jpg\"><img loading=\"lazy\" decoding=\"async\" width=\"600\" height=\"900\" data-id=\"47534\" src=\"https:\/\/www.agrupamentoverticalgaviao.pt\/wp-content\/uploads\/2025\/11\/FlorestaAutoco_49.jpg\" alt=\"\" class=\"wp-image-47534\" srcset=\"https:\/\/www.agrupamentoverticalgaviao.pt\/wp-content\/uploads\/2025\/11\/FlorestaAutoco_49.jpg 600w, https:\/\/www.agrupamentoverticalgaviao.pt\/wp-content\/uploads\/2025\/11\/FlorestaAutoco_49-200x300.jpg 200w\" sizes=\"auto, (max-width: 600px) 100vw, 600px\" \/><\/a><\/figure>\n\n\n\n<figure class=\"wp-block-image size-large\"><a href=\"https:\/\/www.agrupamentoverticalgaviao.pt\/wp-content\/uploads\/2025\/11\/FlorestaAutoco_50.jpg\"><img loading=\"lazy\" decoding=\"async\" width=\"600\" height=\"900\" data-id=\"47535\" src=\"https:\/\/www.agrupamentoverticalgaviao.pt\/wp-content\/uploads\/2025\/11\/FlorestaAutoco_50.jpg\" alt=\"\" class=\"wp-image-47535\" srcset=\"https:\/\/www.agrupamentoverticalgaviao.pt\/wp-content\/uploads\/2025\/11\/FlorestaAutoco_50.jpg 600w, https:\/\/www.agrupamentoverticalgaviao.pt\/wp-content\/uploads\/2025\/11\/FlorestaAutoco_50-200x300.jpg 200w\" sizes=\"auto, (max-width: 600px) 100vw, 600px\" \/><\/a><\/figure>\n\n\n\n<figure class=\"wp-block-image size-large\"><a href=\"https:\/\/www.agrupamentoverticalgaviao.pt\/wp-content\/uploads\/2025\/11\/FlorestaAutoco_51.jpg\"><img loading=\"lazy\" decoding=\"async\" width=\"600\" height=\"900\" data-id=\"47536\" src=\"https:\/\/www.agrupamentoverticalgaviao.pt\/wp-content\/uploads\/2025\/11\/FlorestaAutoco_51.jpg\" alt=\"\" class=\"wp-image-47536\" srcset=\"https:\/\/www.agrupamentoverticalgaviao.pt\/wp-content\/uploads\/2025\/11\/FlorestaAutoco_51.jpg 600w, https:\/\/www.agrupamentoverticalgaviao.pt\/wp-content\/uploads\/2025\/11\/FlorestaAutoco_51-200x300.jpg 200w\" sizes=\"auto, (max-width: 600px) 100vw, 600px\" \/><\/a><\/figure>\n\n\n\n<figure class=\"wp-block-image size-large\"><a href=\"https:\/\/www.agrupamentoverticalgaviao.pt\/wp-content\/uploads\/2025\/11\/FlorestaAutoco_52.jpg\"><img loading=\"lazy\" decoding=\"async\" width=\"600\" height=\"900\" data-id=\"47537\" src=\"https:\/\/www.agrupamentoverticalgaviao.pt\/wp-content\/uploads\/2025\/11\/FlorestaAutoco_52.jpg\" alt=\"\" class=\"wp-image-47537\" srcset=\"https:\/\/www.agrupamentoverticalgaviao.pt\/wp-content\/uploads\/2025\/11\/FlorestaAutoco_52.jpg 600w, https:\/\/www.agrupamentoverticalgaviao.pt\/wp-content\/uploads\/2025\/11\/FlorestaAutoco_52-200x300.jpg 200w\" sizes=\"auto, (max-width: 600px) 100vw, 600px\" \/><\/a><\/figure>\n\n\n\n<figure class=\"wp-block-image size-large\"><a href=\"https:\/\/www.agrupamentoverticalgaviao.pt\/wp-content\/uploads\/2025\/11\/FlorestaAutoco_53.jpg\"><img loading=\"lazy\" decoding=\"async\" width=\"600\" height=\"900\" data-id=\"47539\" src=\"https:\/\/www.agrupamentoverticalgaviao.pt\/wp-content\/uploads\/2025\/11\/FlorestaAutoco_53.jpg\" alt=\"\" class=\"wp-image-47539\" srcset=\"https:\/\/www.agrupamentoverticalgaviao.pt\/wp-content\/uploads\/2025\/11\/FlorestaAutoco_53.jpg 600w, https:\/\/www.agrupamentoverticalgaviao.pt\/wp-content\/uploads\/2025\/11\/FlorestaAutoco_53-200x300.jpg 200w\" sizes=\"auto, (max-width: 600px) 100vw, 600px\" \/><\/a><\/figure>\n\n\n\n<figure class=\"wp-block-image size-large\"><a href=\"https:\/\/www.agrupamentoverticalgaviao.pt\/wp-content\/uploads\/2025\/11\/FlorestaAutoco_54.jpg\"><img loading=\"lazy\" decoding=\"async\" width=\"600\" height=\"900\" data-id=\"47538\" src=\"https:\/\/www.agrupamentoverticalgaviao.pt\/wp-content\/uploads\/2025\/11\/FlorestaAutoco_54.jpg\" alt=\"\" class=\"wp-image-47538\" srcset=\"https:\/\/www.agrupamentoverticalgaviao.pt\/wp-content\/uploads\/2025\/11\/FlorestaAutoco_54.jpg 600w, https:\/\/www.agrupamentoverticalgaviao.pt\/wp-content\/uploads\/2025\/11\/FlorestaAutoco_54-200x300.jpg 200w\" sizes=\"auto, (max-width: 600px) 100vw, 600px\" \/><\/a><\/figure>\n\n\n\n<figure class=\"wp-block-image size-large\"><a href=\"https:\/\/www.agrupamentoverticalgaviao.pt\/wp-content\/uploads\/2025\/11\/FlorestaAutoco_55.jpg\"><img loading=\"lazy\" decoding=\"async\" width=\"600\" height=\"900\" data-id=\"47540\" src=\"https:\/\/www.agrupamentoverticalgaviao.pt\/wp-content\/uploads\/2025\/11\/FlorestaAutoco_55.jpg\" alt=\"\" class=\"wp-image-47540\" srcset=\"https:\/\/www.agrupamentoverticalgaviao.pt\/wp-content\/uploads\/2025\/11\/FlorestaAutoco_55.jpg 600w, https:\/\/www.agrupamentoverticalgaviao.pt\/wp-content\/uploads\/2025\/11\/FlorestaAutoco_55-200x300.jpg 200w\" sizes=\"auto, (max-width: 600px) 100vw, 600px\" \/><\/a><\/figure>\n<\/figure>\n\n\n\n<p><\/p>\n","protected":false},"excerpt":{"rendered":"<p>No \u00e2mbito da comemora\u00e7\u00e3o deste dia os Delegados Ambientais e os alunos do Curso &hellip; <\/p>\n","protected":false},"author":2,"featured_media":47541,"comment_status":"closed","ping_status":"closed","sticky":false,"template":"","format":"standard","meta":{"footnotes":""},"categories":[145],"tags":[],"class_list":["post-47485","post","type-post","status-publish","format-standard","has-post-thumbnail","hentry","category-programa-eco-escolas"],"yoast_head":"<!-- This site is optimized with the Yoast SEO plugin v27.5 - https:\/\/yoast.com\/product\/yoast-seo-wordpress\/ -->\n<title>Dia da Floresta Aut\u00f3ctone - Agrupamento de Escolas de Gavi\u00e3o<\/title>\n<meta name=\"description\" content=\"Dia da Floresta Aut\u00f3ctone\" \/>\n<meta name=\"robots\" content=\"index, follow, max-snippet:-1, max-image-preview:large, max-video-preview:-1\" \/>\n<link rel=\"canonical\" href=\"https:\/\/www.agrupamentoverticalgaviao.pt\/?p=47485\" \/>\n<meta property=\"og:locale\" content=\"pt_PT\" \/>\n<meta property=\"og:type\" content=\"article\" \/>\n<meta property=\"og:title\" content=\"Dia da Floresta Aut\u00f3ctone - Agrupamento de Escolas de Gavi\u00e3o\" \/>\n<meta property=\"og:description\" content=\"Dia da Floresta Aut\u00f3ctone\" \/>\n<meta property=\"og:url\" content=\"https:\/\/www.agrupamentoverticalgaviao.pt\/?p=47485\" \/>\n<meta property=\"og:site_name\" content=\"Agrupamento de Escolas de Gavi\u00e3o\" \/>\n<meta property=\"article:published_time\" content=\"2025-11-25T22:25:31+00:00\" \/>\n<meta property=\"article:modified_time\" content=\"2025-11-25T22:25:33+00:00\" \/>\n<meta property=\"og:image\" content=\"https:\/\/www.agrupamentoverticalgaviao.pt\/wp-content\/uploads\/2025\/11\/FlorestaAutoco_Banner.jpg\" \/>\n\t<meta property=\"og:image:width\" content=\"1400\" \/>\n\t<meta property=\"og:image:height\" content=\"800\" \/>\n\t<meta property=\"og:image:type\" content=\"image\/jpeg\" \/>\n<meta name=\"author\" content=\"marco Vilela\" \/>\n<meta name=\"twitter:card\" content=\"summary_large_image\" \/>\n<meta name=\"twitter:label1\" content=\"Escrito por\" \/>\n\t<meta name=\"twitter:data1\" content=\"marco Vilela\" \/>\n\t<meta name=\"twitter:label2\" content=\"Tempo estimado de leitura\" \/>\n\t<meta name=\"twitter:data2\" content=\"12 minutos\" \/>\n<script type=\"application\/ld+json\" class=\"yoast-schema-graph\">{\"@context\":\"https:\\\/\\\/schema.org\",\"@graph\":[{\"@type\":\"Article\",\"@id\":\"https:\\\/\\\/www.agrupamentoverticalgaviao.pt\\\/?p=47485#article\",\"isPartOf\":{\"@id\":\"https:\\\/\\\/www.agrupamentoverticalgaviao.pt\\\/?p=47485\"},\"author\":{\"name\":\"marco Vilela\",\"@id\":\"https:\\\/\\\/www.agrupamentoverticalgaviao.pt\\\/#\\\/schema\\\/person\\\/b337300b08ca20a17717f1b413f4b253\"},\"headline\":\"Dia da Floresta Aut\u00f3ctone\",\"datePublished\":\"2025-11-25T22:25:31+00:00\",\"dateModified\":\"2025-11-25T22:25:33+00:00\",\"mainEntityOfPage\":{\"@id\":\"https:\\\/\\\/www.agrupamentoverticalgaviao.pt\\\/?p=47485\"},\"wordCount\":58,\"image\":{\"@id\":\"https:\\\/\\\/www.agrupamentoverticalgaviao.pt\\\/?p=47485#primaryimage\"},\"thumbnailUrl\":\"https:\\\/\\\/www.agrupamentoverticalgaviao.pt\\\/wp-content\\\/uploads\\\/2025\\\/11\\\/FlorestaAutoco_Banner.jpg\",\"articleSection\":[\"Programa Eco-Escolas\"],\"inLanguage\":\"pt-PT\"},{\"@type\":\"WebPage\",\"@id\":\"https:\\\/\\\/www.agrupamentoverticalgaviao.pt\\\/?p=47485\",\"url\":\"https:\\\/\\\/www.agrupamentoverticalgaviao.pt\\\/?p=47485\",\"name\":\"Dia da Floresta Aut\u00f3ctone - Agrupamento de Escolas de Gavi\u00e3o\",\"isPartOf\":{\"@id\":\"https:\\\/\\\/www.agrupamentoverticalgaviao.pt\\\/#website\"},\"primaryImageOfPage\":{\"@id\":\"https:\\\/\\\/www.agrupamentoverticalgaviao.pt\\\/?p=47485#primaryimage\"},\"image\":{\"@id\":\"https:\\\/\\\/www.agrupamentoverticalgaviao.pt\\\/?p=47485#primaryimage\"},\"thumbnailUrl\":\"https:\\\/\\\/www.agrupamentoverticalgaviao.pt\\\/wp-content\\\/uploads\\\/2025\\\/11\\\/FlorestaAutoco_Banner.jpg\",\"datePublished\":\"2025-11-25T22:25:31+00:00\",\"dateModified\":\"2025-11-25T22:25:33+00:00\",\"author\":{\"@id\":\"https:\\\/\\\/www.agrupamentoverticalgaviao.pt\\\/#\\\/schema\\\/person\\\/b337300b08ca20a17717f1b413f4b253\"},\"description\":\"Dia da Floresta Aut\u00f3ctone\",\"breadcrumb\":{\"@id\":\"https:\\\/\\\/www.agrupamentoverticalgaviao.pt\\\/?p=47485#breadcrumb\"},\"inLanguage\":\"pt-PT\",\"potentialAction\":[{\"@type\":\"ReadAction\",\"target\":[\"https:\\\/\\\/www.agrupamentoverticalgaviao.pt\\\/?p=47485\"]}]},{\"@type\":\"ImageObject\",\"inLanguage\":\"pt-PT\",\"@id\":\"https:\\\/\\\/www.agrupamentoverticalgaviao.pt\\\/?p=47485#primaryimage\",\"url\":\"https:\\\/\\\/www.agrupamentoverticalgaviao.pt\\\/wp-content\\\/uploads\\\/2025\\\/11\\\/FlorestaAutoco_Banner.jpg\",\"contentUrl\":\"https:\\\/\\\/www.agrupamentoverticalgaviao.pt\\\/wp-content\\\/uploads\\\/2025\\\/11\\\/FlorestaAutoco_Banner.jpg\",\"width\":1400,\"height\":800},{\"@type\":\"BreadcrumbList\",\"@id\":\"https:\\\/\\\/www.agrupamentoverticalgaviao.pt\\\/?p=47485#breadcrumb\",\"itemListElement\":[{\"@type\":\"ListItem\",\"position\":1,\"name\":\"In\u00edcio\",\"item\":\"https:\\\/\\\/www.agrupamentoverticalgaviao.pt\\\/\"},{\"@type\":\"ListItem\",\"position\":2,\"name\":\"Dia da Floresta Aut\u00f3ctone\"}]},{\"@type\":\"WebSite\",\"@id\":\"https:\\\/\\\/www.agrupamentoverticalgaviao.pt\\\/#website\",\"url\":\"https:\\\/\\\/www.agrupamentoverticalgaviao.pt\\\/\",\"name\":\"Agrupamento de Escolas de Gavi\u00e3o\",\"description\":\"\",\"alternateName\":\"Agrupamento de Escolas de Gavi\u00e3o\",\"potentialAction\":[{\"@type\":\"SearchAction\",\"target\":{\"@type\":\"EntryPoint\",\"urlTemplate\":\"https:\\\/\\\/www.agrupamentoverticalgaviao.pt\\\/?s={search_term_string}\"},\"query-input\":{\"@type\":\"PropertyValueSpecification\",\"valueRequired\":true,\"valueName\":\"search_term_string\"}}],\"inLanguage\":\"pt-PT\"},{\"@type\":\"Person\",\"@id\":\"https:\\\/\\\/www.agrupamentoverticalgaviao.pt\\\/#\\\/schema\\\/person\\\/b337300b08ca20a17717f1b413f4b253\",\"name\":\"marco Vilela\",\"image\":{\"@type\":\"ImageObject\",\"inLanguage\":\"pt-PT\",\"@id\":\"https:\\\/\\\/secure.gravatar.com\\\/avatar\\\/8eb0feb60b637bbf624addb993bbcd710c4802ede472519543b7b7625a815e2d?s=96&d=mm&r=g\",\"url\":\"https:\\\/\\\/secure.gravatar.com\\\/avatar\\\/8eb0feb60b637bbf624addb993bbcd710c4802ede472519543b7b7625a815e2d?s=96&d=mm&r=g\",\"contentUrl\":\"https:\\\/\\\/secure.gravatar.com\\\/avatar\\\/8eb0feb60b637bbf624addb993bbcd710c4802ede472519543b7b7625a815e2d?s=96&d=mm&r=g\",\"caption\":\"marco Vilela\"},\"url\":\"https:\\\/\\\/www.agrupamentoverticalgaviao.pt\\\/?author=2\"}]}<\/script>\n<!-- \/ Yoast SEO plugin. -->","yoast_head_json":{"title":"Dia da Floresta Aut\u00f3ctone - Agrupamento de Escolas de Gavi\u00e3o","description":"Dia da Floresta Aut\u00f3ctone","robots":{"index":"index","follow":"follow","max-snippet":"max-snippet:-1","max-image-preview":"max-image-preview:large","max-video-preview":"max-video-preview:-1"},"canonical":"https:\/\/www.agrupamentoverticalgaviao.pt\/?p=47485","og_locale":"pt_PT","og_type":"article","og_title":"Dia da Floresta Aut\u00f3ctone - Agrupamento de Escolas de Gavi\u00e3o","og_description":"Dia da Floresta Aut\u00f3ctone","og_url":"https:\/\/www.agrupamentoverticalgaviao.pt\/?p=47485","og_site_name":"Agrupamento de Escolas de Gavi\u00e3o","article_published_time":"2025-11-25T22:25:31+00:00","article_modified_time":"2025-11-25T22:25:33+00:00","og_image":[{"width":1400,"height":800,"url":"https:\/\/www.agrupamentoverticalgaviao.pt\/wp-content\/uploads\/2025\/11\/FlorestaAutoco_Banner.jpg","type":"image\/jpeg"}],"author":"marco Vilela","twitter_card":"summary_large_image","twitter_misc":{"Escrito por":"marco Vilela","Tempo estimado de leitura":"12 minutos"},"schema":{"@context":"https:\/\/schema.org","@graph":[{"@type":"Article","@id":"https:\/\/www.agrupamentoverticalgaviao.pt\/?p=47485#article","isPartOf":{"@id":"https:\/\/www.agrupamentoverticalgaviao.pt\/?p=47485"},"author":{"name":"marco Vilela","@id":"https:\/\/www.agrupamentoverticalgaviao.pt\/#\/schema\/person\/b337300b08ca20a17717f1b413f4b253"},"headline":"Dia da Floresta Aut\u00f3ctone","datePublished":"2025-11-25T22:25:31+00:00","dateModified":"2025-11-25T22:25:33+00:00","mainEntityOfPage":{"@id":"https:\/\/www.agrupamentoverticalgaviao.pt\/?p=47485"},"wordCount":58,"image":{"@id":"https:\/\/www.agrupamentoverticalgaviao.pt\/?p=47485#primaryimage"},"thumbnailUrl":"https:\/\/www.agrupamentoverticalgaviao.pt\/wp-content\/uploads\/2025\/11\/FlorestaAutoco_Banner.jpg","articleSection":["Programa Eco-Escolas"],"inLanguage":"pt-PT"},{"@type":"WebPage","@id":"https:\/\/www.agrupamentoverticalgaviao.pt\/?p=47485","url":"https:\/\/www.agrupamentoverticalgaviao.pt\/?p=47485","name":"Dia da Floresta Aut\u00f3ctone - Agrupamento de Escolas de Gavi\u00e3o","isPartOf":{"@id":"https:\/\/www.agrupamentoverticalgaviao.pt\/#website"},"primaryImageOfPage":{"@id":"https:\/\/www.agrupamentoverticalgaviao.pt\/?p=47485#primaryimage"},"image":{"@id":"https:\/\/www.agrupamentoverticalgaviao.pt\/?p=47485#primaryimage"},"thumbnailUrl":"https:\/\/www.agrupamentoverticalgaviao.pt\/wp-content\/uploads\/2025\/11\/FlorestaAutoco_Banner.jpg","datePublished":"2025-11-25T22:25:31+00:00","dateModified":"2025-11-25T22:25:33+00:00","author":{"@id":"https:\/\/www.agrupamentoverticalgaviao.pt\/#\/schema\/person\/b337300b08ca20a17717f1b413f4b253"},"description":"Dia da Floresta Aut\u00f3ctone","breadcrumb":{"@id":"https:\/\/www.agrupamentoverticalgaviao.pt\/?p=47485#breadcrumb"},"inLanguage":"pt-PT","potentialAction":[{"@type":"ReadAction","target":["https:\/\/www.agrupamentoverticalgaviao.pt\/?p=47485"]}]},{"@type":"ImageObject","inLanguage":"pt-PT","@id":"https:\/\/www.agrupamentoverticalgaviao.pt\/?p=47485#primaryimage","url":"https:\/\/www.agrupamentoverticalgaviao.pt\/wp-content\/uploads\/2025\/11\/FlorestaAutoco_Banner.jpg","contentUrl":"https:\/\/www.agrupamentoverticalgaviao.pt\/wp-content\/uploads\/2025\/11\/FlorestaAutoco_Banner.jpg","width":1400,"height":800},{"@type":"BreadcrumbList","@id":"https:\/\/www.agrupamentoverticalgaviao.pt\/?p=47485#breadcrumb","itemListElement":[{"@type":"ListItem","position":1,"name":"In\u00edcio","item":"https:\/\/www.agrupamentoverticalgaviao.pt\/"},{"@type":"ListItem","position":2,"name":"Dia da Floresta Aut\u00f3ctone"}]},{"@type":"WebSite","@id":"https:\/\/www.agrupamentoverticalgaviao.pt\/#website","url":"https:\/\/www.agrupamentoverticalgaviao.pt\/","name":"Agrupamento de Escolas de Gavi\u00e3o","description":"","alternateName":"Agrupamento de Escolas de Gavi\u00e3o","potentialAction":[{"@type":"SearchAction","target":{"@type":"EntryPoint","urlTemplate":"https:\/\/www.agrupamentoverticalgaviao.pt\/?s={search_term_string}"},"query-input":{"@type":"PropertyValueSpecification","valueRequired":true,"valueName":"search_term_string"}}],"inLanguage":"pt-PT"},{"@type":"Person","@id":"https:\/\/www.agrupamentoverticalgaviao.pt\/#\/schema\/person\/b337300b08ca20a17717f1b413f4b253","name":"marco Vilela","image":{"@type":"ImageObject","inLanguage":"pt-PT","@id":"https:\/\/secure.gravatar.com\/avatar\/8eb0feb60b637bbf624addb993bbcd710c4802ede472519543b7b7625a815e2d?s=96&d=mm&r=g","url":"https:\/\/secure.gravatar.com\/avatar\/8eb0feb60b637bbf624addb993bbcd710c4802ede472519543b7b7625a815e2d?s=96&d=mm&r=g","contentUrl":"https:\/\/secure.gravatar.com\/avatar\/8eb0feb60b637bbf624addb993bbcd710c4802ede472519543b7b7625a815e2d?s=96&d=mm&r=g","caption":"marco Vilela"},"url":"https:\/\/www.agrupamentoverticalgaviao.pt\/?author=2"}]}},"_links":{"self":[{"href":"https:\/\/www.agrupamentoverticalgaviao.pt\/index.php?rest_route=\/wp\/v2\/posts\/47485","targetHints":{"allow":["GET"]}}],"collection":[{"href":"https:\/\/www.agrupamentoverticalgaviao.pt\/index.php?rest_route=\/wp\/v2\/posts"}],"about":[{"href":"https:\/\/www.agrupamentoverticalgaviao.pt\/index.php?rest_route=\/wp\/v2\/types\/post"}],"author":[{"embeddable":true,"href":"https:\/\/www.agrupamentoverticalgaviao.pt\/index.php?rest_route=\/wp\/v2\/users\/2"}],"replies":[{"embeddable":true,"href":"https:\/\/www.agrupamentoverticalgaviao.pt\/index.php?rest_route=%2Fwp%2Fv2%2Fcomments&post=47485"}],"version-history":[{"count":1,"href":"https:\/\/www.agrupamentoverticalgaviao.pt\/index.php?rest_route=\/wp\/v2\/posts\/47485\/revisions"}],"predecessor-version":[{"id":47542,"href":"https:\/\/www.agrupamentoverticalgaviao.pt\/index.php?rest_route=\/wp\/v2\/posts\/47485\/revisions\/47542"}],"wp:featuredmedia":[{"embeddable":true,"href":"https:\/\/www.agrupamentoverticalgaviao.pt\/index.php?rest_route=\/wp\/v2\/media\/47541"}],"wp:attachment":[{"href":"https:\/\/www.agrupamentoverticalgaviao.pt\/index.php?rest_route=%2Fwp%2Fv2%2Fmedia&parent=47485"}],"wp:term":[{"taxonomy":"category","embeddable":true,"href":"https:\/\/www.agrupamentoverticalgaviao.pt\/index.php?rest_route=%2Fwp%2Fv2%2Fcategories&post=47485"},{"taxonomy":"post_tag","embeddable":true,"href":"https:\/\/www.agrupamentoverticalgaviao.pt\/index.php?rest_route=%2Fwp%2Fv2%2Ftags&post=47485"}],"curies":[{"name":"wp","href":"https:\/\/api.w.org\/{rel}","templated":true}]}}