{"id":47469,"date":"2025-11-20T22:37:21","date_gmt":"2025-11-20T22:37:21","guid":{"rendered":"https:\/\/www.agrupamentoverticalgaviao.pt\/?p=47469"},"modified":"2025-11-20T22:37:25","modified_gmt":"2025-11-20T22:37:25","slug":"animacao-de-grupos-especiais","status":"publish","type":"post","link":"https:\/\/www.agrupamentoverticalgaviao.pt\/?p=47469","title":{"rendered":"Anima\u00e7\u00e3o de Grupos Especiais"},"content":{"rendered":"\n<p>Os alunos de T\u00e9cnico\/a de Informa\u00e7\u00e3o e Anima\u00e7\u00e3o Tur\u00edstica realizaram na passada sexta-feira a avalia\u00e7\u00e3o pr\u00e1tica do m\u00f3dulo &#8211;&nbsp; Anima\u00e7\u00e3o de Grupos Especiais.<\/p>\n\n\n\n<p>Os alunos planificaram diversas atividades que tiveram como p\u00fablico-alvo os alunos do 1\u00baciclo do AEG e idosos do Centro Social Belverense.<\/p>\n\n\n\n<p>As atividades tiveram o apoio do CP T\u00e9cnico\/a de Desporto, que prestaram aux\u00edlio nos materiais desportivos e adapta\u00e7\u00f5es de gin\u00e1sio e do CP T\u00e9cnico\/a de Prote\u00e7\u00e3o Civil, respons\u00e1vel pela seguran\u00e7a e acompanhamento dos diversos grupos.<\/p>\n\n\n\n<p>Esta foi uma atividade que demonstrou a valoriza\u00e7\u00e3o pr\u00e1tica dos nossos Cursos Profissionais, vis\u00edvel na coopera\u00e7\u00e3o, entreajuda e no conhecimento.<\/p>\n\n\n\n<p>Agradecemos ao Centro Social Belverense, pela disponibilidade e colabora\u00e7\u00e3o.<\/p>\n\n\n\n<figure class=\"wp-block-gallery has-nested-images columns-default is-cropped wp-block-gallery-1 is-layout-flex wp-block-gallery-is-layout-flex\">\n<figure class=\"wp-block-image size-large\"><a href=\"https:\/\/www.agrupamentoverticalgaviao.pt\/wp-content\/uploads\/2025\/11\/TIAT_01.jpg\"><img loading=\"lazy\" decoding=\"async\" width=\"600\" height=\"800\" data-id=\"47471\" src=\"https:\/\/www.agrupamentoverticalgaviao.pt\/wp-content\/uploads\/2025\/11\/TIAT_01.jpg\" alt=\"anima\u00e7\u00e3o de grupos especiais\" class=\"wp-image-47471\" srcset=\"https:\/\/www.agrupamentoverticalgaviao.pt\/wp-content\/uploads\/2025\/11\/TIAT_01.jpg 600w, https:\/\/www.agrupamentoverticalgaviao.pt\/wp-content\/uploads\/2025\/11\/TIAT_01-225x300.jpg 225w\" sizes=\"auto, (max-width: 600px) 100vw, 600px\" \/><\/a><\/figure>\n\n\n\n<figure class=\"wp-block-image size-large\"><a href=\"https:\/\/www.agrupamentoverticalgaviao.pt\/wp-content\/uploads\/2025\/11\/TIAT_02.jpg\"><img loading=\"lazy\" decoding=\"async\" width=\"600\" height=\"800\" data-id=\"47476\" src=\"https:\/\/www.agrupamentoverticalgaviao.pt\/wp-content\/uploads\/2025\/11\/TIAT_02.jpg\" alt=\"anima\u00e7\u00e3o de grupos especiais\" class=\"wp-image-47476\" srcset=\"https:\/\/www.agrupamentoverticalgaviao.pt\/wp-content\/uploads\/2025\/11\/TIAT_02.jpg 600w, https:\/\/www.agrupamentoverticalgaviao.pt\/wp-content\/uploads\/2025\/11\/TIAT_02-225x300.jpg 225w\" sizes=\"auto, (max-width: 600px) 100vw, 600px\" \/><\/a><\/figure>\n\n\n\n<figure class=\"wp-block-image size-large\"><a href=\"https:\/\/www.agrupamentoverticalgaviao.pt\/wp-content\/uploads\/2025\/11\/TIAT_03.jpg\"><img loading=\"lazy\" decoding=\"async\" width=\"600\" height=\"800\" data-id=\"47473\" src=\"https:\/\/www.agrupamentoverticalgaviao.pt\/wp-content\/uploads\/2025\/11\/TIAT_03.jpg\" alt=\"anima\u00e7\u00e3o de grupos especiais\" class=\"wp-image-47473\" srcset=\"https:\/\/www.agrupamentoverticalgaviao.pt\/wp-content\/uploads\/2025\/11\/TIAT_03.jpg 600w, https:\/\/www.agrupamentoverticalgaviao.pt\/wp-content\/uploads\/2025\/11\/TIAT_03-225x300.jpg 225w\" sizes=\"auto, (max-width: 600px) 100vw, 600px\" \/><\/a><\/figure>\n\n\n\n<figure class=\"wp-block-image size-large\"><a href=\"https:\/\/www.agrupamentoverticalgaviao.pt\/wp-content\/uploads\/2025\/11\/TIAT_04.jpg\"><img loading=\"lazy\" decoding=\"async\" width=\"600\" height=\"800\" data-id=\"47475\" src=\"https:\/\/www.agrupamentoverticalgaviao.pt\/wp-content\/uploads\/2025\/11\/TIAT_04.jpg\" alt=\"anima\u00e7\u00e3o de grupos especiais\" class=\"wp-image-47475\" srcset=\"https:\/\/www.agrupamentoverticalgaviao.pt\/wp-content\/uploads\/2025\/11\/TIAT_04.jpg 600w, https:\/\/www.agrupamentoverticalgaviao.pt\/wp-content\/uploads\/2025\/11\/TIAT_04-225x300.jpg 225w\" sizes=\"auto, (max-width: 600px) 100vw, 600px\" \/><\/a><\/figure>\n\n\n\n<figure class=\"wp-block-image size-large\"><a href=\"https:\/\/www.agrupamentoverticalgaviao.pt\/wp-content\/uploads\/2025\/11\/TIAT_05.jpg\"><img loading=\"lazy\" decoding=\"async\" width=\"600\" height=\"450\" data-id=\"47474\" src=\"https:\/\/www.agrupamentoverticalgaviao.pt\/wp-content\/uploads\/2025\/11\/TIAT_05.jpg\" alt=\"anima\u00e7\u00e3o de grupos especiais\" class=\"wp-image-47474\" srcset=\"https:\/\/www.agrupamentoverticalgaviao.pt\/wp-content\/uploads\/2025\/11\/TIAT_05.jpg 600w, https:\/\/www.agrupamentoverticalgaviao.pt\/wp-content\/uploads\/2025\/11\/TIAT_05-300x225.jpg 300w\" sizes=\"auto, (max-width: 600px) 100vw, 600px\" \/><\/a><\/figure>\n\n\n\n<figure class=\"wp-block-image size-large\"><a href=\"https:\/\/www.agrupamentoverticalgaviao.pt\/wp-content\/uploads\/2025\/11\/TIAT_06.jpg\"><img loading=\"lazy\" decoding=\"async\" width=\"600\" height=\"800\" data-id=\"47472\" src=\"https:\/\/www.agrupamentoverticalgaviao.pt\/wp-content\/uploads\/2025\/11\/TIAT_06.jpg\" alt=\"anima\u00e7\u00e3o de grupos especiais\" class=\"wp-image-47472\" srcset=\"https:\/\/www.agrupamentoverticalgaviao.pt\/wp-content\/uploads\/2025\/11\/TIAT_06.jpg 600w, https:\/\/www.agrupamentoverticalgaviao.pt\/wp-content\/uploads\/2025\/11\/TIAT_06-225x300.jpg 225w\" sizes=\"auto, (max-width: 600px) 100vw, 600px\" \/><\/a><\/figure>\n\n\n\n<figure class=\"wp-block-image size-large\"><a href=\"https:\/\/www.agrupamentoverticalgaviao.pt\/wp-content\/uploads\/2025\/11\/TIAT_07.jpg\"><img loading=\"lazy\" decoding=\"async\" width=\"600\" height=\"800\" data-id=\"47478\" src=\"https:\/\/www.agrupamentoverticalgaviao.pt\/wp-content\/uploads\/2025\/11\/TIAT_07.jpg\" alt=\"anima\u00e7\u00e3o de grupos especiais\" class=\"wp-image-47478\" srcset=\"https:\/\/www.agrupamentoverticalgaviao.pt\/wp-content\/uploads\/2025\/11\/TIAT_07.jpg 600w, https:\/\/www.agrupamentoverticalgaviao.pt\/wp-content\/uploads\/2025\/11\/TIAT_07-225x300.jpg 225w\" sizes=\"auto, (max-width: 600px) 100vw, 600px\" \/><\/a><\/figure>\n\n\n\n<figure class=\"wp-block-image size-large\"><a href=\"https:\/\/www.agrupamentoverticalgaviao.pt\/wp-content\/uploads\/2025\/11\/TIAT_08.jpg\"><img loading=\"lazy\" decoding=\"async\" width=\"600\" height=\"800\" data-id=\"47477\" src=\"https:\/\/www.agrupamentoverticalgaviao.pt\/wp-content\/uploads\/2025\/11\/TIAT_08.jpg\" alt=\"anima\u00e7\u00e3o de grupos especiais\" class=\"wp-image-47477\" srcset=\"https:\/\/www.agrupamentoverticalgaviao.pt\/wp-content\/uploads\/2025\/11\/TIAT_08.jpg 600w, https:\/\/www.agrupamentoverticalgaviao.pt\/wp-content\/uploads\/2025\/11\/TIAT_08-225x300.jpg 225w\" sizes=\"auto, (max-width: 600px) 100vw, 600px\" \/><\/a><\/figure>\n\n\n\n<figure class=\"wp-block-image size-large\"><a href=\"https:\/\/www.agrupamentoverticalgaviao.pt\/wp-content\/uploads\/2025\/11\/TIAT_09.jpg\"><img loading=\"lazy\" decoding=\"async\" width=\"600\" height=\"450\" data-id=\"47480\" src=\"https:\/\/www.agrupamentoverticalgaviao.pt\/wp-content\/uploads\/2025\/11\/TIAT_09.jpg\" alt=\"anima\u00e7\u00e3o de grupos especiais\" class=\"wp-image-47480\" srcset=\"https:\/\/www.agrupamentoverticalgaviao.pt\/wp-content\/uploads\/2025\/11\/TIAT_09.jpg 600w, https:\/\/www.agrupamentoverticalgaviao.pt\/wp-content\/uploads\/2025\/11\/TIAT_09-300x225.jpg 300w\" sizes=\"auto, (max-width: 600px) 100vw, 600px\" \/><\/a><\/figure>\n\n\n\n<figure class=\"wp-block-image size-large\"><a href=\"https:\/\/www.agrupamentoverticalgaviao.pt\/wp-content\/uploads\/2025\/11\/TIAT_10.jpg\"><img loading=\"lazy\" decoding=\"async\" width=\"600\" height=\"450\" data-id=\"47479\" src=\"https:\/\/www.agrupamentoverticalgaviao.pt\/wp-content\/uploads\/2025\/11\/TIAT_10.jpg\" alt=\"anima\u00e7\u00e3o de grupos especiais\" class=\"wp-image-47479\" srcset=\"https:\/\/www.agrupamentoverticalgaviao.pt\/wp-content\/uploads\/2025\/11\/TIAT_10.jpg 600w, https:\/\/www.agrupamentoverticalgaviao.pt\/wp-content\/uploads\/2025\/11\/TIAT_10-300x225.jpg 300w\" sizes=\"auto, (max-width: 600px) 100vw, 600px\" \/><\/a><\/figure>\n\n\n\n<figure class=\"wp-block-image size-large\"><a href=\"https:\/\/www.agrupamentoverticalgaviao.pt\/wp-content\/uploads\/2025\/11\/TIAT_11.jpg\"><img loading=\"lazy\" decoding=\"async\" width=\"600\" height=\"800\" data-id=\"47481\" src=\"https:\/\/www.agrupamentoverticalgaviao.pt\/wp-content\/uploads\/2025\/11\/TIAT_11.jpg\" alt=\"anima\u00e7\u00e3o de grupos especiais\" class=\"wp-image-47481\" srcset=\"https:\/\/www.agrupamentoverticalgaviao.pt\/wp-content\/uploads\/2025\/11\/TIAT_11.jpg 600w, https:\/\/www.agrupamentoverticalgaviao.pt\/wp-content\/uploads\/2025\/11\/TIAT_11-225x300.jpg 225w\" sizes=\"auto, (max-width: 600px) 100vw, 600px\" \/><\/a><\/figure>\n\n\n\n<figure class=\"wp-block-image size-large\"><a href=\"https:\/\/www.agrupamentoverticalgaviao.pt\/wp-content\/uploads\/2025\/11\/TIAT_12.jpg\"><img loading=\"lazy\" decoding=\"async\" width=\"600\" height=\"450\" data-id=\"47482\" src=\"https:\/\/www.agrupamentoverticalgaviao.pt\/wp-content\/uploads\/2025\/11\/TIAT_12.jpg\" alt=\"anima\u00e7\u00e3o de grupos especiais\" class=\"wp-image-47482\" srcset=\"https:\/\/www.agrupamentoverticalgaviao.pt\/wp-content\/uploads\/2025\/11\/TIAT_12.jpg 600w, https:\/\/www.agrupamentoverticalgaviao.pt\/wp-content\/uploads\/2025\/11\/TIAT_12-300x225.jpg 300w\" sizes=\"auto, (max-width: 600px) 100vw, 600px\" \/><\/a><\/figure>\n<\/figure>\n","protected":false},"excerpt":{"rendered":"<p>Os alunos de T\u00e9cnico\/a de Informa\u00e7\u00e3o e Anima\u00e7\u00e3o Tur\u00edstica realizaram na passada sexta-feira a &hellip; <\/p>\n","protected":false},"author":2,"featured_media":47470,"comment_status":"closed","ping_status":"closed","sticky":false,"template":"","format":"standard","meta":{"footnotes":""},"categories":[243],"tags":[],"class_list":["post-47469","post","type-post","status-publish","format-standard","has-post-thumbnail","hentry","category-curso-de-tecnico-de-informacao-e-animacao-turistica"],"yoast_head":"<!-- This site is optimized with the Yoast SEO plugin v27.5 - https:\/\/yoast.com\/product\/yoast-seo-wordpress\/ -->\n<title>Anima\u00e7\u00e3o de Grupos Especiais - Agrupamento de Escolas de Gavi\u00e3o<\/title>\n<meta name=\"description\" content=\"Atividade de Anima\u00e7\u00e3o de Grupos Especiais envolveu alunos do AEG e idosos, promovendo coopera\u00e7\u00e3o entre cursos e valoriza\u00e7\u00e3o profissional.\" \/>\n<meta name=\"robots\" content=\"index, follow, max-snippet:-1, max-image-preview:large, max-video-preview:-1\" \/>\n<link rel=\"canonical\" href=\"https:\/\/www.agrupamentoverticalgaviao.pt\/?p=47469\" \/>\n<meta property=\"og:locale\" content=\"pt_PT\" \/>\n<meta property=\"og:type\" content=\"article\" \/>\n<meta property=\"og:title\" content=\"Anima\u00e7\u00e3o de Grupos Especiais - Agrupamento de Escolas de Gavi\u00e3o\" \/>\n<meta property=\"og:description\" content=\"Atividade de Anima\u00e7\u00e3o de Grupos Especiais envolveu alunos do AEG e idosos, promovendo coopera\u00e7\u00e3o entre cursos e valoriza\u00e7\u00e3o profissional.\" \/>\n<meta property=\"og:url\" content=\"https:\/\/www.agrupamentoverticalgaviao.pt\/?p=47469\" \/>\n<meta property=\"og:site_name\" content=\"Agrupamento de Escolas de Gavi\u00e3o\" \/>\n<meta property=\"article:published_time\" content=\"2025-11-20T22:37:21+00:00\" \/>\n<meta property=\"article:modified_time\" content=\"2025-11-20T22:37:25+00:00\" \/>\n<meta property=\"og:image\" content=\"https:\/\/www.agrupamentoverticalgaviao.pt\/wp-content\/uploads\/2025\/11\/TIAT_banner.jpg\" \/>\n\t<meta property=\"og:image:width\" content=\"1400\" \/>\n\t<meta property=\"og:image:height\" content=\"798\" \/>\n\t<meta property=\"og:image:type\" content=\"image\/jpeg\" \/>\n<meta name=\"author\" content=\"marco Vilela\" \/>\n<meta name=\"twitter:card\" content=\"summary_large_image\" \/>\n<meta name=\"twitter:label1\" content=\"Escrito por\" \/>\n\t<meta name=\"twitter:data1\" content=\"marco Vilela\" \/>\n\t<meta name=\"twitter:label2\" content=\"Tempo estimado de leitura\" \/>\n\t<meta name=\"twitter:data2\" content=\"4 minutos\" \/>\n<script type=\"application\/ld+json\" class=\"yoast-schema-graph\">{\"@context\":\"https:\\\/\\\/schema.org\",\"@graph\":[{\"@type\":\"Article\",\"@id\":\"https:\\\/\\\/www.agrupamentoverticalgaviao.pt\\\/?p=47469#article\",\"isPartOf\":{\"@id\":\"https:\\\/\\\/www.agrupamentoverticalgaviao.pt\\\/?p=47469\"},\"author\":{\"name\":\"marco Vilela\",\"@id\":\"https:\\\/\\\/www.agrupamentoverticalgaviao.pt\\\/#\\\/schema\\\/person\\\/b337300b08ca20a17717f1b413f4b253\"},\"headline\":\"Anima\u00e7\u00e3o de Grupos Especiais\",\"datePublished\":\"2025-11-20T22:37:21+00:00\",\"dateModified\":\"2025-11-20T22:37:25+00:00\",\"mainEntityOfPage\":{\"@id\":\"https:\\\/\\\/www.agrupamentoverticalgaviao.pt\\\/?p=47469\"},\"wordCount\":139,\"image\":{\"@id\":\"https:\\\/\\\/www.agrupamentoverticalgaviao.pt\\\/?p=47469#primaryimage\"},\"thumbnailUrl\":\"https:\\\/\\\/www.agrupamentoverticalgaviao.pt\\\/wp-content\\\/uploads\\\/2025\\\/11\\\/TIAT_banner.jpg\",\"articleSection\":[\"Curso de T\u00e9cnico de Informa\u00e7\u00e3o e Anima\u00e7\u00e3o Tur\u00edstica\"],\"inLanguage\":\"pt-PT\"},{\"@type\":\"WebPage\",\"@id\":\"https:\\\/\\\/www.agrupamentoverticalgaviao.pt\\\/?p=47469\",\"url\":\"https:\\\/\\\/www.agrupamentoverticalgaviao.pt\\\/?p=47469\",\"name\":\"Anima\u00e7\u00e3o de Grupos Especiais - Agrupamento de Escolas de Gavi\u00e3o\",\"isPartOf\":{\"@id\":\"https:\\\/\\\/www.agrupamentoverticalgaviao.pt\\\/#website\"},\"primaryImageOfPage\":{\"@id\":\"https:\\\/\\\/www.agrupamentoverticalgaviao.pt\\\/?p=47469#primaryimage\"},\"image\":{\"@id\":\"https:\\\/\\\/www.agrupamentoverticalgaviao.pt\\\/?p=47469#primaryimage\"},\"thumbnailUrl\":\"https:\\\/\\\/www.agrupamentoverticalgaviao.pt\\\/wp-content\\\/uploads\\\/2025\\\/11\\\/TIAT_banner.jpg\",\"datePublished\":\"2025-11-20T22:37:21+00:00\",\"dateModified\":\"2025-11-20T22:37:25+00:00\",\"author\":{\"@id\":\"https:\\\/\\\/www.agrupamentoverticalgaviao.pt\\\/#\\\/schema\\\/person\\\/b337300b08ca20a17717f1b413f4b253\"},\"description\":\"Atividade de Anima\u00e7\u00e3o de Grupos Especiais envolveu alunos do AEG e idosos, promovendo coopera\u00e7\u00e3o entre cursos e valoriza\u00e7\u00e3o profissional.\",\"breadcrumb\":{\"@id\":\"https:\\\/\\\/www.agrupamentoverticalgaviao.pt\\\/?p=47469#breadcrumb\"},\"inLanguage\":\"pt-PT\",\"potentialAction\":[{\"@type\":\"ReadAction\",\"target\":[\"https:\\\/\\\/www.agrupamentoverticalgaviao.pt\\\/?p=47469\"]}]},{\"@type\":\"ImageObject\",\"inLanguage\":\"pt-PT\",\"@id\":\"https:\\\/\\\/www.agrupamentoverticalgaviao.pt\\\/?p=47469#primaryimage\",\"url\":\"https:\\\/\\\/www.agrupamentoverticalgaviao.pt\\\/wp-content\\\/uploads\\\/2025\\\/11\\\/TIAT_banner.jpg\",\"contentUrl\":\"https:\\\/\\\/www.agrupamentoverticalgaviao.pt\\\/wp-content\\\/uploads\\\/2025\\\/11\\\/TIAT_banner.jpg\",\"width\":1400,\"height\":798,\"caption\":\"anima\u00e7\u00e3o de grupos especiais\"},{\"@type\":\"BreadcrumbList\",\"@id\":\"https:\\\/\\\/www.agrupamentoverticalgaviao.pt\\\/?p=47469#breadcrumb\",\"itemListElement\":[{\"@type\":\"ListItem\",\"position\":1,\"name\":\"In\u00edcio\",\"item\":\"https:\\\/\\\/www.agrupamentoverticalgaviao.pt\\\/\"},{\"@type\":\"ListItem\",\"position\":2,\"name\":\"Anima\u00e7\u00e3o de Grupos Especiais\"}]},{\"@type\":\"WebSite\",\"@id\":\"https:\\\/\\\/www.agrupamentoverticalgaviao.pt\\\/#website\",\"url\":\"https:\\\/\\\/www.agrupamentoverticalgaviao.pt\\\/\",\"name\":\"Agrupamento de Escolas de Gavi\u00e3o\",\"description\":\"\",\"alternateName\":\"Agrupamento de Escolas de Gavi\u00e3o\",\"potentialAction\":[{\"@type\":\"SearchAction\",\"target\":{\"@type\":\"EntryPoint\",\"urlTemplate\":\"https:\\\/\\\/www.agrupamentoverticalgaviao.pt\\\/?s={search_term_string}\"},\"query-input\":{\"@type\":\"PropertyValueSpecification\",\"valueRequired\":true,\"valueName\":\"search_term_string\"}}],\"inLanguage\":\"pt-PT\"},{\"@type\":\"Person\",\"@id\":\"https:\\\/\\\/www.agrupamentoverticalgaviao.pt\\\/#\\\/schema\\\/person\\\/b337300b08ca20a17717f1b413f4b253\",\"name\":\"marco Vilela\",\"image\":{\"@type\":\"ImageObject\",\"inLanguage\":\"pt-PT\",\"@id\":\"https:\\\/\\\/secure.gravatar.com\\\/avatar\\\/8eb0feb60b637bbf624addb993bbcd710c4802ede472519543b7b7625a815e2d?s=96&d=mm&r=g\",\"url\":\"https:\\\/\\\/secure.gravatar.com\\\/avatar\\\/8eb0feb60b637bbf624addb993bbcd710c4802ede472519543b7b7625a815e2d?s=96&d=mm&r=g\",\"contentUrl\":\"https:\\\/\\\/secure.gravatar.com\\\/avatar\\\/8eb0feb60b637bbf624addb993bbcd710c4802ede472519543b7b7625a815e2d?s=96&d=mm&r=g\",\"caption\":\"marco Vilela\"},\"url\":\"https:\\\/\\\/www.agrupamentoverticalgaviao.pt\\\/?author=2\"}]}<\/script>\n<!-- \/ Yoast SEO plugin. -->","yoast_head_json":{"title":"Anima\u00e7\u00e3o de Grupos Especiais - Agrupamento de Escolas de Gavi\u00e3o","description":"Atividade de Anima\u00e7\u00e3o de Grupos Especiais envolveu alunos do AEG e idosos, promovendo coopera\u00e7\u00e3o entre cursos e valoriza\u00e7\u00e3o profissional.","robots":{"index":"index","follow":"follow","max-snippet":"max-snippet:-1","max-image-preview":"max-image-preview:large","max-video-preview":"max-video-preview:-1"},"canonical":"https:\/\/www.agrupamentoverticalgaviao.pt\/?p=47469","og_locale":"pt_PT","og_type":"article","og_title":"Anima\u00e7\u00e3o de Grupos Especiais - Agrupamento de Escolas de Gavi\u00e3o","og_description":"Atividade de Anima\u00e7\u00e3o de Grupos Especiais envolveu alunos do AEG e idosos, promovendo coopera\u00e7\u00e3o entre cursos e valoriza\u00e7\u00e3o profissional.","og_url":"https:\/\/www.agrupamentoverticalgaviao.pt\/?p=47469","og_site_name":"Agrupamento de Escolas de Gavi\u00e3o","article_published_time":"2025-11-20T22:37:21+00:00","article_modified_time":"2025-11-20T22:37:25+00:00","og_image":[{"width":1400,"height":798,"url":"https:\/\/www.agrupamentoverticalgaviao.pt\/wp-content\/uploads\/2025\/11\/TIAT_banner.jpg","type":"image\/jpeg"}],"author":"marco Vilela","twitter_card":"summary_large_image","twitter_misc":{"Escrito por":"marco Vilela","Tempo estimado de leitura":"4 minutos"},"schema":{"@context":"https:\/\/schema.org","@graph":[{"@type":"Article","@id":"https:\/\/www.agrupamentoverticalgaviao.pt\/?p=47469#article","isPartOf":{"@id":"https:\/\/www.agrupamentoverticalgaviao.pt\/?p=47469"},"author":{"name":"marco Vilela","@id":"https:\/\/www.agrupamentoverticalgaviao.pt\/#\/schema\/person\/b337300b08ca20a17717f1b413f4b253"},"headline":"Anima\u00e7\u00e3o de Grupos Especiais","datePublished":"2025-11-20T22:37:21+00:00","dateModified":"2025-11-20T22:37:25+00:00","mainEntityOfPage":{"@id":"https:\/\/www.agrupamentoverticalgaviao.pt\/?p=47469"},"wordCount":139,"image":{"@id":"https:\/\/www.agrupamentoverticalgaviao.pt\/?p=47469#primaryimage"},"thumbnailUrl":"https:\/\/www.agrupamentoverticalgaviao.pt\/wp-content\/uploads\/2025\/11\/TIAT_banner.jpg","articleSection":["Curso de T\u00e9cnico de Informa\u00e7\u00e3o e Anima\u00e7\u00e3o Tur\u00edstica"],"inLanguage":"pt-PT"},{"@type":"WebPage","@id":"https:\/\/www.agrupamentoverticalgaviao.pt\/?p=47469","url":"https:\/\/www.agrupamentoverticalgaviao.pt\/?p=47469","name":"Anima\u00e7\u00e3o de Grupos Especiais - Agrupamento de Escolas de Gavi\u00e3o","isPartOf":{"@id":"https:\/\/www.agrupamentoverticalgaviao.pt\/#website"},"primaryImageOfPage":{"@id":"https:\/\/www.agrupamentoverticalgaviao.pt\/?p=47469#primaryimage"},"image":{"@id":"https:\/\/www.agrupamentoverticalgaviao.pt\/?p=47469#primaryimage"},"thumbnailUrl":"https:\/\/www.agrupamentoverticalgaviao.pt\/wp-content\/uploads\/2025\/11\/TIAT_banner.jpg","datePublished":"2025-11-20T22:37:21+00:00","dateModified":"2025-11-20T22:37:25+00:00","author":{"@id":"https:\/\/www.agrupamentoverticalgaviao.pt\/#\/schema\/person\/b337300b08ca20a17717f1b413f4b253"},"description":"Atividade de Anima\u00e7\u00e3o de Grupos Especiais envolveu alunos do AEG e idosos, promovendo coopera\u00e7\u00e3o entre cursos e valoriza\u00e7\u00e3o profissional.","breadcrumb":{"@id":"https:\/\/www.agrupamentoverticalgaviao.pt\/?p=47469#breadcrumb"},"inLanguage":"pt-PT","potentialAction":[{"@type":"ReadAction","target":["https:\/\/www.agrupamentoverticalgaviao.pt\/?p=47469"]}]},{"@type":"ImageObject","inLanguage":"pt-PT","@id":"https:\/\/www.agrupamentoverticalgaviao.pt\/?p=47469#primaryimage","url":"https:\/\/www.agrupamentoverticalgaviao.pt\/wp-content\/uploads\/2025\/11\/TIAT_banner.jpg","contentUrl":"https:\/\/www.agrupamentoverticalgaviao.pt\/wp-content\/uploads\/2025\/11\/TIAT_banner.jpg","width":1400,"height":798,"caption":"anima\u00e7\u00e3o de grupos especiais"},{"@type":"BreadcrumbList","@id":"https:\/\/www.agrupamentoverticalgaviao.pt\/?p=47469#breadcrumb","itemListElement":[{"@type":"ListItem","position":1,"name":"In\u00edcio","item":"https:\/\/www.agrupamentoverticalgaviao.pt\/"},{"@type":"ListItem","position":2,"name":"Anima\u00e7\u00e3o de Grupos Especiais"}]},{"@type":"WebSite","@id":"https:\/\/www.agrupamentoverticalgaviao.pt\/#website","url":"https:\/\/www.agrupamentoverticalgaviao.pt\/","name":"Agrupamento de Escolas de Gavi\u00e3o","description":"","alternateName":"Agrupamento de Escolas de Gavi\u00e3o","potentialAction":[{"@type":"SearchAction","target":{"@type":"EntryPoint","urlTemplate":"https:\/\/www.agrupamentoverticalgaviao.pt\/?s={search_term_string}"},"query-input":{"@type":"PropertyValueSpecification","valueRequired":true,"valueName":"search_term_string"}}],"inLanguage":"pt-PT"},{"@type":"Person","@id":"https:\/\/www.agrupamentoverticalgaviao.pt\/#\/schema\/person\/b337300b08ca20a17717f1b413f4b253","name":"marco Vilela","image":{"@type":"ImageObject","inLanguage":"pt-PT","@id":"https:\/\/secure.gravatar.com\/avatar\/8eb0feb60b637bbf624addb993bbcd710c4802ede472519543b7b7625a815e2d?s=96&d=mm&r=g","url":"https:\/\/secure.gravatar.com\/avatar\/8eb0feb60b637bbf624addb993bbcd710c4802ede472519543b7b7625a815e2d?s=96&d=mm&r=g","contentUrl":"https:\/\/secure.gravatar.com\/avatar\/8eb0feb60b637bbf624addb993bbcd710c4802ede472519543b7b7625a815e2d?s=96&d=mm&r=g","caption":"marco Vilela"},"url":"https:\/\/www.agrupamentoverticalgaviao.pt\/?author=2"}]}},"_links":{"self":[{"href":"https:\/\/www.agrupamentoverticalgaviao.pt\/index.php?rest_route=\/wp\/v2\/posts\/47469","targetHints":{"allow":["GET"]}}],"collection":[{"href":"https:\/\/www.agrupamentoverticalgaviao.pt\/index.php?rest_route=\/wp\/v2\/posts"}],"about":[{"href":"https:\/\/www.agrupamentoverticalgaviao.pt\/index.php?rest_route=\/wp\/v2\/types\/post"}],"author":[{"embeddable":true,"href":"https:\/\/www.agrupamentoverticalgaviao.pt\/index.php?rest_route=\/wp\/v2\/users\/2"}],"replies":[{"embeddable":true,"href":"https:\/\/www.agrupamentoverticalgaviao.pt\/index.php?rest_route=%2Fwp%2Fv2%2Fcomments&post=47469"}],"version-history":[{"count":1,"href":"https:\/\/www.agrupamentoverticalgaviao.pt\/index.php?rest_route=\/wp\/v2\/posts\/47469\/revisions"}],"predecessor-version":[{"id":47483,"href":"https:\/\/www.agrupamentoverticalgaviao.pt\/index.php?rest_route=\/wp\/v2\/posts\/47469\/revisions\/47483"}],"wp:featuredmedia":[{"embeddable":true,"href":"https:\/\/www.agrupamentoverticalgaviao.pt\/index.php?rest_route=\/wp\/v2\/media\/47470"}],"wp:attachment":[{"href":"https:\/\/www.agrupamentoverticalgaviao.pt\/index.php?rest_route=%2Fwp%2Fv2%2Fmedia&parent=47469"}],"wp:term":[{"taxonomy":"category","embeddable":true,"href":"https:\/\/www.agrupamentoverticalgaviao.pt\/index.php?rest_route=%2Fwp%2Fv2%2Fcategories&post=47469"},{"taxonomy":"post_tag","embeddable":true,"href":"https:\/\/www.agrupamentoverticalgaviao.pt\/index.php?rest_route=%2Fwp%2Fv2%2Ftags&post=47469"}],"curies":[{"name":"wp","href":"https:\/\/api.w.org\/{rel}","templated":true}]}}