{"id":47417,"date":"2025-11-18T22:57:35","date_gmt":"2025-11-18T22:57:35","guid":{"rendered":"https:\/\/www.agrupamentoverticalgaviao.pt\/?p=47417"},"modified":"2025-11-18T22:57:38","modified_gmt":"2025-11-18T22:57:38","slug":"bombeiros-de-gaviao","status":"publish","type":"post","link":"https:\/\/www.agrupamentoverticalgaviao.pt\/?p=47417","title":{"rendered":"Aulas pr\u00e1ticas em contexto de coopera\u00e7\u00e3o com os Bombeiros Volunt\u00e1rios de Gavi\u00e3o"},"content":{"rendered":"\n<p>Englobado na UFCD Socorro e salvamento e na UFCD 5879 An\u00e1lise de riscos e vulnerabilidades, no passado dia 14 de novembro, o 12\u00ba ano do curso T\u00e9cnico Prote\u00e7\u00e3o Civil deslocou se aos Bombeiros de Gavi\u00e3o para terem um contacto direto com alguns dos equipamento usados nas referidas UFCD.<\/p>\n\n\n\n<figure class=\"wp-block-gallery has-nested-images columns-3 is-cropped wp-block-gallery-1 is-layout-flex wp-block-gallery-is-layout-flex\">\n<figure class=\"wp-block-image size-large\"><a href=\"https:\/\/www.agrupamentoverticalgaviao.pt\/wp-content\/uploads\/2025\/11\/Bombeiros_-44.jpeg\"><img loading=\"lazy\" decoding=\"async\" width=\"384\" height=\"510\" data-id=\"47421\" src=\"https:\/\/www.agrupamentoverticalgaviao.pt\/wp-content\/uploads\/2025\/11\/Bombeiros_-44.jpeg\" alt=\"\" class=\"wp-image-47421\" srcset=\"https:\/\/www.agrupamentoverticalgaviao.pt\/wp-content\/uploads\/2025\/11\/Bombeiros_-44.jpeg 384w, https:\/\/www.agrupamentoverticalgaviao.pt\/wp-content\/uploads\/2025\/11\/Bombeiros_-44-226x300.jpeg 226w\" sizes=\"auto, (max-width: 384px) 100vw, 384px\" \/><\/a><\/figure>\n\n\n\n<figure class=\"wp-block-image size-large\"><a href=\"https:\/\/www.agrupamentoverticalgaviao.pt\/wp-content\/uploads\/2025\/11\/Bombeiros_-45.jpeg\"><img loading=\"lazy\" decoding=\"async\" width=\"384\" height=\"510\" data-id=\"47418\" src=\"https:\/\/www.agrupamentoverticalgaviao.pt\/wp-content\/uploads\/2025\/11\/Bombeiros_-45.jpeg\" alt=\"\" class=\"wp-image-47418\" srcset=\"https:\/\/www.agrupamentoverticalgaviao.pt\/wp-content\/uploads\/2025\/11\/Bombeiros_-45.jpeg 384w, https:\/\/www.agrupamentoverticalgaviao.pt\/wp-content\/uploads\/2025\/11\/Bombeiros_-45-226x300.jpeg 226w\" sizes=\"auto, (max-width: 384px) 100vw, 384px\" \/><\/a><\/figure>\n\n\n\n<figure class=\"wp-block-image size-large\"><a href=\"https:\/\/www.agrupamentoverticalgaviao.pt\/wp-content\/uploads\/2025\/11\/Bombeiros_-46.jpeg\"><img loading=\"lazy\" decoding=\"async\" width=\"384\" height=\"510\" data-id=\"47420\" src=\"https:\/\/www.agrupamentoverticalgaviao.pt\/wp-content\/uploads\/2025\/11\/Bombeiros_-46.jpeg\" alt=\"\" class=\"wp-image-47420\" srcset=\"https:\/\/www.agrupamentoverticalgaviao.pt\/wp-content\/uploads\/2025\/11\/Bombeiros_-46.jpeg 384w, https:\/\/www.agrupamentoverticalgaviao.pt\/wp-content\/uploads\/2025\/11\/Bombeiros_-46-226x300.jpeg 226w\" sizes=\"auto, (max-width: 384px) 100vw, 384px\" \/><\/a><\/figure>\n\n\n\n<figure class=\"wp-block-image size-large\"><a href=\"https:\/\/www.agrupamentoverticalgaviao.pt\/wp-content\/uploads\/2025\/11\/Bombeiros_-47.jpeg\"><img loading=\"lazy\" decoding=\"async\" width=\"384\" height=\"510\" data-id=\"47419\" src=\"https:\/\/www.agrupamentoverticalgaviao.pt\/wp-content\/uploads\/2025\/11\/Bombeiros_-47.jpeg\" alt=\"\" class=\"wp-image-47419\" srcset=\"https:\/\/www.agrupamentoverticalgaviao.pt\/wp-content\/uploads\/2025\/11\/Bombeiros_-47.jpeg 384w, https:\/\/www.agrupamentoverticalgaviao.pt\/wp-content\/uploads\/2025\/11\/Bombeiros_-47-226x300.jpeg 226w\" sizes=\"auto, (max-width: 384px) 100vw, 384px\" \/><\/a><\/figure>\n\n\n\n<figure class=\"wp-block-image size-large\"><a href=\"https:\/\/www.agrupamentoverticalgaviao.pt\/wp-content\/uploads\/2025\/11\/Bombeiros_-48.jpeg\"><img loading=\"lazy\" decoding=\"async\" width=\"384\" height=\"510\" data-id=\"47423\" src=\"https:\/\/www.agrupamentoverticalgaviao.pt\/wp-content\/uploads\/2025\/11\/Bombeiros_-48.jpeg\" alt=\"\" class=\"wp-image-47423\" srcset=\"https:\/\/www.agrupamentoverticalgaviao.pt\/wp-content\/uploads\/2025\/11\/Bombeiros_-48.jpeg 384w, https:\/\/www.agrupamentoverticalgaviao.pt\/wp-content\/uploads\/2025\/11\/Bombeiros_-48-226x300.jpeg 226w\" sizes=\"auto, (max-width: 384px) 100vw, 384px\" \/><\/a><\/figure>\n\n\n\n<figure class=\"wp-block-image size-large\"><a href=\"https:\/\/www.agrupamentoverticalgaviao.pt\/wp-content\/uploads\/2025\/11\/Bombeiros_-49.jpeg\"><img loading=\"lazy\" decoding=\"async\" width=\"384\" height=\"510\" data-id=\"47422\" src=\"https:\/\/www.agrupamentoverticalgaviao.pt\/wp-content\/uploads\/2025\/11\/Bombeiros_-49.jpeg\" alt=\"\" class=\"wp-image-47422\" srcset=\"https:\/\/www.agrupamentoverticalgaviao.pt\/wp-content\/uploads\/2025\/11\/Bombeiros_-49.jpeg 384w, https:\/\/www.agrupamentoverticalgaviao.pt\/wp-content\/uploads\/2025\/11\/Bombeiros_-49-226x300.jpeg 226w\" sizes=\"auto, (max-width: 384px) 100vw, 384px\" \/><\/a><\/figure>\n\n\n\n<figure class=\"wp-block-image size-large\"><a href=\"https:\/\/www.agrupamentoverticalgaviao.pt\/wp-content\/uploads\/2025\/11\/Bombeiros_-1.jpeg\"><img loading=\"lazy\" decoding=\"async\" width=\"384\" height=\"510\" data-id=\"47424\" src=\"https:\/\/www.agrupamentoverticalgaviao.pt\/wp-content\/uploads\/2025\/11\/Bombeiros_-1.jpeg\" alt=\"\" class=\"wp-image-47424\" srcset=\"https:\/\/www.agrupamentoverticalgaviao.pt\/wp-content\/uploads\/2025\/11\/Bombeiros_-1.jpeg 384w, https:\/\/www.agrupamentoverticalgaviao.pt\/wp-content\/uploads\/2025\/11\/Bombeiros_-1-226x300.jpeg 226w\" sizes=\"auto, (max-width: 384px) 100vw, 384px\" \/><\/a><\/figure>\n\n\n\n<figure class=\"wp-block-image size-large\"><a href=\"https:\/\/www.agrupamentoverticalgaviao.pt\/wp-content\/uploads\/2025\/11\/Bombeiros_-2.jpeg\"><img loading=\"lazy\" decoding=\"async\" width=\"384\" height=\"510\" data-id=\"47425\" src=\"https:\/\/www.agrupamentoverticalgaviao.pt\/wp-content\/uploads\/2025\/11\/Bombeiros_-2.jpeg\" alt=\"\" class=\"wp-image-47425\" srcset=\"https:\/\/www.agrupamentoverticalgaviao.pt\/wp-content\/uploads\/2025\/11\/Bombeiros_-2.jpeg 384w, https:\/\/www.agrupamentoverticalgaviao.pt\/wp-content\/uploads\/2025\/11\/Bombeiros_-2-226x300.jpeg 226w\" sizes=\"auto, (max-width: 384px) 100vw, 384px\" \/><\/a><\/figure>\n\n\n\n<figure class=\"wp-block-image size-large\"><a href=\"https:\/\/www.agrupamentoverticalgaviao.pt\/wp-content\/uploads\/2025\/11\/Bombeiros_-3.jpeg\"><img loading=\"lazy\" decoding=\"async\" width=\"384\" height=\"510\" data-id=\"47426\" src=\"https:\/\/www.agrupamentoverticalgaviao.pt\/wp-content\/uploads\/2025\/11\/Bombeiros_-3.jpeg\" alt=\"\" class=\"wp-image-47426\" srcset=\"https:\/\/www.agrupamentoverticalgaviao.pt\/wp-content\/uploads\/2025\/11\/Bombeiros_-3.jpeg 384w, https:\/\/www.agrupamentoverticalgaviao.pt\/wp-content\/uploads\/2025\/11\/Bombeiros_-3-226x300.jpeg 226w\" sizes=\"auto, (max-width: 384px) 100vw, 384px\" \/><\/a><\/figure>\n\n\n\n<figure class=\"wp-block-image size-large\"><a href=\"https:\/\/www.agrupamentoverticalgaviao.pt\/wp-content\/uploads\/2025\/11\/Bombeiros_-4.jpeg\"><img loading=\"lazy\" decoding=\"async\" width=\"384\" height=\"510\" data-id=\"47429\" src=\"https:\/\/www.agrupamentoverticalgaviao.pt\/wp-content\/uploads\/2025\/11\/Bombeiros_-4.jpeg\" alt=\"\" class=\"wp-image-47429\" srcset=\"https:\/\/www.agrupamentoverticalgaviao.pt\/wp-content\/uploads\/2025\/11\/Bombeiros_-4.jpeg 384w, https:\/\/www.agrupamentoverticalgaviao.pt\/wp-content\/uploads\/2025\/11\/Bombeiros_-4-226x300.jpeg 226w\" sizes=\"auto, (max-width: 384px) 100vw, 384px\" \/><\/a><\/figure>\n\n\n\n<figure class=\"wp-block-image size-large\"><a href=\"https:\/\/www.agrupamentoverticalgaviao.pt\/wp-content\/uploads\/2025\/11\/Bombeiros_-5.jpeg\"><img loading=\"lazy\" decoding=\"async\" width=\"384\" height=\"510\" data-id=\"47428\" src=\"https:\/\/www.agrupamentoverticalgaviao.pt\/wp-content\/uploads\/2025\/11\/Bombeiros_-5.jpeg\" alt=\"\" class=\"wp-image-47428\" srcset=\"https:\/\/www.agrupamentoverticalgaviao.pt\/wp-content\/uploads\/2025\/11\/Bombeiros_-5.jpeg 384w, https:\/\/www.agrupamentoverticalgaviao.pt\/wp-content\/uploads\/2025\/11\/Bombeiros_-5-226x300.jpeg 226w\" sizes=\"auto, (max-width: 384px) 100vw, 384px\" \/><\/a><\/figure>\n\n\n\n<figure class=\"wp-block-image size-large\"><a href=\"https:\/\/www.agrupamentoverticalgaviao.pt\/wp-content\/uploads\/2025\/11\/Bombeiros_-6.jpeg\"><img loading=\"lazy\" decoding=\"async\" width=\"384\" height=\"510\" data-id=\"47427\" src=\"https:\/\/www.agrupamentoverticalgaviao.pt\/wp-content\/uploads\/2025\/11\/Bombeiros_-6.jpeg\" alt=\"\" class=\"wp-image-47427\" srcset=\"https:\/\/www.agrupamentoverticalgaviao.pt\/wp-content\/uploads\/2025\/11\/Bombeiros_-6.jpeg 384w, https:\/\/www.agrupamentoverticalgaviao.pt\/wp-content\/uploads\/2025\/11\/Bombeiros_-6-226x300.jpeg 226w\" sizes=\"auto, (max-width: 384px) 100vw, 384px\" \/><\/a><\/figure>\n\n\n\n<figure class=\"wp-block-image size-large\"><a href=\"https:\/\/www.agrupamentoverticalgaviao.pt\/wp-content\/uploads\/2025\/11\/Bombeiros_-7.jpeg\"><img loading=\"lazy\" decoding=\"async\" width=\"384\" height=\"510\" data-id=\"47430\" src=\"https:\/\/www.agrupamentoverticalgaviao.pt\/wp-content\/uploads\/2025\/11\/Bombeiros_-7.jpeg\" alt=\"\" class=\"wp-image-47430\" srcset=\"https:\/\/www.agrupamentoverticalgaviao.pt\/wp-content\/uploads\/2025\/11\/Bombeiros_-7.jpeg 384w, https:\/\/www.agrupamentoverticalgaviao.pt\/wp-content\/uploads\/2025\/11\/Bombeiros_-7-226x300.jpeg 226w\" sizes=\"auto, (max-width: 384px) 100vw, 384px\" \/><\/a><\/figure>\n\n\n\n<figure class=\"wp-block-image size-large\"><a href=\"https:\/\/www.agrupamentoverticalgaviao.pt\/wp-content\/uploads\/2025\/11\/Bombeiros_-8.jpeg\"><img loading=\"lazy\" decoding=\"async\" width=\"384\" height=\"510\" data-id=\"47431\" src=\"https:\/\/www.agrupamentoverticalgaviao.pt\/wp-content\/uploads\/2025\/11\/Bombeiros_-8.jpeg\" alt=\"\" class=\"wp-image-47431\" srcset=\"https:\/\/www.agrupamentoverticalgaviao.pt\/wp-content\/uploads\/2025\/11\/Bombeiros_-8.jpeg 384w, https:\/\/www.agrupamentoverticalgaviao.pt\/wp-content\/uploads\/2025\/11\/Bombeiros_-8-226x300.jpeg 226w\" sizes=\"auto, (max-width: 384px) 100vw, 384px\" \/><\/a><\/figure>\n\n\n\n<figure class=\"wp-block-image size-large\"><a href=\"https:\/\/www.agrupamentoverticalgaviao.pt\/wp-content\/uploads\/2025\/11\/Bombeiros_-9.jpeg\"><img loading=\"lazy\" decoding=\"async\" width=\"384\" height=\"510\" data-id=\"47434\" src=\"https:\/\/www.agrupamentoverticalgaviao.pt\/wp-content\/uploads\/2025\/11\/Bombeiros_-9.jpeg\" alt=\"\" class=\"wp-image-47434\" srcset=\"https:\/\/www.agrupamentoverticalgaviao.pt\/wp-content\/uploads\/2025\/11\/Bombeiros_-9.jpeg 384w, https:\/\/www.agrupamentoverticalgaviao.pt\/wp-content\/uploads\/2025\/11\/Bombeiros_-9-226x300.jpeg 226w\" sizes=\"auto, (max-width: 384px) 100vw, 384px\" \/><\/a><\/figure>\n\n\n\n<figure class=\"wp-block-image size-large\"><a href=\"https:\/\/www.agrupamentoverticalgaviao.pt\/wp-content\/uploads\/2025\/11\/Bombeiros_-10.jpeg\"><img loading=\"lazy\" decoding=\"async\" width=\"384\" height=\"510\" data-id=\"47432\" src=\"https:\/\/www.agrupamentoverticalgaviao.pt\/wp-content\/uploads\/2025\/11\/Bombeiros_-10.jpeg\" alt=\"\" class=\"wp-image-47432\" srcset=\"https:\/\/www.agrupamentoverticalgaviao.pt\/wp-content\/uploads\/2025\/11\/Bombeiros_-10.jpeg 384w, https:\/\/www.agrupamentoverticalgaviao.pt\/wp-content\/uploads\/2025\/11\/Bombeiros_-10-226x300.jpeg 226w\" sizes=\"auto, (max-width: 384px) 100vw, 384px\" \/><\/a><\/figure>\n\n\n\n<figure class=\"wp-block-image size-large\"><a href=\"https:\/\/www.agrupamentoverticalgaviao.pt\/wp-content\/uploads\/2025\/11\/Bombeiros_-11.jpeg\"><img loading=\"lazy\" decoding=\"async\" width=\"384\" height=\"510\" data-id=\"47433\" src=\"https:\/\/www.agrupamentoverticalgaviao.pt\/wp-content\/uploads\/2025\/11\/Bombeiros_-11.jpeg\" alt=\"\" class=\"wp-image-47433\" srcset=\"https:\/\/www.agrupamentoverticalgaviao.pt\/wp-content\/uploads\/2025\/11\/Bombeiros_-11.jpeg 384w, https:\/\/www.agrupamentoverticalgaviao.pt\/wp-content\/uploads\/2025\/11\/Bombeiros_-11-226x300.jpeg 226w\" sizes=\"auto, (max-width: 384px) 100vw, 384px\" \/><\/a><\/figure>\n\n\n\n<figure class=\"wp-block-image size-large\"><a href=\"https:\/\/www.agrupamentoverticalgaviao.pt\/wp-content\/uploads\/2025\/11\/Bombeiros_-12.jpeg\"><img loading=\"lazy\" decoding=\"async\" width=\"384\" height=\"510\" data-id=\"47435\" src=\"https:\/\/www.agrupamentoverticalgaviao.pt\/wp-content\/uploads\/2025\/11\/Bombeiros_-12.jpeg\" alt=\"\" class=\"wp-image-47435\" srcset=\"https:\/\/www.agrupamentoverticalgaviao.pt\/wp-content\/uploads\/2025\/11\/Bombeiros_-12.jpeg 384w, https:\/\/www.agrupamentoverticalgaviao.pt\/wp-content\/uploads\/2025\/11\/Bombeiros_-12-226x300.jpeg 226w\" sizes=\"auto, (max-width: 384px) 100vw, 384px\" \/><\/a><\/figure>\n\n\n\n<figure class=\"wp-block-image size-large\"><a href=\"https:\/\/www.agrupamentoverticalgaviao.pt\/wp-content\/uploads\/2025\/11\/Bombeiros_-13.jpeg\"><img loading=\"lazy\" decoding=\"async\" width=\"384\" height=\"512\" data-id=\"47436\" src=\"https:\/\/www.agrupamentoverticalgaviao.pt\/wp-content\/uploads\/2025\/11\/Bombeiros_-13.jpeg\" alt=\"\" class=\"wp-image-47436\" srcset=\"https:\/\/www.agrupamentoverticalgaviao.pt\/wp-content\/uploads\/2025\/11\/Bombeiros_-13.jpeg 384w, https:\/\/www.agrupamentoverticalgaviao.pt\/wp-content\/uploads\/2025\/11\/Bombeiros_-13-225x300.jpeg 225w\" sizes=\"auto, (max-width: 384px) 100vw, 384px\" \/><\/a><\/figure>\n\n\n\n<figure class=\"wp-block-image size-large\"><a href=\"https:\/\/www.agrupamentoverticalgaviao.pt\/wp-content\/uploads\/2025\/11\/Bombeiros_-14.jpeg\"><img loading=\"lazy\" decoding=\"async\" width=\"360\" height=\"800\" data-id=\"47437\" src=\"https:\/\/www.agrupamentoverticalgaviao.pt\/wp-content\/uploads\/2025\/11\/Bombeiros_-14.jpeg\" alt=\"\" class=\"wp-image-47437\" srcset=\"https:\/\/www.agrupamentoverticalgaviao.pt\/wp-content\/uploads\/2025\/11\/Bombeiros_-14.jpeg 360w, https:\/\/www.agrupamentoverticalgaviao.pt\/wp-content\/uploads\/2025\/11\/Bombeiros_-14-135x300.jpeg 135w\" sizes=\"auto, (max-width: 360px) 100vw, 360px\" \/><\/a><\/figure>\n\n\n\n<figure class=\"wp-block-image size-large\"><a href=\"https:\/\/www.agrupamentoverticalgaviao.pt\/wp-content\/uploads\/2025\/11\/Bombeiros_-15.jpeg\"><img loading=\"lazy\" decoding=\"async\" width=\"360\" height=\"800\" data-id=\"47438\" src=\"https:\/\/www.agrupamentoverticalgaviao.pt\/wp-content\/uploads\/2025\/11\/Bombeiros_-15.jpeg\" alt=\"\" class=\"wp-image-47438\" srcset=\"https:\/\/www.agrupamentoverticalgaviao.pt\/wp-content\/uploads\/2025\/11\/Bombeiros_-15.jpeg 360w, https:\/\/www.agrupamentoverticalgaviao.pt\/wp-content\/uploads\/2025\/11\/Bombeiros_-15-135x300.jpeg 135w\" sizes=\"auto, (max-width: 360px) 100vw, 360px\" \/><\/a><\/figure>\n\n\n\n<figure class=\"wp-block-image size-large\"><a href=\"https:\/\/www.agrupamentoverticalgaviao.pt\/wp-content\/uploads\/2025\/11\/Bombeiros_-16.jpeg\"><img loading=\"lazy\" decoding=\"async\" width=\"360\" height=\"800\" data-id=\"47439\" src=\"https:\/\/www.agrupamentoverticalgaviao.pt\/wp-content\/uploads\/2025\/11\/Bombeiros_-16.jpeg\" alt=\"\" class=\"wp-image-47439\" srcset=\"https:\/\/www.agrupamentoverticalgaviao.pt\/wp-content\/uploads\/2025\/11\/Bombeiros_-16.jpeg 360w, https:\/\/www.agrupamentoverticalgaviao.pt\/wp-content\/uploads\/2025\/11\/Bombeiros_-16-135x300.jpeg 135w\" sizes=\"auto, (max-width: 360px) 100vw, 360px\" \/><\/a><\/figure>\n\n\n\n<figure class=\"wp-block-image size-large\"><a href=\"https:\/\/www.agrupamentoverticalgaviao.pt\/wp-content\/uploads\/2025\/11\/Bombeiros_-17.jpeg\"><img loading=\"lazy\" decoding=\"async\" width=\"360\" height=\"800\" data-id=\"47440\" src=\"https:\/\/www.agrupamentoverticalgaviao.pt\/wp-content\/uploads\/2025\/11\/Bombeiros_-17.jpeg\" alt=\"\" class=\"wp-image-47440\" srcset=\"https:\/\/www.agrupamentoverticalgaviao.pt\/wp-content\/uploads\/2025\/11\/Bombeiros_-17.jpeg 360w, https:\/\/www.agrupamentoverticalgaviao.pt\/wp-content\/uploads\/2025\/11\/Bombeiros_-17-135x300.jpeg 135w\" sizes=\"auto, (max-width: 360px) 100vw, 360px\" \/><\/a><\/figure>\n\n\n\n<figure class=\"wp-block-image size-large\"><a href=\"https:\/\/www.agrupamentoverticalgaviao.pt\/wp-content\/uploads\/2025\/11\/Bombeiros_-18.jpeg\"><img loading=\"lazy\" decoding=\"async\" width=\"800\" height=\"360\" data-id=\"47441\" src=\"https:\/\/www.agrupamentoverticalgaviao.pt\/wp-content\/uploads\/2025\/11\/Bombeiros_-18.jpeg\" alt=\"\" class=\"wp-image-47441\" srcset=\"https:\/\/www.agrupamentoverticalgaviao.pt\/wp-content\/uploads\/2025\/11\/Bombeiros_-18.jpeg 800w, https:\/\/www.agrupamentoverticalgaviao.pt\/wp-content\/uploads\/2025\/11\/Bombeiros_-18-300x135.jpeg 300w, https:\/\/www.agrupamentoverticalgaviao.pt\/wp-content\/uploads\/2025\/11\/Bombeiros_-18-768x346.jpeg 768w\" sizes=\"auto, (max-width: 800px) 100vw, 800px\" \/><\/a><\/figure>\n\n\n\n<figure class=\"wp-block-image size-large\"><a href=\"https:\/\/www.agrupamentoverticalgaviao.pt\/wp-content\/uploads\/2025\/11\/Bombeiros_-19.jpeg\"><img loading=\"lazy\" decoding=\"async\" width=\"800\" height=\"360\" data-id=\"47442\" src=\"https:\/\/www.agrupamentoverticalgaviao.pt\/wp-content\/uploads\/2025\/11\/Bombeiros_-19.jpeg\" alt=\"\" class=\"wp-image-47442\" srcset=\"https:\/\/www.agrupamentoverticalgaviao.pt\/wp-content\/uploads\/2025\/11\/Bombeiros_-19.jpeg 800w, https:\/\/www.agrupamentoverticalgaviao.pt\/wp-content\/uploads\/2025\/11\/Bombeiros_-19-300x135.jpeg 300w, https:\/\/www.agrupamentoverticalgaviao.pt\/wp-content\/uploads\/2025\/11\/Bombeiros_-19-768x346.jpeg 768w\" sizes=\"auto, (max-width: 800px) 100vw, 800px\" \/><\/a><\/figure>\n\n\n\n<figure class=\"wp-block-image size-large\"><a href=\"https:\/\/www.agrupamentoverticalgaviao.pt\/wp-content\/uploads\/2025\/11\/Bombeiros_-20.jpeg\"><img loading=\"lazy\" decoding=\"async\" width=\"800\" height=\"360\" data-id=\"47444\" src=\"https:\/\/www.agrupamentoverticalgaviao.pt\/wp-content\/uploads\/2025\/11\/Bombeiros_-20.jpeg\" alt=\"\" class=\"wp-image-47444\" srcset=\"https:\/\/www.agrupamentoverticalgaviao.pt\/wp-content\/uploads\/2025\/11\/Bombeiros_-20.jpeg 800w, https:\/\/www.agrupamentoverticalgaviao.pt\/wp-content\/uploads\/2025\/11\/Bombeiros_-20-300x135.jpeg 300w, https:\/\/www.agrupamentoverticalgaviao.pt\/wp-content\/uploads\/2025\/11\/Bombeiros_-20-768x346.jpeg 768w\" sizes=\"auto, (max-width: 800px) 100vw, 800px\" \/><\/a><\/figure>\n\n\n\n<figure class=\"wp-block-image size-large\"><a href=\"https:\/\/www.agrupamentoverticalgaviao.pt\/wp-content\/uploads\/2025\/11\/Bombeiros_-21.jpeg\"><img loading=\"lazy\" decoding=\"async\" width=\"360\" height=\"800\" data-id=\"47443\" src=\"https:\/\/www.agrupamentoverticalgaviao.pt\/wp-content\/uploads\/2025\/11\/Bombeiros_-21.jpeg\" alt=\"\" class=\"wp-image-47443\" srcset=\"https:\/\/www.agrupamentoverticalgaviao.pt\/wp-content\/uploads\/2025\/11\/Bombeiros_-21.jpeg 360w, https:\/\/www.agrupamentoverticalgaviao.pt\/wp-content\/uploads\/2025\/11\/Bombeiros_-21-135x300.jpeg 135w\" sizes=\"auto, (max-width: 360px) 100vw, 360px\" \/><\/a><\/figure>\n\n\n\n<figure class=\"wp-block-image size-large\"><a href=\"https:\/\/www.agrupamentoverticalgaviao.pt\/wp-content\/uploads\/2025\/11\/Bombeiros_-22.jpeg\"><img loading=\"lazy\" decoding=\"async\" width=\"768\" height=\"1024\" data-id=\"47445\" src=\"https:\/\/www.agrupamentoverticalgaviao.pt\/wp-content\/uploads\/2025\/11\/Bombeiros_-22.jpeg\" alt=\"\" class=\"wp-image-47445\" srcset=\"https:\/\/www.agrupamentoverticalgaviao.pt\/wp-content\/uploads\/2025\/11\/Bombeiros_-22.jpeg 768w, https:\/\/www.agrupamentoverticalgaviao.pt\/wp-content\/uploads\/2025\/11\/Bombeiros_-22-225x300.jpeg 225w\" sizes=\"auto, (max-width: 768px) 100vw, 768px\" \/><\/a><\/figure>\n\n\n\n<figure class=\"wp-block-image size-large\"><a href=\"https:\/\/www.agrupamentoverticalgaviao.pt\/wp-content\/uploads\/2025\/11\/Bombeiros_-23.jpeg\"><img loading=\"lazy\" decoding=\"async\" width=\"768\" height=\"1024\" data-id=\"47447\" src=\"https:\/\/www.agrupamentoverticalgaviao.pt\/wp-content\/uploads\/2025\/11\/Bombeiros_-23.jpeg\" alt=\"\" class=\"wp-image-47447\" srcset=\"https:\/\/www.agrupamentoverticalgaviao.pt\/wp-content\/uploads\/2025\/11\/Bombeiros_-23.jpeg 768w, https:\/\/www.agrupamentoverticalgaviao.pt\/wp-content\/uploads\/2025\/11\/Bombeiros_-23-225x300.jpeg 225w\" sizes=\"auto, (max-width: 768px) 100vw, 768px\" \/><\/a><\/figure>\n\n\n\n<figure class=\"wp-block-image size-large\"><a href=\"https:\/\/www.agrupamentoverticalgaviao.pt\/wp-content\/uploads\/2025\/11\/Bombeiros_-24.jpeg\"><img loading=\"lazy\" decoding=\"async\" width=\"768\" height=\"1024\" data-id=\"47446\" src=\"https:\/\/www.agrupamentoverticalgaviao.pt\/wp-content\/uploads\/2025\/11\/Bombeiros_-24.jpeg\" alt=\"\" class=\"wp-image-47446\" srcset=\"https:\/\/www.agrupamentoverticalgaviao.pt\/wp-content\/uploads\/2025\/11\/Bombeiros_-24.jpeg 768w, https:\/\/www.agrupamentoverticalgaviao.pt\/wp-content\/uploads\/2025\/11\/Bombeiros_-24-225x300.jpeg 225w\" sizes=\"auto, (max-width: 768px) 100vw, 768px\" \/><\/a><\/figure>\n\n\n\n<figure class=\"wp-block-image size-large\"><a href=\"https:\/\/www.agrupamentoverticalgaviao.pt\/wp-content\/uploads\/2025\/11\/Bombeiros_-25.jpeg\"><img loading=\"lazy\" decoding=\"async\" width=\"768\" height=\"1024\" data-id=\"47448\" src=\"https:\/\/www.agrupamentoverticalgaviao.pt\/wp-content\/uploads\/2025\/11\/Bombeiros_-25.jpeg\" alt=\"\" class=\"wp-image-47448\" srcset=\"https:\/\/www.agrupamentoverticalgaviao.pt\/wp-content\/uploads\/2025\/11\/Bombeiros_-25.jpeg 768w, https:\/\/www.agrupamentoverticalgaviao.pt\/wp-content\/uploads\/2025\/11\/Bombeiros_-25-225x300.jpeg 225w\" sizes=\"auto, (max-width: 768px) 100vw, 768px\" \/><\/a><\/figure>\n\n\n\n<figure class=\"wp-block-image size-large\"><a href=\"https:\/\/www.agrupamentoverticalgaviao.pt\/wp-content\/uploads\/2025\/11\/Bombeiros_-26.jpeg\"><img loading=\"lazy\" decoding=\"async\" width=\"768\" height=\"1024\" data-id=\"47450\" src=\"https:\/\/www.agrupamentoverticalgaviao.pt\/wp-content\/uploads\/2025\/11\/Bombeiros_-26.jpeg\" alt=\"\" class=\"wp-image-47450\" srcset=\"https:\/\/www.agrupamentoverticalgaviao.pt\/wp-content\/uploads\/2025\/11\/Bombeiros_-26.jpeg 768w, https:\/\/www.agrupamentoverticalgaviao.pt\/wp-content\/uploads\/2025\/11\/Bombeiros_-26-225x300.jpeg 225w\" sizes=\"auto, (max-width: 768px) 100vw, 768px\" \/><\/a><\/figure>\n\n\n\n<figure class=\"wp-block-image size-large\"><a href=\"https:\/\/www.agrupamentoverticalgaviao.pt\/wp-content\/uploads\/2025\/11\/Bombeiros_-27.jpeg\"><img loading=\"lazy\" decoding=\"async\" width=\"768\" height=\"1024\" data-id=\"47449\" src=\"https:\/\/www.agrupamentoverticalgaviao.pt\/wp-content\/uploads\/2025\/11\/Bombeiros_-27.jpeg\" alt=\"\" class=\"wp-image-47449\" srcset=\"https:\/\/www.agrupamentoverticalgaviao.pt\/wp-content\/uploads\/2025\/11\/Bombeiros_-27.jpeg 768w, https:\/\/www.agrupamentoverticalgaviao.pt\/wp-content\/uploads\/2025\/11\/Bombeiros_-27-225x300.jpeg 225w\" sizes=\"auto, (max-width: 768px) 100vw, 768px\" \/><\/a><\/figure>\n\n\n\n<figure class=\"wp-block-image size-large\"><a href=\"https:\/\/www.agrupamentoverticalgaviao.pt\/wp-content\/uploads\/2025\/11\/Bombeiros_-28.jpeg\"><img loading=\"lazy\" decoding=\"async\" width=\"768\" height=\"1024\" data-id=\"47452\" src=\"https:\/\/www.agrupamentoverticalgaviao.pt\/wp-content\/uploads\/2025\/11\/Bombeiros_-28.jpeg\" alt=\"\" class=\"wp-image-47452\" srcset=\"https:\/\/www.agrupamentoverticalgaviao.pt\/wp-content\/uploads\/2025\/11\/Bombeiros_-28.jpeg 768w, https:\/\/www.agrupamentoverticalgaviao.pt\/wp-content\/uploads\/2025\/11\/Bombeiros_-28-225x300.jpeg 225w\" sizes=\"auto, (max-width: 768px) 100vw, 768px\" \/><\/a><\/figure>\n\n\n\n<figure class=\"wp-block-image size-large\"><a href=\"https:\/\/www.agrupamentoverticalgaviao.pt\/wp-content\/uploads\/2025\/11\/Bombeiros_-29.jpeg\"><img loading=\"lazy\" decoding=\"async\" width=\"768\" height=\"1024\" data-id=\"47451\" src=\"https:\/\/www.agrupamentoverticalgaviao.pt\/wp-content\/uploads\/2025\/11\/Bombeiros_-29.jpeg\" alt=\"\" class=\"wp-image-47451\" srcset=\"https:\/\/www.agrupamentoverticalgaviao.pt\/wp-content\/uploads\/2025\/11\/Bombeiros_-29.jpeg 768w, https:\/\/www.agrupamentoverticalgaviao.pt\/wp-content\/uploads\/2025\/11\/Bombeiros_-29-225x300.jpeg 225w\" sizes=\"auto, (max-width: 768px) 100vw, 768px\" \/><\/a><\/figure>\n\n\n\n<figure class=\"wp-block-image size-large\"><a href=\"https:\/\/www.agrupamentoverticalgaviao.pt\/wp-content\/uploads\/2025\/11\/Bombeiros_-30.jpeg\"><img loading=\"lazy\" decoding=\"async\" width=\"768\" height=\"1024\" data-id=\"47453\" src=\"https:\/\/www.agrupamentoverticalgaviao.pt\/wp-content\/uploads\/2025\/11\/Bombeiros_-30.jpeg\" alt=\"\" class=\"wp-image-47453\" srcset=\"https:\/\/www.agrupamentoverticalgaviao.pt\/wp-content\/uploads\/2025\/11\/Bombeiros_-30.jpeg 768w, https:\/\/www.agrupamentoverticalgaviao.pt\/wp-content\/uploads\/2025\/11\/Bombeiros_-30-225x300.jpeg 225w\" sizes=\"auto, (max-width: 768px) 100vw, 768px\" \/><\/a><\/figure>\n\n\n\n<figure class=\"wp-block-image size-large\"><a href=\"https:\/\/www.agrupamentoverticalgaviao.pt\/wp-content\/uploads\/2025\/11\/Bombeiros_-31.jpeg\"><img loading=\"lazy\" decoding=\"async\" width=\"768\" height=\"1024\" data-id=\"47454\" src=\"https:\/\/www.agrupamentoverticalgaviao.pt\/wp-content\/uploads\/2025\/11\/Bombeiros_-31.jpeg\" alt=\"\" class=\"wp-image-47454\" srcset=\"https:\/\/www.agrupamentoverticalgaviao.pt\/wp-content\/uploads\/2025\/11\/Bombeiros_-31.jpeg 768w, https:\/\/www.agrupamentoverticalgaviao.pt\/wp-content\/uploads\/2025\/11\/Bombeiros_-31-225x300.jpeg 225w\" sizes=\"auto, (max-width: 768px) 100vw, 768px\" \/><\/a><\/figure>\n\n\n\n<figure class=\"wp-block-image size-large\"><a href=\"https:\/\/www.agrupamentoverticalgaviao.pt\/wp-content\/uploads\/2025\/11\/Bombeiros_-32.jpeg\"><img loading=\"lazy\" decoding=\"async\" width=\"1024\" height=\"768\" data-id=\"47455\" src=\"https:\/\/www.agrupamentoverticalgaviao.pt\/wp-content\/uploads\/2025\/11\/Bombeiros_-32.jpeg\" alt=\"\" class=\"wp-image-47455\" srcset=\"https:\/\/www.agrupamentoverticalgaviao.pt\/wp-content\/uploads\/2025\/11\/Bombeiros_-32.jpeg 1024w, https:\/\/www.agrupamentoverticalgaviao.pt\/wp-content\/uploads\/2025\/11\/Bombeiros_-32-300x225.jpeg 300w, https:\/\/www.agrupamentoverticalgaviao.pt\/wp-content\/uploads\/2025\/11\/Bombeiros_-32-768x576.jpeg 768w\" sizes=\"auto, (max-width: 1024px) 100vw, 1024px\" \/><\/a><\/figure>\n\n\n\n<figure class=\"wp-block-image size-large\"><a href=\"https:\/\/www.agrupamentoverticalgaviao.pt\/wp-content\/uploads\/2025\/11\/Bombeiros_-33.jpeg\"><img loading=\"lazy\" decoding=\"async\" width=\"768\" height=\"1024\" data-id=\"47456\" src=\"https:\/\/www.agrupamentoverticalgaviao.pt\/wp-content\/uploads\/2025\/11\/Bombeiros_-33.jpeg\" alt=\"\" class=\"wp-image-47456\" srcset=\"https:\/\/www.agrupamentoverticalgaviao.pt\/wp-content\/uploads\/2025\/11\/Bombeiros_-33.jpeg 768w, https:\/\/www.agrupamentoverticalgaviao.pt\/wp-content\/uploads\/2025\/11\/Bombeiros_-33-225x300.jpeg 225w\" sizes=\"auto, (max-width: 768px) 100vw, 768px\" \/><\/a><\/figure>\n\n\n\n<figure class=\"wp-block-image size-large\"><a href=\"https:\/\/www.agrupamentoverticalgaviao.pt\/wp-content\/uploads\/2025\/11\/Bombeiros_-34.jpeg\"><img loading=\"lazy\" decoding=\"async\" width=\"384\" height=\"512\" data-id=\"47457\" src=\"https:\/\/www.agrupamentoverticalgaviao.pt\/wp-content\/uploads\/2025\/11\/Bombeiros_-34.jpeg\" alt=\"\" class=\"wp-image-47457\" srcset=\"https:\/\/www.agrupamentoverticalgaviao.pt\/wp-content\/uploads\/2025\/11\/Bombeiros_-34.jpeg 384w, https:\/\/www.agrupamentoverticalgaviao.pt\/wp-content\/uploads\/2025\/11\/Bombeiros_-34-225x300.jpeg 225w\" sizes=\"auto, (max-width: 384px) 100vw, 384px\" \/><\/a><\/figure>\n\n\n\n<figure class=\"wp-block-image size-large\"><a href=\"https:\/\/www.agrupamentoverticalgaviao.pt\/wp-content\/uploads\/2025\/11\/Bombeiros_-35.jpeg\"><img loading=\"lazy\" decoding=\"async\" width=\"384\" height=\"512\" data-id=\"47458\" src=\"https:\/\/www.agrupamentoverticalgaviao.pt\/wp-content\/uploads\/2025\/11\/Bombeiros_-35.jpeg\" alt=\"\" class=\"wp-image-47458\" srcset=\"https:\/\/www.agrupamentoverticalgaviao.pt\/wp-content\/uploads\/2025\/11\/Bombeiros_-35.jpeg 384w, https:\/\/www.agrupamentoverticalgaviao.pt\/wp-content\/uploads\/2025\/11\/Bombeiros_-35-225x300.jpeg 225w\" sizes=\"auto, (max-width: 384px) 100vw, 384px\" \/><\/a><\/figure>\n\n\n\n<figure class=\"wp-block-image size-large\"><a href=\"https:\/\/www.agrupamentoverticalgaviao.pt\/wp-content\/uploads\/2025\/11\/Bombeiros_-36.jpeg\"><img loading=\"lazy\" decoding=\"async\" width=\"384\" height=\"512\" data-id=\"47459\" src=\"https:\/\/www.agrupamentoverticalgaviao.pt\/wp-content\/uploads\/2025\/11\/Bombeiros_-36.jpeg\" alt=\"\" class=\"wp-image-47459\" srcset=\"https:\/\/www.agrupamentoverticalgaviao.pt\/wp-content\/uploads\/2025\/11\/Bombeiros_-36.jpeg 384w, https:\/\/www.agrupamentoverticalgaviao.pt\/wp-content\/uploads\/2025\/11\/Bombeiros_-36-225x300.jpeg 225w\" sizes=\"auto, (max-width: 384px) 100vw, 384px\" \/><\/a><\/figure>\n\n\n\n<figure class=\"wp-block-image size-large\"><a href=\"https:\/\/www.agrupamentoverticalgaviao.pt\/wp-content\/uploads\/2025\/11\/Bombeiros_-37.jpeg\"><img loading=\"lazy\" decoding=\"async\" width=\"384\" height=\"510\" data-id=\"47460\" src=\"https:\/\/www.agrupamentoverticalgaviao.pt\/wp-content\/uploads\/2025\/11\/Bombeiros_-37.jpeg\" alt=\"\" class=\"wp-image-47460\" srcset=\"https:\/\/www.agrupamentoverticalgaviao.pt\/wp-content\/uploads\/2025\/11\/Bombeiros_-37.jpeg 384w, https:\/\/www.agrupamentoverticalgaviao.pt\/wp-content\/uploads\/2025\/11\/Bombeiros_-37-226x300.jpeg 226w\" sizes=\"auto, (max-width: 384px) 100vw, 384px\" \/><\/a><\/figure>\n\n\n\n<figure class=\"wp-block-image size-large\"><a href=\"https:\/\/www.agrupamentoverticalgaviao.pt\/wp-content\/uploads\/2025\/11\/Bombeiros_-38.jpeg\"><img loading=\"lazy\" decoding=\"async\" width=\"384\" height=\"510\" data-id=\"47461\" src=\"https:\/\/www.agrupamentoverticalgaviao.pt\/wp-content\/uploads\/2025\/11\/Bombeiros_-38.jpeg\" alt=\"\" class=\"wp-image-47461\" srcset=\"https:\/\/www.agrupamentoverticalgaviao.pt\/wp-content\/uploads\/2025\/11\/Bombeiros_-38.jpeg 384w, https:\/\/www.agrupamentoverticalgaviao.pt\/wp-content\/uploads\/2025\/11\/Bombeiros_-38-226x300.jpeg 226w\" sizes=\"auto, (max-width: 384px) 100vw, 384px\" \/><\/a><\/figure>\n\n\n\n<figure class=\"wp-block-image size-large\"><a href=\"https:\/\/www.agrupamentoverticalgaviao.pt\/wp-content\/uploads\/2025\/11\/Bombeiros_-39.jpeg\"><img loading=\"lazy\" decoding=\"async\" width=\"384\" height=\"512\" data-id=\"47462\" src=\"https:\/\/www.agrupamentoverticalgaviao.pt\/wp-content\/uploads\/2025\/11\/Bombeiros_-39.jpeg\" alt=\"\" class=\"wp-image-47462\" srcset=\"https:\/\/www.agrupamentoverticalgaviao.pt\/wp-content\/uploads\/2025\/11\/Bombeiros_-39.jpeg 384w, https:\/\/www.agrupamentoverticalgaviao.pt\/wp-content\/uploads\/2025\/11\/Bombeiros_-39-225x300.jpeg 225w\" sizes=\"auto, (max-width: 384px) 100vw, 384px\" \/><\/a><\/figure>\n\n\n\n<figure class=\"wp-block-image size-large\"><a href=\"https:\/\/www.agrupamentoverticalgaviao.pt\/wp-content\/uploads\/2025\/11\/Bombeiros_-40.jpeg\"><img loading=\"lazy\" decoding=\"async\" width=\"384\" height=\"510\" data-id=\"47463\" src=\"https:\/\/www.agrupamentoverticalgaviao.pt\/wp-content\/uploads\/2025\/11\/Bombeiros_-40.jpeg\" alt=\"\" class=\"wp-image-47463\" srcset=\"https:\/\/www.agrupamentoverticalgaviao.pt\/wp-content\/uploads\/2025\/11\/Bombeiros_-40.jpeg 384w, https:\/\/www.agrupamentoverticalgaviao.pt\/wp-content\/uploads\/2025\/11\/Bombeiros_-40-226x300.jpeg 226w\" sizes=\"auto, (max-width: 384px) 100vw, 384px\" \/><\/a><\/figure>\n\n\n\n<figure class=\"wp-block-image size-large\"><a href=\"https:\/\/www.agrupamentoverticalgaviao.pt\/wp-content\/uploads\/2025\/11\/Bombeiros_-41.jpeg\"><img loading=\"lazy\" decoding=\"async\" width=\"384\" height=\"510\" data-id=\"47464\" src=\"https:\/\/www.agrupamentoverticalgaviao.pt\/wp-content\/uploads\/2025\/11\/Bombeiros_-41.jpeg\" alt=\"\" class=\"wp-image-47464\" srcset=\"https:\/\/www.agrupamentoverticalgaviao.pt\/wp-content\/uploads\/2025\/11\/Bombeiros_-41.jpeg 384w, https:\/\/www.agrupamentoverticalgaviao.pt\/wp-content\/uploads\/2025\/11\/Bombeiros_-41-226x300.jpeg 226w\" sizes=\"auto, (max-width: 384px) 100vw, 384px\" \/><\/a><\/figure>\n\n\n\n<figure class=\"wp-block-image size-large\"><a href=\"https:\/\/www.agrupamentoverticalgaviao.pt\/wp-content\/uploads\/2025\/11\/Bombeiros_-42.jpeg\"><img loading=\"lazy\" decoding=\"async\" width=\"384\" height=\"510\" data-id=\"47465\" src=\"https:\/\/www.agrupamentoverticalgaviao.pt\/wp-content\/uploads\/2025\/11\/Bombeiros_-42.jpeg\" alt=\"\" class=\"wp-image-47465\" srcset=\"https:\/\/www.agrupamentoverticalgaviao.pt\/wp-content\/uploads\/2025\/11\/Bombeiros_-42.jpeg 384w, https:\/\/www.agrupamentoverticalgaviao.pt\/wp-content\/uploads\/2025\/11\/Bombeiros_-42-226x300.jpeg 226w\" sizes=\"auto, (max-width: 384px) 100vw, 384px\" \/><\/a><\/figure>\n<\/figure>\n","protected":false},"excerpt":{"rendered":"<p>Englobado na UFCD Socorro e salvamento e na UFCD 5879 An\u00e1lise de riscos e &hellip; <\/p>\n","protected":false},"author":2,"featured_media":47467,"comment_status":"closed","ping_status":"closed","sticky":false,"template":"","format":"standard","meta":{"footnotes":""},"categories":[25],"tags":[],"class_list":["post-47417","post","type-post","status-publish","format-standard","has-post-thumbnail","hentry","category-agrupamento-de-escolas-de-gaviao"],"yoast_head":"<!-- This site is optimized with the Yoast SEO plugin v27.5 - https:\/\/yoast.com\/product\/yoast-seo-wordpress\/ -->\n<title>Aulas pr\u00e1ticas em contexto de coopera\u00e7\u00e3o com os Bombeiros Volunt\u00e1rios de Gavi\u00e3o - Agrupamento de Escolas de Gavi\u00e3o<\/title>\n<meta name=\"description\" content=\"Aulas pr\u00e1ticas do curso T\u00e9cnico Prote\u00e7\u00e3o Civil 12.\u00ba ano, com apoio dos Bombeiros de Gavi\u00e3o. Contacto direto com equipamentos bombeiros.\" \/>\n<meta name=\"robots\" content=\"index, follow, max-snippet:-1, max-image-preview:large, max-video-preview:-1\" \/>\n<link rel=\"canonical\" href=\"https:\/\/www.agrupamentoverticalgaviao.pt\/?p=47417\" \/>\n<meta property=\"og:locale\" content=\"pt_PT\" \/>\n<meta property=\"og:type\" content=\"article\" \/>\n<meta property=\"og:title\" content=\"Aulas pr\u00e1ticas em contexto de coopera\u00e7\u00e3o com os Bombeiros Volunt\u00e1rios de Gavi\u00e3o - Agrupamento de Escolas de Gavi\u00e3o\" \/>\n<meta property=\"og:description\" content=\"Aulas pr\u00e1ticas do curso T\u00e9cnico Prote\u00e7\u00e3o Civil 12.\u00ba ano, com apoio dos Bombeiros de Gavi\u00e3o. Contacto direto com equipamentos bombeiros.\" \/>\n<meta property=\"og:url\" content=\"https:\/\/www.agrupamentoverticalgaviao.pt\/?p=47417\" \/>\n<meta property=\"og:site_name\" content=\"Agrupamento de Escolas de Gavi\u00e3o\" \/>\n<meta property=\"article:published_time\" content=\"2025-11-18T22:57:35+00:00\" \/>\n<meta property=\"article:modified_time\" content=\"2025-11-18T22:57:38+00:00\" \/>\n<meta property=\"og:image\" content=\"https:\/\/www.agrupamentoverticalgaviao.pt\/wp-content\/uploads\/2025\/11\/Bombeiros_.jpg\" \/>\n\t<meta property=\"og:image:width\" content=\"1400\" \/>\n\t<meta property=\"og:image:height\" content=\"800\" \/>\n\t<meta property=\"og:image:type\" content=\"image\/jpeg\" \/>\n<meta name=\"author\" content=\"marco Vilela\" \/>\n<meta name=\"twitter:card\" content=\"summary_large_image\" \/>\n<meta name=\"twitter:label1\" content=\"Escrito por\" \/>\n\t<meta name=\"twitter:data1\" content=\"marco Vilela\" \/>\n\t<meta name=\"twitter:label2\" content=\"Tempo estimado de leitura\" \/>\n\t<meta name=\"twitter:data2\" content=\"11 minutos\" \/>\n<script type=\"application\/ld+json\" class=\"yoast-schema-graph\">{\"@context\":\"https:\\\/\\\/schema.org\",\"@graph\":[{\"@type\":\"Article\",\"@id\":\"https:\\\/\\\/www.agrupamentoverticalgaviao.pt\\\/?p=47417#article\",\"isPartOf\":{\"@id\":\"https:\\\/\\\/www.agrupamentoverticalgaviao.pt\\\/?p=47417\"},\"author\":{\"name\":\"marco Vilela\",\"@id\":\"https:\\\/\\\/www.agrupamentoverticalgaviao.pt\\\/#\\\/schema\\\/person\\\/b337300b08ca20a17717f1b413f4b253\"},\"headline\":\"Aulas pr\u00e1ticas em contexto de coopera\u00e7\u00e3o com os Bombeiros Volunt\u00e1rios de Gavi\u00e3o\",\"datePublished\":\"2025-11-18T22:57:35+00:00\",\"dateModified\":\"2025-11-18T22:57:38+00:00\",\"mainEntityOfPage\":{\"@id\":\"https:\\\/\\\/www.agrupamentoverticalgaviao.pt\\\/?p=47417\"},\"wordCount\":65,\"image\":{\"@id\":\"https:\\\/\\\/www.agrupamentoverticalgaviao.pt\\\/?p=47417#primaryimage\"},\"thumbnailUrl\":\"https:\\\/\\\/www.agrupamentoverticalgaviao.pt\\\/wp-content\\\/uploads\\\/2025\\\/11\\\/Bombeiros_.jpg\",\"articleSection\":[\"Agrupamento de Escolas de Gavi\u00e3o\"],\"inLanguage\":\"pt-PT\"},{\"@type\":\"WebPage\",\"@id\":\"https:\\\/\\\/www.agrupamentoverticalgaviao.pt\\\/?p=47417\",\"url\":\"https:\\\/\\\/www.agrupamentoverticalgaviao.pt\\\/?p=47417\",\"name\":\"Aulas pr\u00e1ticas em contexto de coopera\u00e7\u00e3o com os Bombeiros Volunt\u00e1rios de Gavi\u00e3o - Agrupamento de Escolas de Gavi\u00e3o\",\"isPartOf\":{\"@id\":\"https:\\\/\\\/www.agrupamentoverticalgaviao.pt\\\/#website\"},\"primaryImageOfPage\":{\"@id\":\"https:\\\/\\\/www.agrupamentoverticalgaviao.pt\\\/?p=47417#primaryimage\"},\"image\":{\"@id\":\"https:\\\/\\\/www.agrupamentoverticalgaviao.pt\\\/?p=47417#primaryimage\"},\"thumbnailUrl\":\"https:\\\/\\\/www.agrupamentoverticalgaviao.pt\\\/wp-content\\\/uploads\\\/2025\\\/11\\\/Bombeiros_.jpg\",\"datePublished\":\"2025-11-18T22:57:35+00:00\",\"dateModified\":\"2025-11-18T22:57:38+00:00\",\"author\":{\"@id\":\"https:\\\/\\\/www.agrupamentoverticalgaviao.pt\\\/#\\\/schema\\\/person\\\/b337300b08ca20a17717f1b413f4b253\"},\"description\":\"Aulas pr\u00e1ticas do curso T\u00e9cnico Prote\u00e7\u00e3o Civil 12.\u00ba ano, com apoio dos Bombeiros de Gavi\u00e3o. Contacto direto com equipamentos bombeiros.\",\"breadcrumb\":{\"@id\":\"https:\\\/\\\/www.agrupamentoverticalgaviao.pt\\\/?p=47417#breadcrumb\"},\"inLanguage\":\"pt-PT\",\"potentialAction\":[{\"@type\":\"ReadAction\",\"target\":[\"https:\\\/\\\/www.agrupamentoverticalgaviao.pt\\\/?p=47417\"]}]},{\"@type\":\"ImageObject\",\"inLanguage\":\"pt-PT\",\"@id\":\"https:\\\/\\\/www.agrupamentoverticalgaviao.pt\\\/?p=47417#primaryimage\",\"url\":\"https:\\\/\\\/www.agrupamentoverticalgaviao.pt\\\/wp-content\\\/uploads\\\/2025\\\/11\\\/Bombeiros_.jpg\",\"contentUrl\":\"https:\\\/\\\/www.agrupamentoverticalgaviao.pt\\\/wp-content\\\/uploads\\\/2025\\\/11\\\/Bombeiros_.jpg\",\"width\":1400,\"height\":800},{\"@type\":\"BreadcrumbList\",\"@id\":\"https:\\\/\\\/www.agrupamentoverticalgaviao.pt\\\/?p=47417#breadcrumb\",\"itemListElement\":[{\"@type\":\"ListItem\",\"position\":1,\"name\":\"In\u00edcio\",\"item\":\"https:\\\/\\\/www.agrupamentoverticalgaviao.pt\\\/\"},{\"@type\":\"ListItem\",\"position\":2,\"name\":\"Aulas pr\u00e1ticas em contexto de coopera\u00e7\u00e3o com os Bombeiros Volunt\u00e1rios de Gavi\u00e3o\"}]},{\"@type\":\"WebSite\",\"@id\":\"https:\\\/\\\/www.agrupamentoverticalgaviao.pt\\\/#website\",\"url\":\"https:\\\/\\\/www.agrupamentoverticalgaviao.pt\\\/\",\"name\":\"Agrupamento de Escolas de Gavi\u00e3o\",\"description\":\"\",\"alternateName\":\"Agrupamento de Escolas de Gavi\u00e3o\",\"potentialAction\":[{\"@type\":\"SearchAction\",\"target\":{\"@type\":\"EntryPoint\",\"urlTemplate\":\"https:\\\/\\\/www.agrupamentoverticalgaviao.pt\\\/?s={search_term_string}\"},\"query-input\":{\"@type\":\"PropertyValueSpecification\",\"valueRequired\":true,\"valueName\":\"search_term_string\"}}],\"inLanguage\":\"pt-PT\"},{\"@type\":\"Person\",\"@id\":\"https:\\\/\\\/www.agrupamentoverticalgaviao.pt\\\/#\\\/schema\\\/person\\\/b337300b08ca20a17717f1b413f4b253\",\"name\":\"marco Vilela\",\"image\":{\"@type\":\"ImageObject\",\"inLanguage\":\"pt-PT\",\"@id\":\"https:\\\/\\\/secure.gravatar.com\\\/avatar\\\/8eb0feb60b637bbf624addb993bbcd710c4802ede472519543b7b7625a815e2d?s=96&d=mm&r=g\",\"url\":\"https:\\\/\\\/secure.gravatar.com\\\/avatar\\\/8eb0feb60b637bbf624addb993bbcd710c4802ede472519543b7b7625a815e2d?s=96&d=mm&r=g\",\"contentUrl\":\"https:\\\/\\\/secure.gravatar.com\\\/avatar\\\/8eb0feb60b637bbf624addb993bbcd710c4802ede472519543b7b7625a815e2d?s=96&d=mm&r=g\",\"caption\":\"marco Vilela\"},\"url\":\"https:\\\/\\\/www.agrupamentoverticalgaviao.pt\\\/?author=2\"}]}<\/script>\n<!-- \/ Yoast SEO plugin. -->","yoast_head_json":{"title":"Aulas pr\u00e1ticas em contexto de coopera\u00e7\u00e3o com os Bombeiros Volunt\u00e1rios de Gavi\u00e3o - Agrupamento de Escolas de Gavi\u00e3o","description":"Aulas pr\u00e1ticas do curso T\u00e9cnico Prote\u00e7\u00e3o Civil 12.\u00ba ano, com apoio dos Bombeiros de Gavi\u00e3o. Contacto direto com equipamentos bombeiros.","robots":{"index":"index","follow":"follow","max-snippet":"max-snippet:-1","max-image-preview":"max-image-preview:large","max-video-preview":"max-video-preview:-1"},"canonical":"https:\/\/www.agrupamentoverticalgaviao.pt\/?p=47417","og_locale":"pt_PT","og_type":"article","og_title":"Aulas pr\u00e1ticas em contexto de coopera\u00e7\u00e3o com os Bombeiros Volunt\u00e1rios de Gavi\u00e3o - Agrupamento de Escolas de Gavi\u00e3o","og_description":"Aulas pr\u00e1ticas do curso T\u00e9cnico Prote\u00e7\u00e3o Civil 12.\u00ba ano, com apoio dos Bombeiros de Gavi\u00e3o. Contacto direto com equipamentos bombeiros.","og_url":"https:\/\/www.agrupamentoverticalgaviao.pt\/?p=47417","og_site_name":"Agrupamento de Escolas de Gavi\u00e3o","article_published_time":"2025-11-18T22:57:35+00:00","article_modified_time":"2025-11-18T22:57:38+00:00","og_image":[{"width":1400,"height":800,"url":"https:\/\/www.agrupamentoverticalgaviao.pt\/wp-content\/uploads\/2025\/11\/Bombeiros_.jpg","type":"image\/jpeg"}],"author":"marco Vilela","twitter_card":"summary_large_image","twitter_misc":{"Escrito por":"marco Vilela","Tempo estimado de leitura":"11 minutos"},"schema":{"@context":"https:\/\/schema.org","@graph":[{"@type":"Article","@id":"https:\/\/www.agrupamentoverticalgaviao.pt\/?p=47417#article","isPartOf":{"@id":"https:\/\/www.agrupamentoverticalgaviao.pt\/?p=47417"},"author":{"name":"marco Vilela","@id":"https:\/\/www.agrupamentoverticalgaviao.pt\/#\/schema\/person\/b337300b08ca20a17717f1b413f4b253"},"headline":"Aulas pr\u00e1ticas em contexto de coopera\u00e7\u00e3o com os Bombeiros Volunt\u00e1rios de Gavi\u00e3o","datePublished":"2025-11-18T22:57:35+00:00","dateModified":"2025-11-18T22:57:38+00:00","mainEntityOfPage":{"@id":"https:\/\/www.agrupamentoverticalgaviao.pt\/?p=47417"},"wordCount":65,"image":{"@id":"https:\/\/www.agrupamentoverticalgaviao.pt\/?p=47417#primaryimage"},"thumbnailUrl":"https:\/\/www.agrupamentoverticalgaviao.pt\/wp-content\/uploads\/2025\/11\/Bombeiros_.jpg","articleSection":["Agrupamento de Escolas de Gavi\u00e3o"],"inLanguage":"pt-PT"},{"@type":"WebPage","@id":"https:\/\/www.agrupamentoverticalgaviao.pt\/?p=47417","url":"https:\/\/www.agrupamentoverticalgaviao.pt\/?p=47417","name":"Aulas pr\u00e1ticas em contexto de coopera\u00e7\u00e3o com os Bombeiros Volunt\u00e1rios de Gavi\u00e3o - Agrupamento de Escolas de Gavi\u00e3o","isPartOf":{"@id":"https:\/\/www.agrupamentoverticalgaviao.pt\/#website"},"primaryImageOfPage":{"@id":"https:\/\/www.agrupamentoverticalgaviao.pt\/?p=47417#primaryimage"},"image":{"@id":"https:\/\/www.agrupamentoverticalgaviao.pt\/?p=47417#primaryimage"},"thumbnailUrl":"https:\/\/www.agrupamentoverticalgaviao.pt\/wp-content\/uploads\/2025\/11\/Bombeiros_.jpg","datePublished":"2025-11-18T22:57:35+00:00","dateModified":"2025-11-18T22:57:38+00:00","author":{"@id":"https:\/\/www.agrupamentoverticalgaviao.pt\/#\/schema\/person\/b337300b08ca20a17717f1b413f4b253"},"description":"Aulas pr\u00e1ticas do curso T\u00e9cnico Prote\u00e7\u00e3o Civil 12.\u00ba ano, com apoio dos Bombeiros de Gavi\u00e3o. Contacto direto com equipamentos bombeiros.","breadcrumb":{"@id":"https:\/\/www.agrupamentoverticalgaviao.pt\/?p=47417#breadcrumb"},"inLanguage":"pt-PT","potentialAction":[{"@type":"ReadAction","target":["https:\/\/www.agrupamentoverticalgaviao.pt\/?p=47417"]}]},{"@type":"ImageObject","inLanguage":"pt-PT","@id":"https:\/\/www.agrupamentoverticalgaviao.pt\/?p=47417#primaryimage","url":"https:\/\/www.agrupamentoverticalgaviao.pt\/wp-content\/uploads\/2025\/11\/Bombeiros_.jpg","contentUrl":"https:\/\/www.agrupamentoverticalgaviao.pt\/wp-content\/uploads\/2025\/11\/Bombeiros_.jpg","width":1400,"height":800},{"@type":"BreadcrumbList","@id":"https:\/\/www.agrupamentoverticalgaviao.pt\/?p=47417#breadcrumb","itemListElement":[{"@type":"ListItem","position":1,"name":"In\u00edcio","item":"https:\/\/www.agrupamentoverticalgaviao.pt\/"},{"@type":"ListItem","position":2,"name":"Aulas pr\u00e1ticas em contexto de coopera\u00e7\u00e3o com os Bombeiros Volunt\u00e1rios de Gavi\u00e3o"}]},{"@type":"WebSite","@id":"https:\/\/www.agrupamentoverticalgaviao.pt\/#website","url":"https:\/\/www.agrupamentoverticalgaviao.pt\/","name":"Agrupamento de Escolas de Gavi\u00e3o","description":"","alternateName":"Agrupamento de Escolas de Gavi\u00e3o","potentialAction":[{"@type":"SearchAction","target":{"@type":"EntryPoint","urlTemplate":"https:\/\/www.agrupamentoverticalgaviao.pt\/?s={search_term_string}"},"query-input":{"@type":"PropertyValueSpecification","valueRequired":true,"valueName":"search_term_string"}}],"inLanguage":"pt-PT"},{"@type":"Person","@id":"https:\/\/www.agrupamentoverticalgaviao.pt\/#\/schema\/person\/b337300b08ca20a17717f1b413f4b253","name":"marco Vilela","image":{"@type":"ImageObject","inLanguage":"pt-PT","@id":"https:\/\/secure.gravatar.com\/avatar\/8eb0feb60b637bbf624addb993bbcd710c4802ede472519543b7b7625a815e2d?s=96&d=mm&r=g","url":"https:\/\/secure.gravatar.com\/avatar\/8eb0feb60b637bbf624addb993bbcd710c4802ede472519543b7b7625a815e2d?s=96&d=mm&r=g","contentUrl":"https:\/\/secure.gravatar.com\/avatar\/8eb0feb60b637bbf624addb993bbcd710c4802ede472519543b7b7625a815e2d?s=96&d=mm&r=g","caption":"marco Vilela"},"url":"https:\/\/www.agrupamentoverticalgaviao.pt\/?author=2"}]}},"_links":{"self":[{"href":"https:\/\/www.agrupamentoverticalgaviao.pt\/index.php?rest_route=\/wp\/v2\/posts\/47417","targetHints":{"allow":["GET"]}}],"collection":[{"href":"https:\/\/www.agrupamentoverticalgaviao.pt\/index.php?rest_route=\/wp\/v2\/posts"}],"about":[{"href":"https:\/\/www.agrupamentoverticalgaviao.pt\/index.php?rest_route=\/wp\/v2\/types\/post"}],"author":[{"embeddable":true,"href":"https:\/\/www.agrupamentoverticalgaviao.pt\/index.php?rest_route=\/wp\/v2\/users\/2"}],"replies":[{"embeddable":true,"href":"https:\/\/www.agrupamentoverticalgaviao.pt\/index.php?rest_route=%2Fwp%2Fv2%2Fcomments&post=47417"}],"version-history":[{"count":1,"href":"https:\/\/www.agrupamentoverticalgaviao.pt\/index.php?rest_route=\/wp\/v2\/posts\/47417\/revisions"}],"predecessor-version":[{"id":47468,"href":"https:\/\/www.agrupamentoverticalgaviao.pt\/index.php?rest_route=\/wp\/v2\/posts\/47417\/revisions\/47468"}],"wp:featuredmedia":[{"embeddable":true,"href":"https:\/\/www.agrupamentoverticalgaviao.pt\/index.php?rest_route=\/wp\/v2\/media\/47467"}],"wp:attachment":[{"href":"https:\/\/www.agrupamentoverticalgaviao.pt\/index.php?rest_route=%2Fwp%2Fv2%2Fmedia&parent=47417"}],"wp:term":[{"taxonomy":"category","embeddable":true,"href":"https:\/\/www.agrupamentoverticalgaviao.pt\/index.php?rest_route=%2Fwp%2Fv2%2Fcategories&post=47417"},{"taxonomy":"post_tag","embeddable":true,"href":"https:\/\/www.agrupamentoverticalgaviao.pt\/index.php?rest_route=%2Fwp%2Fv2%2Ftags&post=47417"}],"curies":[{"name":"wp","href":"https:\/\/api.w.org\/{rel}","templated":true}]}}