{"id":46465,"date":"2025-05-16T21:30:37","date_gmt":"2025-05-16T21:30:37","guid":{"rendered":"https:\/\/www.agrupamentoverticalgaviao.pt\/?p=46465"},"modified":"2025-05-18T22:00:28","modified_gmt":"2025-05-18T22:00:28","slug":"parlamento-dos-jovens-sessao-do-basico-dia-12","status":"publish","type":"post","link":"https:\/\/www.agrupamentoverticalgaviao.pt\/?p=46465","title":{"rendered":"Parlamento dos Jovens &#8211; Sess\u00e3o do B\u00e1sico &#8211; dia 12"},"content":{"rendered":"\n<p>As jovens deputadas Margarida Chambel e Mariana Heitor em defesa do Projeto de Recomenda\u00e7\u00e3o do distrito de Portalegre, acompanhadas pela jornalista Carlota Louren\u00e7o, a quem cabe fazer a reportagem, representaram a EBS de Gavi\u00e3o na Assembleia da Rep\u00fablica.<\/p>\n\n\n\n<p>A coordenadora Dina Faustino sempre presente e digna professora que acompanha este grupo de jovens.<\/p>\n\n\n\n<figure class=\"wp-block-gallery has-nested-images columns-default is-cropped wp-block-gallery-1 is-layout-flex wp-block-gallery-is-layout-flex\">\n<figure class=\"wp-block-image size-large\"><a href=\"https:\/\/www.agrupamentoverticalgaviao.pt\/wp-content\/uploads\/2025\/05\/Parlamento_-1.jpg\"><img loading=\"lazy\" decoding=\"async\" width=\"288\" height=\"512\" data-id=\"46466\" src=\"https:\/\/www.agrupamentoverticalgaviao.pt\/wp-content\/uploads\/2025\/05\/Parlamento_-1.jpg\" alt=\"\" class=\"wp-image-46466\" srcset=\"https:\/\/www.agrupamentoverticalgaviao.pt\/wp-content\/uploads\/2025\/05\/Parlamento_-1.jpg 288w, https:\/\/www.agrupamentoverticalgaviao.pt\/wp-content\/uploads\/2025\/05\/Parlamento_-1-169x300.jpg 169w\" sizes=\"auto, (max-width: 288px) 100vw, 288px\" \/><\/a><\/figure>\n\n\n\n<figure class=\"wp-block-image size-large\"><a href=\"https:\/\/www.agrupamentoverticalgaviao.pt\/wp-content\/uploads\/2025\/05\/Parlamento_-2.jpg\"><img loading=\"lazy\" decoding=\"async\" width=\"384\" height=\"512\" data-id=\"46469\" src=\"https:\/\/www.agrupamentoverticalgaviao.pt\/wp-content\/uploads\/2025\/05\/Parlamento_-2.jpg\" alt=\"\" class=\"wp-image-46469\" srcset=\"https:\/\/www.agrupamentoverticalgaviao.pt\/wp-content\/uploads\/2025\/05\/Parlamento_-2.jpg 384w, https:\/\/www.agrupamentoverticalgaviao.pt\/wp-content\/uploads\/2025\/05\/Parlamento_-2-225x300.jpg 225w\" sizes=\"auto, (max-width: 384px) 100vw, 384px\" \/><\/a><\/figure>\n\n\n\n<figure class=\"wp-block-image size-large\"><a href=\"https:\/\/www.agrupamentoverticalgaviao.pt\/wp-content\/uploads\/2025\/05\/Parlamento_-3.jpg\"><img loading=\"lazy\" decoding=\"async\" width=\"342\" height=\"512\" data-id=\"46468\" src=\"https:\/\/www.agrupamentoverticalgaviao.pt\/wp-content\/uploads\/2025\/05\/Parlamento_-3.jpg\" alt=\"\" class=\"wp-image-46468\" srcset=\"https:\/\/www.agrupamentoverticalgaviao.pt\/wp-content\/uploads\/2025\/05\/Parlamento_-3.jpg 342w, https:\/\/www.agrupamentoverticalgaviao.pt\/wp-content\/uploads\/2025\/05\/Parlamento_-3-200x300.jpg 200w\" sizes=\"auto, (max-width: 342px) 100vw, 342px\" \/><\/a><\/figure>\n\n\n\n<figure class=\"wp-block-image size-large\"><a href=\"https:\/\/www.agrupamentoverticalgaviao.pt\/wp-content\/uploads\/2025\/05\/Parlamento_-4.jpg\"><img loading=\"lazy\" decoding=\"async\" width=\"383\" height=\"510\" data-id=\"46467\" src=\"https:\/\/www.agrupamentoverticalgaviao.pt\/wp-content\/uploads\/2025\/05\/Parlamento_-4.jpg\" alt=\"\" class=\"wp-image-46467\" srcset=\"https:\/\/www.agrupamentoverticalgaviao.pt\/wp-content\/uploads\/2025\/05\/Parlamento_-4.jpg 383w, https:\/\/www.agrupamentoverticalgaviao.pt\/wp-content\/uploads\/2025\/05\/Parlamento_-4-225x300.jpg 225w\" sizes=\"auto, (max-width: 383px) 100vw, 383px\" \/><\/a><\/figure>\n\n\n\n<figure class=\"wp-block-image size-large\"><a href=\"https:\/\/www.agrupamentoverticalgaviao.pt\/wp-content\/uploads\/2025\/05\/Parlamento_-5.jpg\"><img loading=\"lazy\" decoding=\"async\" width=\"384\" height=\"512\" data-id=\"46471\" src=\"https:\/\/www.agrupamentoverticalgaviao.pt\/wp-content\/uploads\/2025\/05\/Parlamento_-5.jpg\" alt=\"\" class=\"wp-image-46471\" srcset=\"https:\/\/www.agrupamentoverticalgaviao.pt\/wp-content\/uploads\/2025\/05\/Parlamento_-5.jpg 384w, https:\/\/www.agrupamentoverticalgaviao.pt\/wp-content\/uploads\/2025\/05\/Parlamento_-5-225x300.jpg 225w\" sizes=\"auto, (max-width: 384px) 100vw, 384px\" \/><\/a><\/figure>\n\n\n\n<figure class=\"wp-block-image size-large\"><a href=\"https:\/\/www.agrupamentoverticalgaviao.pt\/wp-content\/uploads\/2025\/05\/Parlamento_-6.jpg\"><img loading=\"lazy\" decoding=\"async\" width=\"342\" height=\"512\" data-id=\"46470\" src=\"https:\/\/www.agrupamentoverticalgaviao.pt\/wp-content\/uploads\/2025\/05\/Parlamento_-6.jpg\" alt=\"\" class=\"wp-image-46470\" srcset=\"https:\/\/www.agrupamentoverticalgaviao.pt\/wp-content\/uploads\/2025\/05\/Parlamento_-6.jpg 342w, https:\/\/www.agrupamentoverticalgaviao.pt\/wp-content\/uploads\/2025\/05\/Parlamento_-6-200x300.jpg 200w\" sizes=\"auto, (max-width: 342px) 100vw, 342px\" \/><\/a><\/figure>\n<\/figure>\n","protected":false},"excerpt":{"rendered":"<p>As jovens deputadas Margarida Chambel e Mariana Heitor em defesa do Projeto de Recomenda\u00e7\u00e3o &hellip; <\/p>\n","protected":false},"author":2,"featured_media":46473,"comment_status":"closed","ping_status":"closed","sticky":false,"template":"","format":"standard","meta":{"footnotes":""},"categories":[38],"tags":[],"class_list":["post-46465","post","type-post","status-publish","format-standard","has-post-thumbnail","hentry","category-parlamento-jovem"],"yoast_head":"<!-- This site is optimized with the Yoast SEO plugin v27.4 - https:\/\/yoast.com\/product\/yoast-seo-wordpress\/ -->\n<title>Parlamento dos Jovens - Sess\u00e3o do B\u00e1sico - dia 12 - Agrupamento de Escolas de Gavi\u00e3o<\/title>\n<meta name=\"robots\" content=\"index, follow, max-snippet:-1, max-image-preview:large, max-video-preview:-1\" \/>\n<link rel=\"canonical\" href=\"https:\/\/www.agrupamentoverticalgaviao.pt\/?p=46465\" \/>\n<meta property=\"og:locale\" content=\"pt_PT\" \/>\n<meta property=\"og:type\" content=\"article\" \/>\n<meta property=\"og:title\" content=\"Parlamento dos Jovens - Sess\u00e3o do B\u00e1sico - dia 12 - Agrupamento de Escolas de Gavi\u00e3o\" \/>\n<meta property=\"og:description\" content=\"As jovens deputadas Margarida Chambel e Mariana Heitor em defesa do Projeto de Recomenda\u00e7\u00e3o &hellip;\" \/>\n<meta property=\"og:url\" content=\"https:\/\/www.agrupamentoverticalgaviao.pt\/?p=46465\" \/>\n<meta property=\"og:site_name\" content=\"Agrupamento de Escolas de Gavi\u00e3o\" \/>\n<meta property=\"article:published_time\" content=\"2025-05-16T21:30:37+00:00\" \/>\n<meta property=\"article:modified_time\" content=\"2025-05-18T22:00:28+00:00\" \/>\n<meta property=\"og:image\" content=\"https:\/\/www.agrupamentoverticalgaviao.pt\/wp-content\/uploads\/2025\/05\/Parlamento_big.jpg\" \/>\n\t<meta property=\"og:image:width\" content=\"1400\" \/>\n\t<meta property=\"og:image:height\" content=\"800\" \/>\n\t<meta property=\"og:image:type\" content=\"image\/jpeg\" \/>\n<meta name=\"author\" content=\"marco Vilela\" \/>\n<meta name=\"twitter:card\" content=\"summary_large_image\" \/>\n<meta name=\"twitter:label1\" content=\"Escrito por\" \/>\n\t<meta name=\"twitter:data1\" content=\"marco Vilela\" \/>\n\t<meta name=\"twitter:label2\" content=\"Tempo estimado de leitura\" \/>\n\t<meta name=\"twitter:data2\" content=\"2 minutos\" \/>\n<script type=\"application\/ld+json\" class=\"yoast-schema-graph\">{\"@context\":\"https:\\\/\\\/schema.org\",\"@graph\":[{\"@type\":\"Article\",\"@id\":\"https:\\\/\\\/www.agrupamentoverticalgaviao.pt\\\/?p=46465#article\",\"isPartOf\":{\"@id\":\"https:\\\/\\\/www.agrupamentoverticalgaviao.pt\\\/?p=46465\"},\"author\":{\"name\":\"marco Vilela\",\"@id\":\"https:\\\/\\\/www.agrupamentoverticalgaviao.pt\\\/#\\\/schema\\\/person\\\/b337300b08ca20a17717f1b413f4b253\"},\"headline\":\"Parlamento dos Jovens &#8211; Sess\u00e3o do B\u00e1sico &#8211; dia 12\",\"datePublished\":\"2025-05-16T21:30:37+00:00\",\"dateModified\":\"2025-05-18T22:00:28+00:00\",\"mainEntityOfPage\":{\"@id\":\"https:\\\/\\\/www.agrupamentoverticalgaviao.pt\\\/?p=46465\"},\"wordCount\":68,\"image\":{\"@id\":\"https:\\\/\\\/www.agrupamentoverticalgaviao.pt\\\/?p=46465#primaryimage\"},\"thumbnailUrl\":\"https:\\\/\\\/www.agrupamentoverticalgaviao.pt\\\/wp-content\\\/uploads\\\/2025\\\/05\\\/Parlamento_big.jpg\",\"articleSection\":[\"Parlamento Jovem\"],\"inLanguage\":\"pt-PT\"},{\"@type\":\"WebPage\",\"@id\":\"https:\\\/\\\/www.agrupamentoverticalgaviao.pt\\\/?p=46465\",\"url\":\"https:\\\/\\\/www.agrupamentoverticalgaviao.pt\\\/?p=46465\",\"name\":\"Parlamento dos Jovens - Sess\u00e3o do B\u00e1sico - dia 12 - Agrupamento de Escolas de Gavi\u00e3o\",\"isPartOf\":{\"@id\":\"https:\\\/\\\/www.agrupamentoverticalgaviao.pt\\\/#website\"},\"primaryImageOfPage\":{\"@id\":\"https:\\\/\\\/www.agrupamentoverticalgaviao.pt\\\/?p=46465#primaryimage\"},\"image\":{\"@id\":\"https:\\\/\\\/www.agrupamentoverticalgaviao.pt\\\/?p=46465#primaryimage\"},\"thumbnailUrl\":\"https:\\\/\\\/www.agrupamentoverticalgaviao.pt\\\/wp-content\\\/uploads\\\/2025\\\/05\\\/Parlamento_big.jpg\",\"datePublished\":\"2025-05-16T21:30:37+00:00\",\"dateModified\":\"2025-05-18T22:00:28+00:00\",\"author\":{\"@id\":\"https:\\\/\\\/www.agrupamentoverticalgaviao.pt\\\/#\\\/schema\\\/person\\\/b337300b08ca20a17717f1b413f4b253\"},\"breadcrumb\":{\"@id\":\"https:\\\/\\\/www.agrupamentoverticalgaviao.pt\\\/?p=46465#breadcrumb\"},\"inLanguage\":\"pt-PT\",\"potentialAction\":[{\"@type\":\"ReadAction\",\"target\":[\"https:\\\/\\\/www.agrupamentoverticalgaviao.pt\\\/?p=46465\"]}]},{\"@type\":\"ImageObject\",\"inLanguage\":\"pt-PT\",\"@id\":\"https:\\\/\\\/www.agrupamentoverticalgaviao.pt\\\/?p=46465#primaryimage\",\"url\":\"https:\\\/\\\/www.agrupamentoverticalgaviao.pt\\\/wp-content\\\/uploads\\\/2025\\\/05\\\/Parlamento_big.jpg\",\"contentUrl\":\"https:\\\/\\\/www.agrupamentoverticalgaviao.pt\\\/wp-content\\\/uploads\\\/2025\\\/05\\\/Parlamento_big.jpg\",\"width\":1400,\"height\":800},{\"@type\":\"BreadcrumbList\",\"@id\":\"https:\\\/\\\/www.agrupamentoverticalgaviao.pt\\\/?p=46465#breadcrumb\",\"itemListElement\":[{\"@type\":\"ListItem\",\"position\":1,\"name\":\"In\u00edcio\",\"item\":\"https:\\\/\\\/www.agrupamentoverticalgaviao.pt\\\/\"},{\"@type\":\"ListItem\",\"position\":2,\"name\":\"Parlamento dos Jovens &#8211; Sess\u00e3o do B\u00e1sico &#8211; dia 12\"}]},{\"@type\":\"WebSite\",\"@id\":\"https:\\\/\\\/www.agrupamentoverticalgaviao.pt\\\/#website\",\"url\":\"https:\\\/\\\/www.agrupamentoverticalgaviao.pt\\\/\",\"name\":\"Agrupamento de Escolas de Gavi\u00e3o\",\"description\":\"\",\"alternateName\":\"Agrupamento de Escolas de Gavi\u00e3o\",\"potentialAction\":[{\"@type\":\"SearchAction\",\"target\":{\"@type\":\"EntryPoint\",\"urlTemplate\":\"https:\\\/\\\/www.agrupamentoverticalgaviao.pt\\\/?s={search_term_string}\"},\"query-input\":{\"@type\":\"PropertyValueSpecification\",\"valueRequired\":true,\"valueName\":\"search_term_string\"}}],\"inLanguage\":\"pt-PT\"},{\"@type\":\"Person\",\"@id\":\"https:\\\/\\\/www.agrupamentoverticalgaviao.pt\\\/#\\\/schema\\\/person\\\/b337300b08ca20a17717f1b413f4b253\",\"name\":\"marco Vilela\",\"image\":{\"@type\":\"ImageObject\",\"inLanguage\":\"pt-PT\",\"@id\":\"https:\\\/\\\/secure.gravatar.com\\\/avatar\\\/8eb0feb60b637bbf624addb993bbcd710c4802ede472519543b7b7625a815e2d?s=96&d=mm&r=g\",\"url\":\"https:\\\/\\\/secure.gravatar.com\\\/avatar\\\/8eb0feb60b637bbf624addb993bbcd710c4802ede472519543b7b7625a815e2d?s=96&d=mm&r=g\",\"contentUrl\":\"https:\\\/\\\/secure.gravatar.com\\\/avatar\\\/8eb0feb60b637bbf624addb993bbcd710c4802ede472519543b7b7625a815e2d?s=96&d=mm&r=g\",\"caption\":\"marco Vilela\"},\"url\":\"https:\\\/\\\/www.agrupamentoverticalgaviao.pt\\\/?author=2\"}]}<\/script>\n<!-- \/ Yoast SEO plugin. -->","yoast_head_json":{"title":"Parlamento dos Jovens - Sess\u00e3o do B\u00e1sico - dia 12 - Agrupamento de Escolas de Gavi\u00e3o","robots":{"index":"index","follow":"follow","max-snippet":"max-snippet:-1","max-image-preview":"max-image-preview:large","max-video-preview":"max-video-preview:-1"},"canonical":"https:\/\/www.agrupamentoverticalgaviao.pt\/?p=46465","og_locale":"pt_PT","og_type":"article","og_title":"Parlamento dos Jovens - Sess\u00e3o do B\u00e1sico - dia 12 - Agrupamento de Escolas de Gavi\u00e3o","og_description":"As jovens deputadas Margarida Chambel e Mariana Heitor em defesa do Projeto de Recomenda\u00e7\u00e3o &hellip;","og_url":"https:\/\/www.agrupamentoverticalgaviao.pt\/?p=46465","og_site_name":"Agrupamento de Escolas de Gavi\u00e3o","article_published_time":"2025-05-16T21:30:37+00:00","article_modified_time":"2025-05-18T22:00:28+00:00","og_image":[{"width":1400,"height":800,"url":"https:\/\/www.agrupamentoverticalgaviao.pt\/wp-content\/uploads\/2025\/05\/Parlamento_big.jpg","type":"image\/jpeg"}],"author":"marco Vilela","twitter_card":"summary_large_image","twitter_misc":{"Escrito por":"marco Vilela","Tempo estimado de leitura":"2 minutos"},"schema":{"@context":"https:\/\/schema.org","@graph":[{"@type":"Article","@id":"https:\/\/www.agrupamentoverticalgaviao.pt\/?p=46465#article","isPartOf":{"@id":"https:\/\/www.agrupamentoverticalgaviao.pt\/?p=46465"},"author":{"name":"marco Vilela","@id":"https:\/\/www.agrupamentoverticalgaviao.pt\/#\/schema\/person\/b337300b08ca20a17717f1b413f4b253"},"headline":"Parlamento dos Jovens &#8211; Sess\u00e3o do B\u00e1sico &#8211; dia 12","datePublished":"2025-05-16T21:30:37+00:00","dateModified":"2025-05-18T22:00:28+00:00","mainEntityOfPage":{"@id":"https:\/\/www.agrupamentoverticalgaviao.pt\/?p=46465"},"wordCount":68,"image":{"@id":"https:\/\/www.agrupamentoverticalgaviao.pt\/?p=46465#primaryimage"},"thumbnailUrl":"https:\/\/www.agrupamentoverticalgaviao.pt\/wp-content\/uploads\/2025\/05\/Parlamento_big.jpg","articleSection":["Parlamento Jovem"],"inLanguage":"pt-PT"},{"@type":"WebPage","@id":"https:\/\/www.agrupamentoverticalgaviao.pt\/?p=46465","url":"https:\/\/www.agrupamentoverticalgaviao.pt\/?p=46465","name":"Parlamento dos Jovens - Sess\u00e3o do B\u00e1sico - dia 12 - Agrupamento de Escolas de Gavi\u00e3o","isPartOf":{"@id":"https:\/\/www.agrupamentoverticalgaviao.pt\/#website"},"primaryImageOfPage":{"@id":"https:\/\/www.agrupamentoverticalgaviao.pt\/?p=46465#primaryimage"},"image":{"@id":"https:\/\/www.agrupamentoverticalgaviao.pt\/?p=46465#primaryimage"},"thumbnailUrl":"https:\/\/www.agrupamentoverticalgaviao.pt\/wp-content\/uploads\/2025\/05\/Parlamento_big.jpg","datePublished":"2025-05-16T21:30:37+00:00","dateModified":"2025-05-18T22:00:28+00:00","author":{"@id":"https:\/\/www.agrupamentoverticalgaviao.pt\/#\/schema\/person\/b337300b08ca20a17717f1b413f4b253"},"breadcrumb":{"@id":"https:\/\/www.agrupamentoverticalgaviao.pt\/?p=46465#breadcrumb"},"inLanguage":"pt-PT","potentialAction":[{"@type":"ReadAction","target":["https:\/\/www.agrupamentoverticalgaviao.pt\/?p=46465"]}]},{"@type":"ImageObject","inLanguage":"pt-PT","@id":"https:\/\/www.agrupamentoverticalgaviao.pt\/?p=46465#primaryimage","url":"https:\/\/www.agrupamentoverticalgaviao.pt\/wp-content\/uploads\/2025\/05\/Parlamento_big.jpg","contentUrl":"https:\/\/www.agrupamentoverticalgaviao.pt\/wp-content\/uploads\/2025\/05\/Parlamento_big.jpg","width":1400,"height":800},{"@type":"BreadcrumbList","@id":"https:\/\/www.agrupamentoverticalgaviao.pt\/?p=46465#breadcrumb","itemListElement":[{"@type":"ListItem","position":1,"name":"In\u00edcio","item":"https:\/\/www.agrupamentoverticalgaviao.pt\/"},{"@type":"ListItem","position":2,"name":"Parlamento dos Jovens &#8211; Sess\u00e3o do B\u00e1sico &#8211; dia 12"}]},{"@type":"WebSite","@id":"https:\/\/www.agrupamentoverticalgaviao.pt\/#website","url":"https:\/\/www.agrupamentoverticalgaviao.pt\/","name":"Agrupamento de Escolas de Gavi\u00e3o","description":"","alternateName":"Agrupamento de Escolas de Gavi\u00e3o","potentialAction":[{"@type":"SearchAction","target":{"@type":"EntryPoint","urlTemplate":"https:\/\/www.agrupamentoverticalgaviao.pt\/?s={search_term_string}"},"query-input":{"@type":"PropertyValueSpecification","valueRequired":true,"valueName":"search_term_string"}}],"inLanguage":"pt-PT"},{"@type":"Person","@id":"https:\/\/www.agrupamentoverticalgaviao.pt\/#\/schema\/person\/b337300b08ca20a17717f1b413f4b253","name":"marco Vilela","image":{"@type":"ImageObject","inLanguage":"pt-PT","@id":"https:\/\/secure.gravatar.com\/avatar\/8eb0feb60b637bbf624addb993bbcd710c4802ede472519543b7b7625a815e2d?s=96&d=mm&r=g","url":"https:\/\/secure.gravatar.com\/avatar\/8eb0feb60b637bbf624addb993bbcd710c4802ede472519543b7b7625a815e2d?s=96&d=mm&r=g","contentUrl":"https:\/\/secure.gravatar.com\/avatar\/8eb0feb60b637bbf624addb993bbcd710c4802ede472519543b7b7625a815e2d?s=96&d=mm&r=g","caption":"marco Vilela"},"url":"https:\/\/www.agrupamentoverticalgaviao.pt\/?author=2"}]}},"_links":{"self":[{"href":"https:\/\/www.agrupamentoverticalgaviao.pt\/index.php?rest_route=\/wp\/v2\/posts\/46465","targetHints":{"allow":["GET"]}}],"collection":[{"href":"https:\/\/www.agrupamentoverticalgaviao.pt\/index.php?rest_route=\/wp\/v2\/posts"}],"about":[{"href":"https:\/\/www.agrupamentoverticalgaviao.pt\/index.php?rest_route=\/wp\/v2\/types\/post"}],"author":[{"embeddable":true,"href":"https:\/\/www.agrupamentoverticalgaviao.pt\/index.php?rest_route=\/wp\/v2\/users\/2"}],"replies":[{"embeddable":true,"href":"https:\/\/www.agrupamentoverticalgaviao.pt\/index.php?rest_route=%2Fwp%2Fv2%2Fcomments&post=46465"}],"version-history":[{"count":1,"href":"https:\/\/www.agrupamentoverticalgaviao.pt\/index.php?rest_route=\/wp\/v2\/posts\/46465\/revisions"}],"predecessor-version":[{"id":46474,"href":"https:\/\/www.agrupamentoverticalgaviao.pt\/index.php?rest_route=\/wp\/v2\/posts\/46465\/revisions\/46474"}],"wp:featuredmedia":[{"embeddable":true,"href":"https:\/\/www.agrupamentoverticalgaviao.pt\/index.php?rest_route=\/wp\/v2\/media\/46473"}],"wp:attachment":[{"href":"https:\/\/www.agrupamentoverticalgaviao.pt\/index.php?rest_route=%2Fwp%2Fv2%2Fmedia&parent=46465"}],"wp:term":[{"taxonomy":"category","embeddable":true,"href":"https:\/\/www.agrupamentoverticalgaviao.pt\/index.php?rest_route=%2Fwp%2Fv2%2Fcategories&post=46465"},{"taxonomy":"post_tag","embeddable":true,"href":"https:\/\/www.agrupamentoverticalgaviao.pt\/index.php?rest_route=%2Fwp%2Fv2%2Ftags&post=46465"}],"curies":[{"name":"wp","href":"https:\/\/api.w.org\/{rel}","templated":true}]}}