{"id":46203,"date":"2025-04-15T14:30:38","date_gmt":"2025-04-15T14:30:38","guid":{"rendered":"https:\/\/www.agrupamentoverticalgaviao.pt\/?p=46203"},"modified":"2025-04-15T14:30:41","modified_gmt":"2025-04-15T14:30:41","slug":"filme-o-bairro-dos-artistas","status":"publish","type":"post","link":"https:\/\/www.agrupamentoverticalgaviao.pt\/?p=46203","title":{"rendered":"Filme \u201cO Bairro dos Artistas\u201d"},"content":{"rendered":"\n<p>No dia 8 de abril aconteceu a estreia do filme \u201c<em><strong>O Bairro dos Artistas\u201d<\/strong><\/em>. O evento ocorreu ao final da tarde, no Cineteatro Francisco Ventura, e estiveram presentes os atores, produtores e realizadora.<\/p>\n\n\n\n<p>Este filme foi desenvolvido na disciplina Comunic&#8217;Arte em parceria com o Plano Cultural de Escola, com as turmas do 5 ano. As docentes Cristina Mingacho, Manuela Carrilho e Madalena Dias tiveram a colabora\u00e7\u00e3o do Eduardo Paulo e da Alice Calado na filmagem e edi\u00e7\u00e3o do filme.<\/p>\n\n\n\n<p>Obrigada a todos os que tornaram este filme poss\u00edvel, em especial aos atores.<\/p>\n\n\n\n<figure class=\"wp-block-gallery has-nested-images columns-4 is-cropped wp-block-gallery-1 is-layout-flex wp-block-gallery-is-layout-flex\">\n<figure class=\"wp-block-image size-large\"><a href=\"https:\/\/www.agrupamentoverticalgaviao.pt\/wp-content\/uploads\/2025\/04\/1.jpg\" target=\"_blank\"><img loading=\"lazy\" decoding=\"async\" width=\"384\" height=\"512\" data-id=\"46204\" src=\"https:\/\/www.agrupamentoverticalgaviao.pt\/wp-content\/uploads\/2025\/04\/1.jpg\" alt=\"\" class=\"wp-image-46204\" srcset=\"https:\/\/www.agrupamentoverticalgaviao.pt\/wp-content\/uploads\/2025\/04\/1.jpg 384w, https:\/\/www.agrupamentoverticalgaviao.pt\/wp-content\/uploads\/2025\/04\/1-225x300.jpg 225w\" sizes=\"auto, (max-width: 384px) 100vw, 384px\" \/><\/a><\/figure>\n\n\n\n<figure class=\"wp-block-image size-large\"><a href=\"https:\/\/www.agrupamentoverticalgaviao.pt\/wp-content\/uploads\/2025\/04\/2.jpg\" target=\"_blank\"><img loading=\"lazy\" decoding=\"async\" width=\"384\" height=\"512\" data-id=\"46205\" src=\"https:\/\/www.agrupamentoverticalgaviao.pt\/wp-content\/uploads\/2025\/04\/2.jpg\" alt=\"\" class=\"wp-image-46205\" srcset=\"https:\/\/www.agrupamentoverticalgaviao.pt\/wp-content\/uploads\/2025\/04\/2.jpg 384w, https:\/\/www.agrupamentoverticalgaviao.pt\/wp-content\/uploads\/2025\/04\/2-225x300.jpg 225w\" sizes=\"auto, (max-width: 384px) 100vw, 384px\" \/><\/a><\/figure>\n\n\n\n<figure class=\"wp-block-image size-large\"><a href=\"https:\/\/www.agrupamentoverticalgaviao.pt\/wp-content\/uploads\/2025\/04\/3.jpg\" target=\"_blank\"><img loading=\"lazy\" decoding=\"async\" width=\"512\" height=\"384\" data-id=\"46206\" src=\"https:\/\/www.agrupamentoverticalgaviao.pt\/wp-content\/uploads\/2025\/04\/3.jpg\" alt=\"\" class=\"wp-image-46206\" srcset=\"https:\/\/www.agrupamentoverticalgaviao.pt\/wp-content\/uploads\/2025\/04\/3.jpg 512w, https:\/\/www.agrupamentoverticalgaviao.pt\/wp-content\/uploads\/2025\/04\/3-300x225.jpg 300w\" sizes=\"auto, (max-width: 512px) 100vw, 512px\" \/><\/a><\/figure>\n\n\n\n<figure class=\"wp-block-image size-large\"><a href=\"https:\/\/www.agrupamentoverticalgaviao.pt\/wp-content\/uploads\/2025\/04\/4.jpg\" target=\"_blank\"><img loading=\"lazy\" decoding=\"async\" width=\"384\" height=\"512\" data-id=\"46207\" src=\"https:\/\/www.agrupamentoverticalgaviao.pt\/wp-content\/uploads\/2025\/04\/4.jpg\" alt=\"\" class=\"wp-image-46207\" srcset=\"https:\/\/www.agrupamentoverticalgaviao.pt\/wp-content\/uploads\/2025\/04\/4.jpg 384w, https:\/\/www.agrupamentoverticalgaviao.pt\/wp-content\/uploads\/2025\/04\/4-225x300.jpg 225w\" sizes=\"auto, (max-width: 384px) 100vw, 384px\" \/><\/a><\/figure>\n\n\n\n<figure class=\"wp-block-image size-large\"><a href=\"https:\/\/www.agrupamentoverticalgaviao.pt\/wp-content\/uploads\/2025\/04\/5.jpg\" target=\"_blank\"><img loading=\"lazy\" decoding=\"async\" width=\"384\" height=\"512\" data-id=\"46208\" src=\"https:\/\/www.agrupamentoverticalgaviao.pt\/wp-content\/uploads\/2025\/04\/5.jpg\" alt=\"\" class=\"wp-image-46208\" srcset=\"https:\/\/www.agrupamentoverticalgaviao.pt\/wp-content\/uploads\/2025\/04\/5.jpg 384w, https:\/\/www.agrupamentoverticalgaviao.pt\/wp-content\/uploads\/2025\/04\/5-225x300.jpg 225w\" sizes=\"auto, (max-width: 384px) 100vw, 384px\" \/><\/a><\/figure>\n\n\n\n<figure class=\"wp-block-image size-large\"><a href=\"https:\/\/www.agrupamentoverticalgaviao.pt\/wp-content\/uploads\/2025\/04\/6.jpg\" target=\"_blank\"><img loading=\"lazy\" decoding=\"async\" width=\"384\" height=\"512\" data-id=\"46209\" src=\"https:\/\/www.agrupamentoverticalgaviao.pt\/wp-content\/uploads\/2025\/04\/6.jpg\" alt=\"\" class=\"wp-image-46209\" srcset=\"https:\/\/www.agrupamentoverticalgaviao.pt\/wp-content\/uploads\/2025\/04\/6.jpg 384w, https:\/\/www.agrupamentoverticalgaviao.pt\/wp-content\/uploads\/2025\/04\/6-225x300.jpg 225w\" sizes=\"auto, (max-width: 384px) 100vw, 384px\" \/><\/a><\/figure>\n\n\n\n<figure class=\"wp-block-image size-large\"><a href=\"https:\/\/www.agrupamentoverticalgaviao.pt\/wp-content\/uploads\/2025\/04\/7.jpg\" target=\"_blank\"><img loading=\"lazy\" decoding=\"async\" width=\"384\" height=\"512\" data-id=\"46210\" src=\"https:\/\/www.agrupamentoverticalgaviao.pt\/wp-content\/uploads\/2025\/04\/7.jpg\" alt=\"\" class=\"wp-image-46210\" srcset=\"https:\/\/www.agrupamentoverticalgaviao.pt\/wp-content\/uploads\/2025\/04\/7.jpg 384w, https:\/\/www.agrupamentoverticalgaviao.pt\/wp-content\/uploads\/2025\/04\/7-225x300.jpg 225w\" sizes=\"auto, (max-width: 384px) 100vw, 384px\" \/><\/a><\/figure>\n\n\n\n<figure class=\"wp-block-image size-large\"><a href=\"https:\/\/www.agrupamentoverticalgaviao.pt\/wp-content\/uploads\/2025\/04\/8.jpg\" target=\"_blank\"><img loading=\"lazy\" decoding=\"async\" width=\"384\" height=\"512\" data-id=\"46211\" src=\"https:\/\/www.agrupamentoverticalgaviao.pt\/wp-content\/uploads\/2025\/04\/8.jpg\" alt=\"\" class=\"wp-image-46211\" srcset=\"https:\/\/www.agrupamentoverticalgaviao.pt\/wp-content\/uploads\/2025\/04\/8.jpg 384w, https:\/\/www.agrupamentoverticalgaviao.pt\/wp-content\/uploads\/2025\/04\/8-225x300.jpg 225w\" sizes=\"auto, (max-width: 384px) 100vw, 384px\" \/><\/a><\/figure>\n\n\n\n<figure class=\"wp-block-image size-large\"><a href=\"https:\/\/www.agrupamentoverticalgaviao.pt\/wp-content\/uploads\/2025\/04\/9.jpg\" target=\"_blank\"><img loading=\"lazy\" decoding=\"async\" width=\"384\" height=\"512\" data-id=\"46212\" src=\"https:\/\/www.agrupamentoverticalgaviao.pt\/wp-content\/uploads\/2025\/04\/9.jpg\" alt=\"\" class=\"wp-image-46212\" srcset=\"https:\/\/www.agrupamentoverticalgaviao.pt\/wp-content\/uploads\/2025\/04\/9.jpg 384w, https:\/\/www.agrupamentoverticalgaviao.pt\/wp-content\/uploads\/2025\/04\/9-225x300.jpg 225w\" sizes=\"auto, (max-width: 384px) 100vw, 384px\" \/><\/a><\/figure>\n\n\n\n<figure class=\"wp-block-image size-large\"><a href=\"https:\/\/www.agrupamentoverticalgaviao.pt\/wp-content\/uploads\/2025\/04\/10-1.jpg\" target=\"_blank\"><img loading=\"lazy\" decoding=\"async\" width=\"512\" height=\"384\" data-id=\"46213\" src=\"https:\/\/www.agrupamentoverticalgaviao.pt\/wp-content\/uploads\/2025\/04\/10-1.jpg\" alt=\"\" class=\"wp-image-46213\" srcset=\"https:\/\/www.agrupamentoverticalgaviao.pt\/wp-content\/uploads\/2025\/04\/10-1.jpg 512w, https:\/\/www.agrupamentoverticalgaviao.pt\/wp-content\/uploads\/2025\/04\/10-1-300x225.jpg 300w\" sizes=\"auto, (max-width: 512px) 100vw, 512px\" \/><\/a><\/figure>\n\n\n\n<figure class=\"wp-block-image size-large\"><a href=\"https:\/\/www.agrupamentoverticalgaviao.pt\/wp-content\/uploads\/2025\/04\/11-1.jpg\" target=\"_blank\"><img loading=\"lazy\" decoding=\"async\" width=\"512\" height=\"384\" data-id=\"46214\" src=\"https:\/\/www.agrupamentoverticalgaviao.pt\/wp-content\/uploads\/2025\/04\/11-1.jpg\" alt=\"\" class=\"wp-image-46214\" srcset=\"https:\/\/www.agrupamentoverticalgaviao.pt\/wp-content\/uploads\/2025\/04\/11-1.jpg 512w, https:\/\/www.agrupamentoverticalgaviao.pt\/wp-content\/uploads\/2025\/04\/11-1-300x225.jpg 300w\" sizes=\"auto, (max-width: 512px) 100vw, 512px\" \/><\/a><\/figure>\n\n\n\n<figure class=\"wp-block-image size-large\"><a href=\"https:\/\/www.agrupamentoverticalgaviao.pt\/wp-content\/uploads\/2025\/04\/12-1.jpg\" target=\"_blank\"><img loading=\"lazy\" decoding=\"async\" width=\"512\" height=\"384\" data-id=\"46215\" src=\"https:\/\/www.agrupamentoverticalgaviao.pt\/wp-content\/uploads\/2025\/04\/12-1.jpg\" alt=\"\" class=\"wp-image-46215\" srcset=\"https:\/\/www.agrupamentoverticalgaviao.pt\/wp-content\/uploads\/2025\/04\/12-1.jpg 512w, https:\/\/www.agrupamentoverticalgaviao.pt\/wp-content\/uploads\/2025\/04\/12-1-300x225.jpg 300w\" sizes=\"auto, (max-width: 512px) 100vw, 512px\" \/><\/a><\/figure>\n\n\n\n<figure class=\"wp-block-image size-large\"><a href=\"https:\/\/www.agrupamentoverticalgaviao.pt\/wp-content\/uploads\/2025\/04\/13-1.jpg\" target=\"_blank\"><img loading=\"lazy\" decoding=\"async\" width=\"512\" height=\"384\" data-id=\"46216\" src=\"https:\/\/www.agrupamentoverticalgaviao.pt\/wp-content\/uploads\/2025\/04\/13-1.jpg\" alt=\"\" class=\"wp-image-46216\" srcset=\"https:\/\/www.agrupamentoverticalgaviao.pt\/wp-content\/uploads\/2025\/04\/13-1.jpg 512w, https:\/\/www.agrupamentoverticalgaviao.pt\/wp-content\/uploads\/2025\/04\/13-1-300x225.jpg 300w\" sizes=\"auto, (max-width: 512px) 100vw, 512px\" \/><\/a><\/figure>\n\n\n\n<figure class=\"wp-block-image size-large\"><a href=\"https:\/\/www.agrupamentoverticalgaviao.pt\/wp-content\/uploads\/2025\/04\/14-1.jpg\" target=\"_blank\"><img loading=\"lazy\" decoding=\"async\" width=\"512\" height=\"384\" data-id=\"46217\" src=\"https:\/\/www.agrupamentoverticalgaviao.pt\/wp-content\/uploads\/2025\/04\/14-1.jpg\" alt=\"\" class=\"wp-image-46217\" srcset=\"https:\/\/www.agrupamentoverticalgaviao.pt\/wp-content\/uploads\/2025\/04\/14-1.jpg 512w, https:\/\/www.agrupamentoverticalgaviao.pt\/wp-content\/uploads\/2025\/04\/14-1-300x225.jpg 300w\" sizes=\"auto, (max-width: 512px) 100vw, 512px\" \/><\/a><\/figure>\n\n\n\n<figure class=\"wp-block-image size-large\"><a href=\"https:\/\/www.agrupamentoverticalgaviao.pt\/wp-content\/uploads\/2025\/04\/15-1.jpg\" target=\"_blank\"><img loading=\"lazy\" decoding=\"async\" width=\"512\" height=\"384\" data-id=\"46218\" src=\"https:\/\/www.agrupamentoverticalgaviao.pt\/wp-content\/uploads\/2025\/04\/15-1.jpg\" alt=\"\" class=\"wp-image-46218\" srcset=\"https:\/\/www.agrupamentoverticalgaviao.pt\/wp-content\/uploads\/2025\/04\/15-1.jpg 512w, https:\/\/www.agrupamentoverticalgaviao.pt\/wp-content\/uploads\/2025\/04\/15-1-300x225.jpg 300w\" sizes=\"auto, (max-width: 512px) 100vw, 512px\" \/><\/a><\/figure>\n\n\n\n<figure class=\"wp-block-image size-large\"><a href=\"https:\/\/www.agrupamentoverticalgaviao.pt\/wp-content\/uploads\/2025\/04\/16-1.jpg\" target=\"_blank\"><img loading=\"lazy\" decoding=\"async\" width=\"512\" height=\"384\" data-id=\"46219\" src=\"https:\/\/www.agrupamentoverticalgaviao.pt\/wp-content\/uploads\/2025\/04\/16-1.jpg\" alt=\"\" class=\"wp-image-46219\" srcset=\"https:\/\/www.agrupamentoverticalgaviao.pt\/wp-content\/uploads\/2025\/04\/16-1.jpg 512w, https:\/\/www.agrupamentoverticalgaviao.pt\/wp-content\/uploads\/2025\/04\/16-1-300x225.jpg 300w\" sizes=\"auto, (max-width: 512px) 100vw, 512px\" \/><\/a><\/figure>\n\n\n\n<figure class=\"wp-block-image size-large\"><a href=\"https:\/\/www.agrupamentoverticalgaviao.pt\/wp-content\/uploads\/2025\/04\/17-1.jpg\" target=\"_blank\"><img loading=\"lazy\" decoding=\"async\" width=\"512\" height=\"384\" data-id=\"46220\" src=\"https:\/\/www.agrupamentoverticalgaviao.pt\/wp-content\/uploads\/2025\/04\/17-1.jpg\" alt=\"\" class=\"wp-image-46220\" srcset=\"https:\/\/www.agrupamentoverticalgaviao.pt\/wp-content\/uploads\/2025\/04\/17-1.jpg 512w, https:\/\/www.agrupamentoverticalgaviao.pt\/wp-content\/uploads\/2025\/04\/17-1-300x225.jpg 300w\" sizes=\"auto, (max-width: 512px) 100vw, 512px\" \/><\/a><\/figure>\n\n\n\n<figure class=\"wp-block-image size-large\"><a href=\"https:\/\/www.agrupamentoverticalgaviao.pt\/wp-content\/uploads\/2025\/04\/18-1.jpg\" target=\"_blank\"><img loading=\"lazy\" decoding=\"async\" width=\"512\" height=\"384\" data-id=\"46221\" src=\"https:\/\/www.agrupamentoverticalgaviao.pt\/wp-content\/uploads\/2025\/04\/18-1.jpg\" alt=\"\" class=\"wp-image-46221\" srcset=\"https:\/\/www.agrupamentoverticalgaviao.pt\/wp-content\/uploads\/2025\/04\/18-1.jpg 512w, https:\/\/www.agrupamentoverticalgaviao.pt\/wp-content\/uploads\/2025\/04\/18-1-300x225.jpg 300w\" sizes=\"auto, (max-width: 512px) 100vw, 512px\" \/><\/a><\/figure>\n\n\n\n<figure class=\"wp-block-image size-large\"><a href=\"https:\/\/www.agrupamentoverticalgaviao.pt\/wp-content\/uploads\/2025\/04\/19-1.jpg\" target=\"_blank\"><img loading=\"lazy\" decoding=\"async\" width=\"512\" height=\"384\" data-id=\"46222\" src=\"https:\/\/www.agrupamentoverticalgaviao.pt\/wp-content\/uploads\/2025\/04\/19-1.jpg\" alt=\"\" class=\"wp-image-46222\" srcset=\"https:\/\/www.agrupamentoverticalgaviao.pt\/wp-content\/uploads\/2025\/04\/19-1.jpg 512w, https:\/\/www.agrupamentoverticalgaviao.pt\/wp-content\/uploads\/2025\/04\/19-1-300x225.jpg 300w\" sizes=\"auto, (max-width: 512px) 100vw, 512px\" \/><\/a><\/figure>\n\n\n\n<figure class=\"wp-block-image size-large\"><a href=\"https:\/\/www.agrupamentoverticalgaviao.pt\/wp-content\/uploads\/2025\/04\/20-1.jpg\" target=\"_blank\"><img loading=\"lazy\" decoding=\"async\" width=\"512\" height=\"384\" data-id=\"46223\" src=\"https:\/\/www.agrupamentoverticalgaviao.pt\/wp-content\/uploads\/2025\/04\/20-1.jpg\" alt=\"\" class=\"wp-image-46223\" srcset=\"https:\/\/www.agrupamentoverticalgaviao.pt\/wp-content\/uploads\/2025\/04\/20-1.jpg 512w, https:\/\/www.agrupamentoverticalgaviao.pt\/wp-content\/uploads\/2025\/04\/20-1-300x225.jpg 300w\" sizes=\"auto, (max-width: 512px) 100vw, 512px\" \/><\/a><\/figure>\n\n\n\n<figure class=\"wp-block-image size-large\"><a href=\"https:\/\/www.agrupamentoverticalgaviao.pt\/wp-content\/uploads\/2025\/04\/21-1.jpg\" target=\"_blank\"><img loading=\"lazy\" decoding=\"async\" width=\"512\" height=\"384\" data-id=\"46224\" src=\"https:\/\/www.agrupamentoverticalgaviao.pt\/wp-content\/uploads\/2025\/04\/21-1.jpg\" alt=\"\" class=\"wp-image-46224\" srcset=\"https:\/\/www.agrupamentoverticalgaviao.pt\/wp-content\/uploads\/2025\/04\/21-1.jpg 512w, https:\/\/www.agrupamentoverticalgaviao.pt\/wp-content\/uploads\/2025\/04\/21-1-300x225.jpg 300w\" sizes=\"auto, (max-width: 512px) 100vw, 512px\" \/><\/a><\/figure>\n\n\n\n<figure class=\"wp-block-image size-large\"><a href=\"https:\/\/www.agrupamentoverticalgaviao.pt\/wp-content\/uploads\/2025\/04\/22-1.jpg\" target=\"_blank\"><img loading=\"lazy\" decoding=\"async\" width=\"512\" height=\"384\" data-id=\"46225\" src=\"https:\/\/www.agrupamentoverticalgaviao.pt\/wp-content\/uploads\/2025\/04\/22-1.jpg\" alt=\"\" class=\"wp-image-46225\" srcset=\"https:\/\/www.agrupamentoverticalgaviao.pt\/wp-content\/uploads\/2025\/04\/22-1.jpg 512w, https:\/\/www.agrupamentoverticalgaviao.pt\/wp-content\/uploads\/2025\/04\/22-1-300x225.jpg 300w\" sizes=\"auto, (max-width: 512px) 100vw, 512px\" \/><\/a><\/figure>\n<\/figure>\n","protected":false},"excerpt":{"rendered":"<p>No dia 8 de abril aconteceu a estreia do filme \u201cO Bairro dos Artistas\u201d. &hellip; <\/p>\n","protected":false},"author":2,"featured_media":46226,"comment_status":"closed","ping_status":"closed","sticky":false,"template":"","format":"standard","meta":{"footnotes":""},"categories":[179],"tags":[],"class_list":["post-46203","post","type-post","status-publish","format-standard","has-post-thumbnail","hentry","category-cinema"],"yoast_head":"<!-- This site is optimized with the Yoast SEO plugin v27.5 - https:\/\/yoast.com\/product\/yoast-seo-wordpress\/ -->\n<title>Filme \u201cO Bairro dos Artistas\u201d - Agrupamento de Escolas de Gavi\u00e3o<\/title>\n<meta name=\"robots\" content=\"index, follow, max-snippet:-1, max-image-preview:large, max-video-preview:-1\" \/>\n<link rel=\"canonical\" href=\"https:\/\/www.agrupamentoverticalgaviao.pt\/?p=46203\" \/>\n<meta property=\"og:locale\" content=\"pt_PT\" \/>\n<meta property=\"og:type\" content=\"article\" \/>\n<meta property=\"og:title\" content=\"Filme \u201cO Bairro dos Artistas\u201d - Agrupamento de Escolas de Gavi\u00e3o\" \/>\n<meta property=\"og:description\" content=\"No dia 8 de abril aconteceu a estreia do filme \u201cO Bairro dos Artistas\u201d. &hellip;\" \/>\n<meta property=\"og:url\" content=\"https:\/\/www.agrupamentoverticalgaviao.pt\/?p=46203\" \/>\n<meta property=\"og:site_name\" content=\"Agrupamento de Escolas de Gavi\u00e3o\" \/>\n<meta property=\"article:published_time\" content=\"2025-04-15T14:30:38+00:00\" \/>\n<meta property=\"article:modified_time\" content=\"2025-04-15T14:30:41+00:00\" \/>\n<meta property=\"og:image\" content=\"https:\/\/www.agrupamentoverticalgaviao.pt\/wp-content\/uploads\/2025\/04\/filme_.jpg\" \/>\n\t<meta property=\"og:image:width\" content=\"1500\" \/>\n\t<meta property=\"og:image:height\" content=\"800\" \/>\n\t<meta property=\"og:image:type\" content=\"image\/jpeg\" \/>\n<meta name=\"author\" content=\"marco Vilela\" \/>\n<meta name=\"twitter:card\" content=\"summary_large_image\" \/>\n<meta name=\"twitter:label1\" content=\"Escrito por\" \/>\n\t<meta name=\"twitter:data1\" content=\"marco Vilela\" \/>\n\t<meta name=\"twitter:label2\" content=\"Tempo estimado de leitura\" \/>\n\t<meta name=\"twitter:data2\" content=\"6 minutos\" \/>\n<script type=\"application\/ld+json\" class=\"yoast-schema-graph\">{\"@context\":\"https:\\\/\\\/schema.org\",\"@graph\":[{\"@type\":\"Article\",\"@id\":\"https:\\\/\\\/www.agrupamentoverticalgaviao.pt\\\/?p=46203#article\",\"isPartOf\":{\"@id\":\"https:\\\/\\\/www.agrupamentoverticalgaviao.pt\\\/?p=46203\"},\"author\":{\"name\":\"marco Vilela\",\"@id\":\"https:\\\/\\\/www.agrupamentoverticalgaviao.pt\\\/#\\\/schema\\\/person\\\/b337300b08ca20a17717f1b413f4b253\"},\"headline\":\"Filme \u201cO Bairro dos Artistas\u201d\",\"datePublished\":\"2025-04-15T14:30:38+00:00\",\"dateModified\":\"2025-04-15T14:30:41+00:00\",\"mainEntityOfPage\":{\"@id\":\"https:\\\/\\\/www.agrupamentoverticalgaviao.pt\\\/?p=46203\"},\"wordCount\":99,\"image\":{\"@id\":\"https:\\\/\\\/www.agrupamentoverticalgaviao.pt\\\/?p=46203#primaryimage\"},\"thumbnailUrl\":\"https:\\\/\\\/www.agrupamentoverticalgaviao.pt\\\/wp-content\\\/uploads\\\/2025\\\/04\\\/filme_.jpg\",\"articleSection\":[\"Cinema\"],\"inLanguage\":\"pt-PT\"},{\"@type\":\"WebPage\",\"@id\":\"https:\\\/\\\/www.agrupamentoverticalgaviao.pt\\\/?p=46203\",\"url\":\"https:\\\/\\\/www.agrupamentoverticalgaviao.pt\\\/?p=46203\",\"name\":\"Filme \u201cO Bairro dos Artistas\u201d - Agrupamento de Escolas de Gavi\u00e3o\",\"isPartOf\":{\"@id\":\"https:\\\/\\\/www.agrupamentoverticalgaviao.pt\\\/#website\"},\"primaryImageOfPage\":{\"@id\":\"https:\\\/\\\/www.agrupamentoverticalgaviao.pt\\\/?p=46203#primaryimage\"},\"image\":{\"@id\":\"https:\\\/\\\/www.agrupamentoverticalgaviao.pt\\\/?p=46203#primaryimage\"},\"thumbnailUrl\":\"https:\\\/\\\/www.agrupamentoverticalgaviao.pt\\\/wp-content\\\/uploads\\\/2025\\\/04\\\/filme_.jpg\",\"datePublished\":\"2025-04-15T14:30:38+00:00\",\"dateModified\":\"2025-04-15T14:30:41+00:00\",\"author\":{\"@id\":\"https:\\\/\\\/www.agrupamentoverticalgaviao.pt\\\/#\\\/schema\\\/person\\\/b337300b08ca20a17717f1b413f4b253\"},\"breadcrumb\":{\"@id\":\"https:\\\/\\\/www.agrupamentoverticalgaviao.pt\\\/?p=46203#breadcrumb\"},\"inLanguage\":\"pt-PT\",\"potentialAction\":[{\"@type\":\"ReadAction\",\"target\":[\"https:\\\/\\\/www.agrupamentoverticalgaviao.pt\\\/?p=46203\"]}]},{\"@type\":\"ImageObject\",\"inLanguage\":\"pt-PT\",\"@id\":\"https:\\\/\\\/www.agrupamentoverticalgaviao.pt\\\/?p=46203#primaryimage\",\"url\":\"https:\\\/\\\/www.agrupamentoverticalgaviao.pt\\\/wp-content\\\/uploads\\\/2025\\\/04\\\/filme_.jpg\",\"contentUrl\":\"https:\\\/\\\/www.agrupamentoverticalgaviao.pt\\\/wp-content\\\/uploads\\\/2025\\\/04\\\/filme_.jpg\",\"width\":1500,\"height\":800},{\"@type\":\"BreadcrumbList\",\"@id\":\"https:\\\/\\\/www.agrupamentoverticalgaviao.pt\\\/?p=46203#breadcrumb\",\"itemListElement\":[{\"@type\":\"ListItem\",\"position\":1,\"name\":\"In\u00edcio\",\"item\":\"https:\\\/\\\/www.agrupamentoverticalgaviao.pt\\\/\"},{\"@type\":\"ListItem\",\"position\":2,\"name\":\"Filme \u201cO Bairro dos Artistas\u201d\"}]},{\"@type\":\"WebSite\",\"@id\":\"https:\\\/\\\/www.agrupamentoverticalgaviao.pt\\\/#website\",\"url\":\"https:\\\/\\\/www.agrupamentoverticalgaviao.pt\\\/\",\"name\":\"Agrupamento de Escolas de Gavi\u00e3o\",\"description\":\"\",\"alternateName\":\"Agrupamento de Escolas de Gavi\u00e3o\",\"potentialAction\":[{\"@type\":\"SearchAction\",\"target\":{\"@type\":\"EntryPoint\",\"urlTemplate\":\"https:\\\/\\\/www.agrupamentoverticalgaviao.pt\\\/?s={search_term_string}\"},\"query-input\":{\"@type\":\"PropertyValueSpecification\",\"valueRequired\":true,\"valueName\":\"search_term_string\"}}],\"inLanguage\":\"pt-PT\"},{\"@type\":\"Person\",\"@id\":\"https:\\\/\\\/www.agrupamentoverticalgaviao.pt\\\/#\\\/schema\\\/person\\\/b337300b08ca20a17717f1b413f4b253\",\"name\":\"marco Vilela\",\"image\":{\"@type\":\"ImageObject\",\"inLanguage\":\"pt-PT\",\"@id\":\"https:\\\/\\\/secure.gravatar.com\\\/avatar\\\/8eb0feb60b637bbf624addb993bbcd710c4802ede472519543b7b7625a815e2d?s=96&d=mm&r=g\",\"url\":\"https:\\\/\\\/secure.gravatar.com\\\/avatar\\\/8eb0feb60b637bbf624addb993bbcd710c4802ede472519543b7b7625a815e2d?s=96&d=mm&r=g\",\"contentUrl\":\"https:\\\/\\\/secure.gravatar.com\\\/avatar\\\/8eb0feb60b637bbf624addb993bbcd710c4802ede472519543b7b7625a815e2d?s=96&d=mm&r=g\",\"caption\":\"marco Vilela\"},\"url\":\"https:\\\/\\\/www.agrupamentoverticalgaviao.pt\\\/?author=2\"}]}<\/script>\n<!-- \/ Yoast SEO plugin. -->","yoast_head_json":{"title":"Filme \u201cO Bairro dos Artistas\u201d - Agrupamento de Escolas de Gavi\u00e3o","robots":{"index":"index","follow":"follow","max-snippet":"max-snippet:-1","max-image-preview":"max-image-preview:large","max-video-preview":"max-video-preview:-1"},"canonical":"https:\/\/www.agrupamentoverticalgaviao.pt\/?p=46203","og_locale":"pt_PT","og_type":"article","og_title":"Filme \u201cO Bairro dos Artistas\u201d - Agrupamento de Escolas de Gavi\u00e3o","og_description":"No dia 8 de abril aconteceu a estreia do filme \u201cO Bairro dos Artistas\u201d. &hellip;","og_url":"https:\/\/www.agrupamentoverticalgaviao.pt\/?p=46203","og_site_name":"Agrupamento de Escolas de Gavi\u00e3o","article_published_time":"2025-04-15T14:30:38+00:00","article_modified_time":"2025-04-15T14:30:41+00:00","og_image":[{"width":1500,"height":800,"url":"https:\/\/www.agrupamentoverticalgaviao.pt\/wp-content\/uploads\/2025\/04\/filme_.jpg","type":"image\/jpeg"}],"author":"marco Vilela","twitter_card":"summary_large_image","twitter_misc":{"Escrito por":"marco Vilela","Tempo estimado de leitura":"6 minutos"},"schema":{"@context":"https:\/\/schema.org","@graph":[{"@type":"Article","@id":"https:\/\/www.agrupamentoverticalgaviao.pt\/?p=46203#article","isPartOf":{"@id":"https:\/\/www.agrupamentoverticalgaviao.pt\/?p=46203"},"author":{"name":"marco Vilela","@id":"https:\/\/www.agrupamentoverticalgaviao.pt\/#\/schema\/person\/b337300b08ca20a17717f1b413f4b253"},"headline":"Filme \u201cO Bairro dos Artistas\u201d","datePublished":"2025-04-15T14:30:38+00:00","dateModified":"2025-04-15T14:30:41+00:00","mainEntityOfPage":{"@id":"https:\/\/www.agrupamentoverticalgaviao.pt\/?p=46203"},"wordCount":99,"image":{"@id":"https:\/\/www.agrupamentoverticalgaviao.pt\/?p=46203#primaryimage"},"thumbnailUrl":"https:\/\/www.agrupamentoverticalgaviao.pt\/wp-content\/uploads\/2025\/04\/filme_.jpg","articleSection":["Cinema"],"inLanguage":"pt-PT"},{"@type":"WebPage","@id":"https:\/\/www.agrupamentoverticalgaviao.pt\/?p=46203","url":"https:\/\/www.agrupamentoverticalgaviao.pt\/?p=46203","name":"Filme \u201cO Bairro dos Artistas\u201d - Agrupamento de Escolas de Gavi\u00e3o","isPartOf":{"@id":"https:\/\/www.agrupamentoverticalgaviao.pt\/#website"},"primaryImageOfPage":{"@id":"https:\/\/www.agrupamentoverticalgaviao.pt\/?p=46203#primaryimage"},"image":{"@id":"https:\/\/www.agrupamentoverticalgaviao.pt\/?p=46203#primaryimage"},"thumbnailUrl":"https:\/\/www.agrupamentoverticalgaviao.pt\/wp-content\/uploads\/2025\/04\/filme_.jpg","datePublished":"2025-04-15T14:30:38+00:00","dateModified":"2025-04-15T14:30:41+00:00","author":{"@id":"https:\/\/www.agrupamentoverticalgaviao.pt\/#\/schema\/person\/b337300b08ca20a17717f1b413f4b253"},"breadcrumb":{"@id":"https:\/\/www.agrupamentoverticalgaviao.pt\/?p=46203#breadcrumb"},"inLanguage":"pt-PT","potentialAction":[{"@type":"ReadAction","target":["https:\/\/www.agrupamentoverticalgaviao.pt\/?p=46203"]}]},{"@type":"ImageObject","inLanguage":"pt-PT","@id":"https:\/\/www.agrupamentoverticalgaviao.pt\/?p=46203#primaryimage","url":"https:\/\/www.agrupamentoverticalgaviao.pt\/wp-content\/uploads\/2025\/04\/filme_.jpg","contentUrl":"https:\/\/www.agrupamentoverticalgaviao.pt\/wp-content\/uploads\/2025\/04\/filme_.jpg","width":1500,"height":800},{"@type":"BreadcrumbList","@id":"https:\/\/www.agrupamentoverticalgaviao.pt\/?p=46203#breadcrumb","itemListElement":[{"@type":"ListItem","position":1,"name":"In\u00edcio","item":"https:\/\/www.agrupamentoverticalgaviao.pt\/"},{"@type":"ListItem","position":2,"name":"Filme \u201cO Bairro dos Artistas\u201d"}]},{"@type":"WebSite","@id":"https:\/\/www.agrupamentoverticalgaviao.pt\/#website","url":"https:\/\/www.agrupamentoverticalgaviao.pt\/","name":"Agrupamento de Escolas de Gavi\u00e3o","description":"","alternateName":"Agrupamento de Escolas de Gavi\u00e3o","potentialAction":[{"@type":"SearchAction","target":{"@type":"EntryPoint","urlTemplate":"https:\/\/www.agrupamentoverticalgaviao.pt\/?s={search_term_string}"},"query-input":{"@type":"PropertyValueSpecification","valueRequired":true,"valueName":"search_term_string"}}],"inLanguage":"pt-PT"},{"@type":"Person","@id":"https:\/\/www.agrupamentoverticalgaviao.pt\/#\/schema\/person\/b337300b08ca20a17717f1b413f4b253","name":"marco Vilela","image":{"@type":"ImageObject","inLanguage":"pt-PT","@id":"https:\/\/secure.gravatar.com\/avatar\/8eb0feb60b637bbf624addb993bbcd710c4802ede472519543b7b7625a815e2d?s=96&d=mm&r=g","url":"https:\/\/secure.gravatar.com\/avatar\/8eb0feb60b637bbf624addb993bbcd710c4802ede472519543b7b7625a815e2d?s=96&d=mm&r=g","contentUrl":"https:\/\/secure.gravatar.com\/avatar\/8eb0feb60b637bbf624addb993bbcd710c4802ede472519543b7b7625a815e2d?s=96&d=mm&r=g","caption":"marco Vilela"},"url":"https:\/\/www.agrupamentoverticalgaviao.pt\/?author=2"}]}},"_links":{"self":[{"href":"https:\/\/www.agrupamentoverticalgaviao.pt\/index.php?rest_route=\/wp\/v2\/posts\/46203","targetHints":{"allow":["GET"]}}],"collection":[{"href":"https:\/\/www.agrupamentoverticalgaviao.pt\/index.php?rest_route=\/wp\/v2\/posts"}],"about":[{"href":"https:\/\/www.agrupamentoverticalgaviao.pt\/index.php?rest_route=\/wp\/v2\/types\/post"}],"author":[{"embeddable":true,"href":"https:\/\/www.agrupamentoverticalgaviao.pt\/index.php?rest_route=\/wp\/v2\/users\/2"}],"replies":[{"embeddable":true,"href":"https:\/\/www.agrupamentoverticalgaviao.pt\/index.php?rest_route=%2Fwp%2Fv2%2Fcomments&post=46203"}],"version-history":[{"count":1,"href":"https:\/\/www.agrupamentoverticalgaviao.pt\/index.php?rest_route=\/wp\/v2\/posts\/46203\/revisions"}],"predecessor-version":[{"id":46227,"href":"https:\/\/www.agrupamentoverticalgaviao.pt\/index.php?rest_route=\/wp\/v2\/posts\/46203\/revisions\/46227"}],"wp:featuredmedia":[{"embeddable":true,"href":"https:\/\/www.agrupamentoverticalgaviao.pt\/index.php?rest_route=\/wp\/v2\/media\/46226"}],"wp:attachment":[{"href":"https:\/\/www.agrupamentoverticalgaviao.pt\/index.php?rest_route=%2Fwp%2Fv2%2Fmedia&parent=46203"}],"wp:term":[{"taxonomy":"category","embeddable":true,"href":"https:\/\/www.agrupamentoverticalgaviao.pt\/index.php?rest_route=%2Fwp%2Fv2%2Fcategories&post=46203"},{"taxonomy":"post_tag","embeddable":true,"href":"https:\/\/www.agrupamentoverticalgaviao.pt\/index.php?rest_route=%2Fwp%2Fv2%2Ftags&post=46203"}],"curies":[{"name":"wp","href":"https:\/\/api.w.org\/{rel}","templated":true}]}}