{"id":45996,"date":"2025-03-23T22:46:48","date_gmt":"2025-03-23T22:46:48","guid":{"rendered":"https:\/\/www.agrupamentoverticalgaviao.pt\/?p=45996"},"modified":"2025-03-23T22:46:51","modified_gmt":"2025-03-23T22:46:51","slug":"maos-na-terra","status":"publish","type":"post","link":"https:\/\/www.agrupamentoverticalgaviao.pt\/?p=45996","title":{"rendered":"M\u00e3os na terra!"},"content":{"rendered":"\n<p><strong>Sala 2 do JI do Gavi\u00e3o celebra a Agricultura<\/strong><\/p>\n\n\n\n<p>No dia 20 de mar\u00e7o, a sala 2, do Jardim de Inf\u00e2ncia do Gavi\u00e3o, celebrou o Dia Mundial da Agricultura com uma atividade pr\u00e1tica e cheia de significado. As nossas crian\u00e7as tiveram a oportunidade de colocar as m\u00e3os na terra e aprender sobre a import\u00e2ncia da agricultura de uma forma l\u00fadica e educativa.<\/p>\n\n\n\n<p>Com a colabora\u00e7\u00e3o das fam\u00edlias, recebemos sementes e pequenas plantas de diversas hort\u00edcolas e ervas arom\u00e1ticas, como salsa, coentros, tomate, espinafres, alface, tomilho e at\u00e9 pezinhos de morango. Al\u00e9m disso, reutiliz\u00e1mos garraf\u00f5es de \u00e1gua vazios, transformando-os em pequenos vasos, promovendo tamb\u00e9m a sustentabilidade e a consci\u00eancia ambiental.<\/p>\n\n\n\n<p>Ao longo da atividade, os pequenos agricultores exploraram texturas, cores e cheiros, desenvolvendo a curiosidade e o respeito pela natureza. Esta experi\u00eancia permitiu-lhes compreender o ciclo de crescimento das plantas e a import\u00e2ncia de cuidar delas com dedica\u00e7\u00e3o e paci\u00eancia.<\/p>\n\n\n\n<p>Esta iniciativa insere-se tamb\u00e9m no \u00e2mbito do projeto Eco-Escolas, refor\u00e7ando o compromisso da nossa comunidade educativa com a sustentabilidade e a preserva\u00e7\u00e3o do meio ambiente.<\/p>\n\n\n\n<p>A alegria e o entusiasmo das crian\u00e7as foram a melhor prova do sucesso desta iniciativa. Agora, com o compromisso de regar e acompanhar o crescimento das suas planta\u00e7\u00f5es, elas ir\u00e3o aprender, dia ap\u00f3s dia, o valor da agricultura e do meio ambiente.<\/p>\n\n\n\n<p>Agradecemos a todas as fam\u00edlias que contribu\u00edram para tornar esta atividade poss\u00edvel. Juntos, semeamos conhecimento e colhemos aprendizagens para a vida!<\/p>\n\n\n\n<figure class=\"wp-block-gallery has-nested-images columns-5 is-cropped wp-block-gallery-1 is-layout-flex wp-block-gallery-is-layout-flex\">\n<figure class=\"wp-block-image size-large\"><a href=\"https:\/\/www.agrupamentoverticalgaviao.pt\/wp-content\/uploads\/2025\/03\/Agricultura_-25.jpg\" target=\"_blank\"><img loading=\"lazy\" decoding=\"async\" width=\"375\" height=\"500\" data-id=\"46021\" src=\"https:\/\/www.agrupamentoverticalgaviao.pt\/wp-content\/uploads\/2025\/03\/Agricultura_-25.jpg\" alt=\"\" class=\"wp-image-46021\" srcset=\"https:\/\/www.agrupamentoverticalgaviao.pt\/wp-content\/uploads\/2025\/03\/Agricultura_-25.jpg 375w, https:\/\/www.agrupamentoverticalgaviao.pt\/wp-content\/uploads\/2025\/03\/Agricultura_-25-225x300.jpg 225w\" sizes=\"auto, (max-width: 375px) 100vw, 375px\" \/><\/a><\/figure>\n\n\n\n<figure class=\"wp-block-image size-large\"><a href=\"https:\/\/www.agrupamentoverticalgaviao.pt\/wp-content\/uploads\/2025\/03\/Agricultura_-28.jpg\" target=\"_blank\"><img loading=\"lazy\" decoding=\"async\" width=\"666\" height=\"500\" data-id=\"46024\" src=\"https:\/\/www.agrupamentoverticalgaviao.pt\/wp-content\/uploads\/2025\/03\/Agricultura_-28.jpg\" alt=\"\" class=\"wp-image-46024\" srcset=\"https:\/\/www.agrupamentoverticalgaviao.pt\/wp-content\/uploads\/2025\/03\/Agricultura_-28.jpg 666w, https:\/\/www.agrupamentoverticalgaviao.pt\/wp-content\/uploads\/2025\/03\/Agricultura_-28-300x225.jpg 300w\" sizes=\"auto, (max-width: 666px) 100vw, 666px\" \/><\/a><\/figure>\n\n\n\n<figure class=\"wp-block-image size-large\"><a href=\"https:\/\/www.agrupamentoverticalgaviao.pt\/wp-content\/uploads\/2025\/03\/Agricultura_-21.jpg\" target=\"_blank\"><img loading=\"lazy\" decoding=\"async\" width=\"375\" height=\"500\" data-id=\"46017\" src=\"https:\/\/www.agrupamentoverticalgaviao.pt\/wp-content\/uploads\/2025\/03\/Agricultura_-21.jpg\" alt=\"\" class=\"wp-image-46017\" srcset=\"https:\/\/www.agrupamentoverticalgaviao.pt\/wp-content\/uploads\/2025\/03\/Agricultura_-21.jpg 375w, https:\/\/www.agrupamentoverticalgaviao.pt\/wp-content\/uploads\/2025\/03\/Agricultura_-21-225x300.jpg 225w\" sizes=\"auto, (max-width: 375px) 100vw, 375px\" \/><\/a><\/figure>\n\n\n\n<figure class=\"wp-block-image size-large\"><a href=\"https:\/\/www.agrupamentoverticalgaviao.pt\/wp-content\/uploads\/2025\/03\/Agricultura_-10.jpg\" target=\"_blank\"><img loading=\"lazy\" decoding=\"async\" width=\"375\" height=\"500\" data-id=\"46006\" src=\"https:\/\/www.agrupamentoverticalgaviao.pt\/wp-content\/uploads\/2025\/03\/Agricultura_-10.jpg\" alt=\"\" class=\"wp-image-46006\" srcset=\"https:\/\/www.agrupamentoverticalgaviao.pt\/wp-content\/uploads\/2025\/03\/Agricultura_-10.jpg 375w, https:\/\/www.agrupamentoverticalgaviao.pt\/wp-content\/uploads\/2025\/03\/Agricultura_-10-225x300.jpg 225w\" sizes=\"auto, (max-width: 375px) 100vw, 375px\" \/><\/a><\/figure>\n\n\n\n<figure class=\"wp-block-image size-large\"><a href=\"https:\/\/www.agrupamentoverticalgaviao.pt\/wp-content\/uploads\/2025\/03\/Agricultura_-11.jpg\" target=\"_blank\"><img loading=\"lazy\" decoding=\"async\" width=\"375\" height=\"500\" data-id=\"46007\" src=\"https:\/\/www.agrupamentoverticalgaviao.pt\/wp-content\/uploads\/2025\/03\/Agricultura_-11.jpg\" alt=\"\" class=\"wp-image-46007\" srcset=\"https:\/\/www.agrupamentoverticalgaviao.pt\/wp-content\/uploads\/2025\/03\/Agricultura_-11.jpg 375w, https:\/\/www.agrupamentoverticalgaviao.pt\/wp-content\/uploads\/2025\/03\/Agricultura_-11-225x300.jpg 225w\" sizes=\"auto, (max-width: 375px) 100vw, 375px\" \/><\/a><\/figure>\n\n\n\n<figure class=\"wp-block-image size-large\"><a href=\"https:\/\/www.agrupamentoverticalgaviao.pt\/wp-content\/uploads\/2025\/03\/Agricultura_-3.jpg\" target=\"_blank\"><img loading=\"lazy\" decoding=\"async\" width=\"375\" height=\"500\" data-id=\"45999\" src=\"https:\/\/www.agrupamentoverticalgaviao.pt\/wp-content\/uploads\/2025\/03\/Agricultura_-3.jpg\" alt=\"\" class=\"wp-image-45999\" srcset=\"https:\/\/www.agrupamentoverticalgaviao.pt\/wp-content\/uploads\/2025\/03\/Agricultura_-3.jpg 375w, https:\/\/www.agrupamentoverticalgaviao.pt\/wp-content\/uploads\/2025\/03\/Agricultura_-3-225x300.jpg 225w\" sizes=\"auto, (max-width: 375px) 100vw, 375px\" \/><\/a><\/figure>\n\n\n\n<figure class=\"wp-block-image size-large\"><a href=\"https:\/\/www.agrupamentoverticalgaviao.pt\/wp-content\/uploads\/2025\/03\/Agricultura_-13.jpg\" target=\"_blank\"><img loading=\"lazy\" decoding=\"async\" width=\"375\" height=\"500\" data-id=\"46009\" src=\"https:\/\/www.agrupamentoverticalgaviao.pt\/wp-content\/uploads\/2025\/03\/Agricultura_-13.jpg\" alt=\"\" class=\"wp-image-46009\" srcset=\"https:\/\/www.agrupamentoverticalgaviao.pt\/wp-content\/uploads\/2025\/03\/Agricultura_-13.jpg 375w, https:\/\/www.agrupamentoverticalgaviao.pt\/wp-content\/uploads\/2025\/03\/Agricultura_-13-225x300.jpg 225w\" sizes=\"auto, (max-width: 375px) 100vw, 375px\" \/><\/a><\/figure>\n\n\n\n<figure class=\"wp-block-image size-large\"><a href=\"https:\/\/www.agrupamentoverticalgaviao.pt\/wp-content\/uploads\/2025\/03\/Agricultura_-6.jpg\" target=\"_blank\"><img loading=\"lazy\" decoding=\"async\" width=\"375\" height=\"500\" data-id=\"46002\" src=\"https:\/\/www.agrupamentoverticalgaviao.pt\/wp-content\/uploads\/2025\/03\/Agricultura_-6.jpg\" alt=\"\" class=\"wp-image-46002\" srcset=\"https:\/\/www.agrupamentoverticalgaviao.pt\/wp-content\/uploads\/2025\/03\/Agricultura_-6.jpg 375w, https:\/\/www.agrupamentoverticalgaviao.pt\/wp-content\/uploads\/2025\/03\/Agricultura_-6-225x300.jpg 225w\" sizes=\"auto, (max-width: 375px) 100vw, 375px\" \/><\/a><\/figure>\n\n\n\n<figure class=\"wp-block-image size-large\"><a href=\"https:\/\/www.agrupamentoverticalgaviao.pt\/wp-content\/uploads\/2025\/03\/Agricultura_-23.jpg\" target=\"_blank\"><img loading=\"lazy\" decoding=\"async\" width=\"375\" height=\"500\" data-id=\"46019\" src=\"https:\/\/www.agrupamentoverticalgaviao.pt\/wp-content\/uploads\/2025\/03\/Agricultura_-23.jpg\" alt=\"\" class=\"wp-image-46019\" srcset=\"https:\/\/www.agrupamentoverticalgaviao.pt\/wp-content\/uploads\/2025\/03\/Agricultura_-23.jpg 375w, https:\/\/www.agrupamentoverticalgaviao.pt\/wp-content\/uploads\/2025\/03\/Agricultura_-23-225x300.jpg 225w\" sizes=\"auto, (max-width: 375px) 100vw, 375px\" \/><\/a><\/figure>\n\n\n\n<figure class=\"wp-block-image size-large\"><a href=\"https:\/\/www.agrupamentoverticalgaviao.pt\/wp-content\/uploads\/2025\/03\/Agricultura_-12.jpg\" target=\"_blank\"><img loading=\"lazy\" decoding=\"async\" width=\"375\" height=\"500\" data-id=\"46008\" src=\"https:\/\/www.agrupamentoverticalgaviao.pt\/wp-content\/uploads\/2025\/03\/Agricultura_-12.jpg\" alt=\"\" class=\"wp-image-46008\" srcset=\"https:\/\/www.agrupamentoverticalgaviao.pt\/wp-content\/uploads\/2025\/03\/Agricultura_-12.jpg 375w, https:\/\/www.agrupamentoverticalgaviao.pt\/wp-content\/uploads\/2025\/03\/Agricultura_-12-225x300.jpg 225w\" sizes=\"auto, (max-width: 375px) 100vw, 375px\" \/><\/a><\/figure>\n\n\n\n<figure class=\"wp-block-image size-large\"><a href=\"https:\/\/www.agrupamentoverticalgaviao.pt\/wp-content\/uploads\/2025\/03\/Agricultura_-17.jpg\" target=\"_blank\"><img loading=\"lazy\" decoding=\"async\" width=\"375\" height=\"500\" data-id=\"46013\" src=\"https:\/\/www.agrupamentoverticalgaviao.pt\/wp-content\/uploads\/2025\/03\/Agricultura_-17.jpg\" alt=\"\" class=\"wp-image-46013\" srcset=\"https:\/\/www.agrupamentoverticalgaviao.pt\/wp-content\/uploads\/2025\/03\/Agricultura_-17.jpg 375w, https:\/\/www.agrupamentoverticalgaviao.pt\/wp-content\/uploads\/2025\/03\/Agricultura_-17-225x300.jpg 225w\" sizes=\"auto, (max-width: 375px) 100vw, 375px\" \/><\/a><\/figure>\n\n\n\n<figure class=\"wp-block-image size-large\"><a href=\"https:\/\/www.agrupamentoverticalgaviao.pt\/wp-content\/uploads\/2025\/03\/Agricultura_-1.jpg\" target=\"_blank\"><img loading=\"lazy\" decoding=\"async\" width=\"375\" height=\"500\" data-id=\"45997\" src=\"https:\/\/www.agrupamentoverticalgaviao.pt\/wp-content\/uploads\/2025\/03\/Agricultura_-1.jpg\" alt=\"\" class=\"wp-image-45997\" srcset=\"https:\/\/www.agrupamentoverticalgaviao.pt\/wp-content\/uploads\/2025\/03\/Agricultura_-1.jpg 375w, https:\/\/www.agrupamentoverticalgaviao.pt\/wp-content\/uploads\/2025\/03\/Agricultura_-1-225x300.jpg 225w\" sizes=\"auto, (max-width: 375px) 100vw, 375px\" \/><\/a><\/figure>\n\n\n\n<figure class=\"wp-block-image size-large\"><a href=\"https:\/\/www.agrupamentoverticalgaviao.pt\/wp-content\/uploads\/2025\/03\/Agricultura_-8.jpg\" target=\"_blank\"><img loading=\"lazy\" decoding=\"async\" width=\"375\" height=\"500\" data-id=\"46004\" src=\"https:\/\/www.agrupamentoverticalgaviao.pt\/wp-content\/uploads\/2025\/03\/Agricultura_-8.jpg\" alt=\"\" class=\"wp-image-46004\" srcset=\"https:\/\/www.agrupamentoverticalgaviao.pt\/wp-content\/uploads\/2025\/03\/Agricultura_-8.jpg 375w, https:\/\/www.agrupamentoverticalgaviao.pt\/wp-content\/uploads\/2025\/03\/Agricultura_-8-225x300.jpg 225w\" sizes=\"auto, (max-width: 375px) 100vw, 375px\" \/><\/a><\/figure>\n\n\n\n<figure class=\"wp-block-image size-large\"><a href=\"https:\/\/www.agrupamentoverticalgaviao.pt\/wp-content\/uploads\/2025\/03\/Agricultura_-29.jpg\" target=\"_blank\"><img loading=\"lazy\" decoding=\"async\" width=\"375\" height=\"500\" data-id=\"46025\" src=\"https:\/\/www.agrupamentoverticalgaviao.pt\/wp-content\/uploads\/2025\/03\/Agricultura_-29.jpg\" alt=\"\" class=\"wp-image-46025\" srcset=\"https:\/\/www.agrupamentoverticalgaviao.pt\/wp-content\/uploads\/2025\/03\/Agricultura_-29.jpg 375w, https:\/\/www.agrupamentoverticalgaviao.pt\/wp-content\/uploads\/2025\/03\/Agricultura_-29-225x300.jpg 225w\" sizes=\"auto, (max-width: 375px) 100vw, 375px\" \/><\/a><\/figure>\n\n\n\n<figure class=\"wp-block-image size-large\"><a href=\"https:\/\/www.agrupamentoverticalgaviao.pt\/wp-content\/uploads\/2025\/03\/Agricultura_-20.jpg\" target=\"_blank\"><img loading=\"lazy\" decoding=\"async\" width=\"666\" height=\"500\" data-id=\"46016\" src=\"https:\/\/www.agrupamentoverticalgaviao.pt\/wp-content\/uploads\/2025\/03\/Agricultura_-20.jpg\" alt=\"\" class=\"wp-image-46016\" srcset=\"https:\/\/www.agrupamentoverticalgaviao.pt\/wp-content\/uploads\/2025\/03\/Agricultura_-20.jpg 666w, https:\/\/www.agrupamentoverticalgaviao.pt\/wp-content\/uploads\/2025\/03\/Agricultura_-20-300x225.jpg 300w\" sizes=\"auto, (max-width: 666px) 100vw, 666px\" \/><\/a><\/figure>\n\n\n\n<figure class=\"wp-block-image size-large\"><a href=\"https:\/\/www.agrupamentoverticalgaviao.pt\/wp-content\/uploads\/2025\/03\/Agricultura_-7.jpg\" target=\"_blank\"><img loading=\"lazy\" decoding=\"async\" width=\"375\" height=\"500\" data-id=\"46003\" src=\"https:\/\/www.agrupamentoverticalgaviao.pt\/wp-content\/uploads\/2025\/03\/Agricultura_-7.jpg\" alt=\"\" class=\"wp-image-46003\" srcset=\"https:\/\/www.agrupamentoverticalgaviao.pt\/wp-content\/uploads\/2025\/03\/Agricultura_-7.jpg 375w, https:\/\/www.agrupamentoverticalgaviao.pt\/wp-content\/uploads\/2025\/03\/Agricultura_-7-225x300.jpg 225w\" sizes=\"auto, (max-width: 375px) 100vw, 375px\" \/><\/a><\/figure>\n\n\n\n<figure class=\"wp-block-image size-large\"><a href=\"https:\/\/www.agrupamentoverticalgaviao.pt\/wp-content\/uploads\/2025\/03\/Agricultura_-9.jpg\" target=\"_blank\"><img loading=\"lazy\" decoding=\"async\" width=\"375\" height=\"500\" data-id=\"46005\" src=\"https:\/\/www.agrupamentoverticalgaviao.pt\/wp-content\/uploads\/2025\/03\/Agricultura_-9.jpg\" alt=\"\" class=\"wp-image-46005\" srcset=\"https:\/\/www.agrupamentoverticalgaviao.pt\/wp-content\/uploads\/2025\/03\/Agricultura_-9.jpg 375w, https:\/\/www.agrupamentoverticalgaviao.pt\/wp-content\/uploads\/2025\/03\/Agricultura_-9-225x300.jpg 225w\" sizes=\"auto, (max-width: 375px) 100vw, 375px\" \/><\/a><\/figure>\n\n\n\n<figure class=\"wp-block-image size-large\"><a href=\"https:\/\/www.agrupamentoverticalgaviao.pt\/wp-content\/uploads\/2025\/03\/Agricultura_-24.jpg\" target=\"_blank\"><img loading=\"lazy\" decoding=\"async\" width=\"666\" height=\"500\" data-id=\"46020\" src=\"https:\/\/www.agrupamentoverticalgaviao.pt\/wp-content\/uploads\/2025\/03\/Agricultura_-24.jpg\" alt=\"\" class=\"wp-image-46020\" srcset=\"https:\/\/www.agrupamentoverticalgaviao.pt\/wp-content\/uploads\/2025\/03\/Agricultura_-24.jpg 666w, https:\/\/www.agrupamentoverticalgaviao.pt\/wp-content\/uploads\/2025\/03\/Agricultura_-24-300x225.jpg 300w\" sizes=\"auto, (max-width: 666px) 100vw, 666px\" \/><\/a><\/figure>\n\n\n\n<figure class=\"wp-block-image size-large\"><a href=\"https:\/\/www.agrupamentoverticalgaviao.pt\/wp-content\/uploads\/2025\/03\/Agricultura_-16.jpg\" target=\"_blank\"><img loading=\"lazy\" decoding=\"async\" width=\"375\" height=\"500\" data-id=\"46012\" src=\"https:\/\/www.agrupamentoverticalgaviao.pt\/wp-content\/uploads\/2025\/03\/Agricultura_-16.jpg\" alt=\"\" class=\"wp-image-46012\" srcset=\"https:\/\/www.agrupamentoverticalgaviao.pt\/wp-content\/uploads\/2025\/03\/Agricultura_-16.jpg 375w, https:\/\/www.agrupamentoverticalgaviao.pt\/wp-content\/uploads\/2025\/03\/Agricultura_-16-225x300.jpg 225w\" sizes=\"auto, (max-width: 375px) 100vw, 375px\" \/><\/a><\/figure>\n\n\n\n<figure class=\"wp-block-image size-large\"><a href=\"https:\/\/www.agrupamentoverticalgaviao.pt\/wp-content\/uploads\/2025\/03\/Agricultura_-26.jpg\" target=\"_blank\"><img loading=\"lazy\" decoding=\"async\" width=\"375\" height=\"500\" data-id=\"46022\" src=\"https:\/\/www.agrupamentoverticalgaviao.pt\/wp-content\/uploads\/2025\/03\/Agricultura_-26.jpg\" alt=\"\" class=\"wp-image-46022\" srcset=\"https:\/\/www.agrupamentoverticalgaviao.pt\/wp-content\/uploads\/2025\/03\/Agricultura_-26.jpg 375w, https:\/\/www.agrupamentoverticalgaviao.pt\/wp-content\/uploads\/2025\/03\/Agricultura_-26-225x300.jpg 225w\" sizes=\"auto, (max-width: 375px) 100vw, 375px\" \/><\/a><\/figure>\n\n\n\n<figure class=\"wp-block-image size-large\"><a href=\"https:\/\/www.agrupamentoverticalgaviao.pt\/wp-content\/uploads\/2025\/03\/Agricultura_-15.jpg\" target=\"_blank\"><img loading=\"lazy\" decoding=\"async\" width=\"375\" height=\"500\" data-id=\"46011\" src=\"https:\/\/www.agrupamentoverticalgaviao.pt\/wp-content\/uploads\/2025\/03\/Agricultura_-15.jpg\" alt=\"\" class=\"wp-image-46011\" srcset=\"https:\/\/www.agrupamentoverticalgaviao.pt\/wp-content\/uploads\/2025\/03\/Agricultura_-15.jpg 375w, https:\/\/www.agrupamentoverticalgaviao.pt\/wp-content\/uploads\/2025\/03\/Agricultura_-15-225x300.jpg 225w\" sizes=\"auto, (max-width: 375px) 100vw, 375px\" \/><\/a><\/figure>\n\n\n\n<figure class=\"wp-block-image size-large\"><a href=\"https:\/\/www.agrupamentoverticalgaviao.pt\/wp-content\/uploads\/2025\/03\/Agricultura_-27.jpg\" target=\"_blank\"><img loading=\"lazy\" decoding=\"async\" width=\"375\" height=\"500\" data-id=\"46023\" src=\"https:\/\/www.agrupamentoverticalgaviao.pt\/wp-content\/uploads\/2025\/03\/Agricultura_-27.jpg\" alt=\"\" class=\"wp-image-46023\" srcset=\"https:\/\/www.agrupamentoverticalgaviao.pt\/wp-content\/uploads\/2025\/03\/Agricultura_-27.jpg 375w, https:\/\/www.agrupamentoverticalgaviao.pt\/wp-content\/uploads\/2025\/03\/Agricultura_-27-225x300.jpg 225w\" sizes=\"auto, (max-width: 375px) 100vw, 375px\" \/><\/a><\/figure>\n\n\n\n<figure class=\"wp-block-image size-large\"><a href=\"https:\/\/www.agrupamentoverticalgaviao.pt\/wp-content\/uploads\/2025\/03\/Agricultura_-5.jpg\" target=\"_blank\"><img loading=\"lazy\" decoding=\"async\" width=\"375\" height=\"500\" data-id=\"46001\" src=\"https:\/\/www.agrupamentoverticalgaviao.pt\/wp-content\/uploads\/2025\/03\/Agricultura_-5.jpg\" alt=\"\" class=\"wp-image-46001\" srcset=\"https:\/\/www.agrupamentoverticalgaviao.pt\/wp-content\/uploads\/2025\/03\/Agricultura_-5.jpg 375w, https:\/\/www.agrupamentoverticalgaviao.pt\/wp-content\/uploads\/2025\/03\/Agricultura_-5-225x300.jpg 225w\" sizes=\"auto, (max-width: 375px) 100vw, 375px\" \/><\/a><\/figure>\n\n\n\n<figure class=\"wp-block-image size-large\"><a href=\"https:\/\/www.agrupamentoverticalgaviao.pt\/wp-content\/uploads\/2025\/03\/Agricultura_-19.jpg\" target=\"_blank\"><img loading=\"lazy\" decoding=\"async\" width=\"375\" height=\"500\" data-id=\"46015\" src=\"https:\/\/www.agrupamentoverticalgaviao.pt\/wp-content\/uploads\/2025\/03\/Agricultura_-19.jpg\" alt=\"\" class=\"wp-image-46015\" srcset=\"https:\/\/www.agrupamentoverticalgaviao.pt\/wp-content\/uploads\/2025\/03\/Agricultura_-19.jpg 375w, https:\/\/www.agrupamentoverticalgaviao.pt\/wp-content\/uploads\/2025\/03\/Agricultura_-19-225x300.jpg 225w\" sizes=\"auto, (max-width: 375px) 100vw, 375px\" \/><\/a><\/figure>\n\n\n\n<figure class=\"wp-block-image size-large\"><a href=\"https:\/\/www.agrupamentoverticalgaviao.pt\/wp-content\/uploads\/2025\/03\/Agricultura_-14.jpg\" target=\"_blank\"><img loading=\"lazy\" decoding=\"async\" width=\"375\" height=\"500\" data-id=\"46010\" src=\"https:\/\/www.agrupamentoverticalgaviao.pt\/wp-content\/uploads\/2025\/03\/Agricultura_-14.jpg\" alt=\"\" class=\"wp-image-46010\" srcset=\"https:\/\/www.agrupamentoverticalgaviao.pt\/wp-content\/uploads\/2025\/03\/Agricultura_-14.jpg 375w, https:\/\/www.agrupamentoverticalgaviao.pt\/wp-content\/uploads\/2025\/03\/Agricultura_-14-225x300.jpg 225w\" sizes=\"auto, (max-width: 375px) 100vw, 375px\" \/><\/a><\/figure>\n\n\n\n<figure class=\"wp-block-image size-large\"><a href=\"https:\/\/www.agrupamentoverticalgaviao.pt\/wp-content\/uploads\/2025\/03\/Agricultura_-2.jpg\" target=\"_blank\"><img loading=\"lazy\" decoding=\"async\" width=\"667\" height=\"500\" data-id=\"45998\" src=\"https:\/\/www.agrupamentoverticalgaviao.pt\/wp-content\/uploads\/2025\/03\/Agricultura_-2.jpg\" alt=\"\" class=\"wp-image-45998\" srcset=\"https:\/\/www.agrupamentoverticalgaviao.pt\/wp-content\/uploads\/2025\/03\/Agricultura_-2.jpg 667w, https:\/\/www.agrupamentoverticalgaviao.pt\/wp-content\/uploads\/2025\/03\/Agricultura_-2-300x225.jpg 300w\" sizes=\"auto, (max-width: 667px) 100vw, 667px\" \/><\/a><\/figure>\n\n\n\n<figure class=\"wp-block-image size-large\"><a href=\"https:\/\/www.agrupamentoverticalgaviao.pt\/wp-content\/uploads\/2025\/03\/Agricultura_-4.jpg\" target=\"_blank\"><img loading=\"lazy\" decoding=\"async\" width=\"375\" height=\"500\" data-id=\"46000\" src=\"https:\/\/www.agrupamentoverticalgaviao.pt\/wp-content\/uploads\/2025\/03\/Agricultura_-4.jpg\" alt=\"\" class=\"wp-image-46000\" srcset=\"https:\/\/www.agrupamentoverticalgaviao.pt\/wp-content\/uploads\/2025\/03\/Agricultura_-4.jpg 375w, https:\/\/www.agrupamentoverticalgaviao.pt\/wp-content\/uploads\/2025\/03\/Agricultura_-4-225x300.jpg 225w\" sizes=\"auto, (max-width: 375px) 100vw, 375px\" \/><\/a><\/figure>\n\n\n\n<figure class=\"wp-block-image size-large\"><a href=\"https:\/\/www.agrupamentoverticalgaviao.pt\/wp-content\/uploads\/2025\/03\/Agricultura_-18.jpg\" target=\"_blank\"><img loading=\"lazy\" decoding=\"async\" width=\"375\" height=\"500\" data-id=\"46014\" src=\"https:\/\/www.agrupamentoverticalgaviao.pt\/wp-content\/uploads\/2025\/03\/Agricultura_-18.jpg\" alt=\"\" class=\"wp-image-46014\" srcset=\"https:\/\/www.agrupamentoverticalgaviao.pt\/wp-content\/uploads\/2025\/03\/Agricultura_-18.jpg 375w, https:\/\/www.agrupamentoverticalgaviao.pt\/wp-content\/uploads\/2025\/03\/Agricultura_-18-225x300.jpg 225w\" sizes=\"auto, (max-width: 375px) 100vw, 375px\" \/><\/a><\/figure>\n\n\n\n<figure class=\"wp-block-image size-large\"><a href=\"https:\/\/www.agrupamentoverticalgaviao.pt\/wp-content\/uploads\/2025\/03\/Agricultura_-22.jpg\" target=\"_blank\"><img loading=\"lazy\" decoding=\"async\" width=\"375\" height=\"500\" data-id=\"46018\" src=\"https:\/\/www.agrupamentoverticalgaviao.pt\/wp-content\/uploads\/2025\/03\/Agricultura_-22.jpg\" alt=\"\" class=\"wp-image-46018\" srcset=\"https:\/\/www.agrupamentoverticalgaviao.pt\/wp-content\/uploads\/2025\/03\/Agricultura_-22.jpg 375w, https:\/\/www.agrupamentoverticalgaviao.pt\/wp-content\/uploads\/2025\/03\/Agricultura_-22-225x300.jpg 225w\" sizes=\"auto, (max-width: 375px) 100vw, 375px\" \/><\/a><\/figure>\n<\/figure>\n","protected":false},"excerpt":{"rendered":"<p>Sala 2 do JI do Gavi\u00e3o celebra a Agricultura No dia 20 de mar\u00e7o, &hellip; <\/p>\n","protected":false},"author":2,"featured_media":46026,"comment_status":"closed","ping_status":"closed","sticky":false,"template":"","format":"standard","meta":{"footnotes":""},"categories":[281],"tags":[],"class_list":["post-45996","post","type-post","status-publish","format-standard","has-post-thumbnail","hentry","category-dia-mundial-da-agricultura"],"yoast_head":"<!-- This site is optimized with the Yoast SEO plugin v27.5 - https:\/\/yoast.com\/product\/yoast-seo-wordpress\/ -->\n<title>M\u00e3os na terra! - Agrupamento de Escolas de Gavi\u00e3o<\/title>\n<meta name=\"robots\" content=\"index, follow, max-snippet:-1, max-image-preview:large, max-video-preview:-1\" \/>\n<link rel=\"canonical\" href=\"https:\/\/www.agrupamentoverticalgaviao.pt\/?p=45996\" \/>\n<meta property=\"og:locale\" content=\"pt_PT\" \/>\n<meta property=\"og:type\" content=\"article\" \/>\n<meta property=\"og:title\" content=\"M\u00e3os na terra! - Agrupamento de Escolas de Gavi\u00e3o\" \/>\n<meta property=\"og:description\" content=\"Sala 2 do JI do Gavi\u00e3o celebra a Agricultura No dia 20 de mar\u00e7o, &hellip;\" \/>\n<meta property=\"og:url\" content=\"https:\/\/www.agrupamentoverticalgaviao.pt\/?p=45996\" \/>\n<meta property=\"og:site_name\" content=\"Agrupamento de Escolas de Gavi\u00e3o\" \/>\n<meta property=\"article:published_time\" content=\"2025-03-23T22:46:48+00:00\" \/>\n<meta property=\"article:modified_time\" content=\"2025-03-23T22:46:51+00:00\" \/>\n<meta property=\"og:image\" content=\"https:\/\/www.agrupamentoverticalgaviao.pt\/wp-content\/uploads\/2025\/03\/Agricultura_2.jpg\" \/>\n\t<meta property=\"og:image:width\" content=\"1400\" \/>\n\t<meta property=\"og:image:height\" content=\"800\" \/>\n\t<meta property=\"og:image:type\" content=\"image\/jpeg\" \/>\n<meta name=\"author\" content=\"marco Vilela\" \/>\n<meta name=\"twitter:card\" content=\"summary_large_image\" \/>\n<meta name=\"twitter:label1\" content=\"Escrito por\" \/>\n\t<meta name=\"twitter:data1\" content=\"marco Vilela\" \/>\n\t<meta name=\"twitter:label2\" content=\"Tempo estimado de leitura\" \/>\n\t<meta name=\"twitter:data2\" content=\"8 minutos\" \/>\n<script type=\"application\/ld+json\" class=\"yoast-schema-graph\">{\"@context\":\"https:\\\/\\\/schema.org\",\"@graph\":[{\"@type\":\"Article\",\"@id\":\"https:\\\/\\\/www.agrupamentoverticalgaviao.pt\\\/?p=45996#article\",\"isPartOf\":{\"@id\":\"https:\\\/\\\/www.agrupamentoverticalgaviao.pt\\\/?p=45996\"},\"author\":{\"name\":\"marco Vilela\",\"@id\":\"https:\\\/\\\/www.agrupamentoverticalgaviao.pt\\\/#\\\/schema\\\/person\\\/b337300b08ca20a17717f1b413f4b253\"},\"headline\":\"M\u00e3os na terra!\",\"datePublished\":\"2025-03-23T22:46:48+00:00\",\"dateModified\":\"2025-03-23T22:46:51+00:00\",\"mainEntityOfPage\":{\"@id\":\"https:\\\/\\\/www.agrupamentoverticalgaviao.pt\\\/?p=45996\"},\"wordCount\":270,\"image\":{\"@id\":\"https:\\\/\\\/www.agrupamentoverticalgaviao.pt\\\/?p=45996#primaryimage\"},\"thumbnailUrl\":\"https:\\\/\\\/www.agrupamentoverticalgaviao.pt\\\/wp-content\\\/uploads\\\/2025\\\/03\\\/Agricultura_2.jpg\",\"articleSection\":[\"Dia Mundial da Agricultura\"],\"inLanguage\":\"pt-PT\"},{\"@type\":\"WebPage\",\"@id\":\"https:\\\/\\\/www.agrupamentoverticalgaviao.pt\\\/?p=45996\",\"url\":\"https:\\\/\\\/www.agrupamentoverticalgaviao.pt\\\/?p=45996\",\"name\":\"M\u00e3os na terra! - Agrupamento de Escolas de Gavi\u00e3o\",\"isPartOf\":{\"@id\":\"https:\\\/\\\/www.agrupamentoverticalgaviao.pt\\\/#website\"},\"primaryImageOfPage\":{\"@id\":\"https:\\\/\\\/www.agrupamentoverticalgaviao.pt\\\/?p=45996#primaryimage\"},\"image\":{\"@id\":\"https:\\\/\\\/www.agrupamentoverticalgaviao.pt\\\/?p=45996#primaryimage\"},\"thumbnailUrl\":\"https:\\\/\\\/www.agrupamentoverticalgaviao.pt\\\/wp-content\\\/uploads\\\/2025\\\/03\\\/Agricultura_2.jpg\",\"datePublished\":\"2025-03-23T22:46:48+00:00\",\"dateModified\":\"2025-03-23T22:46:51+00:00\",\"author\":{\"@id\":\"https:\\\/\\\/www.agrupamentoverticalgaviao.pt\\\/#\\\/schema\\\/person\\\/b337300b08ca20a17717f1b413f4b253\"},\"breadcrumb\":{\"@id\":\"https:\\\/\\\/www.agrupamentoverticalgaviao.pt\\\/?p=45996#breadcrumb\"},\"inLanguage\":\"pt-PT\",\"potentialAction\":[{\"@type\":\"ReadAction\",\"target\":[\"https:\\\/\\\/www.agrupamentoverticalgaviao.pt\\\/?p=45996\"]}]},{\"@type\":\"ImageObject\",\"inLanguage\":\"pt-PT\",\"@id\":\"https:\\\/\\\/www.agrupamentoverticalgaviao.pt\\\/?p=45996#primaryimage\",\"url\":\"https:\\\/\\\/www.agrupamentoverticalgaviao.pt\\\/wp-content\\\/uploads\\\/2025\\\/03\\\/Agricultura_2.jpg\",\"contentUrl\":\"https:\\\/\\\/www.agrupamentoverticalgaviao.pt\\\/wp-content\\\/uploads\\\/2025\\\/03\\\/Agricultura_2.jpg\",\"width\":1400,\"height\":800},{\"@type\":\"BreadcrumbList\",\"@id\":\"https:\\\/\\\/www.agrupamentoverticalgaviao.pt\\\/?p=45996#breadcrumb\",\"itemListElement\":[{\"@type\":\"ListItem\",\"position\":1,\"name\":\"In\u00edcio\",\"item\":\"https:\\\/\\\/www.agrupamentoverticalgaviao.pt\\\/\"},{\"@type\":\"ListItem\",\"position\":2,\"name\":\"M\u00e3os na terra!\"}]},{\"@type\":\"WebSite\",\"@id\":\"https:\\\/\\\/www.agrupamentoverticalgaviao.pt\\\/#website\",\"url\":\"https:\\\/\\\/www.agrupamentoverticalgaviao.pt\\\/\",\"name\":\"Agrupamento de Escolas de Gavi\u00e3o\",\"description\":\"\",\"alternateName\":\"Agrupamento de Escolas de Gavi\u00e3o\",\"potentialAction\":[{\"@type\":\"SearchAction\",\"target\":{\"@type\":\"EntryPoint\",\"urlTemplate\":\"https:\\\/\\\/www.agrupamentoverticalgaviao.pt\\\/?s={search_term_string}\"},\"query-input\":{\"@type\":\"PropertyValueSpecification\",\"valueRequired\":true,\"valueName\":\"search_term_string\"}}],\"inLanguage\":\"pt-PT\"},{\"@type\":\"Person\",\"@id\":\"https:\\\/\\\/www.agrupamentoverticalgaviao.pt\\\/#\\\/schema\\\/person\\\/b337300b08ca20a17717f1b413f4b253\",\"name\":\"marco Vilela\",\"image\":{\"@type\":\"ImageObject\",\"inLanguage\":\"pt-PT\",\"@id\":\"https:\\\/\\\/secure.gravatar.com\\\/avatar\\\/8eb0feb60b637bbf624addb993bbcd710c4802ede472519543b7b7625a815e2d?s=96&d=mm&r=g\",\"url\":\"https:\\\/\\\/secure.gravatar.com\\\/avatar\\\/8eb0feb60b637bbf624addb993bbcd710c4802ede472519543b7b7625a815e2d?s=96&d=mm&r=g\",\"contentUrl\":\"https:\\\/\\\/secure.gravatar.com\\\/avatar\\\/8eb0feb60b637bbf624addb993bbcd710c4802ede472519543b7b7625a815e2d?s=96&d=mm&r=g\",\"caption\":\"marco Vilela\"},\"url\":\"https:\\\/\\\/www.agrupamentoverticalgaviao.pt\\\/?author=2\"}]}<\/script>\n<!-- \/ Yoast SEO plugin. -->","yoast_head_json":{"title":"M\u00e3os na terra! - Agrupamento de Escolas de Gavi\u00e3o","robots":{"index":"index","follow":"follow","max-snippet":"max-snippet:-1","max-image-preview":"max-image-preview:large","max-video-preview":"max-video-preview:-1"},"canonical":"https:\/\/www.agrupamentoverticalgaviao.pt\/?p=45996","og_locale":"pt_PT","og_type":"article","og_title":"M\u00e3os na terra! - Agrupamento de Escolas de Gavi\u00e3o","og_description":"Sala 2 do JI do Gavi\u00e3o celebra a Agricultura No dia 20 de mar\u00e7o, &hellip;","og_url":"https:\/\/www.agrupamentoverticalgaviao.pt\/?p=45996","og_site_name":"Agrupamento de Escolas de Gavi\u00e3o","article_published_time":"2025-03-23T22:46:48+00:00","article_modified_time":"2025-03-23T22:46:51+00:00","og_image":[{"width":1400,"height":800,"url":"https:\/\/www.agrupamentoverticalgaviao.pt\/wp-content\/uploads\/2025\/03\/Agricultura_2.jpg","type":"image\/jpeg"}],"author":"marco Vilela","twitter_card":"summary_large_image","twitter_misc":{"Escrito por":"marco Vilela","Tempo estimado de leitura":"8 minutos"},"schema":{"@context":"https:\/\/schema.org","@graph":[{"@type":"Article","@id":"https:\/\/www.agrupamentoverticalgaviao.pt\/?p=45996#article","isPartOf":{"@id":"https:\/\/www.agrupamentoverticalgaviao.pt\/?p=45996"},"author":{"name":"marco Vilela","@id":"https:\/\/www.agrupamentoverticalgaviao.pt\/#\/schema\/person\/b337300b08ca20a17717f1b413f4b253"},"headline":"M\u00e3os na terra!","datePublished":"2025-03-23T22:46:48+00:00","dateModified":"2025-03-23T22:46:51+00:00","mainEntityOfPage":{"@id":"https:\/\/www.agrupamentoverticalgaviao.pt\/?p=45996"},"wordCount":270,"image":{"@id":"https:\/\/www.agrupamentoverticalgaviao.pt\/?p=45996#primaryimage"},"thumbnailUrl":"https:\/\/www.agrupamentoverticalgaviao.pt\/wp-content\/uploads\/2025\/03\/Agricultura_2.jpg","articleSection":["Dia Mundial da Agricultura"],"inLanguage":"pt-PT"},{"@type":"WebPage","@id":"https:\/\/www.agrupamentoverticalgaviao.pt\/?p=45996","url":"https:\/\/www.agrupamentoverticalgaviao.pt\/?p=45996","name":"M\u00e3os na terra! - Agrupamento de Escolas de Gavi\u00e3o","isPartOf":{"@id":"https:\/\/www.agrupamentoverticalgaviao.pt\/#website"},"primaryImageOfPage":{"@id":"https:\/\/www.agrupamentoverticalgaviao.pt\/?p=45996#primaryimage"},"image":{"@id":"https:\/\/www.agrupamentoverticalgaviao.pt\/?p=45996#primaryimage"},"thumbnailUrl":"https:\/\/www.agrupamentoverticalgaviao.pt\/wp-content\/uploads\/2025\/03\/Agricultura_2.jpg","datePublished":"2025-03-23T22:46:48+00:00","dateModified":"2025-03-23T22:46:51+00:00","author":{"@id":"https:\/\/www.agrupamentoverticalgaviao.pt\/#\/schema\/person\/b337300b08ca20a17717f1b413f4b253"},"breadcrumb":{"@id":"https:\/\/www.agrupamentoverticalgaviao.pt\/?p=45996#breadcrumb"},"inLanguage":"pt-PT","potentialAction":[{"@type":"ReadAction","target":["https:\/\/www.agrupamentoverticalgaviao.pt\/?p=45996"]}]},{"@type":"ImageObject","inLanguage":"pt-PT","@id":"https:\/\/www.agrupamentoverticalgaviao.pt\/?p=45996#primaryimage","url":"https:\/\/www.agrupamentoverticalgaviao.pt\/wp-content\/uploads\/2025\/03\/Agricultura_2.jpg","contentUrl":"https:\/\/www.agrupamentoverticalgaviao.pt\/wp-content\/uploads\/2025\/03\/Agricultura_2.jpg","width":1400,"height":800},{"@type":"BreadcrumbList","@id":"https:\/\/www.agrupamentoverticalgaviao.pt\/?p=45996#breadcrumb","itemListElement":[{"@type":"ListItem","position":1,"name":"In\u00edcio","item":"https:\/\/www.agrupamentoverticalgaviao.pt\/"},{"@type":"ListItem","position":2,"name":"M\u00e3os na terra!"}]},{"@type":"WebSite","@id":"https:\/\/www.agrupamentoverticalgaviao.pt\/#website","url":"https:\/\/www.agrupamentoverticalgaviao.pt\/","name":"Agrupamento de Escolas de Gavi\u00e3o","description":"","alternateName":"Agrupamento de Escolas de Gavi\u00e3o","potentialAction":[{"@type":"SearchAction","target":{"@type":"EntryPoint","urlTemplate":"https:\/\/www.agrupamentoverticalgaviao.pt\/?s={search_term_string}"},"query-input":{"@type":"PropertyValueSpecification","valueRequired":true,"valueName":"search_term_string"}}],"inLanguage":"pt-PT"},{"@type":"Person","@id":"https:\/\/www.agrupamentoverticalgaviao.pt\/#\/schema\/person\/b337300b08ca20a17717f1b413f4b253","name":"marco Vilela","image":{"@type":"ImageObject","inLanguage":"pt-PT","@id":"https:\/\/secure.gravatar.com\/avatar\/8eb0feb60b637bbf624addb993bbcd710c4802ede472519543b7b7625a815e2d?s=96&d=mm&r=g","url":"https:\/\/secure.gravatar.com\/avatar\/8eb0feb60b637bbf624addb993bbcd710c4802ede472519543b7b7625a815e2d?s=96&d=mm&r=g","contentUrl":"https:\/\/secure.gravatar.com\/avatar\/8eb0feb60b637bbf624addb993bbcd710c4802ede472519543b7b7625a815e2d?s=96&d=mm&r=g","caption":"marco Vilela"},"url":"https:\/\/www.agrupamentoverticalgaviao.pt\/?author=2"}]}},"_links":{"self":[{"href":"https:\/\/www.agrupamentoverticalgaviao.pt\/index.php?rest_route=\/wp\/v2\/posts\/45996","targetHints":{"allow":["GET"]}}],"collection":[{"href":"https:\/\/www.agrupamentoverticalgaviao.pt\/index.php?rest_route=\/wp\/v2\/posts"}],"about":[{"href":"https:\/\/www.agrupamentoverticalgaviao.pt\/index.php?rest_route=\/wp\/v2\/types\/post"}],"author":[{"embeddable":true,"href":"https:\/\/www.agrupamentoverticalgaviao.pt\/index.php?rest_route=\/wp\/v2\/users\/2"}],"replies":[{"embeddable":true,"href":"https:\/\/www.agrupamentoverticalgaviao.pt\/index.php?rest_route=%2Fwp%2Fv2%2Fcomments&post=45996"}],"version-history":[{"count":1,"href":"https:\/\/www.agrupamentoverticalgaviao.pt\/index.php?rest_route=\/wp\/v2\/posts\/45996\/revisions"}],"predecessor-version":[{"id":46027,"href":"https:\/\/www.agrupamentoverticalgaviao.pt\/index.php?rest_route=\/wp\/v2\/posts\/45996\/revisions\/46027"}],"wp:featuredmedia":[{"embeddable":true,"href":"https:\/\/www.agrupamentoverticalgaviao.pt\/index.php?rest_route=\/wp\/v2\/media\/46026"}],"wp:attachment":[{"href":"https:\/\/www.agrupamentoverticalgaviao.pt\/index.php?rest_route=%2Fwp%2Fv2%2Fmedia&parent=45996"}],"wp:term":[{"taxonomy":"category","embeddable":true,"href":"https:\/\/www.agrupamentoverticalgaviao.pt\/index.php?rest_route=%2Fwp%2Fv2%2Fcategories&post=45996"},{"taxonomy":"post_tag","embeddable":true,"href":"https:\/\/www.agrupamentoverticalgaviao.pt\/index.php?rest_route=%2Fwp%2Fv2%2Ftags&post=45996"}],"curies":[{"name":"wp","href":"https:\/\/api.w.org\/{rel}","templated":true}]}}