{"id":45502,"date":"2025-01-29T22:48:17","date_gmt":"2025-01-29T22:48:17","guid":{"rendered":"https:\/\/www.agrupamentoverticalgaviao.pt\/?p=45502"},"modified":"2025-01-29T22:48:19","modified_gmt":"2025-01-29T22:48:19","slug":"sessao-escolar-do-parlamento-dos-jovens-secundario","status":"publish","type":"post","link":"https:\/\/www.agrupamentoverticalgaviao.pt\/?p=45502","title":{"rendered":"Sess\u00e3o Escolar do Parlamento dos Jovens &#8211; secund\u00e1rio"},"content":{"rendered":"\n<p>Decorreu no dia 22 a Sess\u00e3o Escolar do Parlamento referente ao ensino secund\u00e1rio. Os jovens deputados elegeram os elementos da mesa para dirigirem os trabalhos, apresentaram e debateram as medidas propostas nos projetos de recomenda\u00e7\u00e3o, elegeram os deputados \u00e0 Sess\u00e3o Distrital e o deputado que ir\u00e1 concorrer para a presid\u00eancia da mesa da sess\u00e3o distrital. Foram eleitos os deputados Gabriel Silva, Madalena Fernandes, Steve Lu\u00eds, Joana Matos, Miguel Batista e \u00c2ngelo Matos. O candidato \u00e0 mesa da sess\u00e3o distrital \u00e9 o deputado Miguel Batista.<\/p>\n\n\n\n<figure class=\"wp-block-gallery has-nested-images columns-4 is-cropped wp-block-gallery-1 is-layout-flex wp-block-gallery-is-layout-flex\">\n<figure class=\"wp-block-image size-large\"><a href=\"https:\/\/www.agrupamentoverticalgaviao.pt\/wp-content\/uploads\/2025\/01\/SessaoEscolar-1.jpg\"><img loading=\"lazy\" decoding=\"async\" width=\"1024\" height=\"768\" data-id=\"45503\" src=\"https:\/\/www.agrupamentoverticalgaviao.pt\/wp-content\/uploads\/2025\/01\/SessaoEscolar-1.jpg\" alt=\"\" class=\"wp-image-45503\" srcset=\"https:\/\/www.agrupamentoverticalgaviao.pt\/wp-content\/uploads\/2025\/01\/SessaoEscolar-1.jpg 1024w, https:\/\/www.agrupamentoverticalgaviao.pt\/wp-content\/uploads\/2025\/01\/SessaoEscolar-1-300x225.jpg 300w, https:\/\/www.agrupamentoverticalgaviao.pt\/wp-content\/uploads\/2025\/01\/SessaoEscolar-1-768x576.jpg 768w\" sizes=\"auto, (max-width: 1024px) 100vw, 1024px\" \/><\/a><\/figure>\n\n\n\n<figure class=\"wp-block-image size-large\"><a href=\"https:\/\/www.agrupamentoverticalgaviao.pt\/wp-content\/uploads\/2025\/01\/SessaoEscolar-2.jpg\"><img loading=\"lazy\" decoding=\"async\" width=\"1024\" height=\"768\" data-id=\"45505\" src=\"https:\/\/www.agrupamentoverticalgaviao.pt\/wp-content\/uploads\/2025\/01\/SessaoEscolar-2.jpg\" alt=\"\" class=\"wp-image-45505\" srcset=\"https:\/\/www.agrupamentoverticalgaviao.pt\/wp-content\/uploads\/2025\/01\/SessaoEscolar-2.jpg 1024w, https:\/\/www.agrupamentoverticalgaviao.pt\/wp-content\/uploads\/2025\/01\/SessaoEscolar-2-300x225.jpg 300w, https:\/\/www.agrupamentoverticalgaviao.pt\/wp-content\/uploads\/2025\/01\/SessaoEscolar-2-768x576.jpg 768w\" sizes=\"auto, (max-width: 1024px) 100vw, 1024px\" \/><\/a><\/figure>\n\n\n\n<figure class=\"wp-block-image size-large\"><a href=\"https:\/\/www.agrupamentoverticalgaviao.pt\/wp-content\/uploads\/2025\/01\/SessaoEscolar-3.jpg\"><img loading=\"lazy\" decoding=\"async\" width=\"1024\" height=\"768\" data-id=\"45504\" src=\"https:\/\/www.agrupamentoverticalgaviao.pt\/wp-content\/uploads\/2025\/01\/SessaoEscolar-3.jpg\" alt=\"\" class=\"wp-image-45504\" srcset=\"https:\/\/www.agrupamentoverticalgaviao.pt\/wp-content\/uploads\/2025\/01\/SessaoEscolar-3.jpg 1024w, https:\/\/www.agrupamentoverticalgaviao.pt\/wp-content\/uploads\/2025\/01\/SessaoEscolar-3-300x225.jpg 300w, https:\/\/www.agrupamentoverticalgaviao.pt\/wp-content\/uploads\/2025\/01\/SessaoEscolar-3-768x576.jpg 768w\" sizes=\"auto, (max-width: 1024px) 100vw, 1024px\" \/><\/a><\/figure>\n\n\n\n<figure class=\"wp-block-image size-large\"><a href=\"https:\/\/www.agrupamentoverticalgaviao.pt\/wp-content\/uploads\/2025\/01\/SessaoEscolar-4.jpg\"><img loading=\"lazy\" decoding=\"async\" width=\"1024\" height=\"768\" data-id=\"45508\" src=\"https:\/\/www.agrupamentoverticalgaviao.pt\/wp-content\/uploads\/2025\/01\/SessaoEscolar-4.jpg\" alt=\"\" class=\"wp-image-45508\" srcset=\"https:\/\/www.agrupamentoverticalgaviao.pt\/wp-content\/uploads\/2025\/01\/SessaoEscolar-4.jpg 1024w, https:\/\/www.agrupamentoverticalgaviao.pt\/wp-content\/uploads\/2025\/01\/SessaoEscolar-4-300x225.jpg 300w, https:\/\/www.agrupamentoverticalgaviao.pt\/wp-content\/uploads\/2025\/01\/SessaoEscolar-4-768x576.jpg 768w\" sizes=\"auto, (max-width: 1024px) 100vw, 1024px\" \/><\/a><\/figure>\n\n\n\n<figure class=\"wp-block-image size-large\"><a href=\"https:\/\/www.agrupamentoverticalgaviao.pt\/wp-content\/uploads\/2025\/01\/SessaoEscolar-5.jpg\"><img loading=\"lazy\" decoding=\"async\" width=\"1024\" height=\"768\" data-id=\"45507\" src=\"https:\/\/www.agrupamentoverticalgaviao.pt\/wp-content\/uploads\/2025\/01\/SessaoEscolar-5.jpg\" alt=\"\" class=\"wp-image-45507\" srcset=\"https:\/\/www.agrupamentoverticalgaviao.pt\/wp-content\/uploads\/2025\/01\/SessaoEscolar-5.jpg 1024w, https:\/\/www.agrupamentoverticalgaviao.pt\/wp-content\/uploads\/2025\/01\/SessaoEscolar-5-300x225.jpg 300w, https:\/\/www.agrupamentoverticalgaviao.pt\/wp-content\/uploads\/2025\/01\/SessaoEscolar-5-768x576.jpg 768w\" sizes=\"auto, (max-width: 1024px) 100vw, 1024px\" \/><\/a><\/figure>\n\n\n\n<figure class=\"wp-block-image size-large\"><a href=\"https:\/\/www.agrupamentoverticalgaviao.pt\/wp-content\/uploads\/2025\/01\/SessaoEscolar-6.jpg\"><img loading=\"lazy\" decoding=\"async\" width=\"1024\" height=\"768\" data-id=\"45506\" src=\"https:\/\/www.agrupamentoverticalgaviao.pt\/wp-content\/uploads\/2025\/01\/SessaoEscolar-6.jpg\" alt=\"\" class=\"wp-image-45506\" srcset=\"https:\/\/www.agrupamentoverticalgaviao.pt\/wp-content\/uploads\/2025\/01\/SessaoEscolar-6.jpg 1024w, https:\/\/www.agrupamentoverticalgaviao.pt\/wp-content\/uploads\/2025\/01\/SessaoEscolar-6-300x225.jpg 300w, https:\/\/www.agrupamentoverticalgaviao.pt\/wp-content\/uploads\/2025\/01\/SessaoEscolar-6-768x576.jpg 768w\" sizes=\"auto, (max-width: 1024px) 100vw, 1024px\" \/><\/a><\/figure>\n\n\n\n<figure class=\"wp-block-image size-large\"><a href=\"https:\/\/www.agrupamentoverticalgaviao.pt\/wp-content\/uploads\/2025\/01\/SessaoEscolar-7.jpg\"><img loading=\"lazy\" decoding=\"async\" width=\"1024\" height=\"768\" data-id=\"45510\" src=\"https:\/\/www.agrupamentoverticalgaviao.pt\/wp-content\/uploads\/2025\/01\/SessaoEscolar-7.jpg\" alt=\"\" class=\"wp-image-45510\" srcset=\"https:\/\/www.agrupamentoverticalgaviao.pt\/wp-content\/uploads\/2025\/01\/SessaoEscolar-7.jpg 1024w, https:\/\/www.agrupamentoverticalgaviao.pt\/wp-content\/uploads\/2025\/01\/SessaoEscolar-7-300x225.jpg 300w, https:\/\/www.agrupamentoverticalgaviao.pt\/wp-content\/uploads\/2025\/01\/SessaoEscolar-7-768x576.jpg 768w\" sizes=\"auto, (max-width: 1024px) 100vw, 1024px\" \/><\/a><\/figure>\n\n\n\n<figure class=\"wp-block-image size-large\"><a href=\"https:\/\/www.agrupamentoverticalgaviao.pt\/wp-content\/uploads\/2025\/01\/SessaoEscolar-8.jpg\"><img loading=\"lazy\" decoding=\"async\" width=\"1024\" height=\"768\" data-id=\"45509\" src=\"https:\/\/www.agrupamentoverticalgaviao.pt\/wp-content\/uploads\/2025\/01\/SessaoEscolar-8.jpg\" alt=\"\" class=\"wp-image-45509\" srcset=\"https:\/\/www.agrupamentoverticalgaviao.pt\/wp-content\/uploads\/2025\/01\/SessaoEscolar-8.jpg 1024w, https:\/\/www.agrupamentoverticalgaviao.pt\/wp-content\/uploads\/2025\/01\/SessaoEscolar-8-300x225.jpg 300w, https:\/\/www.agrupamentoverticalgaviao.pt\/wp-content\/uploads\/2025\/01\/SessaoEscolar-8-768x576.jpg 768w\" sizes=\"auto, (max-width: 1024px) 100vw, 1024px\" \/><\/a><\/figure>\n\n\n\n<figure class=\"wp-block-image size-large\"><a href=\"https:\/\/www.agrupamentoverticalgaviao.pt\/wp-content\/uploads\/2025\/01\/SessaoEscolar-9.jpg\"><img loading=\"lazy\" decoding=\"async\" width=\"1024\" height=\"768\" data-id=\"45512\" src=\"https:\/\/www.agrupamentoverticalgaviao.pt\/wp-content\/uploads\/2025\/01\/SessaoEscolar-9.jpg\" alt=\"\" class=\"wp-image-45512\" srcset=\"https:\/\/www.agrupamentoverticalgaviao.pt\/wp-content\/uploads\/2025\/01\/SessaoEscolar-9.jpg 1024w, https:\/\/www.agrupamentoverticalgaviao.pt\/wp-content\/uploads\/2025\/01\/SessaoEscolar-9-300x225.jpg 300w, https:\/\/www.agrupamentoverticalgaviao.pt\/wp-content\/uploads\/2025\/01\/SessaoEscolar-9-768x576.jpg 768w\" sizes=\"auto, (max-width: 1024px) 100vw, 1024px\" \/><\/a><\/figure>\n\n\n\n<figure class=\"wp-block-image size-large\"><a href=\"https:\/\/www.agrupamentoverticalgaviao.pt\/wp-content\/uploads\/2025\/01\/SessaoEscolar-10.jpg\"><img loading=\"lazy\" decoding=\"async\" width=\"1024\" height=\"768\" data-id=\"45511\" src=\"https:\/\/www.agrupamentoverticalgaviao.pt\/wp-content\/uploads\/2025\/01\/SessaoEscolar-10.jpg\" alt=\"\" class=\"wp-image-45511\" srcset=\"https:\/\/www.agrupamentoverticalgaviao.pt\/wp-content\/uploads\/2025\/01\/SessaoEscolar-10.jpg 1024w, https:\/\/www.agrupamentoverticalgaviao.pt\/wp-content\/uploads\/2025\/01\/SessaoEscolar-10-300x225.jpg 300w, https:\/\/www.agrupamentoverticalgaviao.pt\/wp-content\/uploads\/2025\/01\/SessaoEscolar-10-768x576.jpg 768w\" sizes=\"auto, (max-width: 1024px) 100vw, 1024px\" \/><\/a><\/figure>\n\n\n\n<figure class=\"wp-block-image size-large\"><a href=\"https:\/\/www.agrupamentoverticalgaviao.pt\/wp-content\/uploads\/2025\/01\/SessaoEscolar-11.jpg\"><img loading=\"lazy\" decoding=\"async\" width=\"1024\" height=\"768\" data-id=\"45513\" src=\"https:\/\/www.agrupamentoverticalgaviao.pt\/wp-content\/uploads\/2025\/01\/SessaoEscolar-11.jpg\" alt=\"\" class=\"wp-image-45513\" srcset=\"https:\/\/www.agrupamentoverticalgaviao.pt\/wp-content\/uploads\/2025\/01\/SessaoEscolar-11.jpg 1024w, https:\/\/www.agrupamentoverticalgaviao.pt\/wp-content\/uploads\/2025\/01\/SessaoEscolar-11-300x225.jpg 300w, https:\/\/www.agrupamentoverticalgaviao.pt\/wp-content\/uploads\/2025\/01\/SessaoEscolar-11-768x576.jpg 768w\" sizes=\"auto, (max-width: 1024px) 100vw, 1024px\" \/><\/a><\/figure>\n\n\n\n<figure class=\"wp-block-image size-large\"><a href=\"https:\/\/www.agrupamentoverticalgaviao.pt\/wp-content\/uploads\/2025\/01\/SessaoEscolar-12.jpg\"><img loading=\"lazy\" decoding=\"async\" width=\"1024\" height=\"768\" data-id=\"45514\" src=\"https:\/\/www.agrupamentoverticalgaviao.pt\/wp-content\/uploads\/2025\/01\/SessaoEscolar-12.jpg\" alt=\"\" class=\"wp-image-45514\" srcset=\"https:\/\/www.agrupamentoverticalgaviao.pt\/wp-content\/uploads\/2025\/01\/SessaoEscolar-12.jpg 1024w, https:\/\/www.agrupamentoverticalgaviao.pt\/wp-content\/uploads\/2025\/01\/SessaoEscolar-12-300x225.jpg 300w, https:\/\/www.agrupamentoverticalgaviao.pt\/wp-content\/uploads\/2025\/01\/SessaoEscolar-12-768x576.jpg 768w\" sizes=\"auto, (max-width: 1024px) 100vw, 1024px\" \/><\/a><\/figure>\n\n\n\n<figure class=\"wp-block-image size-large\"><a href=\"https:\/\/www.agrupamentoverticalgaviao.pt\/wp-content\/uploads\/2025\/01\/SessaoEscolar-13.jpg\"><img loading=\"lazy\" decoding=\"async\" width=\"800\" height=\"600\" data-id=\"45515\" src=\"https:\/\/www.agrupamentoverticalgaviao.pt\/wp-content\/uploads\/2025\/01\/SessaoEscolar-13.jpg\" alt=\"\" class=\"wp-image-45515\" srcset=\"https:\/\/www.agrupamentoverticalgaviao.pt\/wp-content\/uploads\/2025\/01\/SessaoEscolar-13.jpg 800w, https:\/\/www.agrupamentoverticalgaviao.pt\/wp-content\/uploads\/2025\/01\/SessaoEscolar-13-300x225.jpg 300w, https:\/\/www.agrupamentoverticalgaviao.pt\/wp-content\/uploads\/2025\/01\/SessaoEscolar-13-768x576.jpg 768w\" sizes=\"auto, (max-width: 800px) 100vw, 800px\" \/><\/a><\/figure>\n\n\n\n<figure class=\"wp-block-image size-large\"><a href=\"https:\/\/www.agrupamentoverticalgaviao.pt\/wp-content\/uploads\/2025\/01\/SessaoEscolar-14.jpg\"><img loading=\"lazy\" decoding=\"async\" width=\"1024\" height=\"768\" data-id=\"45517\" src=\"https:\/\/www.agrupamentoverticalgaviao.pt\/wp-content\/uploads\/2025\/01\/SessaoEscolar-14.jpg\" alt=\"\" class=\"wp-image-45517\" srcset=\"https:\/\/www.agrupamentoverticalgaviao.pt\/wp-content\/uploads\/2025\/01\/SessaoEscolar-14.jpg 1024w, https:\/\/www.agrupamentoverticalgaviao.pt\/wp-content\/uploads\/2025\/01\/SessaoEscolar-14-300x225.jpg 300w, https:\/\/www.agrupamentoverticalgaviao.pt\/wp-content\/uploads\/2025\/01\/SessaoEscolar-14-768x576.jpg 768w\" sizes=\"auto, (max-width: 1024px) 100vw, 1024px\" \/><\/a><\/figure>\n\n\n\n<figure class=\"wp-block-image size-large\"><a href=\"https:\/\/www.agrupamentoverticalgaviao.pt\/wp-content\/uploads\/2025\/01\/SessaoEscolar-15.jpg\"><img loading=\"lazy\" decoding=\"async\" width=\"1024\" height=\"768\" data-id=\"45516\" src=\"https:\/\/www.agrupamentoverticalgaviao.pt\/wp-content\/uploads\/2025\/01\/SessaoEscolar-15.jpg\" alt=\"\" class=\"wp-image-45516\" srcset=\"https:\/\/www.agrupamentoverticalgaviao.pt\/wp-content\/uploads\/2025\/01\/SessaoEscolar-15.jpg 1024w, https:\/\/www.agrupamentoverticalgaviao.pt\/wp-content\/uploads\/2025\/01\/SessaoEscolar-15-300x225.jpg 300w, https:\/\/www.agrupamentoverticalgaviao.pt\/wp-content\/uploads\/2025\/01\/SessaoEscolar-15-768x576.jpg 768w\" sizes=\"auto, (max-width: 1024px) 100vw, 1024px\" \/><\/a><\/figure>\n\n\n\n<figure class=\"wp-block-image size-large\"><a href=\"https:\/\/www.agrupamentoverticalgaviao.pt\/wp-content\/uploads\/2025\/01\/SessaoEscolar-16.jpg\"><img loading=\"lazy\" decoding=\"async\" width=\"1024\" height=\"768\" data-id=\"45518\" src=\"https:\/\/www.agrupamentoverticalgaviao.pt\/wp-content\/uploads\/2025\/01\/SessaoEscolar-16.jpg\" alt=\"\" class=\"wp-image-45518\" srcset=\"https:\/\/www.agrupamentoverticalgaviao.pt\/wp-content\/uploads\/2025\/01\/SessaoEscolar-16.jpg 1024w, https:\/\/www.agrupamentoverticalgaviao.pt\/wp-content\/uploads\/2025\/01\/SessaoEscolar-16-300x225.jpg 300w, https:\/\/www.agrupamentoverticalgaviao.pt\/wp-content\/uploads\/2025\/01\/SessaoEscolar-16-768x576.jpg 768w\" sizes=\"auto, (max-width: 1024px) 100vw, 1024px\" \/><\/a><\/figure>\n\n\n\n<figure class=\"wp-block-image size-large\"><a href=\"https:\/\/www.agrupamentoverticalgaviao.pt\/wp-content\/uploads\/2025\/01\/SessaoEscolar-17.jpg\"><img loading=\"lazy\" decoding=\"async\" width=\"1024\" height=\"768\" data-id=\"45519\" src=\"https:\/\/www.agrupamentoverticalgaviao.pt\/wp-content\/uploads\/2025\/01\/SessaoEscolar-17.jpg\" alt=\"\" class=\"wp-image-45519\" srcset=\"https:\/\/www.agrupamentoverticalgaviao.pt\/wp-content\/uploads\/2025\/01\/SessaoEscolar-17.jpg 1024w, https:\/\/www.agrupamentoverticalgaviao.pt\/wp-content\/uploads\/2025\/01\/SessaoEscolar-17-300x225.jpg 300w, https:\/\/www.agrupamentoverticalgaviao.pt\/wp-content\/uploads\/2025\/01\/SessaoEscolar-17-768x576.jpg 768w\" sizes=\"auto, (max-width: 1024px) 100vw, 1024px\" \/><\/a><\/figure>\n\n\n\n<figure class=\"wp-block-image size-large\"><a href=\"https:\/\/www.agrupamentoverticalgaviao.pt\/wp-content\/uploads\/2025\/01\/SessaoEscolar-18.jpg\"><img loading=\"lazy\" decoding=\"async\" width=\"1024\" height=\"768\" data-id=\"45520\" src=\"https:\/\/www.agrupamentoverticalgaviao.pt\/wp-content\/uploads\/2025\/01\/SessaoEscolar-18.jpg\" alt=\"\" class=\"wp-image-45520\" srcset=\"https:\/\/www.agrupamentoverticalgaviao.pt\/wp-content\/uploads\/2025\/01\/SessaoEscolar-18.jpg 1024w, https:\/\/www.agrupamentoverticalgaviao.pt\/wp-content\/uploads\/2025\/01\/SessaoEscolar-18-300x225.jpg 300w, https:\/\/www.agrupamentoverticalgaviao.pt\/wp-content\/uploads\/2025\/01\/SessaoEscolar-18-768x576.jpg 768w\" sizes=\"auto, (max-width: 1024px) 100vw, 1024px\" \/><\/a><\/figure>\n\n\n\n<figure class=\"wp-block-image size-large\"><a href=\"https:\/\/www.agrupamentoverticalgaviao.pt\/wp-content\/uploads\/2025\/01\/SessaoEscolar-19.jpg\"><img loading=\"lazy\" decoding=\"async\" width=\"1024\" height=\"768\" data-id=\"45521\" src=\"https:\/\/www.agrupamentoverticalgaviao.pt\/wp-content\/uploads\/2025\/01\/SessaoEscolar-19.jpg\" alt=\"\" class=\"wp-image-45521\" srcset=\"https:\/\/www.agrupamentoverticalgaviao.pt\/wp-content\/uploads\/2025\/01\/SessaoEscolar-19.jpg 1024w, https:\/\/www.agrupamentoverticalgaviao.pt\/wp-content\/uploads\/2025\/01\/SessaoEscolar-19-300x225.jpg 300w, https:\/\/www.agrupamentoverticalgaviao.pt\/wp-content\/uploads\/2025\/01\/SessaoEscolar-19-768x576.jpg 768w\" sizes=\"auto, (max-width: 1024px) 100vw, 1024px\" \/><\/a><\/figure>\n\n\n\n<figure class=\"wp-block-image size-large\"><a href=\"https:\/\/www.agrupamentoverticalgaviao.pt\/wp-content\/uploads\/2025\/01\/SessaoEscolar-20.jpg\"><img loading=\"lazy\" decoding=\"async\" width=\"1024\" height=\"768\" data-id=\"45522\" src=\"https:\/\/www.agrupamentoverticalgaviao.pt\/wp-content\/uploads\/2025\/01\/SessaoEscolar-20.jpg\" alt=\"\" class=\"wp-image-45522\" srcset=\"https:\/\/www.agrupamentoverticalgaviao.pt\/wp-content\/uploads\/2025\/01\/SessaoEscolar-20.jpg 1024w, https:\/\/www.agrupamentoverticalgaviao.pt\/wp-content\/uploads\/2025\/01\/SessaoEscolar-20-300x225.jpg 300w, https:\/\/www.agrupamentoverticalgaviao.pt\/wp-content\/uploads\/2025\/01\/SessaoEscolar-20-768x576.jpg 768w\" sizes=\"auto, (max-width: 1024px) 100vw, 1024px\" \/><\/a><\/figure>\n\n\n\n<figure class=\"wp-block-image size-large\"><a href=\"https:\/\/www.agrupamentoverticalgaviao.pt\/wp-content\/uploads\/2025\/01\/SessaoEscolar-21.jpg\"><img loading=\"lazy\" decoding=\"async\" width=\"1024\" height=\"768\" data-id=\"45524\" src=\"https:\/\/www.agrupamentoverticalgaviao.pt\/wp-content\/uploads\/2025\/01\/SessaoEscolar-21.jpg\" alt=\"\" class=\"wp-image-45524\" srcset=\"https:\/\/www.agrupamentoverticalgaviao.pt\/wp-content\/uploads\/2025\/01\/SessaoEscolar-21.jpg 1024w, https:\/\/www.agrupamentoverticalgaviao.pt\/wp-content\/uploads\/2025\/01\/SessaoEscolar-21-300x225.jpg 300w, https:\/\/www.agrupamentoverticalgaviao.pt\/wp-content\/uploads\/2025\/01\/SessaoEscolar-21-768x576.jpg 768w\" sizes=\"auto, (max-width: 1024px) 100vw, 1024px\" \/><\/a><\/figure>\n\n\n\n<figure class=\"wp-block-image size-large\"><a href=\"https:\/\/www.agrupamentoverticalgaviao.pt\/wp-content\/uploads\/2025\/01\/SessaoEscolar-22.jpg\"><img loading=\"lazy\" decoding=\"async\" width=\"600\" height=\"800\" data-id=\"45523\" src=\"https:\/\/www.agrupamentoverticalgaviao.pt\/wp-content\/uploads\/2025\/01\/SessaoEscolar-22.jpg\" alt=\"\" class=\"wp-image-45523\" srcset=\"https:\/\/www.agrupamentoverticalgaviao.pt\/wp-content\/uploads\/2025\/01\/SessaoEscolar-22.jpg 600w, https:\/\/www.agrupamentoverticalgaviao.pt\/wp-content\/uploads\/2025\/01\/SessaoEscolar-22-225x300.jpg 225w\" sizes=\"auto, (max-width: 600px) 100vw, 600px\" \/><\/a><\/figure>\n\n\n\n<figure class=\"wp-block-image size-large\"><a href=\"https:\/\/www.agrupamentoverticalgaviao.pt\/wp-content\/uploads\/2025\/01\/SessaoEscolar-23.jpg\"><img loading=\"lazy\" decoding=\"async\" width=\"800\" height=\"600\" data-id=\"45525\" src=\"https:\/\/www.agrupamentoverticalgaviao.pt\/wp-content\/uploads\/2025\/01\/SessaoEscolar-23.jpg\" alt=\"\" class=\"wp-image-45525\" srcset=\"https:\/\/www.agrupamentoverticalgaviao.pt\/wp-content\/uploads\/2025\/01\/SessaoEscolar-23.jpg 800w, https:\/\/www.agrupamentoverticalgaviao.pt\/wp-content\/uploads\/2025\/01\/SessaoEscolar-23-300x225.jpg 300w, https:\/\/www.agrupamentoverticalgaviao.pt\/wp-content\/uploads\/2025\/01\/SessaoEscolar-23-768x576.jpg 768w\" sizes=\"auto, (max-width: 800px) 100vw, 800px\" \/><\/a><\/figure>\n\n\n\n<figure class=\"wp-block-image size-large\"><a href=\"https:\/\/www.agrupamentoverticalgaviao.pt\/wp-content\/uploads\/2025\/01\/SessaoEscolar-24.jpg\"><img loading=\"lazy\" decoding=\"async\" width=\"1024\" height=\"768\" data-id=\"45526\" src=\"https:\/\/www.agrupamentoverticalgaviao.pt\/wp-content\/uploads\/2025\/01\/SessaoEscolar-24.jpg\" alt=\"\" class=\"wp-image-45526\" srcset=\"https:\/\/www.agrupamentoverticalgaviao.pt\/wp-content\/uploads\/2025\/01\/SessaoEscolar-24.jpg 1024w, https:\/\/www.agrupamentoverticalgaviao.pt\/wp-content\/uploads\/2025\/01\/SessaoEscolar-24-300x225.jpg 300w, https:\/\/www.agrupamentoverticalgaviao.pt\/wp-content\/uploads\/2025\/01\/SessaoEscolar-24-768x576.jpg 768w\" sizes=\"auto, (max-width: 1024px) 100vw, 1024px\" \/><\/a><\/figure>\n\n\n\n<figure class=\"wp-block-image size-large\"><a href=\"https:\/\/www.agrupamentoverticalgaviao.pt\/wp-content\/uploads\/2025\/01\/SessaoEscolar-25.jpg\"><img loading=\"lazy\" decoding=\"async\" width=\"800\" height=\"600\" data-id=\"45527\" src=\"https:\/\/www.agrupamentoverticalgaviao.pt\/wp-content\/uploads\/2025\/01\/SessaoEscolar-25.jpg\" alt=\"\" class=\"wp-image-45527\" srcset=\"https:\/\/www.agrupamentoverticalgaviao.pt\/wp-content\/uploads\/2025\/01\/SessaoEscolar-25.jpg 800w, https:\/\/www.agrupamentoverticalgaviao.pt\/wp-content\/uploads\/2025\/01\/SessaoEscolar-25-300x225.jpg 300w, https:\/\/www.agrupamentoverticalgaviao.pt\/wp-content\/uploads\/2025\/01\/SessaoEscolar-25-768x576.jpg 768w\" sizes=\"auto, (max-width: 800px) 100vw, 800px\" \/><\/a><\/figure>\n\n\n\n<figure class=\"wp-block-image size-large\"><a href=\"https:\/\/www.agrupamentoverticalgaviao.pt\/wp-content\/uploads\/2025\/01\/SessaoEscolar-26.jpg\"><img loading=\"lazy\" decoding=\"async\" width=\"1024\" height=\"768\" data-id=\"45528\" src=\"https:\/\/www.agrupamentoverticalgaviao.pt\/wp-content\/uploads\/2025\/01\/SessaoEscolar-26.jpg\" alt=\"\" class=\"wp-image-45528\" srcset=\"https:\/\/www.agrupamentoverticalgaviao.pt\/wp-content\/uploads\/2025\/01\/SessaoEscolar-26.jpg 1024w, https:\/\/www.agrupamentoverticalgaviao.pt\/wp-content\/uploads\/2025\/01\/SessaoEscolar-26-300x225.jpg 300w, https:\/\/www.agrupamentoverticalgaviao.pt\/wp-content\/uploads\/2025\/01\/SessaoEscolar-26-768x576.jpg 768w\" sizes=\"auto, (max-width: 1024px) 100vw, 1024px\" \/><\/a><\/figure>\n\n\n\n<figure class=\"wp-block-image size-large\"><a href=\"https:\/\/www.agrupamentoverticalgaviao.pt\/wp-content\/uploads\/2025\/01\/SessaoEscolar-27.jpg\"><img loading=\"lazy\" decoding=\"async\" width=\"1024\" height=\"768\" data-id=\"45529\" src=\"https:\/\/www.agrupamentoverticalgaviao.pt\/wp-content\/uploads\/2025\/01\/SessaoEscolar-27.jpg\" alt=\"\" class=\"wp-image-45529\" srcset=\"https:\/\/www.agrupamentoverticalgaviao.pt\/wp-content\/uploads\/2025\/01\/SessaoEscolar-27.jpg 1024w, https:\/\/www.agrupamentoverticalgaviao.pt\/wp-content\/uploads\/2025\/01\/SessaoEscolar-27-300x225.jpg 300w, https:\/\/www.agrupamentoverticalgaviao.pt\/wp-content\/uploads\/2025\/01\/SessaoEscolar-27-768x576.jpg 768w\" sizes=\"auto, (max-width: 1024px) 100vw, 1024px\" \/><\/a><\/figure>\n\n\n\n<figure class=\"wp-block-image size-large\"><a href=\"https:\/\/www.agrupamentoverticalgaviao.pt\/wp-content\/uploads\/2025\/01\/SessaoEscolar-28.jpg\"><img loading=\"lazy\" decoding=\"async\" width=\"800\" height=\"600\" data-id=\"45530\" src=\"https:\/\/www.agrupamentoverticalgaviao.pt\/wp-content\/uploads\/2025\/01\/SessaoEscolar-28.jpg\" alt=\"\" class=\"wp-image-45530\" srcset=\"https:\/\/www.agrupamentoverticalgaviao.pt\/wp-content\/uploads\/2025\/01\/SessaoEscolar-28.jpg 800w, https:\/\/www.agrupamentoverticalgaviao.pt\/wp-content\/uploads\/2025\/01\/SessaoEscolar-28-300x225.jpg 300w, https:\/\/www.agrupamentoverticalgaviao.pt\/wp-content\/uploads\/2025\/01\/SessaoEscolar-28-768x576.jpg 768w\" sizes=\"auto, (max-width: 800px) 100vw, 800px\" \/><\/a><\/figure>\n\n\n\n<figure class=\"wp-block-image size-large\"><a href=\"https:\/\/www.agrupamentoverticalgaviao.pt\/wp-content\/uploads\/2025\/01\/SessaoEscolar-29.jpg\"><img loading=\"lazy\" decoding=\"async\" width=\"1024\" height=\"768\" data-id=\"45531\" src=\"https:\/\/www.agrupamentoverticalgaviao.pt\/wp-content\/uploads\/2025\/01\/SessaoEscolar-29.jpg\" alt=\"\" class=\"wp-image-45531\" srcset=\"https:\/\/www.agrupamentoverticalgaviao.pt\/wp-content\/uploads\/2025\/01\/SessaoEscolar-29.jpg 1024w, https:\/\/www.agrupamentoverticalgaviao.pt\/wp-content\/uploads\/2025\/01\/SessaoEscolar-29-300x225.jpg 300w, https:\/\/www.agrupamentoverticalgaviao.pt\/wp-content\/uploads\/2025\/01\/SessaoEscolar-29-768x576.jpg 768w\" sizes=\"auto, (max-width: 1024px) 100vw, 1024px\" \/><\/a><\/figure>\n\n\n\n<figure class=\"wp-block-image size-large\"><a href=\"https:\/\/www.agrupamentoverticalgaviao.pt\/wp-content\/uploads\/2025\/01\/SessaoEscolar-30.jpg\"><img loading=\"lazy\" decoding=\"async\" width=\"600\" height=\"800\" data-id=\"45532\" src=\"https:\/\/www.agrupamentoverticalgaviao.pt\/wp-content\/uploads\/2025\/01\/SessaoEscolar-30.jpg\" alt=\"\" class=\"wp-image-45532\" srcset=\"https:\/\/www.agrupamentoverticalgaviao.pt\/wp-content\/uploads\/2025\/01\/SessaoEscolar-30.jpg 600w, https:\/\/www.agrupamentoverticalgaviao.pt\/wp-content\/uploads\/2025\/01\/SessaoEscolar-30-225x300.jpg 225w\" sizes=\"auto, (max-width: 600px) 100vw, 600px\" \/><\/a><\/figure>\n<\/figure>\n","protected":false},"excerpt":{"rendered":"<p>Decorreu no dia 22 a Sess\u00e3o Escolar do Parlamento referente ao ensino secund\u00e1rio. Os &hellip; <\/p>\n","protected":false},"author":2,"featured_media":45521,"comment_status":"closed","ping_status":"closed","sticky":false,"template":"","format":"standard","meta":{"footnotes":""},"categories":[38],"tags":[],"class_list":["post-45502","post","type-post","status-publish","format-standard","has-post-thumbnail","hentry","category-parlamento-jovem"],"yoast_head":"<!-- This site is optimized with the Yoast SEO plugin v27.4 - https:\/\/yoast.com\/product\/yoast-seo-wordpress\/ -->\n<title>Sess\u00e3o Escolar do Parlamento dos Jovens - secund\u00e1rio - Agrupamento de Escolas de Gavi\u00e3o<\/title>\n<meta name=\"robots\" content=\"index, follow, max-snippet:-1, max-image-preview:large, max-video-preview:-1\" \/>\n<link rel=\"canonical\" href=\"https:\/\/www.agrupamentoverticalgaviao.pt\/?p=45502\" \/>\n<meta property=\"og:locale\" content=\"pt_PT\" \/>\n<meta property=\"og:type\" content=\"article\" \/>\n<meta property=\"og:title\" content=\"Sess\u00e3o Escolar do Parlamento dos Jovens - secund\u00e1rio - Agrupamento de Escolas de Gavi\u00e3o\" \/>\n<meta property=\"og:description\" content=\"Decorreu no dia 22 a Sess\u00e3o Escolar do Parlamento referente ao ensino secund\u00e1rio. Os &hellip;\" \/>\n<meta property=\"og:url\" content=\"https:\/\/www.agrupamentoverticalgaviao.pt\/?p=45502\" \/>\n<meta property=\"og:site_name\" content=\"Agrupamento de Escolas de Gavi\u00e3o\" \/>\n<meta property=\"article:published_time\" content=\"2025-01-29T22:48:17+00:00\" \/>\n<meta property=\"article:modified_time\" content=\"2025-01-29T22:48:19+00:00\" \/>\n<meta property=\"og:image\" content=\"https:\/\/www.agrupamentoverticalgaviao.pt\/wp-content\/uploads\/2025\/01\/SessaoEscolar-19.jpg\" \/>\n\t<meta property=\"og:image:width\" content=\"1024\" \/>\n\t<meta property=\"og:image:height\" content=\"768\" \/>\n\t<meta property=\"og:image:type\" content=\"image\/jpeg\" \/>\n<meta name=\"author\" content=\"marco Vilela\" \/>\n<meta name=\"twitter:card\" content=\"summary_large_image\" \/>\n<meta name=\"twitter:label1\" content=\"Escrito por\" \/>\n\t<meta name=\"twitter:data1\" content=\"marco Vilela\" \/>\n<script type=\"application\/ld+json\" class=\"yoast-schema-graph\">{\"@context\":\"https:\\\/\\\/schema.org\",\"@graph\":[{\"@type\":\"Article\",\"@id\":\"https:\\\/\\\/www.agrupamentoverticalgaviao.pt\\\/?p=45502#article\",\"isPartOf\":{\"@id\":\"https:\\\/\\\/www.agrupamentoverticalgaviao.pt\\\/?p=45502\"},\"author\":{\"name\":\"marco Vilela\",\"@id\":\"https:\\\/\\\/www.agrupamentoverticalgaviao.pt\\\/#\\\/schema\\\/person\\\/b337300b08ca20a17717f1b413f4b253\"},\"headline\":\"Sess\u00e3o Escolar do Parlamento dos Jovens &#8211; secund\u00e1rio\",\"datePublished\":\"2025-01-29T22:48:17+00:00\",\"dateModified\":\"2025-01-29T22:48:19+00:00\",\"mainEntityOfPage\":{\"@id\":\"https:\\\/\\\/www.agrupamentoverticalgaviao.pt\\\/?p=45502\"},\"wordCount\":98,\"image\":{\"@id\":\"https:\\\/\\\/www.agrupamentoverticalgaviao.pt\\\/?p=45502#primaryimage\"},\"thumbnailUrl\":\"https:\\\/\\\/www.agrupamentoverticalgaviao.pt\\\/wp-content\\\/uploads\\\/2025\\\/01\\\/SessaoEscolar-19.jpg\",\"articleSection\":[\"Parlamento Jovem\"],\"inLanguage\":\"pt-PT\"},{\"@type\":\"WebPage\",\"@id\":\"https:\\\/\\\/www.agrupamentoverticalgaviao.pt\\\/?p=45502\",\"url\":\"https:\\\/\\\/www.agrupamentoverticalgaviao.pt\\\/?p=45502\",\"name\":\"Sess\u00e3o Escolar do Parlamento dos Jovens - secund\u00e1rio - Agrupamento de Escolas de Gavi\u00e3o\",\"isPartOf\":{\"@id\":\"https:\\\/\\\/www.agrupamentoverticalgaviao.pt\\\/#website\"},\"primaryImageOfPage\":{\"@id\":\"https:\\\/\\\/www.agrupamentoverticalgaviao.pt\\\/?p=45502#primaryimage\"},\"image\":{\"@id\":\"https:\\\/\\\/www.agrupamentoverticalgaviao.pt\\\/?p=45502#primaryimage\"},\"thumbnailUrl\":\"https:\\\/\\\/www.agrupamentoverticalgaviao.pt\\\/wp-content\\\/uploads\\\/2025\\\/01\\\/SessaoEscolar-19.jpg\",\"datePublished\":\"2025-01-29T22:48:17+00:00\",\"dateModified\":\"2025-01-29T22:48:19+00:00\",\"author\":{\"@id\":\"https:\\\/\\\/www.agrupamentoverticalgaviao.pt\\\/#\\\/schema\\\/person\\\/b337300b08ca20a17717f1b413f4b253\"},\"breadcrumb\":{\"@id\":\"https:\\\/\\\/www.agrupamentoverticalgaviao.pt\\\/?p=45502#breadcrumb\"},\"inLanguage\":\"pt-PT\",\"potentialAction\":[{\"@type\":\"ReadAction\",\"target\":[\"https:\\\/\\\/www.agrupamentoverticalgaviao.pt\\\/?p=45502\"]}]},{\"@type\":\"ImageObject\",\"inLanguage\":\"pt-PT\",\"@id\":\"https:\\\/\\\/www.agrupamentoverticalgaviao.pt\\\/?p=45502#primaryimage\",\"url\":\"https:\\\/\\\/www.agrupamentoverticalgaviao.pt\\\/wp-content\\\/uploads\\\/2025\\\/01\\\/SessaoEscolar-19.jpg\",\"contentUrl\":\"https:\\\/\\\/www.agrupamentoverticalgaviao.pt\\\/wp-content\\\/uploads\\\/2025\\\/01\\\/SessaoEscolar-19.jpg\",\"width\":1024,\"height\":768},{\"@type\":\"BreadcrumbList\",\"@id\":\"https:\\\/\\\/www.agrupamentoverticalgaviao.pt\\\/?p=45502#breadcrumb\",\"itemListElement\":[{\"@type\":\"ListItem\",\"position\":1,\"name\":\"In\u00edcio\",\"item\":\"https:\\\/\\\/www.agrupamentoverticalgaviao.pt\\\/\"},{\"@type\":\"ListItem\",\"position\":2,\"name\":\"Sess\u00e3o Escolar do Parlamento dos Jovens &#8211; secund\u00e1rio\"}]},{\"@type\":\"WebSite\",\"@id\":\"https:\\\/\\\/www.agrupamentoverticalgaviao.pt\\\/#website\",\"url\":\"https:\\\/\\\/www.agrupamentoverticalgaviao.pt\\\/\",\"name\":\"Agrupamento de Escolas de Gavi\u00e3o\",\"description\":\"\",\"alternateName\":\"Agrupamento de Escolas de Gavi\u00e3o\",\"potentialAction\":[{\"@type\":\"SearchAction\",\"target\":{\"@type\":\"EntryPoint\",\"urlTemplate\":\"https:\\\/\\\/www.agrupamentoverticalgaviao.pt\\\/?s={search_term_string}\"},\"query-input\":{\"@type\":\"PropertyValueSpecification\",\"valueRequired\":true,\"valueName\":\"search_term_string\"}}],\"inLanguage\":\"pt-PT\"},{\"@type\":\"Person\",\"@id\":\"https:\\\/\\\/www.agrupamentoverticalgaviao.pt\\\/#\\\/schema\\\/person\\\/b337300b08ca20a17717f1b413f4b253\",\"name\":\"marco Vilela\",\"image\":{\"@type\":\"ImageObject\",\"inLanguage\":\"pt-PT\",\"@id\":\"https:\\\/\\\/secure.gravatar.com\\\/avatar\\\/8eb0feb60b637bbf624addb993bbcd710c4802ede472519543b7b7625a815e2d?s=96&d=mm&r=g\",\"url\":\"https:\\\/\\\/secure.gravatar.com\\\/avatar\\\/8eb0feb60b637bbf624addb993bbcd710c4802ede472519543b7b7625a815e2d?s=96&d=mm&r=g\",\"contentUrl\":\"https:\\\/\\\/secure.gravatar.com\\\/avatar\\\/8eb0feb60b637bbf624addb993bbcd710c4802ede472519543b7b7625a815e2d?s=96&d=mm&r=g\",\"caption\":\"marco Vilela\"},\"url\":\"https:\\\/\\\/www.agrupamentoverticalgaviao.pt\\\/?author=2\"}]}<\/script>\n<!-- \/ Yoast SEO plugin. -->","yoast_head_json":{"title":"Sess\u00e3o Escolar do Parlamento dos Jovens - secund\u00e1rio - Agrupamento de Escolas de Gavi\u00e3o","robots":{"index":"index","follow":"follow","max-snippet":"max-snippet:-1","max-image-preview":"max-image-preview:large","max-video-preview":"max-video-preview:-1"},"canonical":"https:\/\/www.agrupamentoverticalgaviao.pt\/?p=45502","og_locale":"pt_PT","og_type":"article","og_title":"Sess\u00e3o Escolar do Parlamento dos Jovens - secund\u00e1rio - Agrupamento de Escolas de Gavi\u00e3o","og_description":"Decorreu no dia 22 a Sess\u00e3o Escolar do Parlamento referente ao ensino secund\u00e1rio. Os &hellip;","og_url":"https:\/\/www.agrupamentoverticalgaviao.pt\/?p=45502","og_site_name":"Agrupamento de Escolas de Gavi\u00e3o","article_published_time":"2025-01-29T22:48:17+00:00","article_modified_time":"2025-01-29T22:48:19+00:00","og_image":[{"width":1024,"height":768,"url":"https:\/\/www.agrupamentoverticalgaviao.pt\/wp-content\/uploads\/2025\/01\/SessaoEscolar-19.jpg","type":"image\/jpeg"}],"author":"marco Vilela","twitter_card":"summary_large_image","twitter_misc":{"Escrito por":"marco Vilela"},"schema":{"@context":"https:\/\/schema.org","@graph":[{"@type":"Article","@id":"https:\/\/www.agrupamentoverticalgaviao.pt\/?p=45502#article","isPartOf":{"@id":"https:\/\/www.agrupamentoverticalgaviao.pt\/?p=45502"},"author":{"name":"marco Vilela","@id":"https:\/\/www.agrupamentoverticalgaviao.pt\/#\/schema\/person\/b337300b08ca20a17717f1b413f4b253"},"headline":"Sess\u00e3o Escolar do Parlamento dos Jovens &#8211; secund\u00e1rio","datePublished":"2025-01-29T22:48:17+00:00","dateModified":"2025-01-29T22:48:19+00:00","mainEntityOfPage":{"@id":"https:\/\/www.agrupamentoverticalgaviao.pt\/?p=45502"},"wordCount":98,"image":{"@id":"https:\/\/www.agrupamentoverticalgaviao.pt\/?p=45502#primaryimage"},"thumbnailUrl":"https:\/\/www.agrupamentoverticalgaviao.pt\/wp-content\/uploads\/2025\/01\/SessaoEscolar-19.jpg","articleSection":["Parlamento Jovem"],"inLanguage":"pt-PT"},{"@type":"WebPage","@id":"https:\/\/www.agrupamentoverticalgaviao.pt\/?p=45502","url":"https:\/\/www.agrupamentoverticalgaviao.pt\/?p=45502","name":"Sess\u00e3o Escolar do Parlamento dos Jovens - secund\u00e1rio - Agrupamento de Escolas de Gavi\u00e3o","isPartOf":{"@id":"https:\/\/www.agrupamentoverticalgaviao.pt\/#website"},"primaryImageOfPage":{"@id":"https:\/\/www.agrupamentoverticalgaviao.pt\/?p=45502#primaryimage"},"image":{"@id":"https:\/\/www.agrupamentoverticalgaviao.pt\/?p=45502#primaryimage"},"thumbnailUrl":"https:\/\/www.agrupamentoverticalgaviao.pt\/wp-content\/uploads\/2025\/01\/SessaoEscolar-19.jpg","datePublished":"2025-01-29T22:48:17+00:00","dateModified":"2025-01-29T22:48:19+00:00","author":{"@id":"https:\/\/www.agrupamentoverticalgaviao.pt\/#\/schema\/person\/b337300b08ca20a17717f1b413f4b253"},"breadcrumb":{"@id":"https:\/\/www.agrupamentoverticalgaviao.pt\/?p=45502#breadcrumb"},"inLanguage":"pt-PT","potentialAction":[{"@type":"ReadAction","target":["https:\/\/www.agrupamentoverticalgaviao.pt\/?p=45502"]}]},{"@type":"ImageObject","inLanguage":"pt-PT","@id":"https:\/\/www.agrupamentoverticalgaviao.pt\/?p=45502#primaryimage","url":"https:\/\/www.agrupamentoverticalgaviao.pt\/wp-content\/uploads\/2025\/01\/SessaoEscolar-19.jpg","contentUrl":"https:\/\/www.agrupamentoverticalgaviao.pt\/wp-content\/uploads\/2025\/01\/SessaoEscolar-19.jpg","width":1024,"height":768},{"@type":"BreadcrumbList","@id":"https:\/\/www.agrupamentoverticalgaviao.pt\/?p=45502#breadcrumb","itemListElement":[{"@type":"ListItem","position":1,"name":"In\u00edcio","item":"https:\/\/www.agrupamentoverticalgaviao.pt\/"},{"@type":"ListItem","position":2,"name":"Sess\u00e3o Escolar do Parlamento dos Jovens &#8211; secund\u00e1rio"}]},{"@type":"WebSite","@id":"https:\/\/www.agrupamentoverticalgaviao.pt\/#website","url":"https:\/\/www.agrupamentoverticalgaviao.pt\/","name":"Agrupamento de Escolas de Gavi\u00e3o","description":"","alternateName":"Agrupamento de Escolas de Gavi\u00e3o","potentialAction":[{"@type":"SearchAction","target":{"@type":"EntryPoint","urlTemplate":"https:\/\/www.agrupamentoverticalgaviao.pt\/?s={search_term_string}"},"query-input":{"@type":"PropertyValueSpecification","valueRequired":true,"valueName":"search_term_string"}}],"inLanguage":"pt-PT"},{"@type":"Person","@id":"https:\/\/www.agrupamentoverticalgaviao.pt\/#\/schema\/person\/b337300b08ca20a17717f1b413f4b253","name":"marco Vilela","image":{"@type":"ImageObject","inLanguage":"pt-PT","@id":"https:\/\/secure.gravatar.com\/avatar\/8eb0feb60b637bbf624addb993bbcd710c4802ede472519543b7b7625a815e2d?s=96&d=mm&r=g","url":"https:\/\/secure.gravatar.com\/avatar\/8eb0feb60b637bbf624addb993bbcd710c4802ede472519543b7b7625a815e2d?s=96&d=mm&r=g","contentUrl":"https:\/\/secure.gravatar.com\/avatar\/8eb0feb60b637bbf624addb993bbcd710c4802ede472519543b7b7625a815e2d?s=96&d=mm&r=g","caption":"marco Vilela"},"url":"https:\/\/www.agrupamentoverticalgaviao.pt\/?author=2"}]}},"_links":{"self":[{"href":"https:\/\/www.agrupamentoverticalgaviao.pt\/index.php?rest_route=\/wp\/v2\/posts\/45502","targetHints":{"allow":["GET"]}}],"collection":[{"href":"https:\/\/www.agrupamentoverticalgaviao.pt\/index.php?rest_route=\/wp\/v2\/posts"}],"about":[{"href":"https:\/\/www.agrupamentoverticalgaviao.pt\/index.php?rest_route=\/wp\/v2\/types\/post"}],"author":[{"embeddable":true,"href":"https:\/\/www.agrupamentoverticalgaviao.pt\/index.php?rest_route=\/wp\/v2\/users\/2"}],"replies":[{"embeddable":true,"href":"https:\/\/www.agrupamentoverticalgaviao.pt\/index.php?rest_route=%2Fwp%2Fv2%2Fcomments&post=45502"}],"version-history":[{"count":1,"href":"https:\/\/www.agrupamentoverticalgaviao.pt\/index.php?rest_route=\/wp\/v2\/posts\/45502\/revisions"}],"predecessor-version":[{"id":45533,"href":"https:\/\/www.agrupamentoverticalgaviao.pt\/index.php?rest_route=\/wp\/v2\/posts\/45502\/revisions\/45533"}],"wp:featuredmedia":[{"embeddable":true,"href":"https:\/\/www.agrupamentoverticalgaviao.pt\/index.php?rest_route=\/wp\/v2\/media\/45521"}],"wp:attachment":[{"href":"https:\/\/www.agrupamentoverticalgaviao.pt\/index.php?rest_route=%2Fwp%2Fv2%2Fmedia&parent=45502"}],"wp:term":[{"taxonomy":"category","embeddable":true,"href":"https:\/\/www.agrupamentoverticalgaviao.pt\/index.php?rest_route=%2Fwp%2Fv2%2Fcategories&post=45502"},{"taxonomy":"post_tag","embeddable":true,"href":"https:\/\/www.agrupamentoverticalgaviao.pt\/index.php?rest_route=%2Fwp%2Fv2%2Ftags&post=45502"}],"curies":[{"name":"wp","href":"https:\/\/api.w.org\/{rel}","templated":true}]}}