{"id":44959,"date":"2024-11-13T22:33:57","date_gmt":"2024-11-13T22:33:57","guid":{"rendered":"https:\/\/www.agrupamentoverticalgaviao.pt\/?p=44959"},"modified":"2024-11-13T22:34:19","modified_gmt":"2024-11-13T22:34:19","slug":"dia-de-sensibilizacao-e-reflexao-20-de-outubro","status":"publish","type":"post","link":"https:\/\/www.agrupamentoverticalgaviao.pt\/?p=44959","title":{"rendered":"Dia de Sensibiliza\u00e7\u00e3o e Reflex\u00e3o: 20 de outubro"},"content":{"rendered":"\n<p>No \u00e2mbito das comemora\u00e7\u00f5es do Dia Municipal para a Igualdade, Dia Internacional para a Erradica\u00e7\u00e3o da Pobreza e Dia Mundial de Combate ao Bullying, o Agrupamento elaborou cora\u00e7\u00f5es representativos de todos os grupos e turmas. Feitos com reutiliza\u00e7\u00e3o de materiais e frases apelativas, s\u00e3o demonstrativos da criatividade e empenho dos alunos e professores. A exposi\u00e7\u00e3o est\u00e1 patente na Biblioteca Municipal e vale a pena visitar.<\/p>\n\n\n\n<figure class=\"wp-block-gallery has-nested-images columns-default is-cropped wp-block-gallery-1 is-layout-flex wp-block-gallery-is-layout-flex\">\n<figure class=\"wp-block-image size-large\"><a href=\"https:\/\/www.agrupamentoverticalgaviao.pt\/wp-content\/uploads\/2024\/11\/20outubro_1-1.jpg\"><img loading=\"lazy\" decoding=\"async\" width=\"1024\" height=\"768\" data-id=\"44960\" src=\"https:\/\/www.agrupamentoverticalgaviao.pt\/wp-content\/uploads\/2024\/11\/20outubro_1-1.jpg\" alt=\"\" class=\"wp-image-44960\" srcset=\"https:\/\/www.agrupamentoverticalgaviao.pt\/wp-content\/uploads\/2024\/11\/20outubro_1-1.jpg 1024w, https:\/\/www.agrupamentoverticalgaviao.pt\/wp-content\/uploads\/2024\/11\/20outubro_1-1-300x225.jpg 300w, https:\/\/www.agrupamentoverticalgaviao.pt\/wp-content\/uploads\/2024\/11\/20outubro_1-1-768x576.jpg 768w\" sizes=\"auto, (max-width: 1024px) 100vw, 1024px\" \/><\/a><\/figure>\n\n\n\n<figure class=\"wp-block-image size-large\"><a href=\"https:\/\/www.agrupamentoverticalgaviao.pt\/wp-content\/uploads\/2024\/11\/20outubro_1-2.jpg\"><img loading=\"lazy\" decoding=\"async\" width=\"1024\" height=\"768\" data-id=\"44961\" src=\"https:\/\/www.agrupamentoverticalgaviao.pt\/wp-content\/uploads\/2024\/11\/20outubro_1-2.jpg\" alt=\"\" class=\"wp-image-44961\" srcset=\"https:\/\/www.agrupamentoverticalgaviao.pt\/wp-content\/uploads\/2024\/11\/20outubro_1-2.jpg 1024w, https:\/\/www.agrupamentoverticalgaviao.pt\/wp-content\/uploads\/2024\/11\/20outubro_1-2-300x225.jpg 300w, https:\/\/www.agrupamentoverticalgaviao.pt\/wp-content\/uploads\/2024\/11\/20outubro_1-2-768x576.jpg 768w\" sizes=\"auto, (max-width: 1024px) 100vw, 1024px\" \/><\/a><\/figure>\n\n\n\n<figure class=\"wp-block-image size-large\"><a href=\"https:\/\/www.agrupamentoverticalgaviao.pt\/wp-content\/uploads\/2024\/11\/20outubro_1-3.jpg\"><img loading=\"lazy\" decoding=\"async\" width=\"768\" height=\"1024\" data-id=\"44962\" src=\"https:\/\/www.agrupamentoverticalgaviao.pt\/wp-content\/uploads\/2024\/11\/20outubro_1-3.jpg\" alt=\"\" class=\"wp-image-44962\" srcset=\"https:\/\/www.agrupamentoverticalgaviao.pt\/wp-content\/uploads\/2024\/11\/20outubro_1-3.jpg 768w, https:\/\/www.agrupamentoverticalgaviao.pt\/wp-content\/uploads\/2024\/11\/20outubro_1-3-225x300.jpg 225w\" sizes=\"auto, (max-width: 768px) 100vw, 768px\" \/><\/a><\/figure>\n\n\n\n<figure class=\"wp-block-image size-large\"><a href=\"https:\/\/www.agrupamentoverticalgaviao.pt\/wp-content\/uploads\/2024\/11\/20outubro_1-4.jpg\"><img loading=\"lazy\" decoding=\"async\" width=\"768\" height=\"1024\" data-id=\"44963\" src=\"https:\/\/www.agrupamentoverticalgaviao.pt\/wp-content\/uploads\/2024\/11\/20outubro_1-4.jpg\" alt=\"\" class=\"wp-image-44963\" srcset=\"https:\/\/www.agrupamentoverticalgaviao.pt\/wp-content\/uploads\/2024\/11\/20outubro_1-4.jpg 768w, https:\/\/www.agrupamentoverticalgaviao.pt\/wp-content\/uploads\/2024\/11\/20outubro_1-4-225x300.jpg 225w\" sizes=\"auto, (max-width: 768px) 100vw, 768px\" \/><\/a><\/figure>\n\n\n\n<figure class=\"wp-block-image size-large\"><a href=\"https:\/\/www.agrupamentoverticalgaviao.pt\/wp-content\/uploads\/2024\/11\/20outubro_1-5.jpg\"><img loading=\"lazy\" decoding=\"async\" width=\"1024\" height=\"768\" data-id=\"44964\" src=\"https:\/\/www.agrupamentoverticalgaviao.pt\/wp-content\/uploads\/2024\/11\/20outubro_1-5.jpg\" alt=\"\" class=\"wp-image-44964\" srcset=\"https:\/\/www.agrupamentoverticalgaviao.pt\/wp-content\/uploads\/2024\/11\/20outubro_1-5.jpg 1024w, https:\/\/www.agrupamentoverticalgaviao.pt\/wp-content\/uploads\/2024\/11\/20outubro_1-5-300x225.jpg 300w, https:\/\/www.agrupamentoverticalgaviao.pt\/wp-content\/uploads\/2024\/11\/20outubro_1-5-768x576.jpg 768w\" sizes=\"auto, (max-width: 1024px) 100vw, 1024px\" \/><\/a><\/figure>\n\n\n\n<figure class=\"wp-block-image size-large\"><a href=\"https:\/\/www.agrupamentoverticalgaviao.pt\/wp-content\/uploads\/2024\/11\/20outubro_1-6.jpg\"><img loading=\"lazy\" decoding=\"async\" width=\"768\" height=\"1024\" data-id=\"44965\" src=\"https:\/\/www.agrupamentoverticalgaviao.pt\/wp-content\/uploads\/2024\/11\/20outubro_1-6.jpg\" alt=\"\" class=\"wp-image-44965\" srcset=\"https:\/\/www.agrupamentoverticalgaviao.pt\/wp-content\/uploads\/2024\/11\/20outubro_1-6.jpg 768w, https:\/\/www.agrupamentoverticalgaviao.pt\/wp-content\/uploads\/2024\/11\/20outubro_1-6-225x300.jpg 225w\" sizes=\"auto, (max-width: 768px) 100vw, 768px\" \/><\/a><\/figure>\n\n\n\n<figure class=\"wp-block-image size-large\"><a href=\"https:\/\/www.agrupamentoverticalgaviao.pt\/wp-content\/uploads\/2024\/11\/20outubro_1-7.jpg\"><img loading=\"lazy\" decoding=\"async\" width=\"1024\" height=\"768\" data-id=\"44966\" src=\"https:\/\/www.agrupamentoverticalgaviao.pt\/wp-content\/uploads\/2024\/11\/20outubro_1-7.jpg\" alt=\"\" class=\"wp-image-44966\" srcset=\"https:\/\/www.agrupamentoverticalgaviao.pt\/wp-content\/uploads\/2024\/11\/20outubro_1-7.jpg 1024w, https:\/\/www.agrupamentoverticalgaviao.pt\/wp-content\/uploads\/2024\/11\/20outubro_1-7-300x225.jpg 300w, https:\/\/www.agrupamentoverticalgaviao.pt\/wp-content\/uploads\/2024\/11\/20outubro_1-7-768x576.jpg 768w\" sizes=\"auto, (max-width: 1024px) 100vw, 1024px\" \/><\/a><\/figure>\n\n\n\n<figure class=\"wp-block-image size-large\"><a href=\"https:\/\/www.agrupamentoverticalgaviao.pt\/wp-content\/uploads\/2024\/11\/20outubro_1-8.jpg\"><img loading=\"lazy\" decoding=\"async\" width=\"768\" height=\"1024\" data-id=\"44967\" src=\"https:\/\/www.agrupamentoverticalgaviao.pt\/wp-content\/uploads\/2024\/11\/20outubro_1-8.jpg\" alt=\"\" class=\"wp-image-44967\" srcset=\"https:\/\/www.agrupamentoverticalgaviao.pt\/wp-content\/uploads\/2024\/11\/20outubro_1-8.jpg 768w, https:\/\/www.agrupamentoverticalgaviao.pt\/wp-content\/uploads\/2024\/11\/20outubro_1-8-225x300.jpg 225w\" sizes=\"auto, (max-width: 768px) 100vw, 768px\" \/><\/a><\/figure>\n\n\n\n<figure class=\"wp-block-image size-large\"><a href=\"https:\/\/www.agrupamentoverticalgaviao.pt\/wp-content\/uploads\/2024\/11\/20outubro_1-9.jpg\"><img loading=\"lazy\" decoding=\"async\" width=\"1024\" height=\"768\" data-id=\"44968\" src=\"https:\/\/www.agrupamentoverticalgaviao.pt\/wp-content\/uploads\/2024\/11\/20outubro_1-9.jpg\" alt=\"\" class=\"wp-image-44968\" srcset=\"https:\/\/www.agrupamentoverticalgaviao.pt\/wp-content\/uploads\/2024\/11\/20outubro_1-9.jpg 1024w, https:\/\/www.agrupamentoverticalgaviao.pt\/wp-content\/uploads\/2024\/11\/20outubro_1-9-300x225.jpg 300w, https:\/\/www.agrupamentoverticalgaviao.pt\/wp-content\/uploads\/2024\/11\/20outubro_1-9-768x576.jpg 768w\" sizes=\"auto, (max-width: 1024px) 100vw, 1024px\" \/><\/a><\/figure>\n\n\n\n<figure class=\"wp-block-image size-large\"><a href=\"https:\/\/www.agrupamentoverticalgaviao.pt\/wp-content\/uploads\/2024\/11\/20outubro_1-10.jpg\"><img loading=\"lazy\" decoding=\"async\" width=\"768\" height=\"1024\" data-id=\"44969\" src=\"https:\/\/www.agrupamentoverticalgaviao.pt\/wp-content\/uploads\/2024\/11\/20outubro_1-10.jpg\" alt=\"\" class=\"wp-image-44969\" srcset=\"https:\/\/www.agrupamentoverticalgaviao.pt\/wp-content\/uploads\/2024\/11\/20outubro_1-10.jpg 768w, https:\/\/www.agrupamentoverticalgaviao.pt\/wp-content\/uploads\/2024\/11\/20outubro_1-10-225x300.jpg 225w\" sizes=\"auto, (max-width: 768px) 100vw, 768px\" \/><\/a><\/figure>\n\n\n\n<figure class=\"wp-block-image size-large\"><a href=\"https:\/\/www.agrupamentoverticalgaviao.pt\/wp-content\/uploads\/2024\/11\/20outubro_1-11.jpg\"><img loading=\"lazy\" decoding=\"async\" width=\"768\" height=\"1024\" data-id=\"44970\" src=\"https:\/\/www.agrupamentoverticalgaviao.pt\/wp-content\/uploads\/2024\/11\/20outubro_1-11.jpg\" alt=\"\" class=\"wp-image-44970\" srcset=\"https:\/\/www.agrupamentoverticalgaviao.pt\/wp-content\/uploads\/2024\/11\/20outubro_1-11.jpg 768w, https:\/\/www.agrupamentoverticalgaviao.pt\/wp-content\/uploads\/2024\/11\/20outubro_1-11-225x300.jpg 225w\" sizes=\"auto, (max-width: 768px) 100vw, 768px\" \/><\/a><\/figure>\n\n\n\n<figure class=\"wp-block-image size-large\"><a href=\"https:\/\/www.agrupamentoverticalgaviao.pt\/wp-content\/uploads\/2024\/11\/20outubro_1-12.jpg\"><img loading=\"lazy\" decoding=\"async\" width=\"1024\" height=\"768\" data-id=\"44971\" src=\"https:\/\/www.agrupamentoverticalgaviao.pt\/wp-content\/uploads\/2024\/11\/20outubro_1-12.jpg\" alt=\"\" class=\"wp-image-44971\" srcset=\"https:\/\/www.agrupamentoverticalgaviao.pt\/wp-content\/uploads\/2024\/11\/20outubro_1-12.jpg 1024w, https:\/\/www.agrupamentoverticalgaviao.pt\/wp-content\/uploads\/2024\/11\/20outubro_1-12-300x225.jpg 300w, https:\/\/www.agrupamentoverticalgaviao.pt\/wp-content\/uploads\/2024\/11\/20outubro_1-12-768x576.jpg 768w\" sizes=\"auto, (max-width: 1024px) 100vw, 1024px\" \/><\/a><\/figure>\n\n\n\n<figure class=\"wp-block-image size-large\"><a href=\"https:\/\/www.agrupamentoverticalgaviao.pt\/wp-content\/uploads\/2024\/11\/20outubro_1-13.jpg\"><img loading=\"lazy\" decoding=\"async\" width=\"768\" height=\"1024\" data-id=\"44972\" src=\"https:\/\/www.agrupamentoverticalgaviao.pt\/wp-content\/uploads\/2024\/11\/20outubro_1-13.jpg\" alt=\"\" class=\"wp-image-44972\" srcset=\"https:\/\/www.agrupamentoverticalgaviao.pt\/wp-content\/uploads\/2024\/11\/20outubro_1-13.jpg 768w, https:\/\/www.agrupamentoverticalgaviao.pt\/wp-content\/uploads\/2024\/11\/20outubro_1-13-225x300.jpg 225w\" sizes=\"auto, (max-width: 768px) 100vw, 768px\" \/><\/a><\/figure>\n\n\n\n<figure class=\"wp-block-image size-large\"><a href=\"https:\/\/www.agrupamentoverticalgaviao.pt\/wp-content\/uploads\/2024\/11\/20outubro_1-14.jpg\"><img loading=\"lazy\" decoding=\"async\" width=\"1024\" height=\"768\" data-id=\"44973\" src=\"https:\/\/www.agrupamentoverticalgaviao.pt\/wp-content\/uploads\/2024\/11\/20outubro_1-14.jpg\" alt=\"\" class=\"wp-image-44973\" srcset=\"https:\/\/www.agrupamentoverticalgaviao.pt\/wp-content\/uploads\/2024\/11\/20outubro_1-14.jpg 1024w, https:\/\/www.agrupamentoverticalgaviao.pt\/wp-content\/uploads\/2024\/11\/20outubro_1-14-300x225.jpg 300w, https:\/\/www.agrupamentoverticalgaviao.pt\/wp-content\/uploads\/2024\/11\/20outubro_1-14-768x576.jpg 768w\" sizes=\"auto, (max-width: 1024px) 100vw, 1024px\" \/><\/a><\/figure>\n\n\n\n<figure class=\"wp-block-image size-large\"><a href=\"https:\/\/www.agrupamentoverticalgaviao.pt\/wp-content\/uploads\/2024\/11\/20outubro_1-15.jpg\"><img loading=\"lazy\" decoding=\"async\" width=\"1020\" height=\"765\" data-id=\"44974\" src=\"https:\/\/www.agrupamentoverticalgaviao.pt\/wp-content\/uploads\/2024\/11\/20outubro_1-15.jpg\" alt=\"\" class=\"wp-image-44974\" srcset=\"https:\/\/www.agrupamentoverticalgaviao.pt\/wp-content\/uploads\/2024\/11\/20outubro_1-15.jpg 1020w, https:\/\/www.agrupamentoverticalgaviao.pt\/wp-content\/uploads\/2024\/11\/20outubro_1-15-300x225.jpg 300w, https:\/\/www.agrupamentoverticalgaviao.pt\/wp-content\/uploads\/2024\/11\/20outubro_1-15-768x576.jpg 768w\" sizes=\"auto, (max-width: 1020px) 100vw, 1020px\" \/><\/a><\/figure>\n\n\n\n<figure class=\"wp-block-image size-large\"><a href=\"https:\/\/www.agrupamentoverticalgaviao.pt\/wp-content\/uploads\/2024\/11\/20outubro_1-16.jpg\"><img loading=\"lazy\" decoding=\"async\" width=\"768\" height=\"1024\" data-id=\"44975\" src=\"https:\/\/www.agrupamentoverticalgaviao.pt\/wp-content\/uploads\/2024\/11\/20outubro_1-16.jpg\" alt=\"\" class=\"wp-image-44975\" srcset=\"https:\/\/www.agrupamentoverticalgaviao.pt\/wp-content\/uploads\/2024\/11\/20outubro_1-16.jpg 768w, https:\/\/www.agrupamentoverticalgaviao.pt\/wp-content\/uploads\/2024\/11\/20outubro_1-16-225x300.jpg 225w\" sizes=\"auto, (max-width: 768px) 100vw, 768px\" \/><\/a><\/figure>\n\n\n\n<figure class=\"wp-block-image size-large\"><a href=\"https:\/\/www.agrupamentoverticalgaviao.pt\/wp-content\/uploads\/2024\/11\/20outubro_1-17.jpg\"><img loading=\"lazy\" decoding=\"async\" width=\"768\" height=\"1024\" data-id=\"44976\" src=\"https:\/\/www.agrupamentoverticalgaviao.pt\/wp-content\/uploads\/2024\/11\/20outubro_1-17.jpg\" alt=\"\" class=\"wp-image-44976\" srcset=\"https:\/\/www.agrupamentoverticalgaviao.pt\/wp-content\/uploads\/2024\/11\/20outubro_1-17.jpg 768w, https:\/\/www.agrupamentoverticalgaviao.pt\/wp-content\/uploads\/2024\/11\/20outubro_1-17-225x300.jpg 225w\" sizes=\"auto, (max-width: 768px) 100vw, 768px\" \/><\/a><\/figure>\n\n\n\n<figure class=\"wp-block-image size-large\"><a href=\"https:\/\/www.agrupamentoverticalgaviao.pt\/wp-content\/uploads\/2024\/11\/20outubro_1-18.jpg\"><img loading=\"lazy\" decoding=\"async\" width=\"1024\" height=\"768\" data-id=\"44977\" src=\"https:\/\/www.agrupamentoverticalgaviao.pt\/wp-content\/uploads\/2024\/11\/20outubro_1-18.jpg\" alt=\"\" class=\"wp-image-44977\" srcset=\"https:\/\/www.agrupamentoverticalgaviao.pt\/wp-content\/uploads\/2024\/11\/20outubro_1-18.jpg 1024w, https:\/\/www.agrupamentoverticalgaviao.pt\/wp-content\/uploads\/2024\/11\/20outubro_1-18-300x225.jpg 300w, https:\/\/www.agrupamentoverticalgaviao.pt\/wp-content\/uploads\/2024\/11\/20outubro_1-18-768x576.jpg 768w\" sizes=\"auto, (max-width: 1024px) 100vw, 1024px\" \/><\/a><\/figure>\n\n\n\n<figure class=\"wp-block-image size-large\"><a href=\"https:\/\/www.agrupamentoverticalgaviao.pt\/wp-content\/uploads\/2024\/11\/20outubro_1-19.jpg\"><img loading=\"lazy\" decoding=\"async\" width=\"1024\" height=\"768\" data-id=\"44978\" src=\"https:\/\/www.agrupamentoverticalgaviao.pt\/wp-content\/uploads\/2024\/11\/20outubro_1-19.jpg\" alt=\"\" class=\"wp-image-44978\" srcset=\"https:\/\/www.agrupamentoverticalgaviao.pt\/wp-content\/uploads\/2024\/11\/20outubro_1-19.jpg 1024w, https:\/\/www.agrupamentoverticalgaviao.pt\/wp-content\/uploads\/2024\/11\/20outubro_1-19-300x225.jpg 300w, https:\/\/www.agrupamentoverticalgaviao.pt\/wp-content\/uploads\/2024\/11\/20outubro_1-19-768x576.jpg 768w\" sizes=\"auto, (max-width: 1024px) 100vw, 1024px\" \/><\/a><\/figure>\n\n\n\n<figure class=\"wp-block-image size-large\"><a href=\"https:\/\/www.agrupamentoverticalgaviao.pt\/wp-content\/uploads\/2024\/11\/20outubro_1-20.jpg\"><img loading=\"lazy\" decoding=\"async\" width=\"768\" height=\"1024\" data-id=\"44979\" src=\"https:\/\/www.agrupamentoverticalgaviao.pt\/wp-content\/uploads\/2024\/11\/20outubro_1-20.jpg\" alt=\"\" class=\"wp-image-44979\" srcset=\"https:\/\/www.agrupamentoverticalgaviao.pt\/wp-content\/uploads\/2024\/11\/20outubro_1-20.jpg 768w, https:\/\/www.agrupamentoverticalgaviao.pt\/wp-content\/uploads\/2024\/11\/20outubro_1-20-225x300.jpg 225w\" sizes=\"auto, (max-width: 768px) 100vw, 768px\" \/><\/a><\/figure>\n\n\n\n<figure class=\"wp-block-image size-large\"><a href=\"https:\/\/www.agrupamentoverticalgaviao.pt\/wp-content\/uploads\/2024\/11\/20outubro_1-21.jpg\"><img loading=\"lazy\" decoding=\"async\" width=\"1024\" height=\"971\" data-id=\"44980\" src=\"https:\/\/www.agrupamentoverticalgaviao.pt\/wp-content\/uploads\/2024\/11\/20outubro_1-21.jpg\" alt=\"\" class=\"wp-image-44980\" srcset=\"https:\/\/www.agrupamentoverticalgaviao.pt\/wp-content\/uploads\/2024\/11\/20outubro_1-21.jpg 1024w, https:\/\/www.agrupamentoverticalgaviao.pt\/wp-content\/uploads\/2024\/11\/20outubro_1-21-300x284.jpg 300w, https:\/\/www.agrupamentoverticalgaviao.pt\/wp-content\/uploads\/2024\/11\/20outubro_1-21-768x728.jpg 768w\" sizes=\"auto, (max-width: 1024px) 100vw, 1024px\" \/><\/a><\/figure>\n\n\n\n<figure class=\"wp-block-image size-large\"><a href=\"https:\/\/www.agrupamentoverticalgaviao.pt\/wp-content\/uploads\/2024\/11\/20outubro_1-22.jpg\"><img loading=\"lazy\" decoding=\"async\" width=\"768\" height=\"1024\" data-id=\"44981\" src=\"https:\/\/www.agrupamentoverticalgaviao.pt\/wp-content\/uploads\/2024\/11\/20outubro_1-22.jpg\" alt=\"\" class=\"wp-image-44981\" srcset=\"https:\/\/www.agrupamentoverticalgaviao.pt\/wp-content\/uploads\/2024\/11\/20outubro_1-22.jpg 768w, https:\/\/www.agrupamentoverticalgaviao.pt\/wp-content\/uploads\/2024\/11\/20outubro_1-22-225x300.jpg 225w\" sizes=\"auto, (max-width: 768px) 100vw, 768px\" \/><\/a><\/figure>\n\n\n\n<figure class=\"wp-block-image size-large\"><a href=\"https:\/\/www.agrupamentoverticalgaviao.pt\/wp-content\/uploads\/2024\/11\/20outubro_1-23.jpg\"><img loading=\"lazy\" decoding=\"async\" width=\"768\" height=\"1024\" data-id=\"44982\" src=\"https:\/\/www.agrupamentoverticalgaviao.pt\/wp-content\/uploads\/2024\/11\/20outubro_1-23.jpg\" alt=\"\" class=\"wp-image-44982\" srcset=\"https:\/\/www.agrupamentoverticalgaviao.pt\/wp-content\/uploads\/2024\/11\/20outubro_1-23.jpg 768w, https:\/\/www.agrupamentoverticalgaviao.pt\/wp-content\/uploads\/2024\/11\/20outubro_1-23-225x300.jpg 225w\" sizes=\"auto, (max-width: 768px) 100vw, 768px\" \/><\/a><\/figure>\n\n\n\n<figure class=\"wp-block-image size-large\"><a href=\"https:\/\/www.agrupamentoverticalgaviao.pt\/wp-content\/uploads\/2024\/11\/20outubro_1-24.jpg\"><img loading=\"lazy\" decoding=\"async\" width=\"768\" height=\"1024\" data-id=\"44983\" src=\"https:\/\/www.agrupamentoverticalgaviao.pt\/wp-content\/uploads\/2024\/11\/20outubro_1-24.jpg\" alt=\"\" class=\"wp-image-44983\" srcset=\"https:\/\/www.agrupamentoverticalgaviao.pt\/wp-content\/uploads\/2024\/11\/20outubro_1-24.jpg 768w, https:\/\/www.agrupamentoverticalgaviao.pt\/wp-content\/uploads\/2024\/11\/20outubro_1-24-225x300.jpg 225w\" sizes=\"auto, (max-width: 768px) 100vw, 768px\" \/><\/a><\/figure>\n\n\n\n<figure class=\"wp-block-image size-large\"><a href=\"https:\/\/www.agrupamentoverticalgaviao.pt\/wp-content\/uploads\/2024\/11\/20outubro_1-25.jpg\"><img loading=\"lazy\" decoding=\"async\" width=\"768\" height=\"1024\" data-id=\"44984\" src=\"https:\/\/www.agrupamentoverticalgaviao.pt\/wp-content\/uploads\/2024\/11\/20outubro_1-25.jpg\" alt=\"\" class=\"wp-image-44984\" srcset=\"https:\/\/www.agrupamentoverticalgaviao.pt\/wp-content\/uploads\/2024\/11\/20outubro_1-25.jpg 768w, https:\/\/www.agrupamentoverticalgaviao.pt\/wp-content\/uploads\/2024\/11\/20outubro_1-25-225x300.jpg 225w\" sizes=\"auto, (max-width: 768px) 100vw, 768px\" \/><\/a><\/figure>\n\n\n\n<figure class=\"wp-block-image size-large\"><a href=\"https:\/\/www.agrupamentoverticalgaviao.pt\/wp-content\/uploads\/2024\/11\/20outubro_1-26.jpg\"><img loading=\"lazy\" decoding=\"async\" width=\"1024\" height=\"768\" data-id=\"44985\" src=\"https:\/\/www.agrupamentoverticalgaviao.pt\/wp-content\/uploads\/2024\/11\/20outubro_1-26.jpg\" alt=\"\" class=\"wp-image-44985\" srcset=\"https:\/\/www.agrupamentoverticalgaviao.pt\/wp-content\/uploads\/2024\/11\/20outubro_1-26.jpg 1024w, https:\/\/www.agrupamentoverticalgaviao.pt\/wp-content\/uploads\/2024\/11\/20outubro_1-26-300x225.jpg 300w, https:\/\/www.agrupamentoverticalgaviao.pt\/wp-content\/uploads\/2024\/11\/20outubro_1-26-768x576.jpg 768w\" sizes=\"auto, (max-width: 1024px) 100vw, 1024px\" \/><\/a><\/figure>\n\n\n\n<figure class=\"wp-block-image size-large\"><a href=\"https:\/\/www.agrupamentoverticalgaviao.pt\/wp-content\/uploads\/2024\/11\/20outubro_1-27.jpg\"><img loading=\"lazy\" decoding=\"async\" width=\"768\" height=\"1024\" data-id=\"44986\" src=\"https:\/\/www.agrupamentoverticalgaviao.pt\/wp-content\/uploads\/2024\/11\/20outubro_1-27.jpg\" alt=\"\" class=\"wp-image-44986\" srcset=\"https:\/\/www.agrupamentoverticalgaviao.pt\/wp-content\/uploads\/2024\/11\/20outubro_1-27.jpg 768w, https:\/\/www.agrupamentoverticalgaviao.pt\/wp-content\/uploads\/2024\/11\/20outubro_1-27-225x300.jpg 225w\" sizes=\"auto, (max-width: 768px) 100vw, 768px\" \/><\/a><\/figure>\n\n\n\n<figure class=\"wp-block-image size-large\"><a href=\"https:\/\/www.agrupamentoverticalgaviao.pt\/wp-content\/uploads\/2024\/11\/20outubro_1-28.jpg\"><img loading=\"lazy\" decoding=\"async\" width=\"1024\" height=\"768\" data-id=\"44987\" src=\"https:\/\/www.agrupamentoverticalgaviao.pt\/wp-content\/uploads\/2024\/11\/20outubro_1-28.jpg\" alt=\"\" class=\"wp-image-44987\" srcset=\"https:\/\/www.agrupamentoverticalgaviao.pt\/wp-content\/uploads\/2024\/11\/20outubro_1-28.jpg 1024w, https:\/\/www.agrupamentoverticalgaviao.pt\/wp-content\/uploads\/2024\/11\/20outubro_1-28-300x225.jpg 300w, https:\/\/www.agrupamentoverticalgaviao.pt\/wp-content\/uploads\/2024\/11\/20outubro_1-28-768x576.jpg 768w\" sizes=\"auto, (max-width: 1024px) 100vw, 1024px\" \/><\/a><\/figure>\n\n\n\n<figure class=\"wp-block-image size-large\"><a href=\"https:\/\/www.agrupamentoverticalgaviao.pt\/wp-content\/uploads\/2024\/11\/20outubro_1-29.jpg\"><img loading=\"lazy\" decoding=\"async\" width=\"1024\" height=\"768\" data-id=\"44988\" src=\"https:\/\/www.agrupamentoverticalgaviao.pt\/wp-content\/uploads\/2024\/11\/20outubro_1-29.jpg\" alt=\"\" class=\"wp-image-44988\" srcset=\"https:\/\/www.agrupamentoverticalgaviao.pt\/wp-content\/uploads\/2024\/11\/20outubro_1-29.jpg 1024w, https:\/\/www.agrupamentoverticalgaviao.pt\/wp-content\/uploads\/2024\/11\/20outubro_1-29-300x225.jpg 300w, https:\/\/www.agrupamentoverticalgaviao.pt\/wp-content\/uploads\/2024\/11\/20outubro_1-29-768x576.jpg 768w\" sizes=\"auto, (max-width: 1024px) 100vw, 1024px\" \/><\/a><\/figure>\n\n\n\n<figure class=\"wp-block-image size-large\"><a href=\"https:\/\/www.agrupamentoverticalgaviao.pt\/wp-content\/uploads\/2024\/11\/20outubro_1-30.jpg\"><img loading=\"lazy\" decoding=\"async\" width=\"1024\" height=\"768\" data-id=\"44989\" src=\"https:\/\/www.agrupamentoverticalgaviao.pt\/wp-content\/uploads\/2024\/11\/20outubro_1-30.jpg\" alt=\"\" class=\"wp-image-44989\" srcset=\"https:\/\/www.agrupamentoverticalgaviao.pt\/wp-content\/uploads\/2024\/11\/20outubro_1-30.jpg 1024w, https:\/\/www.agrupamentoverticalgaviao.pt\/wp-content\/uploads\/2024\/11\/20outubro_1-30-300x225.jpg 300w, https:\/\/www.agrupamentoverticalgaviao.pt\/wp-content\/uploads\/2024\/11\/20outubro_1-30-768x576.jpg 768w\" sizes=\"auto, (max-width: 1024px) 100vw, 1024px\" \/><\/a><\/figure>\n\n\n\n<figure class=\"wp-block-image size-large\"><a href=\"https:\/\/www.agrupamentoverticalgaviao.pt\/wp-content\/uploads\/2024\/11\/20outubro_1-31.jpg\"><img loading=\"lazy\" decoding=\"async\" width=\"768\" height=\"1024\" data-id=\"44990\" src=\"https:\/\/www.agrupamentoverticalgaviao.pt\/wp-content\/uploads\/2024\/11\/20outubro_1-31-768x1024.jpg\" alt=\"\" class=\"wp-image-44990\" srcset=\"https:\/\/www.agrupamentoverticalgaviao.pt\/wp-content\/uploads\/2024\/11\/20outubro_1-31-768x1024.jpg 768w, https:\/\/www.agrupamentoverticalgaviao.pt\/wp-content\/uploads\/2024\/11\/20outubro_1-31-225x300.jpg 225w, https:\/\/www.agrupamentoverticalgaviao.pt\/wp-content\/uploads\/2024\/11\/20outubro_1-31-1152x1536.jpg 1152w, https:\/\/www.agrupamentoverticalgaviao.pt\/wp-content\/uploads\/2024\/11\/20outubro_1-31.jpg 1536w\" sizes=\"auto, (max-width: 768px) 100vw, 768px\" \/><\/a><\/figure>\n<\/figure>\n","protected":false},"excerpt":{"rendered":"<p>No \u00e2mbito das comemora\u00e7\u00f5es do Dia Municipal para a Igualdade, Dia Internacional para a &hellip; <\/p>\n","protected":false},"author":2,"featured_media":44977,"comment_status":"closed","ping_status":"closed","sticky":false,"template":"","format":"standard","meta":{"footnotes":""},"categories":[25],"tags":[],"class_list":["post-44959","post","type-post","status-publish","format-standard","has-post-thumbnail","hentry","category-agrupamento-de-escolas-de-gaviao"],"yoast_head":"<!-- This site is optimized with the Yoast SEO plugin v27.5 - https:\/\/yoast.com\/product\/yoast-seo-wordpress\/ -->\n<title>Dia de Sensibiliza\u00e7\u00e3o e Reflex\u00e3o: 20 de outubro - Agrupamento de Escolas de Gavi\u00e3o<\/title>\n<meta name=\"robots\" content=\"index, follow, max-snippet:-1, max-image-preview:large, max-video-preview:-1\" \/>\n<link rel=\"canonical\" href=\"https:\/\/www.agrupamentoverticalgaviao.pt\/?p=44959\" \/>\n<meta property=\"og:locale\" content=\"pt_PT\" \/>\n<meta property=\"og:type\" content=\"article\" \/>\n<meta property=\"og:title\" content=\"Dia de Sensibiliza\u00e7\u00e3o e Reflex\u00e3o: 20 de outubro - Agrupamento de Escolas de Gavi\u00e3o\" \/>\n<meta property=\"og:description\" content=\"No \u00e2mbito das comemora\u00e7\u00f5es do Dia Municipal para a Igualdade, Dia Internacional para a &hellip;\" \/>\n<meta property=\"og:url\" content=\"https:\/\/www.agrupamentoverticalgaviao.pt\/?p=44959\" \/>\n<meta property=\"og:site_name\" content=\"Agrupamento de Escolas de Gavi\u00e3o\" \/>\n<meta property=\"article:published_time\" content=\"2024-11-13T22:33:57+00:00\" \/>\n<meta property=\"article:modified_time\" content=\"2024-11-13T22:34:19+00:00\" \/>\n<meta property=\"og:image\" content=\"https:\/\/www.agrupamentoverticalgaviao.pt\/wp-content\/uploads\/2024\/11\/20outubro_1-18.jpg\" \/>\n\t<meta property=\"og:image:width\" content=\"1024\" \/>\n\t<meta property=\"og:image:height\" content=\"768\" \/>\n\t<meta property=\"og:image:type\" content=\"image\/jpeg\" \/>\n<meta name=\"author\" content=\"marco Vilela\" \/>\n<meta name=\"twitter:card\" content=\"summary_large_image\" \/>\n<meta name=\"twitter:label1\" content=\"Escrito por\" \/>\n\t<meta name=\"twitter:data1\" content=\"marco Vilela\" \/>\n<script type=\"application\/ld+json\" class=\"yoast-schema-graph\">{\"@context\":\"https:\\\/\\\/schema.org\",\"@graph\":[{\"@type\":\"Article\",\"@id\":\"https:\\\/\\\/www.agrupamentoverticalgaviao.pt\\\/?p=44959#article\",\"isPartOf\":{\"@id\":\"https:\\\/\\\/www.agrupamentoverticalgaviao.pt\\\/?p=44959\"},\"author\":{\"name\":\"marco Vilela\",\"@id\":\"https:\\\/\\\/www.agrupamentoverticalgaviao.pt\\\/#\\\/schema\\\/person\\\/b337300b08ca20a17717f1b413f4b253\"},\"headline\":\"Dia de Sensibiliza\u00e7\u00e3o e Reflex\u00e3o: 20 de outubro\",\"datePublished\":\"2024-11-13T22:33:57+00:00\",\"dateModified\":\"2024-11-13T22:34:19+00:00\",\"mainEntityOfPage\":{\"@id\":\"https:\\\/\\\/www.agrupamentoverticalgaviao.pt\\\/?p=44959\"},\"wordCount\":80,\"image\":{\"@id\":\"https:\\\/\\\/www.agrupamentoverticalgaviao.pt\\\/?p=44959#primaryimage\"},\"thumbnailUrl\":\"https:\\\/\\\/www.agrupamentoverticalgaviao.pt\\\/wp-content\\\/uploads\\\/2024\\\/11\\\/20outubro_1-18.jpg\",\"articleSection\":[\"Agrupamento de Escolas de Gavi\u00e3o\"],\"inLanguage\":\"pt-PT\"},{\"@type\":\"WebPage\",\"@id\":\"https:\\\/\\\/www.agrupamentoverticalgaviao.pt\\\/?p=44959\",\"url\":\"https:\\\/\\\/www.agrupamentoverticalgaviao.pt\\\/?p=44959\",\"name\":\"Dia de Sensibiliza\u00e7\u00e3o e Reflex\u00e3o: 20 de outubro - Agrupamento de Escolas de Gavi\u00e3o\",\"isPartOf\":{\"@id\":\"https:\\\/\\\/www.agrupamentoverticalgaviao.pt\\\/#website\"},\"primaryImageOfPage\":{\"@id\":\"https:\\\/\\\/www.agrupamentoverticalgaviao.pt\\\/?p=44959#primaryimage\"},\"image\":{\"@id\":\"https:\\\/\\\/www.agrupamentoverticalgaviao.pt\\\/?p=44959#primaryimage\"},\"thumbnailUrl\":\"https:\\\/\\\/www.agrupamentoverticalgaviao.pt\\\/wp-content\\\/uploads\\\/2024\\\/11\\\/20outubro_1-18.jpg\",\"datePublished\":\"2024-11-13T22:33:57+00:00\",\"dateModified\":\"2024-11-13T22:34:19+00:00\",\"author\":{\"@id\":\"https:\\\/\\\/www.agrupamentoverticalgaviao.pt\\\/#\\\/schema\\\/person\\\/b337300b08ca20a17717f1b413f4b253\"},\"breadcrumb\":{\"@id\":\"https:\\\/\\\/www.agrupamentoverticalgaviao.pt\\\/?p=44959#breadcrumb\"},\"inLanguage\":\"pt-PT\",\"potentialAction\":[{\"@type\":\"ReadAction\",\"target\":[\"https:\\\/\\\/www.agrupamentoverticalgaviao.pt\\\/?p=44959\"]}]},{\"@type\":\"ImageObject\",\"inLanguage\":\"pt-PT\",\"@id\":\"https:\\\/\\\/www.agrupamentoverticalgaviao.pt\\\/?p=44959#primaryimage\",\"url\":\"https:\\\/\\\/www.agrupamentoverticalgaviao.pt\\\/wp-content\\\/uploads\\\/2024\\\/11\\\/20outubro_1-18.jpg\",\"contentUrl\":\"https:\\\/\\\/www.agrupamentoverticalgaviao.pt\\\/wp-content\\\/uploads\\\/2024\\\/11\\\/20outubro_1-18.jpg\",\"width\":1024,\"height\":768},{\"@type\":\"BreadcrumbList\",\"@id\":\"https:\\\/\\\/www.agrupamentoverticalgaviao.pt\\\/?p=44959#breadcrumb\",\"itemListElement\":[{\"@type\":\"ListItem\",\"position\":1,\"name\":\"In\u00edcio\",\"item\":\"https:\\\/\\\/www.agrupamentoverticalgaviao.pt\\\/\"},{\"@type\":\"ListItem\",\"position\":2,\"name\":\"Dia de Sensibiliza\u00e7\u00e3o e Reflex\u00e3o: 20 de outubro\"}]},{\"@type\":\"WebSite\",\"@id\":\"https:\\\/\\\/www.agrupamentoverticalgaviao.pt\\\/#website\",\"url\":\"https:\\\/\\\/www.agrupamentoverticalgaviao.pt\\\/\",\"name\":\"Agrupamento de Escolas de Gavi\u00e3o\",\"description\":\"\",\"alternateName\":\"Agrupamento de Escolas de Gavi\u00e3o\",\"potentialAction\":[{\"@type\":\"SearchAction\",\"target\":{\"@type\":\"EntryPoint\",\"urlTemplate\":\"https:\\\/\\\/www.agrupamentoverticalgaviao.pt\\\/?s={search_term_string}\"},\"query-input\":{\"@type\":\"PropertyValueSpecification\",\"valueRequired\":true,\"valueName\":\"search_term_string\"}}],\"inLanguage\":\"pt-PT\"},{\"@type\":\"Person\",\"@id\":\"https:\\\/\\\/www.agrupamentoverticalgaviao.pt\\\/#\\\/schema\\\/person\\\/b337300b08ca20a17717f1b413f4b253\",\"name\":\"marco Vilela\",\"image\":{\"@type\":\"ImageObject\",\"inLanguage\":\"pt-PT\",\"@id\":\"https:\\\/\\\/secure.gravatar.com\\\/avatar\\\/8eb0feb60b637bbf624addb993bbcd710c4802ede472519543b7b7625a815e2d?s=96&d=mm&r=g\",\"url\":\"https:\\\/\\\/secure.gravatar.com\\\/avatar\\\/8eb0feb60b637bbf624addb993bbcd710c4802ede472519543b7b7625a815e2d?s=96&d=mm&r=g\",\"contentUrl\":\"https:\\\/\\\/secure.gravatar.com\\\/avatar\\\/8eb0feb60b637bbf624addb993bbcd710c4802ede472519543b7b7625a815e2d?s=96&d=mm&r=g\",\"caption\":\"marco Vilela\"},\"url\":\"https:\\\/\\\/www.agrupamentoverticalgaviao.pt\\\/?author=2\"}]}<\/script>\n<!-- \/ Yoast SEO plugin. -->","yoast_head_json":{"title":"Dia de Sensibiliza\u00e7\u00e3o e Reflex\u00e3o: 20 de outubro - Agrupamento de Escolas de Gavi\u00e3o","robots":{"index":"index","follow":"follow","max-snippet":"max-snippet:-1","max-image-preview":"max-image-preview:large","max-video-preview":"max-video-preview:-1"},"canonical":"https:\/\/www.agrupamentoverticalgaviao.pt\/?p=44959","og_locale":"pt_PT","og_type":"article","og_title":"Dia de Sensibiliza\u00e7\u00e3o e Reflex\u00e3o: 20 de outubro - Agrupamento de Escolas de Gavi\u00e3o","og_description":"No \u00e2mbito das comemora\u00e7\u00f5es do Dia Municipal para a Igualdade, Dia Internacional para a &hellip;","og_url":"https:\/\/www.agrupamentoverticalgaviao.pt\/?p=44959","og_site_name":"Agrupamento de Escolas de Gavi\u00e3o","article_published_time":"2024-11-13T22:33:57+00:00","article_modified_time":"2024-11-13T22:34:19+00:00","og_image":[{"width":1024,"height":768,"url":"https:\/\/www.agrupamentoverticalgaviao.pt\/wp-content\/uploads\/2024\/11\/20outubro_1-18.jpg","type":"image\/jpeg"}],"author":"marco Vilela","twitter_card":"summary_large_image","twitter_misc":{"Escrito por":"marco Vilela"},"schema":{"@context":"https:\/\/schema.org","@graph":[{"@type":"Article","@id":"https:\/\/www.agrupamentoverticalgaviao.pt\/?p=44959#article","isPartOf":{"@id":"https:\/\/www.agrupamentoverticalgaviao.pt\/?p=44959"},"author":{"name":"marco Vilela","@id":"https:\/\/www.agrupamentoverticalgaviao.pt\/#\/schema\/person\/b337300b08ca20a17717f1b413f4b253"},"headline":"Dia de Sensibiliza\u00e7\u00e3o e Reflex\u00e3o: 20 de outubro","datePublished":"2024-11-13T22:33:57+00:00","dateModified":"2024-11-13T22:34:19+00:00","mainEntityOfPage":{"@id":"https:\/\/www.agrupamentoverticalgaviao.pt\/?p=44959"},"wordCount":80,"image":{"@id":"https:\/\/www.agrupamentoverticalgaviao.pt\/?p=44959#primaryimage"},"thumbnailUrl":"https:\/\/www.agrupamentoverticalgaviao.pt\/wp-content\/uploads\/2024\/11\/20outubro_1-18.jpg","articleSection":["Agrupamento de Escolas de Gavi\u00e3o"],"inLanguage":"pt-PT"},{"@type":"WebPage","@id":"https:\/\/www.agrupamentoverticalgaviao.pt\/?p=44959","url":"https:\/\/www.agrupamentoverticalgaviao.pt\/?p=44959","name":"Dia de Sensibiliza\u00e7\u00e3o e Reflex\u00e3o: 20 de outubro - Agrupamento de Escolas de Gavi\u00e3o","isPartOf":{"@id":"https:\/\/www.agrupamentoverticalgaviao.pt\/#website"},"primaryImageOfPage":{"@id":"https:\/\/www.agrupamentoverticalgaviao.pt\/?p=44959#primaryimage"},"image":{"@id":"https:\/\/www.agrupamentoverticalgaviao.pt\/?p=44959#primaryimage"},"thumbnailUrl":"https:\/\/www.agrupamentoverticalgaviao.pt\/wp-content\/uploads\/2024\/11\/20outubro_1-18.jpg","datePublished":"2024-11-13T22:33:57+00:00","dateModified":"2024-11-13T22:34:19+00:00","author":{"@id":"https:\/\/www.agrupamentoverticalgaviao.pt\/#\/schema\/person\/b337300b08ca20a17717f1b413f4b253"},"breadcrumb":{"@id":"https:\/\/www.agrupamentoverticalgaviao.pt\/?p=44959#breadcrumb"},"inLanguage":"pt-PT","potentialAction":[{"@type":"ReadAction","target":["https:\/\/www.agrupamentoverticalgaviao.pt\/?p=44959"]}]},{"@type":"ImageObject","inLanguage":"pt-PT","@id":"https:\/\/www.agrupamentoverticalgaviao.pt\/?p=44959#primaryimage","url":"https:\/\/www.agrupamentoverticalgaviao.pt\/wp-content\/uploads\/2024\/11\/20outubro_1-18.jpg","contentUrl":"https:\/\/www.agrupamentoverticalgaviao.pt\/wp-content\/uploads\/2024\/11\/20outubro_1-18.jpg","width":1024,"height":768},{"@type":"BreadcrumbList","@id":"https:\/\/www.agrupamentoverticalgaviao.pt\/?p=44959#breadcrumb","itemListElement":[{"@type":"ListItem","position":1,"name":"In\u00edcio","item":"https:\/\/www.agrupamentoverticalgaviao.pt\/"},{"@type":"ListItem","position":2,"name":"Dia de Sensibiliza\u00e7\u00e3o e Reflex\u00e3o: 20 de outubro"}]},{"@type":"WebSite","@id":"https:\/\/www.agrupamentoverticalgaviao.pt\/#website","url":"https:\/\/www.agrupamentoverticalgaviao.pt\/","name":"Agrupamento de Escolas de Gavi\u00e3o","description":"","alternateName":"Agrupamento de Escolas de Gavi\u00e3o","potentialAction":[{"@type":"SearchAction","target":{"@type":"EntryPoint","urlTemplate":"https:\/\/www.agrupamentoverticalgaviao.pt\/?s={search_term_string}"},"query-input":{"@type":"PropertyValueSpecification","valueRequired":true,"valueName":"search_term_string"}}],"inLanguage":"pt-PT"},{"@type":"Person","@id":"https:\/\/www.agrupamentoverticalgaviao.pt\/#\/schema\/person\/b337300b08ca20a17717f1b413f4b253","name":"marco Vilela","image":{"@type":"ImageObject","inLanguage":"pt-PT","@id":"https:\/\/secure.gravatar.com\/avatar\/8eb0feb60b637bbf624addb993bbcd710c4802ede472519543b7b7625a815e2d?s=96&d=mm&r=g","url":"https:\/\/secure.gravatar.com\/avatar\/8eb0feb60b637bbf624addb993bbcd710c4802ede472519543b7b7625a815e2d?s=96&d=mm&r=g","contentUrl":"https:\/\/secure.gravatar.com\/avatar\/8eb0feb60b637bbf624addb993bbcd710c4802ede472519543b7b7625a815e2d?s=96&d=mm&r=g","caption":"marco Vilela"},"url":"https:\/\/www.agrupamentoverticalgaviao.pt\/?author=2"}]}},"_links":{"self":[{"href":"https:\/\/www.agrupamentoverticalgaviao.pt\/index.php?rest_route=\/wp\/v2\/posts\/44959","targetHints":{"allow":["GET"]}}],"collection":[{"href":"https:\/\/www.agrupamentoverticalgaviao.pt\/index.php?rest_route=\/wp\/v2\/posts"}],"about":[{"href":"https:\/\/www.agrupamentoverticalgaviao.pt\/index.php?rest_route=\/wp\/v2\/types\/post"}],"author":[{"embeddable":true,"href":"https:\/\/www.agrupamentoverticalgaviao.pt\/index.php?rest_route=\/wp\/v2\/users\/2"}],"replies":[{"embeddable":true,"href":"https:\/\/www.agrupamentoverticalgaviao.pt\/index.php?rest_route=%2Fwp%2Fv2%2Fcomments&post=44959"}],"version-history":[{"count":1,"href":"https:\/\/www.agrupamentoverticalgaviao.pt\/index.php?rest_route=\/wp\/v2\/posts\/44959\/revisions"}],"predecessor-version":[{"id":44991,"href":"https:\/\/www.agrupamentoverticalgaviao.pt\/index.php?rest_route=\/wp\/v2\/posts\/44959\/revisions\/44991"}],"wp:featuredmedia":[{"embeddable":true,"href":"https:\/\/www.agrupamentoverticalgaviao.pt\/index.php?rest_route=\/wp\/v2\/media\/44977"}],"wp:attachment":[{"href":"https:\/\/www.agrupamentoverticalgaviao.pt\/index.php?rest_route=%2Fwp%2Fv2%2Fmedia&parent=44959"}],"wp:term":[{"taxonomy":"category","embeddable":true,"href":"https:\/\/www.agrupamentoverticalgaviao.pt\/index.php?rest_route=%2Fwp%2Fv2%2Fcategories&post=44959"},{"taxonomy":"post_tag","embeddable":true,"href":"https:\/\/www.agrupamentoverticalgaviao.pt\/index.php?rest_route=%2Fwp%2Fv2%2Ftags&post=44959"}],"curies":[{"name":"wp","href":"https:\/\/api.w.org\/{rel}","templated":true}]}}