{"id":44931,"date":"2024-11-12T22:52:13","date_gmt":"2024-11-12T22:52:13","guid":{"rendered":"https:\/\/www.agrupamentoverticalgaviao.pt\/?p=44931"},"modified":"2024-11-12T22:52:17","modified_gmt":"2024-11-12T22:52:17","slug":"comemoracao-do-dia-de-s-martinho-2","status":"publish","type":"post","link":"https:\/\/www.agrupamentoverticalgaviao.pt\/?p=44931","title":{"rendered":"Comemora\u00e7\u00e3o do Dia de S. Martinho"},"content":{"rendered":"\n<p>As crian\u00e7as do ensino Pr\u00e9-Escolar e os alunos do 1\u00ba Ciclo comemoraram o Dia de S. Martinho, em parceria com a Universidade S\u00e9nior de Gavi\u00e3o, no \u00e2mbito do Clube de Ci\u00eancia Viva na Escola -ScienLab: Os av\u00f3s e a Ci\u00eancia. Fizemos p\u00e3o com chouri\u00e7o e levamos a cozer no forno comunit\u00e1rio. Aprendemos que est\u00e1 forma de fazer o p\u00e3o e o cozer era mais sustent\u00e1vel porque se usou lenha apanhada no campo para acender o forno. Ao final da tarde, os deliciosos tornaram o nosso lanche muito saboroso. Agora temos um desafio para fazer: descobrir porque cresceu a massa do p\u00e3o. Ser\u00e1 magia ou ci\u00eancia?<\/p>\n\n\n\n<figure class=\"wp-block-gallery has-nested-images columns-default is-cropped wp-block-gallery-1 is-layout-flex wp-block-gallery-is-layout-flex\">\n<figure class=\"wp-block-image size-large\"><a href=\"https:\/\/www.agrupamentoverticalgaviao.pt\/wp-content\/uploads\/2024\/11\/SaoMartinho2024_-1.jpg\"><img loading=\"lazy\" decoding=\"async\" width=\"1024\" height=\"769\" data-id=\"44932\" src=\"https:\/\/www.agrupamentoverticalgaviao.pt\/wp-content\/uploads\/2024\/11\/SaoMartinho2024_-1-1024x769.jpg\" alt=\"\" class=\"wp-image-44932\" srcset=\"https:\/\/www.agrupamentoverticalgaviao.pt\/wp-content\/uploads\/2024\/11\/SaoMartinho2024_-1-1024x769.jpg 1024w, https:\/\/www.agrupamentoverticalgaviao.pt\/wp-content\/uploads\/2024\/11\/SaoMartinho2024_-1-300x225.jpg 300w, https:\/\/www.agrupamentoverticalgaviao.pt\/wp-content\/uploads\/2024\/11\/SaoMartinho2024_-1-768x576.jpg 768w, https:\/\/www.agrupamentoverticalgaviao.pt\/wp-content\/uploads\/2024\/11\/SaoMartinho2024_-1-1536x1153.jpg 1536w, https:\/\/www.agrupamentoverticalgaviao.pt\/wp-content\/uploads\/2024\/11\/SaoMartinho2024_-1.jpg 2048w\" sizes=\"auto, (max-width: 1024px) 100vw, 1024px\" \/><\/a><\/figure>\n\n\n\n<figure class=\"wp-block-image size-large\"><a href=\"https:\/\/www.agrupamentoverticalgaviao.pt\/wp-content\/uploads\/2024\/11\/SaoMartinho2024_-2.jpg\"><img loading=\"lazy\" decoding=\"async\" width=\"1024\" height=\"769\" data-id=\"44933\" src=\"https:\/\/www.agrupamentoverticalgaviao.pt\/wp-content\/uploads\/2024\/11\/SaoMartinho2024_-2-1024x769.jpg\" alt=\"\" class=\"wp-image-44933\" srcset=\"https:\/\/www.agrupamentoverticalgaviao.pt\/wp-content\/uploads\/2024\/11\/SaoMartinho2024_-2-1024x769.jpg 1024w, https:\/\/www.agrupamentoverticalgaviao.pt\/wp-content\/uploads\/2024\/11\/SaoMartinho2024_-2-300x225.jpg 300w, https:\/\/www.agrupamentoverticalgaviao.pt\/wp-content\/uploads\/2024\/11\/SaoMartinho2024_-2-768x576.jpg 768w, https:\/\/www.agrupamentoverticalgaviao.pt\/wp-content\/uploads\/2024\/11\/SaoMartinho2024_-2-1536x1153.jpg 1536w, https:\/\/www.agrupamentoverticalgaviao.pt\/wp-content\/uploads\/2024\/11\/SaoMartinho2024_-2.jpg 2048w\" sizes=\"auto, (max-width: 1024px) 100vw, 1024px\" \/><\/a><\/figure>\n\n\n\n<figure class=\"wp-block-image size-large\"><a href=\"https:\/\/www.agrupamentoverticalgaviao.pt\/wp-content\/uploads\/2024\/11\/SaoMartinho2024_-3.jpg\"><img loading=\"lazy\" decoding=\"async\" width=\"1024\" height=\"768\" data-id=\"44934\" src=\"https:\/\/www.agrupamentoverticalgaviao.pt\/wp-content\/uploads\/2024\/11\/SaoMartinho2024_-3-1024x768.jpg\" alt=\"\" class=\"wp-image-44934\" srcset=\"https:\/\/www.agrupamentoverticalgaviao.pt\/wp-content\/uploads\/2024\/11\/SaoMartinho2024_-3-1024x768.jpg 1024w, https:\/\/www.agrupamentoverticalgaviao.pt\/wp-content\/uploads\/2024\/11\/SaoMartinho2024_-3-300x225.jpg 300w, https:\/\/www.agrupamentoverticalgaviao.pt\/wp-content\/uploads\/2024\/11\/SaoMartinho2024_-3-768x576.jpg 768w, https:\/\/www.agrupamentoverticalgaviao.pt\/wp-content\/uploads\/2024\/11\/SaoMartinho2024_-3-1536x1152.jpg 1536w, https:\/\/www.agrupamentoverticalgaviao.pt\/wp-content\/uploads\/2024\/11\/SaoMartinho2024_-3.jpg 1600w\" sizes=\"auto, (max-width: 1024px) 100vw, 1024px\" \/><\/a><\/figure>\n\n\n\n<figure class=\"wp-block-image size-large\"><a href=\"https:\/\/www.agrupamentoverticalgaviao.pt\/wp-content\/uploads\/2024\/11\/SaoMartinho2024_-4.jpg\"><img loading=\"lazy\" decoding=\"async\" width=\"768\" height=\"1024\" data-id=\"44935\" src=\"https:\/\/www.agrupamentoverticalgaviao.pt\/wp-content\/uploads\/2024\/11\/SaoMartinho2024_-4-768x1024.jpg\" alt=\"\" class=\"wp-image-44935\" srcset=\"https:\/\/www.agrupamentoverticalgaviao.pt\/wp-content\/uploads\/2024\/11\/SaoMartinho2024_-4-768x1024.jpg 768w, https:\/\/www.agrupamentoverticalgaviao.pt\/wp-content\/uploads\/2024\/11\/SaoMartinho2024_-4-225x300.jpg 225w, https:\/\/www.agrupamentoverticalgaviao.pt\/wp-content\/uploads\/2024\/11\/SaoMartinho2024_-4-1152x1536.jpg 1152w, https:\/\/www.agrupamentoverticalgaviao.pt\/wp-content\/uploads\/2024\/11\/SaoMartinho2024_-4.jpg 1200w\" sizes=\"auto, (max-width: 768px) 100vw, 768px\" \/><\/a><\/figure>\n\n\n\n<figure class=\"wp-block-image size-large\"><a href=\"https:\/\/www.agrupamentoverticalgaviao.pt\/wp-content\/uploads\/2024\/11\/SaoMartinho2024_-5.jpg\"><img loading=\"lazy\" decoding=\"async\" width=\"768\" height=\"1024\" data-id=\"44936\" src=\"https:\/\/www.agrupamentoverticalgaviao.pt\/wp-content\/uploads\/2024\/11\/SaoMartinho2024_-5-768x1024.jpg\" alt=\"\" class=\"wp-image-44936\" srcset=\"https:\/\/www.agrupamentoverticalgaviao.pt\/wp-content\/uploads\/2024\/11\/SaoMartinho2024_-5-768x1024.jpg 768w, https:\/\/www.agrupamentoverticalgaviao.pt\/wp-content\/uploads\/2024\/11\/SaoMartinho2024_-5-225x300.jpg 225w, https:\/\/www.agrupamentoverticalgaviao.pt\/wp-content\/uploads\/2024\/11\/SaoMartinho2024_-5-1152x1536.jpg 1152w, https:\/\/www.agrupamentoverticalgaviao.pt\/wp-content\/uploads\/2024\/11\/SaoMartinho2024_-5.jpg 1200w\" sizes=\"auto, (max-width: 768px) 100vw, 768px\" \/><\/a><\/figure>\n\n\n\n<figure class=\"wp-block-image size-large\"><a href=\"https:\/\/www.agrupamentoverticalgaviao.pt\/wp-content\/uploads\/2024\/11\/SaoMartinho2024_-6.jpg\"><img loading=\"lazy\" decoding=\"async\" width=\"768\" height=\"1024\" data-id=\"44937\" src=\"https:\/\/www.agrupamentoverticalgaviao.pt\/wp-content\/uploads\/2024\/11\/SaoMartinho2024_-6-768x1024.jpg\" alt=\"\" class=\"wp-image-44937\" srcset=\"https:\/\/www.agrupamentoverticalgaviao.pt\/wp-content\/uploads\/2024\/11\/SaoMartinho2024_-6-768x1024.jpg 768w, https:\/\/www.agrupamentoverticalgaviao.pt\/wp-content\/uploads\/2024\/11\/SaoMartinho2024_-6-225x300.jpg 225w, https:\/\/www.agrupamentoverticalgaviao.pt\/wp-content\/uploads\/2024\/11\/SaoMartinho2024_-6-1152x1536.jpg 1152w, https:\/\/www.agrupamentoverticalgaviao.pt\/wp-content\/uploads\/2024\/11\/SaoMartinho2024_-6.jpg 1200w\" sizes=\"auto, (max-width: 768px) 100vw, 768px\" \/><\/a><\/figure>\n\n\n\n<figure class=\"wp-block-image size-large\"><a href=\"https:\/\/www.agrupamentoverticalgaviao.pt\/wp-content\/uploads\/2024\/11\/SaoMartinho2024_-7.jpg\"><img loading=\"lazy\" decoding=\"async\" width=\"768\" height=\"1024\" data-id=\"44938\" src=\"https:\/\/www.agrupamentoverticalgaviao.pt\/wp-content\/uploads\/2024\/11\/SaoMartinho2024_-7-768x1024.jpg\" alt=\"\" class=\"wp-image-44938\" srcset=\"https:\/\/www.agrupamentoverticalgaviao.pt\/wp-content\/uploads\/2024\/11\/SaoMartinho2024_-7-768x1024.jpg 768w, https:\/\/www.agrupamentoverticalgaviao.pt\/wp-content\/uploads\/2024\/11\/SaoMartinho2024_-7-225x300.jpg 225w, https:\/\/www.agrupamentoverticalgaviao.pt\/wp-content\/uploads\/2024\/11\/SaoMartinho2024_-7-1152x1536.jpg 1152w, https:\/\/www.agrupamentoverticalgaviao.pt\/wp-content\/uploads\/2024\/11\/SaoMartinho2024_-7.jpg 1200w\" sizes=\"auto, (max-width: 768px) 100vw, 768px\" \/><\/a><\/figure>\n\n\n\n<figure class=\"wp-block-image size-large\"><a href=\"https:\/\/www.agrupamentoverticalgaviao.pt\/wp-content\/uploads\/2024\/11\/SaoMartinho2024_-8.jpg\"><img loading=\"lazy\" decoding=\"async\" width=\"768\" height=\"1024\" data-id=\"44939\" src=\"https:\/\/www.agrupamentoverticalgaviao.pt\/wp-content\/uploads\/2024\/11\/SaoMartinho2024_-8-768x1024.jpg\" alt=\"\" class=\"wp-image-44939\" srcset=\"https:\/\/www.agrupamentoverticalgaviao.pt\/wp-content\/uploads\/2024\/11\/SaoMartinho2024_-8-768x1024.jpg 768w, https:\/\/www.agrupamentoverticalgaviao.pt\/wp-content\/uploads\/2024\/11\/SaoMartinho2024_-8-225x300.jpg 225w, https:\/\/www.agrupamentoverticalgaviao.pt\/wp-content\/uploads\/2024\/11\/SaoMartinho2024_-8-1152x1536.jpg 1152w, https:\/\/www.agrupamentoverticalgaviao.pt\/wp-content\/uploads\/2024\/11\/SaoMartinho2024_-8.jpg 1200w\" sizes=\"auto, (max-width: 768px) 100vw, 768px\" \/><\/a><\/figure>\n\n\n\n<figure class=\"wp-block-image size-large\"><a href=\"https:\/\/www.agrupamentoverticalgaviao.pt\/wp-content\/uploads\/2024\/11\/SaoMartinho2024_-9.jpg\"><img loading=\"lazy\" decoding=\"async\" width=\"769\" height=\"1024\" data-id=\"44940\" src=\"https:\/\/www.agrupamentoverticalgaviao.pt\/wp-content\/uploads\/2024\/11\/SaoMartinho2024_-9-769x1024.jpg\" alt=\"\" class=\"wp-image-44940\" srcset=\"https:\/\/www.agrupamentoverticalgaviao.pt\/wp-content\/uploads\/2024\/11\/SaoMartinho2024_-9-769x1024.jpg 769w, https:\/\/www.agrupamentoverticalgaviao.pt\/wp-content\/uploads\/2024\/11\/SaoMartinho2024_-9-225x300.jpg 225w, https:\/\/www.agrupamentoverticalgaviao.pt\/wp-content\/uploads\/2024\/11\/SaoMartinho2024_-9-768x1023.jpg 768w, https:\/\/www.agrupamentoverticalgaviao.pt\/wp-content\/uploads\/2024\/11\/SaoMartinho2024_-9-1153x1536.jpg 1153w, https:\/\/www.agrupamentoverticalgaviao.pt\/wp-content\/uploads\/2024\/11\/SaoMartinho2024_-9.jpg 1537w\" sizes=\"auto, (max-width: 769px) 100vw, 769px\" \/><\/a><\/figure>\n\n\n\n<figure class=\"wp-block-image size-large\"><a href=\"https:\/\/www.agrupamentoverticalgaviao.pt\/wp-content\/uploads\/2024\/11\/SaoMartinho2024_-10.jpg\"><img loading=\"lazy\" decoding=\"async\" width=\"768\" height=\"1024\" data-id=\"44941\" src=\"https:\/\/www.agrupamentoverticalgaviao.pt\/wp-content\/uploads\/2024\/11\/SaoMartinho2024_-10-768x1024.jpg\" alt=\"\" class=\"wp-image-44941\" srcset=\"https:\/\/www.agrupamentoverticalgaviao.pt\/wp-content\/uploads\/2024\/11\/SaoMartinho2024_-10-768x1024.jpg 768w, https:\/\/www.agrupamentoverticalgaviao.pt\/wp-content\/uploads\/2024\/11\/SaoMartinho2024_-10-225x300.jpg 225w, https:\/\/www.agrupamentoverticalgaviao.pt\/wp-content\/uploads\/2024\/11\/SaoMartinho2024_-10-1152x1536.jpg 1152w, https:\/\/www.agrupamentoverticalgaviao.pt\/wp-content\/uploads\/2024\/11\/SaoMartinho2024_-10.jpg 1200w\" sizes=\"auto, (max-width: 768px) 100vw, 768px\" \/><\/a><\/figure>\n\n\n\n<figure class=\"wp-block-image size-large\"><a href=\"https:\/\/www.agrupamentoverticalgaviao.pt\/wp-content\/uploads\/2024\/11\/SaoMartinho2024_-11.jpg\"><img loading=\"lazy\" decoding=\"async\" width=\"768\" height=\"1024\" data-id=\"44942\" src=\"https:\/\/www.agrupamentoverticalgaviao.pt\/wp-content\/uploads\/2024\/11\/SaoMartinho2024_-11-768x1024.jpg\" alt=\"\" class=\"wp-image-44942\" srcset=\"https:\/\/www.agrupamentoverticalgaviao.pt\/wp-content\/uploads\/2024\/11\/SaoMartinho2024_-11-768x1024.jpg 768w, https:\/\/www.agrupamentoverticalgaviao.pt\/wp-content\/uploads\/2024\/11\/SaoMartinho2024_-11-225x300.jpg 225w, https:\/\/www.agrupamentoverticalgaviao.pt\/wp-content\/uploads\/2024\/11\/SaoMartinho2024_-11-1152x1536.jpg 1152w, https:\/\/www.agrupamentoverticalgaviao.pt\/wp-content\/uploads\/2024\/11\/SaoMartinho2024_-11.jpg 1200w\" sizes=\"auto, (max-width: 768px) 100vw, 768px\" \/><\/a><\/figure>\n\n\n\n<figure class=\"wp-block-image size-large\"><a href=\"https:\/\/www.agrupamentoverticalgaviao.pt\/wp-content\/uploads\/2024\/11\/SaoMartinho2024_-12.jpg\"><img loading=\"lazy\" decoding=\"async\" width=\"769\" height=\"1024\" data-id=\"44943\" src=\"https:\/\/www.agrupamentoverticalgaviao.pt\/wp-content\/uploads\/2024\/11\/SaoMartinho2024_-12-769x1024.jpg\" alt=\"\" class=\"wp-image-44943\" srcset=\"https:\/\/www.agrupamentoverticalgaviao.pt\/wp-content\/uploads\/2024\/11\/SaoMartinho2024_-12-769x1024.jpg 769w, https:\/\/www.agrupamentoverticalgaviao.pt\/wp-content\/uploads\/2024\/11\/SaoMartinho2024_-12-225x300.jpg 225w, https:\/\/www.agrupamentoverticalgaviao.pt\/wp-content\/uploads\/2024\/11\/SaoMartinho2024_-12-768x1023.jpg 768w, https:\/\/www.agrupamentoverticalgaviao.pt\/wp-content\/uploads\/2024\/11\/SaoMartinho2024_-12-1153x1536.jpg 1153w, https:\/\/www.agrupamentoverticalgaviao.pt\/wp-content\/uploads\/2024\/11\/SaoMartinho2024_-12.jpg 1537w\" sizes=\"auto, (max-width: 769px) 100vw, 769px\" \/><\/a><\/figure>\n\n\n\n<figure class=\"wp-block-image size-large\"><a href=\"https:\/\/www.agrupamentoverticalgaviao.pt\/wp-content\/uploads\/2024\/11\/SaoMartinho2024_-13.jpg\"><img loading=\"lazy\" decoding=\"async\" width=\"1024\" height=\"768\" data-id=\"44944\" src=\"https:\/\/www.agrupamentoverticalgaviao.pt\/wp-content\/uploads\/2024\/11\/SaoMartinho2024_-13-1024x768.jpg\" alt=\"\" class=\"wp-image-44944\" srcset=\"https:\/\/www.agrupamentoverticalgaviao.pt\/wp-content\/uploads\/2024\/11\/SaoMartinho2024_-13-1024x768.jpg 1024w, https:\/\/www.agrupamentoverticalgaviao.pt\/wp-content\/uploads\/2024\/11\/SaoMartinho2024_-13-300x225.jpg 300w, https:\/\/www.agrupamentoverticalgaviao.pt\/wp-content\/uploads\/2024\/11\/SaoMartinho2024_-13-768x576.jpg 768w, https:\/\/www.agrupamentoverticalgaviao.pt\/wp-content\/uploads\/2024\/11\/SaoMartinho2024_-13-1536x1152.jpg 1536w, https:\/\/www.agrupamentoverticalgaviao.pt\/wp-content\/uploads\/2024\/11\/SaoMartinho2024_-13.jpg 1600w\" sizes=\"auto, (max-width: 1024px) 100vw, 1024px\" \/><\/a><\/figure>\n\n\n\n<figure class=\"wp-block-image size-large\"><a href=\"https:\/\/www.agrupamentoverticalgaviao.pt\/wp-content\/uploads\/2024\/11\/SaoMartinho2024_-14.jpg\"><img loading=\"lazy\" decoding=\"async\" width=\"768\" height=\"1024\" data-id=\"44945\" src=\"https:\/\/www.agrupamentoverticalgaviao.pt\/wp-content\/uploads\/2024\/11\/SaoMartinho2024_-14-768x1024.jpg\" alt=\"\" class=\"wp-image-44945\" srcset=\"https:\/\/www.agrupamentoverticalgaviao.pt\/wp-content\/uploads\/2024\/11\/SaoMartinho2024_-14-768x1024.jpg 768w, https:\/\/www.agrupamentoverticalgaviao.pt\/wp-content\/uploads\/2024\/11\/SaoMartinho2024_-14-225x300.jpg 225w, https:\/\/www.agrupamentoverticalgaviao.pt\/wp-content\/uploads\/2024\/11\/SaoMartinho2024_-14-1152x1536.jpg 1152w, https:\/\/www.agrupamentoverticalgaviao.pt\/wp-content\/uploads\/2024\/11\/SaoMartinho2024_-14.jpg 1200w\" sizes=\"auto, (max-width: 768px) 100vw, 768px\" \/><\/a><\/figure>\n\n\n\n<figure class=\"wp-block-image size-large\"><a href=\"https:\/\/www.agrupamentoverticalgaviao.pt\/wp-content\/uploads\/2024\/11\/SaoMartinho2024_-15.jpg\"><img loading=\"lazy\" decoding=\"async\" width=\"1024\" height=\"768\" data-id=\"44946\" src=\"https:\/\/www.agrupamentoverticalgaviao.pt\/wp-content\/uploads\/2024\/11\/SaoMartinho2024_-15-1024x768.jpg\" alt=\"\" class=\"wp-image-44946\" srcset=\"https:\/\/www.agrupamentoverticalgaviao.pt\/wp-content\/uploads\/2024\/11\/SaoMartinho2024_-15-1024x768.jpg 1024w, https:\/\/www.agrupamentoverticalgaviao.pt\/wp-content\/uploads\/2024\/11\/SaoMartinho2024_-15-300x225.jpg 300w, https:\/\/www.agrupamentoverticalgaviao.pt\/wp-content\/uploads\/2024\/11\/SaoMartinho2024_-15-768x576.jpg 768w, https:\/\/www.agrupamentoverticalgaviao.pt\/wp-content\/uploads\/2024\/11\/SaoMartinho2024_-15-1536x1152.jpg 1536w, https:\/\/www.agrupamentoverticalgaviao.pt\/wp-content\/uploads\/2024\/11\/SaoMartinho2024_-15.jpg 1600w\" sizes=\"auto, (max-width: 1024px) 100vw, 1024px\" \/><\/a><\/figure>\n\n\n\n<figure class=\"wp-block-image size-large\"><a href=\"https:\/\/www.agrupamentoverticalgaviao.pt\/wp-content\/uploads\/2024\/11\/SaoMartinho2024_-16.jpg\"><img loading=\"lazy\" decoding=\"async\" width=\"769\" height=\"1024\" data-id=\"44947\" src=\"https:\/\/www.agrupamentoverticalgaviao.pt\/wp-content\/uploads\/2024\/11\/SaoMartinho2024_-16-769x1024.jpg\" alt=\"\" class=\"wp-image-44947\" srcset=\"https:\/\/www.agrupamentoverticalgaviao.pt\/wp-content\/uploads\/2024\/11\/SaoMartinho2024_-16-769x1024.jpg 769w, https:\/\/www.agrupamentoverticalgaviao.pt\/wp-content\/uploads\/2024\/11\/SaoMartinho2024_-16-225x300.jpg 225w, https:\/\/www.agrupamentoverticalgaviao.pt\/wp-content\/uploads\/2024\/11\/SaoMartinho2024_-16-768x1023.jpg 768w, https:\/\/www.agrupamentoverticalgaviao.pt\/wp-content\/uploads\/2024\/11\/SaoMartinho2024_-16-1153x1536.jpg 1153w, https:\/\/www.agrupamentoverticalgaviao.pt\/wp-content\/uploads\/2024\/11\/SaoMartinho2024_-16.jpg 1537w\" sizes=\"auto, (max-width: 769px) 100vw, 769px\" \/><\/a><\/figure>\n\n\n\n<figure class=\"wp-block-image size-large\"><a href=\"https:\/\/www.agrupamentoverticalgaviao.pt\/wp-content\/uploads\/2024\/11\/SaoMartinho2024_-17.jpg\"><img loading=\"lazy\" decoding=\"async\" width=\"769\" height=\"1024\" data-id=\"44948\" src=\"https:\/\/www.agrupamentoverticalgaviao.pt\/wp-content\/uploads\/2024\/11\/SaoMartinho2024_-17-769x1024.jpg\" alt=\"\" class=\"wp-image-44948\" srcset=\"https:\/\/www.agrupamentoverticalgaviao.pt\/wp-content\/uploads\/2024\/11\/SaoMartinho2024_-17-769x1024.jpg 769w, https:\/\/www.agrupamentoverticalgaviao.pt\/wp-content\/uploads\/2024\/11\/SaoMartinho2024_-17-225x300.jpg 225w, https:\/\/www.agrupamentoverticalgaviao.pt\/wp-content\/uploads\/2024\/11\/SaoMartinho2024_-17-768x1023.jpg 768w, https:\/\/www.agrupamentoverticalgaviao.pt\/wp-content\/uploads\/2024\/11\/SaoMartinho2024_-17-1153x1536.jpg 1153w, https:\/\/www.agrupamentoverticalgaviao.pt\/wp-content\/uploads\/2024\/11\/SaoMartinho2024_-17.jpg 1537w\" sizes=\"auto, (max-width: 769px) 100vw, 769px\" \/><\/a><\/figure>\n\n\n\n<figure class=\"wp-block-image size-large\"><a href=\"https:\/\/www.agrupamentoverticalgaviao.pt\/wp-content\/uploads\/2024\/11\/SaoMartinho2024_-18.jpg\"><img loading=\"lazy\" decoding=\"async\" width=\"1024\" height=\"768\" data-id=\"44949\" src=\"https:\/\/www.agrupamentoverticalgaviao.pt\/wp-content\/uploads\/2024\/11\/SaoMartinho2024_-18-1024x768.jpg\" alt=\"\" class=\"wp-image-44949\" srcset=\"https:\/\/www.agrupamentoverticalgaviao.pt\/wp-content\/uploads\/2024\/11\/SaoMartinho2024_-18-1024x768.jpg 1024w, https:\/\/www.agrupamentoverticalgaviao.pt\/wp-content\/uploads\/2024\/11\/SaoMartinho2024_-18-300x225.jpg 300w, https:\/\/www.agrupamentoverticalgaviao.pt\/wp-content\/uploads\/2024\/11\/SaoMartinho2024_-18-768x576.jpg 768w, https:\/\/www.agrupamentoverticalgaviao.pt\/wp-content\/uploads\/2024\/11\/SaoMartinho2024_-18-1536x1152.jpg 1536w, https:\/\/www.agrupamentoverticalgaviao.pt\/wp-content\/uploads\/2024\/11\/SaoMartinho2024_-18.jpg 1600w\" sizes=\"auto, (max-width: 1024px) 100vw, 1024px\" \/><\/a><\/figure>\n\n\n\n<figure class=\"wp-block-image size-large\"><a href=\"https:\/\/www.agrupamentoverticalgaviao.pt\/wp-content\/uploads\/2024\/11\/SaoMartinho2024_-19.jpg\"><img loading=\"lazy\" decoding=\"async\" width=\"1024\" height=\"768\" data-id=\"44950\" src=\"https:\/\/www.agrupamentoverticalgaviao.pt\/wp-content\/uploads\/2024\/11\/SaoMartinho2024_-19-1024x768.jpg\" alt=\"\" class=\"wp-image-44950\" srcset=\"https:\/\/www.agrupamentoverticalgaviao.pt\/wp-content\/uploads\/2024\/11\/SaoMartinho2024_-19-1024x768.jpg 1024w, https:\/\/www.agrupamentoverticalgaviao.pt\/wp-content\/uploads\/2024\/11\/SaoMartinho2024_-19-300x225.jpg 300w, https:\/\/www.agrupamentoverticalgaviao.pt\/wp-content\/uploads\/2024\/11\/SaoMartinho2024_-19-768x576.jpg 768w, https:\/\/www.agrupamentoverticalgaviao.pt\/wp-content\/uploads\/2024\/11\/SaoMartinho2024_-19-1536x1152.jpg 1536w, https:\/\/www.agrupamentoverticalgaviao.pt\/wp-content\/uploads\/2024\/11\/SaoMartinho2024_-19.jpg 1600w\" sizes=\"auto, (max-width: 1024px) 100vw, 1024px\" \/><\/a><\/figure>\n\n\n\n<figure class=\"wp-block-image size-large\"><a href=\"https:\/\/www.agrupamentoverticalgaviao.pt\/wp-content\/uploads\/2024\/11\/SaoMartinho2024_-20.jpg\"><img loading=\"lazy\" decoding=\"async\" width=\"1024\" height=\"768\" data-id=\"44951\" src=\"https:\/\/www.agrupamentoverticalgaviao.pt\/wp-content\/uploads\/2024\/11\/SaoMartinho2024_-20-1024x768.jpg\" alt=\"\" class=\"wp-image-44951\" srcset=\"https:\/\/www.agrupamentoverticalgaviao.pt\/wp-content\/uploads\/2024\/11\/SaoMartinho2024_-20-1024x768.jpg 1024w, https:\/\/www.agrupamentoverticalgaviao.pt\/wp-content\/uploads\/2024\/11\/SaoMartinho2024_-20-300x225.jpg 300w, https:\/\/www.agrupamentoverticalgaviao.pt\/wp-content\/uploads\/2024\/11\/SaoMartinho2024_-20-768x576.jpg 768w, https:\/\/www.agrupamentoverticalgaviao.pt\/wp-content\/uploads\/2024\/11\/SaoMartinho2024_-20-1536x1152.jpg 1536w, https:\/\/www.agrupamentoverticalgaviao.pt\/wp-content\/uploads\/2024\/11\/SaoMartinho2024_-20.jpg 1600w\" sizes=\"auto, (max-width: 1024px) 100vw, 1024px\" \/><\/a><\/figure>\n<\/figure>\n","protected":false},"excerpt":{"rendered":"<p>As crian\u00e7as do ensino Pr\u00e9-Escolar e os alunos do 1\u00ba Ciclo comemoraram o Dia &hellip; <\/p>\n","protected":false},"author":2,"featured_media":44950,"comment_status":"closed","ping_status":"closed","sticky":false,"template":"","format":"standard","meta":{"footnotes":""},"categories":[25],"tags":[],"class_list":["post-44931","post","type-post","status-publish","format-standard","has-post-thumbnail","hentry","category-agrupamento-de-escolas-de-gaviao"],"yoast_head":"<!-- This site is optimized with the Yoast SEO plugin v27.4 - https:\/\/yoast.com\/product\/yoast-seo-wordpress\/ -->\n<title>Comemora\u00e7\u00e3o do Dia de S. Martinho - Agrupamento de Escolas de Gavi\u00e3o<\/title>\n<meta name=\"robots\" content=\"index, follow, max-snippet:-1, max-image-preview:large, max-video-preview:-1\" \/>\n<link rel=\"canonical\" href=\"https:\/\/www.agrupamentoverticalgaviao.pt\/?p=44931\" \/>\n<meta property=\"og:locale\" content=\"pt_PT\" \/>\n<meta property=\"og:type\" content=\"article\" \/>\n<meta property=\"og:title\" content=\"Comemora\u00e7\u00e3o do Dia de S. Martinho - Agrupamento de Escolas de Gavi\u00e3o\" \/>\n<meta property=\"og:description\" content=\"As crian\u00e7as do ensino Pr\u00e9-Escolar e os alunos do 1\u00ba Ciclo comemoraram o Dia &hellip;\" \/>\n<meta property=\"og:url\" content=\"https:\/\/www.agrupamentoverticalgaviao.pt\/?p=44931\" \/>\n<meta property=\"og:site_name\" content=\"Agrupamento de Escolas de Gavi\u00e3o\" \/>\n<meta property=\"article:published_time\" content=\"2024-11-12T22:52:13+00:00\" \/>\n<meta property=\"article:modified_time\" content=\"2024-11-12T22:52:17+00:00\" \/>\n<meta property=\"og:image\" content=\"https:\/\/www.agrupamentoverticalgaviao.pt\/wp-content\/uploads\/2024\/11\/SaoMartinho2024_-19.jpg\" \/>\n\t<meta property=\"og:image:width\" content=\"1600\" \/>\n\t<meta property=\"og:image:height\" content=\"1200\" \/>\n\t<meta property=\"og:image:type\" content=\"image\/jpeg\" \/>\n<meta name=\"author\" content=\"marco Vilela\" \/>\n<meta name=\"twitter:card\" content=\"summary_large_image\" \/>\n<meta name=\"twitter:label1\" content=\"Escrito por\" \/>\n\t<meta name=\"twitter:data1\" content=\"marco Vilela\" \/>\n\t<meta name=\"twitter:label2\" content=\"Tempo estimado de leitura\" \/>\n\t<meta name=\"twitter:data2\" content=\"1 minuto\" \/>\n<script type=\"application\/ld+json\" class=\"yoast-schema-graph\">{\"@context\":\"https:\\\/\\\/schema.org\",\"@graph\":[{\"@type\":\"Article\",\"@id\":\"https:\\\/\\\/www.agrupamentoverticalgaviao.pt\\\/?p=44931#article\",\"isPartOf\":{\"@id\":\"https:\\\/\\\/www.agrupamentoverticalgaviao.pt\\\/?p=44931\"},\"author\":{\"name\":\"marco Vilela\",\"@id\":\"https:\\\/\\\/www.agrupamentoverticalgaviao.pt\\\/#\\\/schema\\\/person\\\/b337300b08ca20a17717f1b413f4b253\"},\"headline\":\"Comemora\u00e7\u00e3o do Dia de S. Martinho\",\"datePublished\":\"2024-11-12T22:52:13+00:00\",\"dateModified\":\"2024-11-12T22:52:17+00:00\",\"mainEntityOfPage\":{\"@id\":\"https:\\\/\\\/www.agrupamentoverticalgaviao.pt\\\/?p=44931\"},\"wordCount\":125,\"image\":{\"@id\":\"https:\\\/\\\/www.agrupamentoverticalgaviao.pt\\\/?p=44931#primaryimage\"},\"thumbnailUrl\":\"https:\\\/\\\/www.agrupamentoverticalgaviao.pt\\\/wp-content\\\/uploads\\\/2024\\\/11\\\/SaoMartinho2024_-19.jpg\",\"articleSection\":[\"Agrupamento de Escolas de Gavi\u00e3o\"],\"inLanguage\":\"pt-PT\"},{\"@type\":\"WebPage\",\"@id\":\"https:\\\/\\\/www.agrupamentoverticalgaviao.pt\\\/?p=44931\",\"url\":\"https:\\\/\\\/www.agrupamentoverticalgaviao.pt\\\/?p=44931\",\"name\":\"Comemora\u00e7\u00e3o do Dia de S. Martinho - Agrupamento de Escolas de Gavi\u00e3o\",\"isPartOf\":{\"@id\":\"https:\\\/\\\/www.agrupamentoverticalgaviao.pt\\\/#website\"},\"primaryImageOfPage\":{\"@id\":\"https:\\\/\\\/www.agrupamentoverticalgaviao.pt\\\/?p=44931#primaryimage\"},\"image\":{\"@id\":\"https:\\\/\\\/www.agrupamentoverticalgaviao.pt\\\/?p=44931#primaryimage\"},\"thumbnailUrl\":\"https:\\\/\\\/www.agrupamentoverticalgaviao.pt\\\/wp-content\\\/uploads\\\/2024\\\/11\\\/SaoMartinho2024_-19.jpg\",\"datePublished\":\"2024-11-12T22:52:13+00:00\",\"dateModified\":\"2024-11-12T22:52:17+00:00\",\"author\":{\"@id\":\"https:\\\/\\\/www.agrupamentoverticalgaviao.pt\\\/#\\\/schema\\\/person\\\/b337300b08ca20a17717f1b413f4b253\"},\"breadcrumb\":{\"@id\":\"https:\\\/\\\/www.agrupamentoverticalgaviao.pt\\\/?p=44931#breadcrumb\"},\"inLanguage\":\"pt-PT\",\"potentialAction\":[{\"@type\":\"ReadAction\",\"target\":[\"https:\\\/\\\/www.agrupamentoverticalgaviao.pt\\\/?p=44931\"]}]},{\"@type\":\"ImageObject\",\"inLanguage\":\"pt-PT\",\"@id\":\"https:\\\/\\\/www.agrupamentoverticalgaviao.pt\\\/?p=44931#primaryimage\",\"url\":\"https:\\\/\\\/www.agrupamentoverticalgaviao.pt\\\/wp-content\\\/uploads\\\/2024\\\/11\\\/SaoMartinho2024_-19.jpg\",\"contentUrl\":\"https:\\\/\\\/www.agrupamentoverticalgaviao.pt\\\/wp-content\\\/uploads\\\/2024\\\/11\\\/SaoMartinho2024_-19.jpg\",\"width\":1600,\"height\":1200},{\"@type\":\"BreadcrumbList\",\"@id\":\"https:\\\/\\\/www.agrupamentoverticalgaviao.pt\\\/?p=44931#breadcrumb\",\"itemListElement\":[{\"@type\":\"ListItem\",\"position\":1,\"name\":\"In\u00edcio\",\"item\":\"https:\\\/\\\/www.agrupamentoverticalgaviao.pt\\\/\"},{\"@type\":\"ListItem\",\"position\":2,\"name\":\"Comemora\u00e7\u00e3o do Dia de S. Martinho\"}]},{\"@type\":\"WebSite\",\"@id\":\"https:\\\/\\\/www.agrupamentoverticalgaviao.pt\\\/#website\",\"url\":\"https:\\\/\\\/www.agrupamentoverticalgaviao.pt\\\/\",\"name\":\"Agrupamento de Escolas de Gavi\u00e3o\",\"description\":\"\",\"alternateName\":\"Agrupamento de Escolas de Gavi\u00e3o\",\"potentialAction\":[{\"@type\":\"SearchAction\",\"target\":{\"@type\":\"EntryPoint\",\"urlTemplate\":\"https:\\\/\\\/www.agrupamentoverticalgaviao.pt\\\/?s={search_term_string}\"},\"query-input\":{\"@type\":\"PropertyValueSpecification\",\"valueRequired\":true,\"valueName\":\"search_term_string\"}}],\"inLanguage\":\"pt-PT\"},{\"@type\":\"Person\",\"@id\":\"https:\\\/\\\/www.agrupamentoverticalgaviao.pt\\\/#\\\/schema\\\/person\\\/b337300b08ca20a17717f1b413f4b253\",\"name\":\"marco Vilela\",\"image\":{\"@type\":\"ImageObject\",\"inLanguage\":\"pt-PT\",\"@id\":\"https:\\\/\\\/secure.gravatar.com\\\/avatar\\\/8eb0feb60b637bbf624addb993bbcd710c4802ede472519543b7b7625a815e2d?s=96&d=mm&r=g\",\"url\":\"https:\\\/\\\/secure.gravatar.com\\\/avatar\\\/8eb0feb60b637bbf624addb993bbcd710c4802ede472519543b7b7625a815e2d?s=96&d=mm&r=g\",\"contentUrl\":\"https:\\\/\\\/secure.gravatar.com\\\/avatar\\\/8eb0feb60b637bbf624addb993bbcd710c4802ede472519543b7b7625a815e2d?s=96&d=mm&r=g\",\"caption\":\"marco Vilela\"},\"url\":\"https:\\\/\\\/www.agrupamentoverticalgaviao.pt\\\/?author=2\"}]}<\/script>\n<!-- \/ Yoast SEO plugin. -->","yoast_head_json":{"title":"Comemora\u00e7\u00e3o do Dia de S. Martinho - Agrupamento de Escolas de Gavi\u00e3o","robots":{"index":"index","follow":"follow","max-snippet":"max-snippet:-1","max-image-preview":"max-image-preview:large","max-video-preview":"max-video-preview:-1"},"canonical":"https:\/\/www.agrupamentoverticalgaviao.pt\/?p=44931","og_locale":"pt_PT","og_type":"article","og_title":"Comemora\u00e7\u00e3o do Dia de S. Martinho - Agrupamento de Escolas de Gavi\u00e3o","og_description":"As crian\u00e7as do ensino Pr\u00e9-Escolar e os alunos do 1\u00ba Ciclo comemoraram o Dia &hellip;","og_url":"https:\/\/www.agrupamentoverticalgaviao.pt\/?p=44931","og_site_name":"Agrupamento de Escolas de Gavi\u00e3o","article_published_time":"2024-11-12T22:52:13+00:00","article_modified_time":"2024-11-12T22:52:17+00:00","og_image":[{"width":1600,"height":1200,"url":"https:\/\/www.agrupamentoverticalgaviao.pt\/wp-content\/uploads\/2024\/11\/SaoMartinho2024_-19.jpg","type":"image\/jpeg"}],"author":"marco Vilela","twitter_card":"summary_large_image","twitter_misc":{"Escrito por":"marco Vilela","Tempo estimado de leitura":"1 minuto"},"schema":{"@context":"https:\/\/schema.org","@graph":[{"@type":"Article","@id":"https:\/\/www.agrupamentoverticalgaviao.pt\/?p=44931#article","isPartOf":{"@id":"https:\/\/www.agrupamentoverticalgaviao.pt\/?p=44931"},"author":{"name":"marco Vilela","@id":"https:\/\/www.agrupamentoverticalgaviao.pt\/#\/schema\/person\/b337300b08ca20a17717f1b413f4b253"},"headline":"Comemora\u00e7\u00e3o do Dia de S. Martinho","datePublished":"2024-11-12T22:52:13+00:00","dateModified":"2024-11-12T22:52:17+00:00","mainEntityOfPage":{"@id":"https:\/\/www.agrupamentoverticalgaviao.pt\/?p=44931"},"wordCount":125,"image":{"@id":"https:\/\/www.agrupamentoverticalgaviao.pt\/?p=44931#primaryimage"},"thumbnailUrl":"https:\/\/www.agrupamentoverticalgaviao.pt\/wp-content\/uploads\/2024\/11\/SaoMartinho2024_-19.jpg","articleSection":["Agrupamento de Escolas de Gavi\u00e3o"],"inLanguage":"pt-PT"},{"@type":"WebPage","@id":"https:\/\/www.agrupamentoverticalgaviao.pt\/?p=44931","url":"https:\/\/www.agrupamentoverticalgaviao.pt\/?p=44931","name":"Comemora\u00e7\u00e3o do Dia de S. Martinho - Agrupamento de Escolas de Gavi\u00e3o","isPartOf":{"@id":"https:\/\/www.agrupamentoverticalgaviao.pt\/#website"},"primaryImageOfPage":{"@id":"https:\/\/www.agrupamentoverticalgaviao.pt\/?p=44931#primaryimage"},"image":{"@id":"https:\/\/www.agrupamentoverticalgaviao.pt\/?p=44931#primaryimage"},"thumbnailUrl":"https:\/\/www.agrupamentoverticalgaviao.pt\/wp-content\/uploads\/2024\/11\/SaoMartinho2024_-19.jpg","datePublished":"2024-11-12T22:52:13+00:00","dateModified":"2024-11-12T22:52:17+00:00","author":{"@id":"https:\/\/www.agrupamentoverticalgaviao.pt\/#\/schema\/person\/b337300b08ca20a17717f1b413f4b253"},"breadcrumb":{"@id":"https:\/\/www.agrupamentoverticalgaviao.pt\/?p=44931#breadcrumb"},"inLanguage":"pt-PT","potentialAction":[{"@type":"ReadAction","target":["https:\/\/www.agrupamentoverticalgaviao.pt\/?p=44931"]}]},{"@type":"ImageObject","inLanguage":"pt-PT","@id":"https:\/\/www.agrupamentoverticalgaviao.pt\/?p=44931#primaryimage","url":"https:\/\/www.agrupamentoverticalgaviao.pt\/wp-content\/uploads\/2024\/11\/SaoMartinho2024_-19.jpg","contentUrl":"https:\/\/www.agrupamentoverticalgaviao.pt\/wp-content\/uploads\/2024\/11\/SaoMartinho2024_-19.jpg","width":1600,"height":1200},{"@type":"BreadcrumbList","@id":"https:\/\/www.agrupamentoverticalgaviao.pt\/?p=44931#breadcrumb","itemListElement":[{"@type":"ListItem","position":1,"name":"In\u00edcio","item":"https:\/\/www.agrupamentoverticalgaviao.pt\/"},{"@type":"ListItem","position":2,"name":"Comemora\u00e7\u00e3o do Dia de S. Martinho"}]},{"@type":"WebSite","@id":"https:\/\/www.agrupamentoverticalgaviao.pt\/#website","url":"https:\/\/www.agrupamentoverticalgaviao.pt\/","name":"Agrupamento de Escolas de Gavi\u00e3o","description":"","alternateName":"Agrupamento de Escolas de Gavi\u00e3o","potentialAction":[{"@type":"SearchAction","target":{"@type":"EntryPoint","urlTemplate":"https:\/\/www.agrupamentoverticalgaviao.pt\/?s={search_term_string}"},"query-input":{"@type":"PropertyValueSpecification","valueRequired":true,"valueName":"search_term_string"}}],"inLanguage":"pt-PT"},{"@type":"Person","@id":"https:\/\/www.agrupamentoverticalgaviao.pt\/#\/schema\/person\/b337300b08ca20a17717f1b413f4b253","name":"marco Vilela","image":{"@type":"ImageObject","inLanguage":"pt-PT","@id":"https:\/\/secure.gravatar.com\/avatar\/8eb0feb60b637bbf624addb993bbcd710c4802ede472519543b7b7625a815e2d?s=96&d=mm&r=g","url":"https:\/\/secure.gravatar.com\/avatar\/8eb0feb60b637bbf624addb993bbcd710c4802ede472519543b7b7625a815e2d?s=96&d=mm&r=g","contentUrl":"https:\/\/secure.gravatar.com\/avatar\/8eb0feb60b637bbf624addb993bbcd710c4802ede472519543b7b7625a815e2d?s=96&d=mm&r=g","caption":"marco Vilela"},"url":"https:\/\/www.agrupamentoverticalgaviao.pt\/?author=2"}]}},"_links":{"self":[{"href":"https:\/\/www.agrupamentoverticalgaviao.pt\/index.php?rest_route=\/wp\/v2\/posts\/44931","targetHints":{"allow":["GET"]}}],"collection":[{"href":"https:\/\/www.agrupamentoverticalgaviao.pt\/index.php?rest_route=\/wp\/v2\/posts"}],"about":[{"href":"https:\/\/www.agrupamentoverticalgaviao.pt\/index.php?rest_route=\/wp\/v2\/types\/post"}],"author":[{"embeddable":true,"href":"https:\/\/www.agrupamentoverticalgaviao.pt\/index.php?rest_route=\/wp\/v2\/users\/2"}],"replies":[{"embeddable":true,"href":"https:\/\/www.agrupamentoverticalgaviao.pt\/index.php?rest_route=%2Fwp%2Fv2%2Fcomments&post=44931"}],"version-history":[{"count":1,"href":"https:\/\/www.agrupamentoverticalgaviao.pt\/index.php?rest_route=\/wp\/v2\/posts\/44931\/revisions"}],"predecessor-version":[{"id":44952,"href":"https:\/\/www.agrupamentoverticalgaviao.pt\/index.php?rest_route=\/wp\/v2\/posts\/44931\/revisions\/44952"}],"wp:featuredmedia":[{"embeddable":true,"href":"https:\/\/www.agrupamentoverticalgaviao.pt\/index.php?rest_route=\/wp\/v2\/media\/44950"}],"wp:attachment":[{"href":"https:\/\/www.agrupamentoverticalgaviao.pt\/index.php?rest_route=%2Fwp%2Fv2%2Fmedia&parent=44931"}],"wp:term":[{"taxonomy":"category","embeddable":true,"href":"https:\/\/www.agrupamentoverticalgaviao.pt\/index.php?rest_route=%2Fwp%2Fv2%2Fcategories&post=44931"},{"taxonomy":"post_tag","embeddable":true,"href":"https:\/\/www.agrupamentoverticalgaviao.pt\/index.php?rest_route=%2Fwp%2Fv2%2Ftags&post=44931"}],"curies":[{"name":"wp","href":"https:\/\/api.w.org\/{rel}","templated":true}]}}