{"id":44366,"date":"2024-06-05T21:48:40","date_gmt":"2024-06-05T21:48:40","guid":{"rendered":"https:\/\/www.agrupamentoverticalgaviao.pt\/?p=44366"},"modified":"2024-06-05T21:48:58","modified_gmt":"2024-06-05T21:48:58","slug":"rotas-de-liberdade-a-minha-liberdade-e-de-todos","status":"publish","type":"post","link":"https:\/\/www.agrupamentoverticalgaviao.pt\/?p=44366","title":{"rendered":"Rotas de Liberdade: &#8220;A minha Liberdade \u00e9 de Todos&#8221;"},"content":{"rendered":"\n<p>Integrado no Projeto Cultural de Escola, a convite do Plano Nacional das Artes 50 alunos do 2\u00ba, 3\u00ba Ciclos e Secund\u00e1rio participaram na elabora\u00e7\u00e3o de um mural digital em que tiveram que usar o l\u00e1pis azul da censura para se expressarem.<\/p>\n\n\n\n<p>Trabalhos dispon\u00edveis no link:<\/p>\n\n\n\n<figure class=\"wp-block-embed is-type-wp-embed is-provider-gerador wp-block-embed-gerador\"><div class=\"wp-block-embed__wrapper\">\n<blockquote class=\"wp-embedded-content\" data-secret=\"fS6VjtEUvi\"><a href=\"https:\/\/gerador.eu\/aminhaliberdadeedetodos-50anos25abril\/\">Descobre o Mural da Liberdade, o mural \u00fanico no mundo com mais de 12.000 participa\u00e7\u00f5es<\/a><\/blockquote><iframe loading=\"lazy\" class=\"wp-embedded-content\" sandbox=\"allow-scripts\" security=\"restricted\" style=\"position: absolute; visibility: hidden;\" title=\"&#8220;Descobre o Mural da Liberdade, o mural \u00fanico no mundo com mais de 12.000 participa\u00e7\u00f5es&#8221; &#8212; Gerador\" src=\"https:\/\/gerador.eu\/aminhaliberdadeedetodos-50anos25abril\/embed\/#?secret=d5Zrlzbkgl#?secret=fS6VjtEUvi\" data-secret=\"fS6VjtEUvi\" width=\"600\" height=\"338\" frameborder=\"0\" marginwidth=\"0\" marginheight=\"0\" scrolling=\"no\"><\/iframe>\n<\/div><\/figure>\n\n\n\n<p>Os restantes alunos tamb\u00e9m participaram e os seus trabalhos est\u00e3o expostos na escola.<\/p>\n\n\n\n<figure class=\"wp-block-gallery has-nested-images columns-default is-cropped wp-block-gallery-1 is-layout-flex wp-block-gallery-is-layout-flex\">\n<figure class=\"wp-block-image size-large\"><a href=\"https:\/\/www.agrupamentoverticalgaviao.pt\/wp-content\/uploads\/2024\/06\/Liberdade_todos_01.jpg\"><img loading=\"lazy\" decoding=\"async\" width=\"620\" height=\"465\" data-id=\"44367\" src=\"https:\/\/www.agrupamentoverticalgaviao.pt\/wp-content\/uploads\/2024\/06\/Liberdade_todos_01.jpg\" alt=\"\" class=\"wp-image-44367\" srcset=\"https:\/\/www.agrupamentoverticalgaviao.pt\/wp-content\/uploads\/2024\/06\/Liberdade_todos_01.jpg 620w, https:\/\/www.agrupamentoverticalgaviao.pt\/wp-content\/uploads\/2024\/06\/Liberdade_todos_01-300x225.jpg 300w\" sizes=\"auto, (max-width: 620px) 100vw, 620px\" \/><\/a><\/figure>\n\n\n\n<figure class=\"wp-block-image size-large\"><a href=\"https:\/\/www.agrupamentoverticalgaviao.pt\/wp-content\/uploads\/2024\/06\/Liberdade_todos_02.jpg\"><img loading=\"lazy\" decoding=\"async\" width=\"620\" height=\"465\" data-id=\"44368\" src=\"https:\/\/www.agrupamentoverticalgaviao.pt\/wp-content\/uploads\/2024\/06\/Liberdade_todos_02.jpg\" alt=\"\" class=\"wp-image-44368\" srcset=\"https:\/\/www.agrupamentoverticalgaviao.pt\/wp-content\/uploads\/2024\/06\/Liberdade_todos_02.jpg 620w, https:\/\/www.agrupamentoverticalgaviao.pt\/wp-content\/uploads\/2024\/06\/Liberdade_todos_02-300x225.jpg 300w\" sizes=\"auto, (max-width: 620px) 100vw, 620px\" \/><\/a><\/figure>\n\n\n\n<figure class=\"wp-block-image size-large\"><a href=\"https:\/\/www.agrupamentoverticalgaviao.pt\/wp-content\/uploads\/2024\/06\/Liberdade_todos_03.jpg\"><img loading=\"lazy\" decoding=\"async\" width=\"620\" height=\"465\" data-id=\"44369\" src=\"https:\/\/www.agrupamentoverticalgaviao.pt\/wp-content\/uploads\/2024\/06\/Liberdade_todos_03.jpg\" alt=\"\" class=\"wp-image-44369\" srcset=\"https:\/\/www.agrupamentoverticalgaviao.pt\/wp-content\/uploads\/2024\/06\/Liberdade_todos_03.jpg 620w, https:\/\/www.agrupamentoverticalgaviao.pt\/wp-content\/uploads\/2024\/06\/Liberdade_todos_03-300x225.jpg 300w\" sizes=\"auto, (max-width: 620px) 100vw, 620px\" \/><\/a><\/figure>\n\n\n\n<figure class=\"wp-block-image size-large\"><a href=\"https:\/\/www.agrupamentoverticalgaviao.pt\/wp-content\/uploads\/2024\/06\/Liberdade_todos_04.jpg\"><img loading=\"lazy\" decoding=\"async\" width=\"620\" height=\"465\" data-id=\"44370\" src=\"https:\/\/www.agrupamentoverticalgaviao.pt\/wp-content\/uploads\/2024\/06\/Liberdade_todos_04.jpg\" alt=\"\" class=\"wp-image-44370\" srcset=\"https:\/\/www.agrupamentoverticalgaviao.pt\/wp-content\/uploads\/2024\/06\/Liberdade_todos_04.jpg 620w, https:\/\/www.agrupamentoverticalgaviao.pt\/wp-content\/uploads\/2024\/06\/Liberdade_todos_04-300x225.jpg 300w\" sizes=\"auto, (max-width: 620px) 100vw, 620px\" \/><\/a><\/figure>\n\n\n\n<figure class=\"wp-block-image size-large\"><a href=\"https:\/\/www.agrupamentoverticalgaviao.pt\/wp-content\/uploads\/2024\/06\/Liberdade_todos_05.jpg\"><img loading=\"lazy\" decoding=\"async\" width=\"620\" height=\"465\" data-id=\"44371\" src=\"https:\/\/www.agrupamentoverticalgaviao.pt\/wp-content\/uploads\/2024\/06\/Liberdade_todos_05.jpg\" alt=\"\" class=\"wp-image-44371\" srcset=\"https:\/\/www.agrupamentoverticalgaviao.pt\/wp-content\/uploads\/2024\/06\/Liberdade_todos_05.jpg 620w, https:\/\/www.agrupamentoverticalgaviao.pt\/wp-content\/uploads\/2024\/06\/Liberdade_todos_05-300x225.jpg 300w\" sizes=\"auto, (max-width: 620px) 100vw, 620px\" \/><\/a><\/figure>\n\n\n\n<figure class=\"wp-block-image size-large\"><a href=\"https:\/\/www.agrupamentoverticalgaviao.pt\/wp-content\/uploads\/2024\/06\/Liberdade_todos_06.jpg\"><img loading=\"lazy\" decoding=\"async\" width=\"620\" height=\"465\" data-id=\"44372\" src=\"https:\/\/www.agrupamentoverticalgaviao.pt\/wp-content\/uploads\/2024\/06\/Liberdade_todos_06.jpg\" alt=\"\" class=\"wp-image-44372\" srcset=\"https:\/\/www.agrupamentoverticalgaviao.pt\/wp-content\/uploads\/2024\/06\/Liberdade_todos_06.jpg 620w, https:\/\/www.agrupamentoverticalgaviao.pt\/wp-content\/uploads\/2024\/06\/Liberdade_todos_06-300x225.jpg 300w\" sizes=\"auto, (max-width: 620px) 100vw, 620px\" \/><\/a><\/figure>\n<\/figure>\n","protected":false},"excerpt":{"rendered":"<p>Integrado no Projeto Cultural de Escola, a convite do Plano Nacional das Artes 50 &hellip; <\/p>\n","protected":false},"author":2,"featured_media":44369,"comment_status":"closed","ping_status":"closed","sticky":false,"template":"","format":"standard","meta":{"footnotes":""},"categories":[25],"tags":[],"class_list":["post-44366","post","type-post","status-publish","format-standard","has-post-thumbnail","hentry","category-agrupamento-de-escolas-de-gaviao"],"yoast_head":"<!-- This site is optimized with the Yoast SEO plugin v27.4 - https:\/\/yoast.com\/product\/yoast-seo-wordpress\/ -->\n<title>Rotas de Liberdade: &quot;A minha Liberdade \u00e9 de Todos&quot; - Agrupamento de Escolas de Gavi\u00e3o<\/title>\n<meta name=\"robots\" content=\"index, follow, max-snippet:-1, max-image-preview:large, max-video-preview:-1\" \/>\n<link rel=\"canonical\" href=\"https:\/\/www.agrupamentoverticalgaviao.pt\/?p=44366\" \/>\n<meta property=\"og:locale\" content=\"pt_PT\" \/>\n<meta property=\"og:type\" content=\"article\" \/>\n<meta property=\"og:title\" content=\"Rotas de Liberdade: &quot;A minha Liberdade \u00e9 de Todos&quot; - Agrupamento de Escolas de Gavi\u00e3o\" \/>\n<meta property=\"og:description\" content=\"Integrado no Projeto Cultural de Escola, a convite do Plano Nacional das Artes 50 &hellip;\" \/>\n<meta property=\"og:url\" content=\"https:\/\/www.agrupamentoverticalgaviao.pt\/?p=44366\" \/>\n<meta property=\"og:site_name\" content=\"Agrupamento de Escolas de Gavi\u00e3o\" \/>\n<meta property=\"article:published_time\" content=\"2024-06-05T21:48:40+00:00\" \/>\n<meta property=\"article:modified_time\" content=\"2024-06-05T21:48:58+00:00\" \/>\n<meta property=\"og:image\" content=\"https:\/\/www.agrupamentoverticalgaviao.pt\/wp-content\/uploads\/2024\/06\/Liberdade_todos_03.jpg\" \/>\n\t<meta property=\"og:image:width\" content=\"620\" \/>\n\t<meta property=\"og:image:height\" content=\"465\" \/>\n\t<meta property=\"og:image:type\" content=\"image\/jpeg\" \/>\n<meta name=\"author\" content=\"marco Vilela\" \/>\n<meta name=\"twitter:card\" content=\"summary_large_image\" \/>\n<meta name=\"twitter:label1\" content=\"Escrito por\" \/>\n\t<meta name=\"twitter:data1\" content=\"marco Vilela\" \/>\n<script type=\"application\/ld+json\" class=\"yoast-schema-graph\">{\"@context\":\"https:\\\/\\\/schema.org\",\"@graph\":[{\"@type\":\"Article\",\"@id\":\"https:\\\/\\\/www.agrupamentoverticalgaviao.pt\\\/?p=44366#article\",\"isPartOf\":{\"@id\":\"https:\\\/\\\/www.agrupamentoverticalgaviao.pt\\\/?p=44366\"},\"author\":{\"name\":\"marco Vilela\",\"@id\":\"https:\\\/\\\/www.agrupamentoverticalgaviao.pt\\\/#\\\/schema\\\/person\\\/b337300b08ca20a17717f1b413f4b253\"},\"headline\":\"Rotas de Liberdade: &#8220;A minha Liberdade \u00e9 de Todos&#8221;\",\"datePublished\":\"2024-06-05T21:48:40+00:00\",\"dateModified\":\"2024-06-05T21:48:58+00:00\",\"mainEntityOfPage\":{\"@id\":\"https:\\\/\\\/www.agrupamentoverticalgaviao.pt\\\/?p=44366\"},\"wordCount\":76,\"image\":{\"@id\":\"https:\\\/\\\/www.agrupamentoverticalgaviao.pt\\\/?p=44366#primaryimage\"},\"thumbnailUrl\":\"https:\\\/\\\/www.agrupamentoverticalgaviao.pt\\\/wp-content\\\/uploads\\\/2024\\\/06\\\/Liberdade_todos_03.jpg\",\"articleSection\":[\"Agrupamento de Escolas de Gavi\u00e3o\"],\"inLanguage\":\"pt-PT\"},{\"@type\":\"WebPage\",\"@id\":\"https:\\\/\\\/www.agrupamentoverticalgaviao.pt\\\/?p=44366\",\"url\":\"https:\\\/\\\/www.agrupamentoverticalgaviao.pt\\\/?p=44366\",\"name\":\"Rotas de Liberdade: \\\"A minha Liberdade \u00e9 de Todos\\\" - Agrupamento de Escolas de Gavi\u00e3o\",\"isPartOf\":{\"@id\":\"https:\\\/\\\/www.agrupamentoverticalgaviao.pt\\\/#website\"},\"primaryImageOfPage\":{\"@id\":\"https:\\\/\\\/www.agrupamentoverticalgaviao.pt\\\/?p=44366#primaryimage\"},\"image\":{\"@id\":\"https:\\\/\\\/www.agrupamentoverticalgaviao.pt\\\/?p=44366#primaryimage\"},\"thumbnailUrl\":\"https:\\\/\\\/www.agrupamentoverticalgaviao.pt\\\/wp-content\\\/uploads\\\/2024\\\/06\\\/Liberdade_todos_03.jpg\",\"datePublished\":\"2024-06-05T21:48:40+00:00\",\"dateModified\":\"2024-06-05T21:48:58+00:00\",\"author\":{\"@id\":\"https:\\\/\\\/www.agrupamentoverticalgaviao.pt\\\/#\\\/schema\\\/person\\\/b337300b08ca20a17717f1b413f4b253\"},\"breadcrumb\":{\"@id\":\"https:\\\/\\\/www.agrupamentoverticalgaviao.pt\\\/?p=44366#breadcrumb\"},\"inLanguage\":\"pt-PT\",\"potentialAction\":[{\"@type\":\"ReadAction\",\"target\":[\"https:\\\/\\\/www.agrupamentoverticalgaviao.pt\\\/?p=44366\"]}]},{\"@type\":\"ImageObject\",\"inLanguage\":\"pt-PT\",\"@id\":\"https:\\\/\\\/www.agrupamentoverticalgaviao.pt\\\/?p=44366#primaryimage\",\"url\":\"https:\\\/\\\/www.agrupamentoverticalgaviao.pt\\\/wp-content\\\/uploads\\\/2024\\\/06\\\/Liberdade_todos_03.jpg\",\"contentUrl\":\"https:\\\/\\\/www.agrupamentoverticalgaviao.pt\\\/wp-content\\\/uploads\\\/2024\\\/06\\\/Liberdade_todos_03.jpg\",\"width\":620,\"height\":465},{\"@type\":\"BreadcrumbList\",\"@id\":\"https:\\\/\\\/www.agrupamentoverticalgaviao.pt\\\/?p=44366#breadcrumb\",\"itemListElement\":[{\"@type\":\"ListItem\",\"position\":1,\"name\":\"In\u00edcio\",\"item\":\"https:\\\/\\\/www.agrupamentoverticalgaviao.pt\\\/\"},{\"@type\":\"ListItem\",\"position\":2,\"name\":\"Rotas de Liberdade: &#8220;A minha Liberdade \u00e9 de Todos&#8221;\"}]},{\"@type\":\"WebSite\",\"@id\":\"https:\\\/\\\/www.agrupamentoverticalgaviao.pt\\\/#website\",\"url\":\"https:\\\/\\\/www.agrupamentoverticalgaviao.pt\\\/\",\"name\":\"Agrupamento de Escolas de Gavi\u00e3o\",\"description\":\"\",\"alternateName\":\"Agrupamento de Escolas de Gavi\u00e3o\",\"potentialAction\":[{\"@type\":\"SearchAction\",\"target\":{\"@type\":\"EntryPoint\",\"urlTemplate\":\"https:\\\/\\\/www.agrupamentoverticalgaviao.pt\\\/?s={search_term_string}\"},\"query-input\":{\"@type\":\"PropertyValueSpecification\",\"valueRequired\":true,\"valueName\":\"search_term_string\"}}],\"inLanguage\":\"pt-PT\"},{\"@type\":\"Person\",\"@id\":\"https:\\\/\\\/www.agrupamentoverticalgaviao.pt\\\/#\\\/schema\\\/person\\\/b337300b08ca20a17717f1b413f4b253\",\"name\":\"marco Vilela\",\"image\":{\"@type\":\"ImageObject\",\"inLanguage\":\"pt-PT\",\"@id\":\"https:\\\/\\\/secure.gravatar.com\\\/avatar\\\/8eb0feb60b637bbf624addb993bbcd710c4802ede472519543b7b7625a815e2d?s=96&d=mm&r=g\",\"url\":\"https:\\\/\\\/secure.gravatar.com\\\/avatar\\\/8eb0feb60b637bbf624addb993bbcd710c4802ede472519543b7b7625a815e2d?s=96&d=mm&r=g\",\"contentUrl\":\"https:\\\/\\\/secure.gravatar.com\\\/avatar\\\/8eb0feb60b637bbf624addb993bbcd710c4802ede472519543b7b7625a815e2d?s=96&d=mm&r=g\",\"caption\":\"marco Vilela\"},\"url\":\"https:\\\/\\\/www.agrupamentoverticalgaviao.pt\\\/?author=2\"}]}<\/script>\n<!-- \/ Yoast SEO plugin. -->","yoast_head_json":{"title":"Rotas de Liberdade: \"A minha Liberdade \u00e9 de Todos\" - Agrupamento de Escolas de Gavi\u00e3o","robots":{"index":"index","follow":"follow","max-snippet":"max-snippet:-1","max-image-preview":"max-image-preview:large","max-video-preview":"max-video-preview:-1"},"canonical":"https:\/\/www.agrupamentoverticalgaviao.pt\/?p=44366","og_locale":"pt_PT","og_type":"article","og_title":"Rotas de Liberdade: \"A minha Liberdade \u00e9 de Todos\" - Agrupamento de Escolas de Gavi\u00e3o","og_description":"Integrado no Projeto Cultural de Escola, a convite do Plano Nacional das Artes 50 &hellip;","og_url":"https:\/\/www.agrupamentoverticalgaviao.pt\/?p=44366","og_site_name":"Agrupamento de Escolas de Gavi\u00e3o","article_published_time":"2024-06-05T21:48:40+00:00","article_modified_time":"2024-06-05T21:48:58+00:00","og_image":[{"width":620,"height":465,"url":"https:\/\/www.agrupamentoverticalgaviao.pt\/wp-content\/uploads\/2024\/06\/Liberdade_todos_03.jpg","type":"image\/jpeg"}],"author":"marco Vilela","twitter_card":"summary_large_image","twitter_misc":{"Escrito por":"marco Vilela"},"schema":{"@context":"https:\/\/schema.org","@graph":[{"@type":"Article","@id":"https:\/\/www.agrupamentoverticalgaviao.pt\/?p=44366#article","isPartOf":{"@id":"https:\/\/www.agrupamentoverticalgaviao.pt\/?p=44366"},"author":{"name":"marco Vilela","@id":"https:\/\/www.agrupamentoverticalgaviao.pt\/#\/schema\/person\/b337300b08ca20a17717f1b413f4b253"},"headline":"Rotas de Liberdade: &#8220;A minha Liberdade \u00e9 de Todos&#8221;","datePublished":"2024-06-05T21:48:40+00:00","dateModified":"2024-06-05T21:48:58+00:00","mainEntityOfPage":{"@id":"https:\/\/www.agrupamentoverticalgaviao.pt\/?p=44366"},"wordCount":76,"image":{"@id":"https:\/\/www.agrupamentoverticalgaviao.pt\/?p=44366#primaryimage"},"thumbnailUrl":"https:\/\/www.agrupamentoverticalgaviao.pt\/wp-content\/uploads\/2024\/06\/Liberdade_todos_03.jpg","articleSection":["Agrupamento de Escolas de Gavi\u00e3o"],"inLanguage":"pt-PT"},{"@type":"WebPage","@id":"https:\/\/www.agrupamentoverticalgaviao.pt\/?p=44366","url":"https:\/\/www.agrupamentoverticalgaviao.pt\/?p=44366","name":"Rotas de Liberdade: \"A minha Liberdade \u00e9 de Todos\" - Agrupamento de Escolas de Gavi\u00e3o","isPartOf":{"@id":"https:\/\/www.agrupamentoverticalgaviao.pt\/#website"},"primaryImageOfPage":{"@id":"https:\/\/www.agrupamentoverticalgaviao.pt\/?p=44366#primaryimage"},"image":{"@id":"https:\/\/www.agrupamentoverticalgaviao.pt\/?p=44366#primaryimage"},"thumbnailUrl":"https:\/\/www.agrupamentoverticalgaviao.pt\/wp-content\/uploads\/2024\/06\/Liberdade_todos_03.jpg","datePublished":"2024-06-05T21:48:40+00:00","dateModified":"2024-06-05T21:48:58+00:00","author":{"@id":"https:\/\/www.agrupamentoverticalgaviao.pt\/#\/schema\/person\/b337300b08ca20a17717f1b413f4b253"},"breadcrumb":{"@id":"https:\/\/www.agrupamentoverticalgaviao.pt\/?p=44366#breadcrumb"},"inLanguage":"pt-PT","potentialAction":[{"@type":"ReadAction","target":["https:\/\/www.agrupamentoverticalgaviao.pt\/?p=44366"]}]},{"@type":"ImageObject","inLanguage":"pt-PT","@id":"https:\/\/www.agrupamentoverticalgaviao.pt\/?p=44366#primaryimage","url":"https:\/\/www.agrupamentoverticalgaviao.pt\/wp-content\/uploads\/2024\/06\/Liberdade_todos_03.jpg","contentUrl":"https:\/\/www.agrupamentoverticalgaviao.pt\/wp-content\/uploads\/2024\/06\/Liberdade_todos_03.jpg","width":620,"height":465},{"@type":"BreadcrumbList","@id":"https:\/\/www.agrupamentoverticalgaviao.pt\/?p=44366#breadcrumb","itemListElement":[{"@type":"ListItem","position":1,"name":"In\u00edcio","item":"https:\/\/www.agrupamentoverticalgaviao.pt\/"},{"@type":"ListItem","position":2,"name":"Rotas de Liberdade: &#8220;A minha Liberdade \u00e9 de Todos&#8221;"}]},{"@type":"WebSite","@id":"https:\/\/www.agrupamentoverticalgaviao.pt\/#website","url":"https:\/\/www.agrupamentoverticalgaviao.pt\/","name":"Agrupamento de Escolas de Gavi\u00e3o","description":"","alternateName":"Agrupamento de Escolas de Gavi\u00e3o","potentialAction":[{"@type":"SearchAction","target":{"@type":"EntryPoint","urlTemplate":"https:\/\/www.agrupamentoverticalgaviao.pt\/?s={search_term_string}"},"query-input":{"@type":"PropertyValueSpecification","valueRequired":true,"valueName":"search_term_string"}}],"inLanguage":"pt-PT"},{"@type":"Person","@id":"https:\/\/www.agrupamentoverticalgaviao.pt\/#\/schema\/person\/b337300b08ca20a17717f1b413f4b253","name":"marco Vilela","image":{"@type":"ImageObject","inLanguage":"pt-PT","@id":"https:\/\/secure.gravatar.com\/avatar\/8eb0feb60b637bbf624addb993bbcd710c4802ede472519543b7b7625a815e2d?s=96&d=mm&r=g","url":"https:\/\/secure.gravatar.com\/avatar\/8eb0feb60b637bbf624addb993bbcd710c4802ede472519543b7b7625a815e2d?s=96&d=mm&r=g","contentUrl":"https:\/\/secure.gravatar.com\/avatar\/8eb0feb60b637bbf624addb993bbcd710c4802ede472519543b7b7625a815e2d?s=96&d=mm&r=g","caption":"marco Vilela"},"url":"https:\/\/www.agrupamentoverticalgaviao.pt\/?author=2"}]}},"_links":{"self":[{"href":"https:\/\/www.agrupamentoverticalgaviao.pt\/index.php?rest_route=\/wp\/v2\/posts\/44366","targetHints":{"allow":["GET"]}}],"collection":[{"href":"https:\/\/www.agrupamentoverticalgaviao.pt\/index.php?rest_route=\/wp\/v2\/posts"}],"about":[{"href":"https:\/\/www.agrupamentoverticalgaviao.pt\/index.php?rest_route=\/wp\/v2\/types\/post"}],"author":[{"embeddable":true,"href":"https:\/\/www.agrupamentoverticalgaviao.pt\/index.php?rest_route=\/wp\/v2\/users\/2"}],"replies":[{"embeddable":true,"href":"https:\/\/www.agrupamentoverticalgaviao.pt\/index.php?rest_route=%2Fwp%2Fv2%2Fcomments&post=44366"}],"version-history":[{"count":1,"href":"https:\/\/www.agrupamentoverticalgaviao.pt\/index.php?rest_route=\/wp\/v2\/posts\/44366\/revisions"}],"predecessor-version":[{"id":44373,"href":"https:\/\/www.agrupamentoverticalgaviao.pt\/index.php?rest_route=\/wp\/v2\/posts\/44366\/revisions\/44373"}],"wp:featuredmedia":[{"embeddable":true,"href":"https:\/\/www.agrupamentoverticalgaviao.pt\/index.php?rest_route=\/wp\/v2\/media\/44369"}],"wp:attachment":[{"href":"https:\/\/www.agrupamentoverticalgaviao.pt\/index.php?rest_route=%2Fwp%2Fv2%2Fmedia&parent=44366"}],"wp:term":[{"taxonomy":"category","embeddable":true,"href":"https:\/\/www.agrupamentoverticalgaviao.pt\/index.php?rest_route=%2Fwp%2Fv2%2Fcategories&post=44366"},{"taxonomy":"post_tag","embeddable":true,"href":"https:\/\/www.agrupamentoverticalgaviao.pt\/index.php?rest_route=%2Fwp%2Fv2%2Ftags&post=44366"}],"curies":[{"name":"wp","href":"https:\/\/api.w.org\/{rel}","templated":true}]}}