{"id":44077,"date":"2024-05-23T21:49:34","date_gmt":"2024-05-23T21:49:34","guid":{"rendered":"https:\/\/www.agrupamentoverticalgaviao.pt\/?p=44077"},"modified":"2024-05-23T21:49:37","modified_gmt":"2024-05-23T21:49:37","slug":"dramatizacao-da-historia-joao-porcalhao","status":"publish","type":"post","link":"https:\/\/www.agrupamentoverticalgaviao.pt\/?p=44077","title":{"rendered":"Dramatiza\u00e7\u00e3o da hist\u00f3ria Jo\u00e3o Porcalh\u00e3o"},"content":{"rendered":"\n<p>No dia 13 de maio, os alunos da turma do 7\u00baA estiveram na Biblioteca Escolar a fim de dramatizarem a hist\u00f3ria Jo\u00e3o Porcalh\u00e3o para os alunos da pr\u00e9-prim\u00e1ria e 1\u00ba ano.<\/p>\n\n\n\n<p>Foi um momento muito divertido, que agradou a mi\u00fados e gra\u00fados, havendo intera\u00e7\u00e3o entre o p\u00fablico e os protagonistas da leitura!!<\/p>\n\n\n\n<figure class=\"wp-block-gallery has-nested-images columns-default is-cropped wp-block-gallery-1 is-layout-flex wp-block-gallery-is-layout-flex\">\n<figure class=\"wp-block-image size-large\"><a href=\"https:\/\/www.agrupamentoverticalgaviao.pt\/wp-content\/uploads\/2024\/05\/LingPort_01.jpg\"><img loading=\"lazy\" decoding=\"async\" width=\"473\" height=\"1024\" data-id=\"44078\" src=\"https:\/\/www.agrupamentoverticalgaviao.pt\/wp-content\/uploads\/2024\/05\/LingPort_01-473x1024.jpg\" alt=\"\" class=\"wp-image-44078\" srcset=\"https:\/\/www.agrupamentoverticalgaviao.pt\/wp-content\/uploads\/2024\/05\/LingPort_01-473x1024.jpg 473w, https:\/\/www.agrupamentoverticalgaviao.pt\/wp-content\/uploads\/2024\/05\/LingPort_01-138x300.jpg 138w, https:\/\/www.agrupamentoverticalgaviao.pt\/wp-content\/uploads\/2024\/05\/LingPort_01.jpg 620w\" sizes=\"auto, (max-width: 473px) 100vw, 473px\" \/><\/a><\/figure>\n\n\n\n<figure class=\"wp-block-image size-large\"><a href=\"https:\/\/www.agrupamentoverticalgaviao.pt\/wp-content\/uploads\/2024\/05\/LingPort_02.jpg\"><img loading=\"lazy\" decoding=\"async\" width=\"473\" height=\"1024\" data-id=\"44079\" src=\"https:\/\/www.agrupamentoverticalgaviao.pt\/wp-content\/uploads\/2024\/05\/LingPort_02-473x1024.jpg\" alt=\"\" class=\"wp-image-44079\" srcset=\"https:\/\/www.agrupamentoverticalgaviao.pt\/wp-content\/uploads\/2024\/05\/LingPort_02-473x1024.jpg 473w, https:\/\/www.agrupamentoverticalgaviao.pt\/wp-content\/uploads\/2024\/05\/LingPort_02-138x300.jpg 138w, https:\/\/www.agrupamentoverticalgaviao.pt\/wp-content\/uploads\/2024\/05\/LingPort_02.jpg 620w\" sizes=\"auto, (max-width: 473px) 100vw, 473px\" \/><\/a><\/figure>\n\n\n\n<figure class=\"wp-block-image size-large\"><a href=\"https:\/\/www.agrupamentoverticalgaviao.pt\/wp-content\/uploads\/2024\/05\/LingPort_03.jpg\"><img loading=\"lazy\" decoding=\"async\" width=\"473\" height=\"1024\" data-id=\"44080\" src=\"https:\/\/www.agrupamentoverticalgaviao.pt\/wp-content\/uploads\/2024\/05\/LingPort_03-473x1024.jpg\" alt=\"\" class=\"wp-image-44080\" srcset=\"https:\/\/www.agrupamentoverticalgaviao.pt\/wp-content\/uploads\/2024\/05\/LingPort_03-473x1024.jpg 473w, https:\/\/www.agrupamentoverticalgaviao.pt\/wp-content\/uploads\/2024\/05\/LingPort_03-138x300.jpg 138w, https:\/\/www.agrupamentoverticalgaviao.pt\/wp-content\/uploads\/2024\/05\/LingPort_03.jpg 620w\" sizes=\"auto, (max-width: 473px) 100vw, 473px\" \/><\/a><\/figure>\n\n\n\n<figure class=\"wp-block-image size-large\"><a href=\"https:\/\/www.agrupamentoverticalgaviao.pt\/wp-content\/uploads\/2024\/05\/LingPort_04.jpg\"><img loading=\"lazy\" decoding=\"async\" width=\"620\" height=\"286\" data-id=\"44081\" src=\"https:\/\/www.agrupamentoverticalgaviao.pt\/wp-content\/uploads\/2024\/05\/LingPort_04.jpg\" alt=\"\" class=\"wp-image-44081\" srcset=\"https:\/\/www.agrupamentoverticalgaviao.pt\/wp-content\/uploads\/2024\/05\/LingPort_04.jpg 620w, https:\/\/www.agrupamentoverticalgaviao.pt\/wp-content\/uploads\/2024\/05\/LingPort_04-300x138.jpg 300w\" sizes=\"auto, (max-width: 620px) 100vw, 620px\" \/><\/a><\/figure>\n\n\n\n<figure class=\"wp-block-image size-large\"><a href=\"https:\/\/www.agrupamentoverticalgaviao.pt\/wp-content\/uploads\/2024\/05\/LingPort_05.jpg\"><img loading=\"lazy\" decoding=\"async\" width=\"620\" height=\"465\" data-id=\"44082\" src=\"https:\/\/www.agrupamentoverticalgaviao.pt\/wp-content\/uploads\/2024\/05\/LingPort_05.jpg\" alt=\"\" class=\"wp-image-44082\" srcset=\"https:\/\/www.agrupamentoverticalgaviao.pt\/wp-content\/uploads\/2024\/05\/LingPort_05.jpg 620w, https:\/\/www.agrupamentoverticalgaviao.pt\/wp-content\/uploads\/2024\/05\/LingPort_05-300x225.jpg 300w\" sizes=\"auto, (max-width: 620px) 100vw, 620px\" \/><\/a><\/figure>\n<\/figure>\n","protected":false},"excerpt":{"rendered":"<p>No dia 13 de maio, os alunos da turma do 7\u00baA estiveram na Biblioteca &hellip; <\/p>\n","protected":false},"author":2,"featured_media":44082,"comment_status":"closed","ping_status":"closed","sticky":false,"template":"","format":"standard","meta":{"footnotes":""},"categories":[20],"tags":[],"class_list":["post-44077","post","type-post","status-publish","format-standard","has-post-thumbnail","hentry","category-biblioteca-escolar"],"yoast_head":"<!-- This site is optimized with the Yoast SEO plugin v27.5 - https:\/\/yoast.com\/product\/yoast-seo-wordpress\/ -->\n<title>Dramatiza\u00e7\u00e3o da hist\u00f3ria Jo\u00e3o Porcalh\u00e3o - Agrupamento de Escolas de Gavi\u00e3o<\/title>\n<meta name=\"robots\" content=\"index, follow, max-snippet:-1, max-image-preview:large, max-video-preview:-1\" \/>\n<link rel=\"canonical\" href=\"https:\/\/www.agrupamentoverticalgaviao.pt\/?p=44077\" \/>\n<meta property=\"og:locale\" content=\"pt_PT\" \/>\n<meta property=\"og:type\" content=\"article\" \/>\n<meta property=\"og:title\" content=\"Dramatiza\u00e7\u00e3o da hist\u00f3ria Jo\u00e3o Porcalh\u00e3o - Agrupamento de Escolas de Gavi\u00e3o\" \/>\n<meta property=\"og:description\" content=\"No dia 13 de maio, os alunos da turma do 7\u00baA estiveram na Biblioteca &hellip;\" \/>\n<meta property=\"og:url\" content=\"https:\/\/www.agrupamentoverticalgaviao.pt\/?p=44077\" \/>\n<meta property=\"og:site_name\" content=\"Agrupamento de Escolas de Gavi\u00e3o\" \/>\n<meta property=\"article:published_time\" content=\"2024-05-23T21:49:34+00:00\" \/>\n<meta property=\"article:modified_time\" content=\"2024-05-23T21:49:37+00:00\" \/>\n<meta property=\"og:image\" content=\"https:\/\/www.agrupamentoverticalgaviao.pt\/wp-content\/uploads\/2024\/05\/LingPort_05.jpg\" \/>\n\t<meta property=\"og:image:width\" content=\"620\" \/>\n\t<meta property=\"og:image:height\" content=\"465\" \/>\n\t<meta property=\"og:image:type\" content=\"image\/jpeg\" \/>\n<meta name=\"author\" content=\"marco Vilela\" \/>\n<meta name=\"twitter:card\" content=\"summary_large_image\" \/>\n<meta name=\"twitter:label1\" content=\"Escrito por\" \/>\n\t<meta name=\"twitter:data1\" content=\"marco Vilela\" \/>\n<script type=\"application\/ld+json\" class=\"yoast-schema-graph\">{\"@context\":\"https:\\\/\\\/schema.org\",\"@graph\":[{\"@type\":\"Article\",\"@id\":\"https:\\\/\\\/www.agrupamentoverticalgaviao.pt\\\/?p=44077#article\",\"isPartOf\":{\"@id\":\"https:\\\/\\\/www.agrupamentoverticalgaviao.pt\\\/?p=44077\"},\"author\":{\"name\":\"marco Vilela\",\"@id\":\"https:\\\/\\\/www.agrupamentoverticalgaviao.pt\\\/#\\\/schema\\\/person\\\/b337300b08ca20a17717f1b413f4b253\"},\"headline\":\"Dramatiza\u00e7\u00e3o da hist\u00f3ria Jo\u00e3o Porcalh\u00e3o\",\"datePublished\":\"2024-05-23T21:49:34+00:00\",\"dateModified\":\"2024-05-23T21:49:37+00:00\",\"mainEntityOfPage\":{\"@id\":\"https:\\\/\\\/www.agrupamentoverticalgaviao.pt\\\/?p=44077\"},\"wordCount\":68,\"image\":{\"@id\":\"https:\\\/\\\/www.agrupamentoverticalgaviao.pt\\\/?p=44077#primaryimage\"},\"thumbnailUrl\":\"https:\\\/\\\/www.agrupamentoverticalgaviao.pt\\\/wp-content\\\/uploads\\\/2024\\\/05\\\/LingPort_05.jpg\",\"articleSection\":[\"Biblioteca Escolar\"],\"inLanguage\":\"pt-PT\"},{\"@type\":\"WebPage\",\"@id\":\"https:\\\/\\\/www.agrupamentoverticalgaviao.pt\\\/?p=44077\",\"url\":\"https:\\\/\\\/www.agrupamentoverticalgaviao.pt\\\/?p=44077\",\"name\":\"Dramatiza\u00e7\u00e3o da hist\u00f3ria Jo\u00e3o Porcalh\u00e3o - Agrupamento de Escolas de Gavi\u00e3o\",\"isPartOf\":{\"@id\":\"https:\\\/\\\/www.agrupamentoverticalgaviao.pt\\\/#website\"},\"primaryImageOfPage\":{\"@id\":\"https:\\\/\\\/www.agrupamentoverticalgaviao.pt\\\/?p=44077#primaryimage\"},\"image\":{\"@id\":\"https:\\\/\\\/www.agrupamentoverticalgaviao.pt\\\/?p=44077#primaryimage\"},\"thumbnailUrl\":\"https:\\\/\\\/www.agrupamentoverticalgaviao.pt\\\/wp-content\\\/uploads\\\/2024\\\/05\\\/LingPort_05.jpg\",\"datePublished\":\"2024-05-23T21:49:34+00:00\",\"dateModified\":\"2024-05-23T21:49:37+00:00\",\"author\":{\"@id\":\"https:\\\/\\\/www.agrupamentoverticalgaviao.pt\\\/#\\\/schema\\\/person\\\/b337300b08ca20a17717f1b413f4b253\"},\"breadcrumb\":{\"@id\":\"https:\\\/\\\/www.agrupamentoverticalgaviao.pt\\\/?p=44077#breadcrumb\"},\"inLanguage\":\"pt-PT\",\"potentialAction\":[{\"@type\":\"ReadAction\",\"target\":[\"https:\\\/\\\/www.agrupamentoverticalgaviao.pt\\\/?p=44077\"]}]},{\"@type\":\"ImageObject\",\"inLanguage\":\"pt-PT\",\"@id\":\"https:\\\/\\\/www.agrupamentoverticalgaviao.pt\\\/?p=44077#primaryimage\",\"url\":\"https:\\\/\\\/www.agrupamentoverticalgaviao.pt\\\/wp-content\\\/uploads\\\/2024\\\/05\\\/LingPort_05.jpg\",\"contentUrl\":\"https:\\\/\\\/www.agrupamentoverticalgaviao.pt\\\/wp-content\\\/uploads\\\/2024\\\/05\\\/LingPort_05.jpg\",\"width\":620,\"height\":465},{\"@type\":\"BreadcrumbList\",\"@id\":\"https:\\\/\\\/www.agrupamentoverticalgaviao.pt\\\/?p=44077#breadcrumb\",\"itemListElement\":[{\"@type\":\"ListItem\",\"position\":1,\"name\":\"In\u00edcio\",\"item\":\"https:\\\/\\\/www.agrupamentoverticalgaviao.pt\\\/\"},{\"@type\":\"ListItem\",\"position\":2,\"name\":\"Dramatiza\u00e7\u00e3o da hist\u00f3ria Jo\u00e3o Porcalh\u00e3o\"}]},{\"@type\":\"WebSite\",\"@id\":\"https:\\\/\\\/www.agrupamentoverticalgaviao.pt\\\/#website\",\"url\":\"https:\\\/\\\/www.agrupamentoverticalgaviao.pt\\\/\",\"name\":\"Agrupamento de Escolas de Gavi\u00e3o\",\"description\":\"\",\"alternateName\":\"Agrupamento de Escolas de Gavi\u00e3o\",\"potentialAction\":[{\"@type\":\"SearchAction\",\"target\":{\"@type\":\"EntryPoint\",\"urlTemplate\":\"https:\\\/\\\/www.agrupamentoverticalgaviao.pt\\\/?s={search_term_string}\"},\"query-input\":{\"@type\":\"PropertyValueSpecification\",\"valueRequired\":true,\"valueName\":\"search_term_string\"}}],\"inLanguage\":\"pt-PT\"},{\"@type\":\"Person\",\"@id\":\"https:\\\/\\\/www.agrupamentoverticalgaviao.pt\\\/#\\\/schema\\\/person\\\/b337300b08ca20a17717f1b413f4b253\",\"name\":\"marco Vilela\",\"image\":{\"@type\":\"ImageObject\",\"inLanguage\":\"pt-PT\",\"@id\":\"https:\\\/\\\/secure.gravatar.com\\\/avatar\\\/8eb0feb60b637bbf624addb993bbcd710c4802ede472519543b7b7625a815e2d?s=96&d=mm&r=g\",\"url\":\"https:\\\/\\\/secure.gravatar.com\\\/avatar\\\/8eb0feb60b637bbf624addb993bbcd710c4802ede472519543b7b7625a815e2d?s=96&d=mm&r=g\",\"contentUrl\":\"https:\\\/\\\/secure.gravatar.com\\\/avatar\\\/8eb0feb60b637bbf624addb993bbcd710c4802ede472519543b7b7625a815e2d?s=96&d=mm&r=g\",\"caption\":\"marco Vilela\"},\"url\":\"https:\\\/\\\/www.agrupamentoverticalgaviao.pt\\\/?author=2\"}]}<\/script>\n<!-- \/ Yoast SEO plugin. -->","yoast_head_json":{"title":"Dramatiza\u00e7\u00e3o da hist\u00f3ria Jo\u00e3o Porcalh\u00e3o - Agrupamento de Escolas de Gavi\u00e3o","robots":{"index":"index","follow":"follow","max-snippet":"max-snippet:-1","max-image-preview":"max-image-preview:large","max-video-preview":"max-video-preview:-1"},"canonical":"https:\/\/www.agrupamentoverticalgaviao.pt\/?p=44077","og_locale":"pt_PT","og_type":"article","og_title":"Dramatiza\u00e7\u00e3o da hist\u00f3ria Jo\u00e3o Porcalh\u00e3o - Agrupamento de Escolas de Gavi\u00e3o","og_description":"No dia 13 de maio, os alunos da turma do 7\u00baA estiveram na Biblioteca &hellip;","og_url":"https:\/\/www.agrupamentoverticalgaviao.pt\/?p=44077","og_site_name":"Agrupamento de Escolas de Gavi\u00e3o","article_published_time":"2024-05-23T21:49:34+00:00","article_modified_time":"2024-05-23T21:49:37+00:00","og_image":[{"width":620,"height":465,"url":"https:\/\/www.agrupamentoverticalgaviao.pt\/wp-content\/uploads\/2024\/05\/LingPort_05.jpg","type":"image\/jpeg"}],"author":"marco Vilela","twitter_card":"summary_large_image","twitter_misc":{"Escrito por":"marco Vilela"},"schema":{"@context":"https:\/\/schema.org","@graph":[{"@type":"Article","@id":"https:\/\/www.agrupamentoverticalgaviao.pt\/?p=44077#article","isPartOf":{"@id":"https:\/\/www.agrupamentoverticalgaviao.pt\/?p=44077"},"author":{"name":"marco Vilela","@id":"https:\/\/www.agrupamentoverticalgaviao.pt\/#\/schema\/person\/b337300b08ca20a17717f1b413f4b253"},"headline":"Dramatiza\u00e7\u00e3o da hist\u00f3ria Jo\u00e3o Porcalh\u00e3o","datePublished":"2024-05-23T21:49:34+00:00","dateModified":"2024-05-23T21:49:37+00:00","mainEntityOfPage":{"@id":"https:\/\/www.agrupamentoverticalgaviao.pt\/?p=44077"},"wordCount":68,"image":{"@id":"https:\/\/www.agrupamentoverticalgaviao.pt\/?p=44077#primaryimage"},"thumbnailUrl":"https:\/\/www.agrupamentoverticalgaviao.pt\/wp-content\/uploads\/2024\/05\/LingPort_05.jpg","articleSection":["Biblioteca Escolar"],"inLanguage":"pt-PT"},{"@type":"WebPage","@id":"https:\/\/www.agrupamentoverticalgaviao.pt\/?p=44077","url":"https:\/\/www.agrupamentoverticalgaviao.pt\/?p=44077","name":"Dramatiza\u00e7\u00e3o da hist\u00f3ria Jo\u00e3o Porcalh\u00e3o - Agrupamento de Escolas de Gavi\u00e3o","isPartOf":{"@id":"https:\/\/www.agrupamentoverticalgaviao.pt\/#website"},"primaryImageOfPage":{"@id":"https:\/\/www.agrupamentoverticalgaviao.pt\/?p=44077#primaryimage"},"image":{"@id":"https:\/\/www.agrupamentoverticalgaviao.pt\/?p=44077#primaryimage"},"thumbnailUrl":"https:\/\/www.agrupamentoverticalgaviao.pt\/wp-content\/uploads\/2024\/05\/LingPort_05.jpg","datePublished":"2024-05-23T21:49:34+00:00","dateModified":"2024-05-23T21:49:37+00:00","author":{"@id":"https:\/\/www.agrupamentoverticalgaviao.pt\/#\/schema\/person\/b337300b08ca20a17717f1b413f4b253"},"breadcrumb":{"@id":"https:\/\/www.agrupamentoverticalgaviao.pt\/?p=44077#breadcrumb"},"inLanguage":"pt-PT","potentialAction":[{"@type":"ReadAction","target":["https:\/\/www.agrupamentoverticalgaviao.pt\/?p=44077"]}]},{"@type":"ImageObject","inLanguage":"pt-PT","@id":"https:\/\/www.agrupamentoverticalgaviao.pt\/?p=44077#primaryimage","url":"https:\/\/www.agrupamentoverticalgaviao.pt\/wp-content\/uploads\/2024\/05\/LingPort_05.jpg","contentUrl":"https:\/\/www.agrupamentoverticalgaviao.pt\/wp-content\/uploads\/2024\/05\/LingPort_05.jpg","width":620,"height":465},{"@type":"BreadcrumbList","@id":"https:\/\/www.agrupamentoverticalgaviao.pt\/?p=44077#breadcrumb","itemListElement":[{"@type":"ListItem","position":1,"name":"In\u00edcio","item":"https:\/\/www.agrupamentoverticalgaviao.pt\/"},{"@type":"ListItem","position":2,"name":"Dramatiza\u00e7\u00e3o da hist\u00f3ria Jo\u00e3o Porcalh\u00e3o"}]},{"@type":"WebSite","@id":"https:\/\/www.agrupamentoverticalgaviao.pt\/#website","url":"https:\/\/www.agrupamentoverticalgaviao.pt\/","name":"Agrupamento de Escolas de Gavi\u00e3o","description":"","alternateName":"Agrupamento de Escolas de Gavi\u00e3o","potentialAction":[{"@type":"SearchAction","target":{"@type":"EntryPoint","urlTemplate":"https:\/\/www.agrupamentoverticalgaviao.pt\/?s={search_term_string}"},"query-input":{"@type":"PropertyValueSpecification","valueRequired":true,"valueName":"search_term_string"}}],"inLanguage":"pt-PT"},{"@type":"Person","@id":"https:\/\/www.agrupamentoverticalgaviao.pt\/#\/schema\/person\/b337300b08ca20a17717f1b413f4b253","name":"marco Vilela","image":{"@type":"ImageObject","inLanguage":"pt-PT","@id":"https:\/\/secure.gravatar.com\/avatar\/8eb0feb60b637bbf624addb993bbcd710c4802ede472519543b7b7625a815e2d?s=96&d=mm&r=g","url":"https:\/\/secure.gravatar.com\/avatar\/8eb0feb60b637bbf624addb993bbcd710c4802ede472519543b7b7625a815e2d?s=96&d=mm&r=g","contentUrl":"https:\/\/secure.gravatar.com\/avatar\/8eb0feb60b637bbf624addb993bbcd710c4802ede472519543b7b7625a815e2d?s=96&d=mm&r=g","caption":"marco Vilela"},"url":"https:\/\/www.agrupamentoverticalgaviao.pt\/?author=2"}]}},"_links":{"self":[{"href":"https:\/\/www.agrupamentoverticalgaviao.pt\/index.php?rest_route=\/wp\/v2\/posts\/44077","targetHints":{"allow":["GET"]}}],"collection":[{"href":"https:\/\/www.agrupamentoverticalgaviao.pt\/index.php?rest_route=\/wp\/v2\/posts"}],"about":[{"href":"https:\/\/www.agrupamentoverticalgaviao.pt\/index.php?rest_route=\/wp\/v2\/types\/post"}],"author":[{"embeddable":true,"href":"https:\/\/www.agrupamentoverticalgaviao.pt\/index.php?rest_route=\/wp\/v2\/users\/2"}],"replies":[{"embeddable":true,"href":"https:\/\/www.agrupamentoverticalgaviao.pt\/index.php?rest_route=%2Fwp%2Fv2%2Fcomments&post=44077"}],"version-history":[{"count":1,"href":"https:\/\/www.agrupamentoverticalgaviao.pt\/index.php?rest_route=\/wp\/v2\/posts\/44077\/revisions"}],"predecessor-version":[{"id":44083,"href":"https:\/\/www.agrupamentoverticalgaviao.pt\/index.php?rest_route=\/wp\/v2\/posts\/44077\/revisions\/44083"}],"wp:featuredmedia":[{"embeddable":true,"href":"https:\/\/www.agrupamentoverticalgaviao.pt\/index.php?rest_route=\/wp\/v2\/media\/44082"}],"wp:attachment":[{"href":"https:\/\/www.agrupamentoverticalgaviao.pt\/index.php?rest_route=%2Fwp%2Fv2%2Fmedia&parent=44077"}],"wp:term":[{"taxonomy":"category","embeddable":true,"href":"https:\/\/www.agrupamentoverticalgaviao.pt\/index.php?rest_route=%2Fwp%2Fv2%2Fcategories&post=44077"},{"taxonomy":"post_tag","embeddable":true,"href":"https:\/\/www.agrupamentoverticalgaviao.pt\/index.php?rest_route=%2Fwp%2Fv2%2Ftags&post=44077"}],"curies":[{"name":"wp","href":"https:\/\/api.w.org\/{rel}","templated":true}]}}