{"id":43521,"date":"2024-03-24T22:48:35","date_gmt":"2024-03-24T22:48:35","guid":{"rendered":"https:\/\/www.agrupamentoverticalgaviao.pt\/?p=43521"},"modified":"2024-03-24T22:49:07","modified_gmt":"2024-03-24T22:49:07","slug":"sessao-distrital-do-parlamento-dos-jovens-basico","status":"publish","type":"post","link":"https:\/\/www.agrupamentoverticalgaviao.pt\/?p=43521","title":{"rendered":"Sess\u00e3o Distrital do Parlamento dos Jovens \u2013 B\u00e1sico"},"content":{"rendered":"\n<p>Realizou-se no dia 11 de mar\u00e7o, em Portalegre, a sess\u00e3o distrital do Programa Parlamento dos Jovens \u2013 B\u00e1sico. A debate estavam os Projetos de Recomenda\u00e7\u00e3o das diferentes escolas participantes, tendo por base o tema \u201cViver Abril na Educa\u00e7\u00e3o: caminhos para uma escola plural e participativa\u201d.<br>A mesa foi presidida pela deputada Carlota Louren\u00e7o, eleita entre todos os candidatos de outras escolas, que brilhou na forma correta como conduziu os trabalhos ao longo de toda a sess\u00e3o. PARAB\u00c9NS, Carlota.<br>Os deputados que representaram a EBS de Gavi\u00e3o foram a Margarida Pinto Chambel, o Tiago Lucas Pereira e o Jo\u00e3o Neto Ventura, sendo o deputado suplente o Nicolas Perinoto. Os nossos deputados foram acompanhados pela subcoordenadora do programa, a docente Augusta Estrela.<br>Ao longo do dia, os nossos deputados demonstraram que estavam devidamente preparados para a apresenta\u00e7\u00e3o e defesa do seu Projeto de Recomenda\u00e7\u00e3o e questionamento pertinente \u00e0s outras escolas.<br>E, mais uma vez, a Escola B\u00e1sica e Secund\u00e1ria ir\u00e1 representar o distrito de Portalegre na Sess\u00e3o Nacional a realizar na Assembleia da Rep\u00fablica.<br>PARAB\u00c9NS, jovens deputados.<\/p>\n\n\n\n<figure class=\"wp-block-gallery has-nested-images columns-default is-cropped wp-block-gallery-1 is-layout-flex wp-block-gallery-is-layout-flex\">\n<figure class=\"wp-block-image size-large\"><a href=\"https:\/\/www.agrupamentoverticalgaviao.pt\/wp-content\/uploads\/2024\/03\/PJ_01.jpg\"><img loading=\"lazy\" decoding=\"async\" width=\"620\" height=\"827\" data-id=\"43522\" src=\"https:\/\/www.agrupamentoverticalgaviao.pt\/wp-content\/uploads\/2024\/03\/PJ_01.jpg\" alt=\"\" class=\"wp-image-43522\" srcset=\"https:\/\/www.agrupamentoverticalgaviao.pt\/wp-content\/uploads\/2024\/03\/PJ_01.jpg 620w, https:\/\/www.agrupamentoverticalgaviao.pt\/wp-content\/uploads\/2024\/03\/PJ_01-225x300.jpg 225w\" sizes=\"auto, (max-width: 620px) 100vw, 620px\" \/><\/a><\/figure>\n\n\n\n<figure class=\"wp-block-image size-large\"><a href=\"https:\/\/www.agrupamentoverticalgaviao.pt\/wp-content\/uploads\/2024\/03\/PJ_02.jpg\"><img loading=\"lazy\" decoding=\"async\" width=\"620\" height=\"827\" data-id=\"43523\" src=\"https:\/\/www.agrupamentoverticalgaviao.pt\/wp-content\/uploads\/2024\/03\/PJ_02.jpg\" alt=\"\" class=\"wp-image-43523\" srcset=\"https:\/\/www.agrupamentoverticalgaviao.pt\/wp-content\/uploads\/2024\/03\/PJ_02.jpg 620w, https:\/\/www.agrupamentoverticalgaviao.pt\/wp-content\/uploads\/2024\/03\/PJ_02-225x300.jpg 225w\" sizes=\"auto, (max-width: 620px) 100vw, 620px\" \/><\/a><\/figure>\n\n\n\n<figure class=\"wp-block-image size-large\"><a href=\"https:\/\/www.agrupamentoverticalgaviao.pt\/wp-content\/uploads\/2024\/03\/PJ_03.jpg\"><img loading=\"lazy\" decoding=\"async\" width=\"620\" height=\"827\" data-id=\"43524\" src=\"https:\/\/www.agrupamentoverticalgaviao.pt\/wp-content\/uploads\/2024\/03\/PJ_03.jpg\" alt=\"\" class=\"wp-image-43524\" srcset=\"https:\/\/www.agrupamentoverticalgaviao.pt\/wp-content\/uploads\/2024\/03\/PJ_03.jpg 620w, https:\/\/www.agrupamentoverticalgaviao.pt\/wp-content\/uploads\/2024\/03\/PJ_03-225x300.jpg 225w\" sizes=\"auto, (max-width: 620px) 100vw, 620px\" \/><\/a><\/figure>\n\n\n\n<figure class=\"wp-block-image size-large\"><a href=\"https:\/\/www.agrupamentoverticalgaviao.pt\/wp-content\/uploads\/2024\/03\/PJ_04.jpg\"><img loading=\"lazy\" decoding=\"async\" width=\"620\" height=\"349\" data-id=\"43525\" src=\"https:\/\/www.agrupamentoverticalgaviao.pt\/wp-content\/uploads\/2024\/03\/PJ_04.jpg\" alt=\"\" class=\"wp-image-43525\" srcset=\"https:\/\/www.agrupamentoverticalgaviao.pt\/wp-content\/uploads\/2024\/03\/PJ_04.jpg 620w, https:\/\/www.agrupamentoverticalgaviao.pt\/wp-content\/uploads\/2024\/03\/PJ_04-300x169.jpg 300w\" sizes=\"auto, (max-width: 620px) 100vw, 620px\" \/><\/a><\/figure>\n\n\n\n<figure class=\"wp-block-image size-large\"><a href=\"https:\/\/www.agrupamentoverticalgaviao.pt\/wp-content\/uploads\/2024\/03\/PJ_05.jpg\"><img loading=\"lazy\" decoding=\"async\" width=\"620\" height=\"349\" data-id=\"43526\" src=\"https:\/\/www.agrupamentoverticalgaviao.pt\/wp-content\/uploads\/2024\/03\/PJ_05.jpg\" alt=\"\" class=\"wp-image-43526\" srcset=\"https:\/\/www.agrupamentoverticalgaviao.pt\/wp-content\/uploads\/2024\/03\/PJ_05.jpg 620w, https:\/\/www.agrupamentoverticalgaviao.pt\/wp-content\/uploads\/2024\/03\/PJ_05-300x169.jpg 300w\" sizes=\"auto, (max-width: 620px) 100vw, 620px\" \/><\/a><\/figure>\n\n\n\n<figure class=\"wp-block-image size-large\"><a href=\"https:\/\/www.agrupamentoverticalgaviao.pt\/wp-content\/uploads\/2024\/03\/PJ_06.jpg\"><img loading=\"lazy\" decoding=\"async\" width=\"576\" height=\"1024\" data-id=\"43527\" src=\"https:\/\/www.agrupamentoverticalgaviao.pt\/wp-content\/uploads\/2024\/03\/PJ_06-576x1024.jpg\" alt=\"\" class=\"wp-image-43527\" srcset=\"https:\/\/www.agrupamentoverticalgaviao.pt\/wp-content\/uploads\/2024\/03\/PJ_06-576x1024.jpg 576w, https:\/\/www.agrupamentoverticalgaviao.pt\/wp-content\/uploads\/2024\/03\/PJ_06-169x300.jpg 169w, https:\/\/www.agrupamentoverticalgaviao.pt\/wp-content\/uploads\/2024\/03\/PJ_06.jpg 620w\" sizes=\"auto, (max-width: 576px) 100vw, 576px\" \/><\/a><\/figure>\n\n\n\n<figure class=\"wp-block-image size-large\"><a href=\"https:\/\/www.agrupamentoverticalgaviao.pt\/wp-content\/uploads\/2024\/03\/PJ_07.jpg\"><img loading=\"lazy\" decoding=\"async\" width=\"620\" height=\"349\" data-id=\"43528\" src=\"https:\/\/www.agrupamentoverticalgaviao.pt\/wp-content\/uploads\/2024\/03\/PJ_07.jpg\" alt=\"\" class=\"wp-image-43528\" srcset=\"https:\/\/www.agrupamentoverticalgaviao.pt\/wp-content\/uploads\/2024\/03\/PJ_07.jpg 620w, https:\/\/www.agrupamentoverticalgaviao.pt\/wp-content\/uploads\/2024\/03\/PJ_07-300x169.jpg 300w\" sizes=\"auto, (max-width: 620px) 100vw, 620px\" \/><\/a><\/figure>\n<\/figure>\n","protected":false},"excerpt":{"rendered":"<p>Realizou-se no dia 11 de mar\u00e7o, em Portalegre, a sess\u00e3o distrital do Programa Parlamento &hellip; <\/p>\n","protected":false},"author":2,"featured_media":43528,"comment_status":"closed","ping_status":"closed","sticky":false,"template":"","format":"standard","meta":{"footnotes":""},"categories":[25,38],"tags":[],"class_list":["post-43521","post","type-post","status-publish","format-standard","has-post-thumbnail","hentry","category-agrupamento-de-escolas-de-gaviao","category-parlamento-jovem"],"yoast_head":"<!-- This site is optimized with the Yoast SEO plugin v27.4 - https:\/\/yoast.com\/product\/yoast-seo-wordpress\/ -->\n<title>Sess\u00e3o Distrital do Parlamento dos Jovens \u2013 B\u00e1sico - Agrupamento de Escolas de Gavi\u00e3o<\/title>\n<meta name=\"robots\" content=\"index, follow, max-snippet:-1, max-image-preview:large, max-video-preview:-1\" \/>\n<link rel=\"canonical\" href=\"https:\/\/www.agrupamentoverticalgaviao.pt\/?p=43521\" \/>\n<meta property=\"og:locale\" content=\"pt_PT\" \/>\n<meta property=\"og:type\" content=\"article\" \/>\n<meta property=\"og:title\" content=\"Sess\u00e3o Distrital do Parlamento dos Jovens \u2013 B\u00e1sico - Agrupamento de Escolas de Gavi\u00e3o\" \/>\n<meta property=\"og:description\" content=\"Realizou-se no dia 11 de mar\u00e7o, em Portalegre, a sess\u00e3o distrital do Programa Parlamento &hellip;\" \/>\n<meta property=\"og:url\" content=\"https:\/\/www.agrupamentoverticalgaviao.pt\/?p=43521\" \/>\n<meta property=\"og:site_name\" content=\"Agrupamento de Escolas de Gavi\u00e3o\" \/>\n<meta property=\"article:published_time\" content=\"2024-03-24T22:48:35+00:00\" \/>\n<meta property=\"article:modified_time\" content=\"2024-03-24T22:49:07+00:00\" \/>\n<meta property=\"og:image\" content=\"https:\/\/www.agrupamentoverticalgaviao.pt\/wp-content\/uploads\/2024\/03\/PJ_07.jpg\" \/>\n\t<meta property=\"og:image:width\" content=\"620\" \/>\n\t<meta property=\"og:image:height\" content=\"349\" \/>\n\t<meta property=\"og:image:type\" content=\"image\/jpeg\" \/>\n<meta name=\"author\" content=\"marco Vilela\" \/>\n<meta name=\"twitter:card\" content=\"summary_large_image\" \/>\n<meta name=\"twitter:label1\" content=\"Escrito por\" \/>\n\t<meta name=\"twitter:data1\" content=\"marco Vilela\" \/>\n\t<meta name=\"twitter:label2\" content=\"Tempo estimado de leitura\" \/>\n\t<meta name=\"twitter:data2\" content=\"1 minuto\" \/>\n<script type=\"application\/ld+json\" class=\"yoast-schema-graph\">{\"@context\":\"https:\\\/\\\/schema.org\",\"@graph\":[{\"@type\":\"Article\",\"@id\":\"https:\\\/\\\/www.agrupamentoverticalgaviao.pt\\\/?p=43521#article\",\"isPartOf\":{\"@id\":\"https:\\\/\\\/www.agrupamentoverticalgaviao.pt\\\/?p=43521\"},\"author\":{\"name\":\"marco Vilela\",\"@id\":\"https:\\\/\\\/www.agrupamentoverticalgaviao.pt\\\/#\\\/schema\\\/person\\\/b337300b08ca20a17717f1b413f4b253\"},\"headline\":\"Sess\u00e3o Distrital do Parlamento dos Jovens \u2013 B\u00e1sico\",\"datePublished\":\"2024-03-24T22:48:35+00:00\",\"dateModified\":\"2024-03-24T22:49:07+00:00\",\"mainEntityOfPage\":{\"@id\":\"https:\\\/\\\/www.agrupamentoverticalgaviao.pt\\\/?p=43521\"},\"wordCount\":199,\"image\":{\"@id\":\"https:\\\/\\\/www.agrupamentoverticalgaviao.pt\\\/?p=43521#primaryimage\"},\"thumbnailUrl\":\"https:\\\/\\\/www.agrupamentoverticalgaviao.pt\\\/wp-content\\\/uploads\\\/2024\\\/03\\\/PJ_07.jpg\",\"articleSection\":[\"Agrupamento de Escolas de Gavi\u00e3o\",\"Parlamento Jovem\"],\"inLanguage\":\"pt-PT\"},{\"@type\":\"WebPage\",\"@id\":\"https:\\\/\\\/www.agrupamentoverticalgaviao.pt\\\/?p=43521\",\"url\":\"https:\\\/\\\/www.agrupamentoverticalgaviao.pt\\\/?p=43521\",\"name\":\"Sess\u00e3o Distrital do Parlamento dos Jovens \u2013 B\u00e1sico - Agrupamento de Escolas de Gavi\u00e3o\",\"isPartOf\":{\"@id\":\"https:\\\/\\\/www.agrupamentoverticalgaviao.pt\\\/#website\"},\"primaryImageOfPage\":{\"@id\":\"https:\\\/\\\/www.agrupamentoverticalgaviao.pt\\\/?p=43521#primaryimage\"},\"image\":{\"@id\":\"https:\\\/\\\/www.agrupamentoverticalgaviao.pt\\\/?p=43521#primaryimage\"},\"thumbnailUrl\":\"https:\\\/\\\/www.agrupamentoverticalgaviao.pt\\\/wp-content\\\/uploads\\\/2024\\\/03\\\/PJ_07.jpg\",\"datePublished\":\"2024-03-24T22:48:35+00:00\",\"dateModified\":\"2024-03-24T22:49:07+00:00\",\"author\":{\"@id\":\"https:\\\/\\\/www.agrupamentoverticalgaviao.pt\\\/#\\\/schema\\\/person\\\/b337300b08ca20a17717f1b413f4b253\"},\"breadcrumb\":{\"@id\":\"https:\\\/\\\/www.agrupamentoverticalgaviao.pt\\\/?p=43521#breadcrumb\"},\"inLanguage\":\"pt-PT\",\"potentialAction\":[{\"@type\":\"ReadAction\",\"target\":[\"https:\\\/\\\/www.agrupamentoverticalgaviao.pt\\\/?p=43521\"]}]},{\"@type\":\"ImageObject\",\"inLanguage\":\"pt-PT\",\"@id\":\"https:\\\/\\\/www.agrupamentoverticalgaviao.pt\\\/?p=43521#primaryimage\",\"url\":\"https:\\\/\\\/www.agrupamentoverticalgaviao.pt\\\/wp-content\\\/uploads\\\/2024\\\/03\\\/PJ_07.jpg\",\"contentUrl\":\"https:\\\/\\\/www.agrupamentoverticalgaviao.pt\\\/wp-content\\\/uploads\\\/2024\\\/03\\\/PJ_07.jpg\",\"width\":620,\"height\":349},{\"@type\":\"BreadcrumbList\",\"@id\":\"https:\\\/\\\/www.agrupamentoverticalgaviao.pt\\\/?p=43521#breadcrumb\",\"itemListElement\":[{\"@type\":\"ListItem\",\"position\":1,\"name\":\"In\u00edcio\",\"item\":\"https:\\\/\\\/www.agrupamentoverticalgaviao.pt\\\/\"},{\"@type\":\"ListItem\",\"position\":2,\"name\":\"Sess\u00e3o Distrital do Parlamento dos Jovens \u2013 B\u00e1sico\"}]},{\"@type\":\"WebSite\",\"@id\":\"https:\\\/\\\/www.agrupamentoverticalgaviao.pt\\\/#website\",\"url\":\"https:\\\/\\\/www.agrupamentoverticalgaviao.pt\\\/\",\"name\":\"Agrupamento de Escolas de Gavi\u00e3o\",\"description\":\"\",\"alternateName\":\"Agrupamento de Escolas de Gavi\u00e3o\",\"potentialAction\":[{\"@type\":\"SearchAction\",\"target\":{\"@type\":\"EntryPoint\",\"urlTemplate\":\"https:\\\/\\\/www.agrupamentoverticalgaviao.pt\\\/?s={search_term_string}\"},\"query-input\":{\"@type\":\"PropertyValueSpecification\",\"valueRequired\":true,\"valueName\":\"search_term_string\"}}],\"inLanguage\":\"pt-PT\"},{\"@type\":\"Person\",\"@id\":\"https:\\\/\\\/www.agrupamentoverticalgaviao.pt\\\/#\\\/schema\\\/person\\\/b337300b08ca20a17717f1b413f4b253\",\"name\":\"marco Vilela\",\"image\":{\"@type\":\"ImageObject\",\"inLanguage\":\"pt-PT\",\"@id\":\"https:\\\/\\\/secure.gravatar.com\\\/avatar\\\/8eb0feb60b637bbf624addb993bbcd710c4802ede472519543b7b7625a815e2d?s=96&d=mm&r=g\",\"url\":\"https:\\\/\\\/secure.gravatar.com\\\/avatar\\\/8eb0feb60b637bbf624addb993bbcd710c4802ede472519543b7b7625a815e2d?s=96&d=mm&r=g\",\"contentUrl\":\"https:\\\/\\\/secure.gravatar.com\\\/avatar\\\/8eb0feb60b637bbf624addb993bbcd710c4802ede472519543b7b7625a815e2d?s=96&d=mm&r=g\",\"caption\":\"marco Vilela\"},\"url\":\"https:\\\/\\\/www.agrupamentoverticalgaviao.pt\\\/?author=2\"}]}<\/script>\n<!-- \/ Yoast SEO plugin. -->","yoast_head_json":{"title":"Sess\u00e3o Distrital do Parlamento dos Jovens \u2013 B\u00e1sico - Agrupamento de Escolas de Gavi\u00e3o","robots":{"index":"index","follow":"follow","max-snippet":"max-snippet:-1","max-image-preview":"max-image-preview:large","max-video-preview":"max-video-preview:-1"},"canonical":"https:\/\/www.agrupamentoverticalgaviao.pt\/?p=43521","og_locale":"pt_PT","og_type":"article","og_title":"Sess\u00e3o Distrital do Parlamento dos Jovens \u2013 B\u00e1sico - Agrupamento de Escolas de Gavi\u00e3o","og_description":"Realizou-se no dia 11 de mar\u00e7o, em Portalegre, a sess\u00e3o distrital do Programa Parlamento &hellip;","og_url":"https:\/\/www.agrupamentoverticalgaviao.pt\/?p=43521","og_site_name":"Agrupamento de Escolas de Gavi\u00e3o","article_published_time":"2024-03-24T22:48:35+00:00","article_modified_time":"2024-03-24T22:49:07+00:00","og_image":[{"width":620,"height":349,"url":"https:\/\/www.agrupamentoverticalgaviao.pt\/wp-content\/uploads\/2024\/03\/PJ_07.jpg","type":"image\/jpeg"}],"author":"marco Vilela","twitter_card":"summary_large_image","twitter_misc":{"Escrito por":"marco Vilela","Tempo estimado de leitura":"1 minuto"},"schema":{"@context":"https:\/\/schema.org","@graph":[{"@type":"Article","@id":"https:\/\/www.agrupamentoverticalgaviao.pt\/?p=43521#article","isPartOf":{"@id":"https:\/\/www.agrupamentoverticalgaviao.pt\/?p=43521"},"author":{"name":"marco Vilela","@id":"https:\/\/www.agrupamentoverticalgaviao.pt\/#\/schema\/person\/b337300b08ca20a17717f1b413f4b253"},"headline":"Sess\u00e3o Distrital do Parlamento dos Jovens \u2013 B\u00e1sico","datePublished":"2024-03-24T22:48:35+00:00","dateModified":"2024-03-24T22:49:07+00:00","mainEntityOfPage":{"@id":"https:\/\/www.agrupamentoverticalgaviao.pt\/?p=43521"},"wordCount":199,"image":{"@id":"https:\/\/www.agrupamentoverticalgaviao.pt\/?p=43521#primaryimage"},"thumbnailUrl":"https:\/\/www.agrupamentoverticalgaviao.pt\/wp-content\/uploads\/2024\/03\/PJ_07.jpg","articleSection":["Agrupamento de Escolas de Gavi\u00e3o","Parlamento Jovem"],"inLanguage":"pt-PT"},{"@type":"WebPage","@id":"https:\/\/www.agrupamentoverticalgaviao.pt\/?p=43521","url":"https:\/\/www.agrupamentoverticalgaviao.pt\/?p=43521","name":"Sess\u00e3o Distrital do Parlamento dos Jovens \u2013 B\u00e1sico - Agrupamento de Escolas de Gavi\u00e3o","isPartOf":{"@id":"https:\/\/www.agrupamentoverticalgaviao.pt\/#website"},"primaryImageOfPage":{"@id":"https:\/\/www.agrupamentoverticalgaviao.pt\/?p=43521#primaryimage"},"image":{"@id":"https:\/\/www.agrupamentoverticalgaviao.pt\/?p=43521#primaryimage"},"thumbnailUrl":"https:\/\/www.agrupamentoverticalgaviao.pt\/wp-content\/uploads\/2024\/03\/PJ_07.jpg","datePublished":"2024-03-24T22:48:35+00:00","dateModified":"2024-03-24T22:49:07+00:00","author":{"@id":"https:\/\/www.agrupamentoverticalgaviao.pt\/#\/schema\/person\/b337300b08ca20a17717f1b413f4b253"},"breadcrumb":{"@id":"https:\/\/www.agrupamentoverticalgaviao.pt\/?p=43521#breadcrumb"},"inLanguage":"pt-PT","potentialAction":[{"@type":"ReadAction","target":["https:\/\/www.agrupamentoverticalgaviao.pt\/?p=43521"]}]},{"@type":"ImageObject","inLanguage":"pt-PT","@id":"https:\/\/www.agrupamentoverticalgaviao.pt\/?p=43521#primaryimage","url":"https:\/\/www.agrupamentoverticalgaviao.pt\/wp-content\/uploads\/2024\/03\/PJ_07.jpg","contentUrl":"https:\/\/www.agrupamentoverticalgaviao.pt\/wp-content\/uploads\/2024\/03\/PJ_07.jpg","width":620,"height":349},{"@type":"BreadcrumbList","@id":"https:\/\/www.agrupamentoverticalgaviao.pt\/?p=43521#breadcrumb","itemListElement":[{"@type":"ListItem","position":1,"name":"In\u00edcio","item":"https:\/\/www.agrupamentoverticalgaviao.pt\/"},{"@type":"ListItem","position":2,"name":"Sess\u00e3o Distrital do Parlamento dos Jovens \u2013 B\u00e1sico"}]},{"@type":"WebSite","@id":"https:\/\/www.agrupamentoverticalgaviao.pt\/#website","url":"https:\/\/www.agrupamentoverticalgaviao.pt\/","name":"Agrupamento de Escolas de Gavi\u00e3o","description":"","alternateName":"Agrupamento de Escolas de Gavi\u00e3o","potentialAction":[{"@type":"SearchAction","target":{"@type":"EntryPoint","urlTemplate":"https:\/\/www.agrupamentoverticalgaviao.pt\/?s={search_term_string}"},"query-input":{"@type":"PropertyValueSpecification","valueRequired":true,"valueName":"search_term_string"}}],"inLanguage":"pt-PT"},{"@type":"Person","@id":"https:\/\/www.agrupamentoverticalgaviao.pt\/#\/schema\/person\/b337300b08ca20a17717f1b413f4b253","name":"marco Vilela","image":{"@type":"ImageObject","inLanguage":"pt-PT","@id":"https:\/\/secure.gravatar.com\/avatar\/8eb0feb60b637bbf624addb993bbcd710c4802ede472519543b7b7625a815e2d?s=96&d=mm&r=g","url":"https:\/\/secure.gravatar.com\/avatar\/8eb0feb60b637bbf624addb993bbcd710c4802ede472519543b7b7625a815e2d?s=96&d=mm&r=g","contentUrl":"https:\/\/secure.gravatar.com\/avatar\/8eb0feb60b637bbf624addb993bbcd710c4802ede472519543b7b7625a815e2d?s=96&d=mm&r=g","caption":"marco Vilela"},"url":"https:\/\/www.agrupamentoverticalgaviao.pt\/?author=2"}]}},"_links":{"self":[{"href":"https:\/\/www.agrupamentoverticalgaviao.pt\/index.php?rest_route=\/wp\/v2\/posts\/43521","targetHints":{"allow":["GET"]}}],"collection":[{"href":"https:\/\/www.agrupamentoverticalgaviao.pt\/index.php?rest_route=\/wp\/v2\/posts"}],"about":[{"href":"https:\/\/www.agrupamentoverticalgaviao.pt\/index.php?rest_route=\/wp\/v2\/types\/post"}],"author":[{"embeddable":true,"href":"https:\/\/www.agrupamentoverticalgaviao.pt\/index.php?rest_route=\/wp\/v2\/users\/2"}],"replies":[{"embeddable":true,"href":"https:\/\/www.agrupamentoverticalgaviao.pt\/index.php?rest_route=%2Fwp%2Fv2%2Fcomments&post=43521"}],"version-history":[{"count":1,"href":"https:\/\/www.agrupamentoverticalgaviao.pt\/index.php?rest_route=\/wp\/v2\/posts\/43521\/revisions"}],"predecessor-version":[{"id":43529,"href":"https:\/\/www.agrupamentoverticalgaviao.pt\/index.php?rest_route=\/wp\/v2\/posts\/43521\/revisions\/43529"}],"wp:featuredmedia":[{"embeddable":true,"href":"https:\/\/www.agrupamentoverticalgaviao.pt\/index.php?rest_route=\/wp\/v2\/media\/43528"}],"wp:attachment":[{"href":"https:\/\/www.agrupamentoverticalgaviao.pt\/index.php?rest_route=%2Fwp%2Fv2%2Fmedia&parent=43521"}],"wp:term":[{"taxonomy":"category","embeddable":true,"href":"https:\/\/www.agrupamentoverticalgaviao.pt\/index.php?rest_route=%2Fwp%2Fv2%2Fcategories&post=43521"},{"taxonomy":"post_tag","embeddable":true,"href":"https:\/\/www.agrupamentoverticalgaviao.pt\/index.php?rest_route=%2Fwp%2Fv2%2Ftags&post=43521"}],"curies":[{"name":"wp","href":"https:\/\/api.w.org\/{rel}","templated":true}]}}