{"id":43111,"date":"2023-11-22T22:32:47","date_gmt":"2023-11-22T22:32:47","guid":{"rendered":"https:\/\/www.agrupamentoverticalgaviao.pt\/?p=43111"},"modified":"2023-11-22T22:32:49","modified_gmt":"2023-11-22T22:32:49","slug":"dia-nacional-do-pijama-4","status":"publish","type":"post","link":"https:\/\/www.agrupamentoverticalgaviao.pt\/?p=43111","title":{"rendered":"Dia Nacional do Pijama"},"content":{"rendered":"\n<p>O Dia Nacional do Pijama comemora-se no dia 20 de novembro e, neste mesmo dia, assinala-se o 34\u00ba anivers\u00e1rio da assinatura da Conven\u00e7\u00e3o sobre os Direitos da Crian\u00e7a.<\/p>\n\n\n\n<p>\u00c9 um dia l\u00fadico e educativo em que se realizaram diversas atividades, tais como:<\/p>\n\n\n\n<p>Dramatiza\u00e7\u00e3o do livro &#8220;O Rob\u00f4 Voador&#8221; (vers\u00e3o livre), em parceria com a Equipa Local de Interven\u00e7\u00e3o Precoce, a Comiss\u00e3o de Prote\u00e7\u00e3o de Crian\u00e7as e Jovens, a Universidade S\u00e9nior de Gavi\u00e3o, a Biblioteca Municipal e a C\u00e2mara Municipal;<\/p>\n\n\n\n<p>Jogos educativos e l\u00fadicos, dinamizados pela formadora e alunos do Curso de T\u00e9cnico\/a de Desporto e a Equipa Local de Interven\u00e7\u00e3o Precoce;<\/p>\n\n\n\n<p>Can\u00e7\u00e3o &#8220;Coitado do Rob\u00f4&#8221;, dinamizada pela docente de m\u00fasica;<\/p>\n\n\n\n<p>Dan\u00e7a &#8220;Ningu\u00e9m vai ficar de fora&#8221;, dinamizada pela formadora e alunos do Curso de T\u00e9cnico\/a de Desporto.<\/p>\n\n\n\n<p>Nestas duas \u00faltimas atividades tivemos a presen\u00e7a e envolvimento de pais e familiares que trouxeram ainda mais alegria a este momento.<\/p>\n\n\n\n<p>Vivam as Crian\u00e7as.<\/p>\n\n\n\n<figure class=\"wp-block-gallery has-nested-images columns-default is-cropped wp-block-gallery-1 is-layout-flex wp-block-gallery-is-layout-flex\">\n<figure class=\"wp-block-image size-large\"><a href=\"https:\/\/www.agrupamentoverticalgaviao.pt\/wp-content\/uploads\/2023\/11\/Dia_Pijama_01.jpg\"><img loading=\"lazy\" decoding=\"async\" width=\"620\" height=\"413\" data-id=\"43115\" src=\"https:\/\/www.agrupamentoverticalgaviao.pt\/wp-content\/uploads\/2023\/11\/Dia_Pijama_01.jpg\" alt=\"\" class=\"wp-image-43115\" srcset=\"https:\/\/www.agrupamentoverticalgaviao.pt\/wp-content\/uploads\/2023\/11\/Dia_Pijama_01.jpg 620w, https:\/\/www.agrupamentoverticalgaviao.pt\/wp-content\/uploads\/2023\/11\/Dia_Pijama_01-300x200.jpg 300w\" sizes=\"auto, (max-width: 620px) 100vw, 620px\" \/><\/a><\/figure>\n\n\n\n<figure class=\"wp-block-image size-large\"><a href=\"https:\/\/www.agrupamentoverticalgaviao.pt\/wp-content\/uploads\/2023\/11\/Dia_Pijama_02.jpg\"><img loading=\"lazy\" decoding=\"async\" width=\"620\" height=\"413\" data-id=\"43120\" src=\"https:\/\/www.agrupamentoverticalgaviao.pt\/wp-content\/uploads\/2023\/11\/Dia_Pijama_02.jpg\" alt=\"\" class=\"wp-image-43120\" srcset=\"https:\/\/www.agrupamentoverticalgaviao.pt\/wp-content\/uploads\/2023\/11\/Dia_Pijama_02.jpg 620w, https:\/\/www.agrupamentoverticalgaviao.pt\/wp-content\/uploads\/2023\/11\/Dia_Pijama_02-300x200.jpg 300w\" sizes=\"auto, (max-width: 620px) 100vw, 620px\" \/><\/a><\/figure>\n\n\n\n<figure class=\"wp-block-image size-large\"><a href=\"https:\/\/www.agrupamentoverticalgaviao.pt\/wp-content\/uploads\/2023\/11\/Dia_Pijama_03.jpg\"><img loading=\"lazy\" decoding=\"async\" width=\"620\" height=\"413\" data-id=\"43114\" src=\"https:\/\/www.agrupamentoverticalgaviao.pt\/wp-content\/uploads\/2023\/11\/Dia_Pijama_03.jpg\" alt=\"\" class=\"wp-image-43114\" srcset=\"https:\/\/www.agrupamentoverticalgaviao.pt\/wp-content\/uploads\/2023\/11\/Dia_Pijama_03.jpg 620w, https:\/\/www.agrupamentoverticalgaviao.pt\/wp-content\/uploads\/2023\/11\/Dia_Pijama_03-300x200.jpg 300w\" sizes=\"auto, (max-width: 620px) 100vw, 620px\" \/><\/a><\/figure>\n\n\n\n<figure class=\"wp-block-image size-large\"><a href=\"https:\/\/www.agrupamentoverticalgaviao.pt\/wp-content\/uploads\/2023\/11\/Dia_Pijama_04.jpg\"><img loading=\"lazy\" decoding=\"async\" width=\"620\" height=\"413\" data-id=\"43116\" src=\"https:\/\/www.agrupamentoverticalgaviao.pt\/wp-content\/uploads\/2023\/11\/Dia_Pijama_04.jpg\" alt=\"\" class=\"wp-image-43116\" srcset=\"https:\/\/www.agrupamentoverticalgaviao.pt\/wp-content\/uploads\/2023\/11\/Dia_Pijama_04.jpg 620w, https:\/\/www.agrupamentoverticalgaviao.pt\/wp-content\/uploads\/2023\/11\/Dia_Pijama_04-300x200.jpg 300w\" sizes=\"auto, (max-width: 620px) 100vw, 620px\" \/><\/a><\/figure>\n\n\n\n<figure class=\"wp-block-image size-large\"><a href=\"https:\/\/www.agrupamentoverticalgaviao.pt\/wp-content\/uploads\/2023\/11\/Dia_Pijama_05.jpg\"><img loading=\"lazy\" decoding=\"async\" width=\"620\" height=\"413\" data-id=\"43117\" src=\"https:\/\/www.agrupamentoverticalgaviao.pt\/wp-content\/uploads\/2023\/11\/Dia_Pijama_05.jpg\" alt=\"\" class=\"wp-image-43117\" srcset=\"https:\/\/www.agrupamentoverticalgaviao.pt\/wp-content\/uploads\/2023\/11\/Dia_Pijama_05.jpg 620w, https:\/\/www.agrupamentoverticalgaviao.pt\/wp-content\/uploads\/2023\/11\/Dia_Pijama_05-300x200.jpg 300w\" sizes=\"auto, (max-width: 620px) 100vw, 620px\" \/><\/a><\/figure>\n\n\n\n<figure class=\"wp-block-image size-large\"><a href=\"https:\/\/www.agrupamentoverticalgaviao.pt\/wp-content\/uploads\/2023\/11\/Dia_Pijama_06.jpg\"><img loading=\"lazy\" decoding=\"async\" width=\"620\" height=\"413\" data-id=\"43122\" src=\"https:\/\/www.agrupamentoverticalgaviao.pt\/wp-content\/uploads\/2023\/11\/Dia_Pijama_06.jpg\" alt=\"\" class=\"wp-image-43122\" srcset=\"https:\/\/www.agrupamentoverticalgaviao.pt\/wp-content\/uploads\/2023\/11\/Dia_Pijama_06.jpg 620w, https:\/\/www.agrupamentoverticalgaviao.pt\/wp-content\/uploads\/2023\/11\/Dia_Pijama_06-300x200.jpg 300w\" sizes=\"auto, (max-width: 620px) 100vw, 620px\" \/><\/a><\/figure>\n\n\n\n<figure class=\"wp-block-image size-large\"><a href=\"https:\/\/www.agrupamentoverticalgaviao.pt\/wp-content\/uploads\/2023\/11\/Dia_Pijama_07.jpg\"><img loading=\"lazy\" decoding=\"async\" width=\"620\" height=\"413\" data-id=\"43112\" src=\"https:\/\/www.agrupamentoverticalgaviao.pt\/wp-content\/uploads\/2023\/11\/Dia_Pijama_07.jpg\" alt=\"\" class=\"wp-image-43112\" srcset=\"https:\/\/www.agrupamentoverticalgaviao.pt\/wp-content\/uploads\/2023\/11\/Dia_Pijama_07.jpg 620w, https:\/\/www.agrupamentoverticalgaviao.pt\/wp-content\/uploads\/2023\/11\/Dia_Pijama_07-300x200.jpg 300w\" sizes=\"auto, (max-width: 620px) 100vw, 620px\" \/><\/a><\/figure>\n\n\n\n<figure class=\"wp-block-image size-large\"><a href=\"https:\/\/www.agrupamentoverticalgaviao.pt\/wp-content\/uploads\/2023\/11\/Dia_Pijama_08.jpg\"><img loading=\"lazy\" decoding=\"async\" width=\"620\" height=\"413\" data-id=\"43113\" src=\"https:\/\/www.agrupamentoverticalgaviao.pt\/wp-content\/uploads\/2023\/11\/Dia_Pijama_08.jpg\" alt=\"\" class=\"wp-image-43113\" srcset=\"https:\/\/www.agrupamentoverticalgaviao.pt\/wp-content\/uploads\/2023\/11\/Dia_Pijama_08.jpg 620w, https:\/\/www.agrupamentoverticalgaviao.pt\/wp-content\/uploads\/2023\/11\/Dia_Pijama_08-300x200.jpg 300w\" sizes=\"auto, (max-width: 620px) 100vw, 620px\" \/><\/a><\/figure>\n\n\n\n<figure class=\"wp-block-image size-large\"><a href=\"https:\/\/www.agrupamentoverticalgaviao.pt\/wp-content\/uploads\/2023\/11\/Dia_Pijama_09.jpg\"><img loading=\"lazy\" decoding=\"async\" width=\"620\" height=\"413\" data-id=\"43123\" src=\"https:\/\/www.agrupamentoverticalgaviao.pt\/wp-content\/uploads\/2023\/11\/Dia_Pijama_09.jpg\" alt=\"\" class=\"wp-image-43123\" srcset=\"https:\/\/www.agrupamentoverticalgaviao.pt\/wp-content\/uploads\/2023\/11\/Dia_Pijama_09.jpg 620w, https:\/\/www.agrupamentoverticalgaviao.pt\/wp-content\/uploads\/2023\/11\/Dia_Pijama_09-300x200.jpg 300w\" sizes=\"auto, (max-width: 620px) 100vw, 620px\" \/><\/a><\/figure>\n\n\n\n<figure class=\"wp-block-image size-large\"><a href=\"https:\/\/www.agrupamentoverticalgaviao.pt\/wp-content\/uploads\/2023\/11\/Dia_Pijama_10.jpg\"><img loading=\"lazy\" decoding=\"async\" width=\"620\" height=\"413\" data-id=\"43128\" src=\"https:\/\/www.agrupamentoverticalgaviao.pt\/wp-content\/uploads\/2023\/11\/Dia_Pijama_10.jpg\" alt=\"\" class=\"wp-image-43128\" srcset=\"https:\/\/www.agrupamentoverticalgaviao.pt\/wp-content\/uploads\/2023\/11\/Dia_Pijama_10.jpg 620w, https:\/\/www.agrupamentoverticalgaviao.pt\/wp-content\/uploads\/2023\/11\/Dia_Pijama_10-300x200.jpg 300w\" sizes=\"auto, (max-width: 620px) 100vw, 620px\" \/><\/a><\/figure>\n\n\n\n<figure class=\"wp-block-image size-large\"><a href=\"https:\/\/www.agrupamentoverticalgaviao.pt\/wp-content\/uploads\/2023\/11\/Dia_Pijama_11.jpg\"><img loading=\"lazy\" decoding=\"async\" width=\"620\" height=\"413\" data-id=\"43127\" src=\"https:\/\/www.agrupamentoverticalgaviao.pt\/wp-content\/uploads\/2023\/11\/Dia_Pijama_11.jpg\" alt=\"\" class=\"wp-image-43127\" srcset=\"https:\/\/www.agrupamentoverticalgaviao.pt\/wp-content\/uploads\/2023\/11\/Dia_Pijama_11.jpg 620w, https:\/\/www.agrupamentoverticalgaviao.pt\/wp-content\/uploads\/2023\/11\/Dia_Pijama_11-300x200.jpg 300w\" sizes=\"auto, (max-width: 620px) 100vw, 620px\" \/><\/a><\/figure>\n\n\n\n<figure class=\"wp-block-image size-large\"><a href=\"https:\/\/www.agrupamentoverticalgaviao.pt\/wp-content\/uploads\/2023\/11\/Dia_Pijama_12.jpg\"><img loading=\"lazy\" decoding=\"async\" width=\"620\" height=\"413\" data-id=\"43119\" src=\"https:\/\/www.agrupamentoverticalgaviao.pt\/wp-content\/uploads\/2023\/11\/Dia_Pijama_12.jpg\" alt=\"\" class=\"wp-image-43119\" srcset=\"https:\/\/www.agrupamentoverticalgaviao.pt\/wp-content\/uploads\/2023\/11\/Dia_Pijama_12.jpg 620w, https:\/\/www.agrupamentoverticalgaviao.pt\/wp-content\/uploads\/2023\/11\/Dia_Pijama_12-300x200.jpg 300w\" sizes=\"auto, (max-width: 620px) 100vw, 620px\" \/><\/a><\/figure>\n\n\n\n<figure class=\"wp-block-image size-large\"><a href=\"https:\/\/www.agrupamentoverticalgaviao.pt\/wp-content\/uploads\/2023\/11\/Dia_Pijama_13.jpg\"><img loading=\"lazy\" decoding=\"async\" width=\"620\" height=\"413\" data-id=\"43118\" src=\"https:\/\/www.agrupamentoverticalgaviao.pt\/wp-content\/uploads\/2023\/11\/Dia_Pijama_13.jpg\" alt=\"\" class=\"wp-image-43118\" srcset=\"https:\/\/www.agrupamentoverticalgaviao.pt\/wp-content\/uploads\/2023\/11\/Dia_Pijama_13.jpg 620w, https:\/\/www.agrupamentoverticalgaviao.pt\/wp-content\/uploads\/2023\/11\/Dia_Pijama_13-300x200.jpg 300w\" sizes=\"auto, (max-width: 620px) 100vw, 620px\" \/><\/a><\/figure>\n\n\n\n<figure class=\"wp-block-image size-large\"><a href=\"https:\/\/www.agrupamentoverticalgaviao.pt\/wp-content\/uploads\/2023\/11\/Dia_Pijama_14.jpg\"><img loading=\"lazy\" decoding=\"async\" width=\"620\" height=\"413\" data-id=\"43129\" src=\"https:\/\/www.agrupamentoverticalgaviao.pt\/wp-content\/uploads\/2023\/11\/Dia_Pijama_14.jpg\" alt=\"\" class=\"wp-image-43129\" srcset=\"https:\/\/www.agrupamentoverticalgaviao.pt\/wp-content\/uploads\/2023\/11\/Dia_Pijama_14.jpg 620w, https:\/\/www.agrupamentoverticalgaviao.pt\/wp-content\/uploads\/2023\/11\/Dia_Pijama_14-300x200.jpg 300w\" sizes=\"auto, (max-width: 620px) 100vw, 620px\" \/><\/a><\/figure>\n\n\n\n<figure class=\"wp-block-image size-large\"><a href=\"https:\/\/www.agrupamentoverticalgaviao.pt\/wp-content\/uploads\/2023\/11\/Dia_Pijama_15.jpg\"><img loading=\"lazy\" decoding=\"async\" width=\"620\" height=\"413\" data-id=\"43121\" src=\"https:\/\/www.agrupamentoverticalgaviao.pt\/wp-content\/uploads\/2023\/11\/Dia_Pijama_15.jpg\" alt=\"\" class=\"wp-image-43121\" srcset=\"https:\/\/www.agrupamentoverticalgaviao.pt\/wp-content\/uploads\/2023\/11\/Dia_Pijama_15.jpg 620w, https:\/\/www.agrupamentoverticalgaviao.pt\/wp-content\/uploads\/2023\/11\/Dia_Pijama_15-300x200.jpg 300w\" sizes=\"auto, (max-width: 620px) 100vw, 620px\" \/><\/a><\/figure>\n\n\n\n<figure class=\"wp-block-image size-large\"><a href=\"https:\/\/www.agrupamentoverticalgaviao.pt\/wp-content\/uploads\/2023\/11\/Dia_Pijama_16.jpg\"><img loading=\"lazy\" decoding=\"async\" width=\"620\" height=\"413\" data-id=\"43125\" src=\"https:\/\/www.agrupamentoverticalgaviao.pt\/wp-content\/uploads\/2023\/11\/Dia_Pijama_16.jpg\" alt=\"\" class=\"wp-image-43125\" srcset=\"https:\/\/www.agrupamentoverticalgaviao.pt\/wp-content\/uploads\/2023\/11\/Dia_Pijama_16.jpg 620w, https:\/\/www.agrupamentoverticalgaviao.pt\/wp-content\/uploads\/2023\/11\/Dia_Pijama_16-300x200.jpg 300w\" sizes=\"auto, (max-width: 620px) 100vw, 620px\" \/><\/a><\/figure>\n\n\n\n<figure class=\"wp-block-image size-large\"><a href=\"https:\/\/www.agrupamentoverticalgaviao.pt\/wp-content\/uploads\/2023\/11\/Dia_Pijama_17.jpg\"><img loading=\"lazy\" decoding=\"async\" width=\"620\" height=\"413\" data-id=\"43126\" src=\"https:\/\/www.agrupamentoverticalgaviao.pt\/wp-content\/uploads\/2023\/11\/Dia_Pijama_17.jpg\" alt=\"\" class=\"wp-image-43126\" srcset=\"https:\/\/www.agrupamentoverticalgaviao.pt\/wp-content\/uploads\/2023\/11\/Dia_Pijama_17.jpg 620w, https:\/\/www.agrupamentoverticalgaviao.pt\/wp-content\/uploads\/2023\/11\/Dia_Pijama_17-300x200.jpg 300w\" sizes=\"auto, (max-width: 620px) 100vw, 620px\" \/><\/a><\/figure>\n\n\n\n<figure class=\"wp-block-image size-large\"><a href=\"https:\/\/www.agrupamentoverticalgaviao.pt\/wp-content\/uploads\/2023\/11\/Dia_Pijama_18.jpg\"><img loading=\"lazy\" decoding=\"async\" width=\"620\" height=\"413\" data-id=\"43124\" src=\"https:\/\/www.agrupamentoverticalgaviao.pt\/wp-content\/uploads\/2023\/11\/Dia_Pijama_18.jpg\" alt=\"\" class=\"wp-image-43124\" srcset=\"https:\/\/www.agrupamentoverticalgaviao.pt\/wp-content\/uploads\/2023\/11\/Dia_Pijama_18.jpg 620w, https:\/\/www.agrupamentoverticalgaviao.pt\/wp-content\/uploads\/2023\/11\/Dia_Pijama_18-300x200.jpg 300w\" sizes=\"auto, (max-width: 620px) 100vw, 620px\" \/><\/a><\/figure>\n\n\n\n<figure class=\"wp-block-image size-large\"><a href=\"https:\/\/www.agrupamentoverticalgaviao.pt\/wp-content\/uploads\/2023\/11\/Dia_Pijama_19.jpg\"><img loading=\"lazy\" decoding=\"async\" width=\"620\" height=\"413\" data-id=\"43132\" src=\"https:\/\/www.agrupamentoverticalgaviao.pt\/wp-content\/uploads\/2023\/11\/Dia_Pijama_19.jpg\" alt=\"\" class=\"wp-image-43132\" srcset=\"https:\/\/www.agrupamentoverticalgaviao.pt\/wp-content\/uploads\/2023\/11\/Dia_Pijama_19.jpg 620w, https:\/\/www.agrupamentoverticalgaviao.pt\/wp-content\/uploads\/2023\/11\/Dia_Pijama_19-300x200.jpg 300w\" sizes=\"auto, (max-width: 620px) 100vw, 620px\" \/><\/a><\/figure>\n\n\n\n<figure class=\"wp-block-image size-large\"><a href=\"https:\/\/www.agrupamentoverticalgaviao.pt\/wp-content\/uploads\/2023\/11\/Dia_Pijama_20.jpg\"><img loading=\"lazy\" decoding=\"async\" width=\"620\" height=\"413\" data-id=\"43151\" src=\"https:\/\/www.agrupamentoverticalgaviao.pt\/wp-content\/uploads\/2023\/11\/Dia_Pijama_20.jpg\" alt=\"\" class=\"wp-image-43151\" srcset=\"https:\/\/www.agrupamentoverticalgaviao.pt\/wp-content\/uploads\/2023\/11\/Dia_Pijama_20.jpg 620w, https:\/\/www.agrupamentoverticalgaviao.pt\/wp-content\/uploads\/2023\/11\/Dia_Pijama_20-300x200.jpg 300w\" sizes=\"auto, (max-width: 620px) 100vw, 620px\" \/><\/a><\/figure>\n\n\n\n<figure class=\"wp-block-image size-large\"><a href=\"https:\/\/www.agrupamentoverticalgaviao.pt\/wp-content\/uploads\/2023\/11\/Dia_Pijama_21.jpg\"><img loading=\"lazy\" decoding=\"async\" width=\"620\" height=\"413\" data-id=\"43148\" src=\"https:\/\/www.agrupamentoverticalgaviao.pt\/wp-content\/uploads\/2023\/11\/Dia_Pijama_21.jpg\" alt=\"\" class=\"wp-image-43148\" srcset=\"https:\/\/www.agrupamentoverticalgaviao.pt\/wp-content\/uploads\/2023\/11\/Dia_Pijama_21.jpg 620w, https:\/\/www.agrupamentoverticalgaviao.pt\/wp-content\/uploads\/2023\/11\/Dia_Pijama_21-300x200.jpg 300w\" sizes=\"auto, (max-width: 620px) 100vw, 620px\" \/><\/a><\/figure>\n\n\n\n<figure class=\"wp-block-image size-large\"><a href=\"https:\/\/www.agrupamentoverticalgaviao.pt\/wp-content\/uploads\/2023\/11\/Dia_Pijama_22.jpg\"><img loading=\"lazy\" decoding=\"async\" width=\"620\" height=\"413\" data-id=\"43145\" src=\"https:\/\/www.agrupamentoverticalgaviao.pt\/wp-content\/uploads\/2023\/11\/Dia_Pijama_22.jpg\" alt=\"\" class=\"wp-image-43145\" srcset=\"https:\/\/www.agrupamentoverticalgaviao.pt\/wp-content\/uploads\/2023\/11\/Dia_Pijama_22.jpg 620w, https:\/\/www.agrupamentoverticalgaviao.pt\/wp-content\/uploads\/2023\/11\/Dia_Pijama_22-300x200.jpg 300w\" sizes=\"auto, (max-width: 620px) 100vw, 620px\" \/><\/a><\/figure>\n\n\n\n<figure class=\"wp-block-image size-large\"><a href=\"https:\/\/www.agrupamentoverticalgaviao.pt\/wp-content\/uploads\/2023\/11\/Dia_Pijama_23.jpg\"><img loading=\"lazy\" decoding=\"async\" width=\"620\" height=\"413\" data-id=\"43146\" src=\"https:\/\/www.agrupamentoverticalgaviao.pt\/wp-content\/uploads\/2023\/11\/Dia_Pijama_23.jpg\" alt=\"\" class=\"wp-image-43146\" srcset=\"https:\/\/www.agrupamentoverticalgaviao.pt\/wp-content\/uploads\/2023\/11\/Dia_Pijama_23.jpg 620w, https:\/\/www.agrupamentoverticalgaviao.pt\/wp-content\/uploads\/2023\/11\/Dia_Pijama_23-300x200.jpg 300w\" sizes=\"auto, (max-width: 620px) 100vw, 620px\" \/><\/a><\/figure>\n\n\n\n<figure class=\"wp-block-image size-large\"><a href=\"https:\/\/www.agrupamentoverticalgaviao.pt\/wp-content\/uploads\/2023\/11\/Dia_Pijama_24.jpg\"><img loading=\"lazy\" decoding=\"async\" width=\"620\" height=\"413\" data-id=\"43142\" src=\"https:\/\/www.agrupamentoverticalgaviao.pt\/wp-content\/uploads\/2023\/11\/Dia_Pijama_24.jpg\" alt=\"\" class=\"wp-image-43142\" srcset=\"https:\/\/www.agrupamentoverticalgaviao.pt\/wp-content\/uploads\/2023\/11\/Dia_Pijama_24.jpg 620w, https:\/\/www.agrupamentoverticalgaviao.pt\/wp-content\/uploads\/2023\/11\/Dia_Pijama_24-300x200.jpg 300w\" sizes=\"auto, (max-width: 620px) 100vw, 620px\" \/><\/a><\/figure>\n\n\n\n<figure class=\"wp-block-image size-large\"><a href=\"https:\/\/www.agrupamentoverticalgaviao.pt\/wp-content\/uploads\/2023\/11\/Dia_Pijama_25.jpg\"><img loading=\"lazy\" decoding=\"async\" width=\"620\" height=\"413\" data-id=\"43143\" src=\"https:\/\/www.agrupamentoverticalgaviao.pt\/wp-content\/uploads\/2023\/11\/Dia_Pijama_25.jpg\" alt=\"\" class=\"wp-image-43143\" srcset=\"https:\/\/www.agrupamentoverticalgaviao.pt\/wp-content\/uploads\/2023\/11\/Dia_Pijama_25.jpg 620w, https:\/\/www.agrupamentoverticalgaviao.pt\/wp-content\/uploads\/2023\/11\/Dia_Pijama_25-300x200.jpg 300w\" sizes=\"auto, (max-width: 620px) 100vw, 620px\" \/><\/a><\/figure>\n\n\n\n<figure class=\"wp-block-image size-large\"><a href=\"https:\/\/www.agrupamentoverticalgaviao.pt\/wp-content\/uploads\/2023\/11\/Dia_Pijama_26.jpg\"><img loading=\"lazy\" decoding=\"async\" width=\"620\" height=\"413\" data-id=\"43135\" src=\"https:\/\/www.agrupamentoverticalgaviao.pt\/wp-content\/uploads\/2023\/11\/Dia_Pijama_26.jpg\" alt=\"\" class=\"wp-image-43135\" srcset=\"https:\/\/www.agrupamentoverticalgaviao.pt\/wp-content\/uploads\/2023\/11\/Dia_Pijama_26.jpg 620w, https:\/\/www.agrupamentoverticalgaviao.pt\/wp-content\/uploads\/2023\/11\/Dia_Pijama_26-300x200.jpg 300w\" sizes=\"auto, (max-width: 620px) 100vw, 620px\" \/><\/a><\/figure>\n\n\n\n<figure class=\"wp-block-image size-large\"><a href=\"https:\/\/www.agrupamentoverticalgaviao.pt\/wp-content\/uploads\/2023\/11\/Dia_Pijama_27.jpg\"><img loading=\"lazy\" decoding=\"async\" width=\"620\" height=\"413\" data-id=\"43133\" src=\"https:\/\/www.agrupamentoverticalgaviao.pt\/wp-content\/uploads\/2023\/11\/Dia_Pijama_27.jpg\" alt=\"\" class=\"wp-image-43133\" srcset=\"https:\/\/www.agrupamentoverticalgaviao.pt\/wp-content\/uploads\/2023\/11\/Dia_Pijama_27.jpg 620w, https:\/\/www.agrupamentoverticalgaviao.pt\/wp-content\/uploads\/2023\/11\/Dia_Pijama_27-300x200.jpg 300w\" sizes=\"auto, (max-width: 620px) 100vw, 620px\" \/><\/a><\/figure>\n\n\n\n<figure class=\"wp-block-image size-large\"><a href=\"https:\/\/www.agrupamentoverticalgaviao.pt\/wp-content\/uploads\/2023\/11\/Dia_Pijama_28.jpg\"><img loading=\"lazy\" decoding=\"async\" width=\"620\" height=\"413\" data-id=\"43130\" src=\"https:\/\/www.agrupamentoverticalgaviao.pt\/wp-content\/uploads\/2023\/11\/Dia_Pijama_28.jpg\" alt=\"\" class=\"wp-image-43130\" srcset=\"https:\/\/www.agrupamentoverticalgaviao.pt\/wp-content\/uploads\/2023\/11\/Dia_Pijama_28.jpg 620w, https:\/\/www.agrupamentoverticalgaviao.pt\/wp-content\/uploads\/2023\/11\/Dia_Pijama_28-300x200.jpg 300w\" sizes=\"auto, (max-width: 620px) 100vw, 620px\" \/><\/a><\/figure>\n\n\n\n<figure class=\"wp-block-image size-large\"><a href=\"https:\/\/www.agrupamentoverticalgaviao.pt\/wp-content\/uploads\/2023\/11\/Dia_Pijama_29.jpg\"><img loading=\"lazy\" decoding=\"async\" width=\"620\" height=\"413\" data-id=\"43149\" src=\"https:\/\/www.agrupamentoverticalgaviao.pt\/wp-content\/uploads\/2023\/11\/Dia_Pijama_29.jpg\" alt=\"\" class=\"wp-image-43149\" srcset=\"https:\/\/www.agrupamentoverticalgaviao.pt\/wp-content\/uploads\/2023\/11\/Dia_Pijama_29.jpg 620w, https:\/\/www.agrupamentoverticalgaviao.pt\/wp-content\/uploads\/2023\/11\/Dia_Pijama_29-300x200.jpg 300w\" sizes=\"auto, (max-width: 620px) 100vw, 620px\" \/><\/a><\/figure>\n\n\n\n<figure class=\"wp-block-image size-large\"><a href=\"https:\/\/www.agrupamentoverticalgaviao.pt\/wp-content\/uploads\/2023\/11\/Dia_Pijama_30.jpg\"><img loading=\"lazy\" decoding=\"async\" width=\"620\" height=\"413\" data-id=\"43136\" src=\"https:\/\/www.agrupamentoverticalgaviao.pt\/wp-content\/uploads\/2023\/11\/Dia_Pijama_30.jpg\" alt=\"\" class=\"wp-image-43136\" srcset=\"https:\/\/www.agrupamentoverticalgaviao.pt\/wp-content\/uploads\/2023\/11\/Dia_Pijama_30.jpg 620w, https:\/\/www.agrupamentoverticalgaviao.pt\/wp-content\/uploads\/2023\/11\/Dia_Pijama_30-300x200.jpg 300w\" sizes=\"auto, (max-width: 620px) 100vw, 620px\" \/><\/a><\/figure>\n\n\n\n<figure class=\"wp-block-image size-large\"><a href=\"https:\/\/www.agrupamentoverticalgaviao.pt\/wp-content\/uploads\/2023\/11\/Dia_Pijama_31.jpg\"><img loading=\"lazy\" decoding=\"async\" width=\"620\" height=\"413\" data-id=\"43138\" src=\"https:\/\/www.agrupamentoverticalgaviao.pt\/wp-content\/uploads\/2023\/11\/Dia_Pijama_31.jpg\" alt=\"\" class=\"wp-image-43138\" srcset=\"https:\/\/www.agrupamentoverticalgaviao.pt\/wp-content\/uploads\/2023\/11\/Dia_Pijama_31.jpg 620w, https:\/\/www.agrupamentoverticalgaviao.pt\/wp-content\/uploads\/2023\/11\/Dia_Pijama_31-300x200.jpg 300w\" sizes=\"auto, (max-width: 620px) 100vw, 620px\" \/><\/a><\/figure>\n\n\n\n<figure class=\"wp-block-image size-large\"><a href=\"https:\/\/www.agrupamentoverticalgaviao.pt\/wp-content\/uploads\/2023\/11\/Dia_Pijama_32.jpg\"><img loading=\"lazy\" decoding=\"async\" width=\"620\" height=\"413\" data-id=\"43134\" src=\"https:\/\/www.agrupamentoverticalgaviao.pt\/wp-content\/uploads\/2023\/11\/Dia_Pijama_32.jpg\" alt=\"\" class=\"wp-image-43134\" srcset=\"https:\/\/www.agrupamentoverticalgaviao.pt\/wp-content\/uploads\/2023\/11\/Dia_Pijama_32.jpg 620w, https:\/\/www.agrupamentoverticalgaviao.pt\/wp-content\/uploads\/2023\/11\/Dia_Pijama_32-300x200.jpg 300w\" sizes=\"auto, (max-width: 620px) 100vw, 620px\" \/><\/a><\/figure>\n\n\n\n<figure class=\"wp-block-image size-large\"><a href=\"https:\/\/www.agrupamentoverticalgaviao.pt\/wp-content\/uploads\/2023\/11\/Dia_Pijama_33.jpg\"><img loading=\"lazy\" decoding=\"async\" width=\"620\" height=\"413\" data-id=\"43140\" src=\"https:\/\/www.agrupamentoverticalgaviao.pt\/wp-content\/uploads\/2023\/11\/Dia_Pijama_33.jpg\" alt=\"\" class=\"wp-image-43140\" srcset=\"https:\/\/www.agrupamentoverticalgaviao.pt\/wp-content\/uploads\/2023\/11\/Dia_Pijama_33.jpg 620w, https:\/\/www.agrupamentoverticalgaviao.pt\/wp-content\/uploads\/2023\/11\/Dia_Pijama_33-300x200.jpg 300w\" sizes=\"auto, (max-width: 620px) 100vw, 620px\" \/><\/a><\/figure>\n\n\n\n<figure class=\"wp-block-image size-large\"><a href=\"https:\/\/www.agrupamentoverticalgaviao.pt\/wp-content\/uploads\/2023\/11\/Dia_Pijama_34.jpg\"><img loading=\"lazy\" decoding=\"async\" width=\"620\" height=\"413\" data-id=\"43137\" src=\"https:\/\/www.agrupamentoverticalgaviao.pt\/wp-content\/uploads\/2023\/11\/Dia_Pijama_34.jpg\" alt=\"\" class=\"wp-image-43137\" srcset=\"https:\/\/www.agrupamentoverticalgaviao.pt\/wp-content\/uploads\/2023\/11\/Dia_Pijama_34.jpg 620w, https:\/\/www.agrupamentoverticalgaviao.pt\/wp-content\/uploads\/2023\/11\/Dia_Pijama_34-300x200.jpg 300w\" sizes=\"auto, (max-width: 620px) 100vw, 620px\" \/><\/a><\/figure>\n\n\n\n<figure class=\"wp-block-image size-large\"><a href=\"https:\/\/www.agrupamentoverticalgaviao.pt\/wp-content\/uploads\/2023\/11\/Dia_Pijama_35.jpg\"><img loading=\"lazy\" decoding=\"async\" width=\"620\" height=\"413\" data-id=\"43144\" src=\"https:\/\/www.agrupamentoverticalgaviao.pt\/wp-content\/uploads\/2023\/11\/Dia_Pijama_35.jpg\" alt=\"\" class=\"wp-image-43144\" srcset=\"https:\/\/www.agrupamentoverticalgaviao.pt\/wp-content\/uploads\/2023\/11\/Dia_Pijama_35.jpg 620w, https:\/\/www.agrupamentoverticalgaviao.pt\/wp-content\/uploads\/2023\/11\/Dia_Pijama_35-300x200.jpg 300w\" sizes=\"auto, (max-width: 620px) 100vw, 620px\" \/><\/a><\/figure>\n\n\n\n<figure class=\"wp-block-image size-large\"><a href=\"https:\/\/www.agrupamentoverticalgaviao.pt\/wp-content\/uploads\/2023\/11\/Dia_Pijama_36.jpg\"><img loading=\"lazy\" decoding=\"async\" width=\"620\" height=\"413\" data-id=\"43147\" src=\"https:\/\/www.agrupamentoverticalgaviao.pt\/wp-content\/uploads\/2023\/11\/Dia_Pijama_36.jpg\" alt=\"\" class=\"wp-image-43147\" srcset=\"https:\/\/www.agrupamentoverticalgaviao.pt\/wp-content\/uploads\/2023\/11\/Dia_Pijama_36.jpg 620w, https:\/\/www.agrupamentoverticalgaviao.pt\/wp-content\/uploads\/2023\/11\/Dia_Pijama_36-300x200.jpg 300w\" sizes=\"auto, (max-width: 620px) 100vw, 620px\" \/><\/a><\/figure>\n\n\n\n<figure class=\"wp-block-image size-large\"><a href=\"https:\/\/www.agrupamentoverticalgaviao.pt\/wp-content\/uploads\/2023\/11\/Dia_Pijama_37.jpg\"><img loading=\"lazy\" decoding=\"async\" width=\"620\" height=\"413\" data-id=\"43131\" src=\"https:\/\/www.agrupamentoverticalgaviao.pt\/wp-content\/uploads\/2023\/11\/Dia_Pijama_37.jpg\" alt=\"\" class=\"wp-image-43131\" srcset=\"https:\/\/www.agrupamentoverticalgaviao.pt\/wp-content\/uploads\/2023\/11\/Dia_Pijama_37.jpg 620w, https:\/\/www.agrupamentoverticalgaviao.pt\/wp-content\/uploads\/2023\/11\/Dia_Pijama_37-300x200.jpg 300w\" sizes=\"auto, (max-width: 620px) 100vw, 620px\" \/><\/a><\/figure>\n\n\n\n<figure class=\"wp-block-image size-large\"><a href=\"https:\/\/www.agrupamentoverticalgaviao.pt\/wp-content\/uploads\/2023\/11\/Dia_Pijama_38.jpg\"><img loading=\"lazy\" decoding=\"async\" width=\"620\" height=\"413\" data-id=\"43153\" src=\"https:\/\/www.agrupamentoverticalgaviao.pt\/wp-content\/uploads\/2023\/11\/Dia_Pijama_38.jpg\" alt=\"\" class=\"wp-image-43153\" srcset=\"https:\/\/www.agrupamentoverticalgaviao.pt\/wp-content\/uploads\/2023\/11\/Dia_Pijama_38.jpg 620w, https:\/\/www.agrupamentoverticalgaviao.pt\/wp-content\/uploads\/2023\/11\/Dia_Pijama_38-300x200.jpg 300w\" sizes=\"auto, (max-width: 620px) 100vw, 620px\" \/><\/a><\/figure>\n\n\n\n<figure class=\"wp-block-image size-large\"><a href=\"https:\/\/www.agrupamentoverticalgaviao.pt\/wp-content\/uploads\/2023\/11\/Dia_Pijama_39.jpg\"><img loading=\"lazy\" decoding=\"async\" width=\"620\" height=\"413\" data-id=\"43139\" src=\"https:\/\/www.agrupamentoverticalgaviao.pt\/wp-content\/uploads\/2023\/11\/Dia_Pijama_39.jpg\" alt=\"\" class=\"wp-image-43139\" srcset=\"https:\/\/www.agrupamentoverticalgaviao.pt\/wp-content\/uploads\/2023\/11\/Dia_Pijama_39.jpg 620w, https:\/\/www.agrupamentoverticalgaviao.pt\/wp-content\/uploads\/2023\/11\/Dia_Pijama_39-300x200.jpg 300w\" sizes=\"auto, (max-width: 620px) 100vw, 620px\" \/><\/a><\/figure>\n\n\n\n<figure class=\"wp-block-image size-large\"><a href=\"https:\/\/www.agrupamentoverticalgaviao.pt\/wp-content\/uploads\/2023\/11\/Dia_Pijama_40.jpg\"><img loading=\"lazy\" decoding=\"async\" width=\"620\" height=\"413\" data-id=\"43150\" src=\"https:\/\/www.agrupamentoverticalgaviao.pt\/wp-content\/uploads\/2023\/11\/Dia_Pijama_40.jpg\" alt=\"\" class=\"wp-image-43150\" srcset=\"https:\/\/www.agrupamentoverticalgaviao.pt\/wp-content\/uploads\/2023\/11\/Dia_Pijama_40.jpg 620w, https:\/\/www.agrupamentoverticalgaviao.pt\/wp-content\/uploads\/2023\/11\/Dia_Pijama_40-300x200.jpg 300w\" sizes=\"auto, (max-width: 620px) 100vw, 620px\" \/><\/a><\/figure>\n\n\n\n<figure class=\"wp-block-image size-large\"><a href=\"https:\/\/www.agrupamentoverticalgaviao.pt\/wp-content\/uploads\/2023\/11\/Dia_Pijama_41.jpg\"><img loading=\"lazy\" decoding=\"async\" width=\"620\" height=\"413\" data-id=\"43152\" src=\"https:\/\/www.agrupamentoverticalgaviao.pt\/wp-content\/uploads\/2023\/11\/Dia_Pijama_41.jpg\" alt=\"\" class=\"wp-image-43152\" srcset=\"https:\/\/www.agrupamentoverticalgaviao.pt\/wp-content\/uploads\/2023\/11\/Dia_Pijama_41.jpg 620w, https:\/\/www.agrupamentoverticalgaviao.pt\/wp-content\/uploads\/2023\/11\/Dia_Pijama_41-300x200.jpg 300w\" sizes=\"auto, (max-width: 620px) 100vw, 620px\" \/><\/a><\/figure>\n\n\n\n<figure class=\"wp-block-image size-large\"><a href=\"https:\/\/www.agrupamentoverticalgaviao.pt\/wp-content\/uploads\/2023\/11\/Dia_Pijama_42.jpg\"><img loading=\"lazy\" decoding=\"async\" width=\"620\" height=\"413\" data-id=\"43141\" src=\"https:\/\/www.agrupamentoverticalgaviao.pt\/wp-content\/uploads\/2023\/11\/Dia_Pijama_42.jpg\" alt=\"\" class=\"wp-image-43141\" srcset=\"https:\/\/www.agrupamentoverticalgaviao.pt\/wp-content\/uploads\/2023\/11\/Dia_Pijama_42.jpg 620w, https:\/\/www.agrupamentoverticalgaviao.pt\/wp-content\/uploads\/2023\/11\/Dia_Pijama_42-300x200.jpg 300w\" sizes=\"auto, (max-width: 620px) 100vw, 620px\" \/><\/a><\/figure>\n\n\n\n<figure class=\"wp-block-image size-large\"><a href=\"https:\/\/www.agrupamentoverticalgaviao.pt\/wp-content\/uploads\/2023\/11\/Dia_Pijama_43.jpg\"><img loading=\"lazy\" decoding=\"async\" width=\"620\" height=\"413\" data-id=\"43172\" src=\"https:\/\/www.agrupamentoverticalgaviao.pt\/wp-content\/uploads\/2023\/11\/Dia_Pijama_43.jpg\" alt=\"\" class=\"wp-image-43172\" srcset=\"https:\/\/www.agrupamentoverticalgaviao.pt\/wp-content\/uploads\/2023\/11\/Dia_Pijama_43.jpg 620w, https:\/\/www.agrupamentoverticalgaviao.pt\/wp-content\/uploads\/2023\/11\/Dia_Pijama_43-300x200.jpg 300w\" sizes=\"auto, (max-width: 620px) 100vw, 620px\" \/><\/a><\/figure>\n\n\n\n<figure class=\"wp-block-image size-large\"><a href=\"https:\/\/www.agrupamentoverticalgaviao.pt\/wp-content\/uploads\/2023\/11\/Dia_Pijama_44.jpg\"><img loading=\"lazy\" decoding=\"async\" width=\"620\" height=\"413\" data-id=\"43155\" src=\"https:\/\/www.agrupamentoverticalgaviao.pt\/wp-content\/uploads\/2023\/11\/Dia_Pijama_44.jpg\" alt=\"\" class=\"wp-image-43155\" srcset=\"https:\/\/www.agrupamentoverticalgaviao.pt\/wp-content\/uploads\/2023\/11\/Dia_Pijama_44.jpg 620w, https:\/\/www.agrupamentoverticalgaviao.pt\/wp-content\/uploads\/2023\/11\/Dia_Pijama_44-300x200.jpg 300w\" sizes=\"auto, (max-width: 620px) 100vw, 620px\" \/><\/a><\/figure>\n\n\n\n<figure class=\"wp-block-image size-large\"><a href=\"https:\/\/www.agrupamentoverticalgaviao.pt\/wp-content\/uploads\/2023\/11\/Dia_Pijama_45.jpg\"><img loading=\"lazy\" decoding=\"async\" width=\"620\" height=\"413\" data-id=\"43158\" src=\"https:\/\/www.agrupamentoverticalgaviao.pt\/wp-content\/uploads\/2023\/11\/Dia_Pijama_45.jpg\" alt=\"\" class=\"wp-image-43158\" srcset=\"https:\/\/www.agrupamentoverticalgaviao.pt\/wp-content\/uploads\/2023\/11\/Dia_Pijama_45.jpg 620w, https:\/\/www.agrupamentoverticalgaviao.pt\/wp-content\/uploads\/2023\/11\/Dia_Pijama_45-300x200.jpg 300w\" sizes=\"auto, (max-width: 620px) 100vw, 620px\" \/><\/a><\/figure>\n\n\n\n<figure class=\"wp-block-image size-large\"><a href=\"https:\/\/www.agrupamentoverticalgaviao.pt\/wp-content\/uploads\/2023\/11\/Dia_Pijama_46.jpg\"><img loading=\"lazy\" decoding=\"async\" width=\"620\" height=\"413\" data-id=\"43154\" src=\"https:\/\/www.agrupamentoverticalgaviao.pt\/wp-content\/uploads\/2023\/11\/Dia_Pijama_46.jpg\" alt=\"\" class=\"wp-image-43154\" srcset=\"https:\/\/www.agrupamentoverticalgaviao.pt\/wp-content\/uploads\/2023\/11\/Dia_Pijama_46.jpg 620w, https:\/\/www.agrupamentoverticalgaviao.pt\/wp-content\/uploads\/2023\/11\/Dia_Pijama_46-300x200.jpg 300w\" sizes=\"auto, (max-width: 620px) 100vw, 620px\" \/><\/a><\/figure>\n\n\n\n<figure class=\"wp-block-image size-large\"><a href=\"https:\/\/www.agrupamentoverticalgaviao.pt\/wp-content\/uploads\/2023\/11\/Dia_Pijama_47.jpg\"><img loading=\"lazy\" decoding=\"async\" width=\"620\" height=\"413\" data-id=\"43157\" src=\"https:\/\/www.agrupamentoverticalgaviao.pt\/wp-content\/uploads\/2023\/11\/Dia_Pijama_47.jpg\" alt=\"\" class=\"wp-image-43157\" srcset=\"https:\/\/www.agrupamentoverticalgaviao.pt\/wp-content\/uploads\/2023\/11\/Dia_Pijama_47.jpg 620w, https:\/\/www.agrupamentoverticalgaviao.pt\/wp-content\/uploads\/2023\/11\/Dia_Pijama_47-300x200.jpg 300w\" sizes=\"auto, (max-width: 620px) 100vw, 620px\" \/><\/a><\/figure>\n\n\n\n<figure class=\"wp-block-image size-large\"><a href=\"https:\/\/www.agrupamentoverticalgaviao.pt\/wp-content\/uploads\/2023\/11\/Dia_Pijama_48.jpg\"><img loading=\"lazy\" decoding=\"async\" width=\"620\" height=\"413\" data-id=\"43162\" src=\"https:\/\/www.agrupamentoverticalgaviao.pt\/wp-content\/uploads\/2023\/11\/Dia_Pijama_48.jpg\" alt=\"\" class=\"wp-image-43162\" srcset=\"https:\/\/www.agrupamentoverticalgaviao.pt\/wp-content\/uploads\/2023\/11\/Dia_Pijama_48.jpg 620w, https:\/\/www.agrupamentoverticalgaviao.pt\/wp-content\/uploads\/2023\/11\/Dia_Pijama_48-300x200.jpg 300w\" sizes=\"auto, (max-width: 620px) 100vw, 620px\" \/><\/a><\/figure>\n\n\n\n<figure class=\"wp-block-image size-large\"><a href=\"https:\/\/www.agrupamentoverticalgaviao.pt\/wp-content\/uploads\/2023\/11\/Dia_Pijama_49.jpg\"><img loading=\"lazy\" decoding=\"async\" width=\"620\" height=\"413\" data-id=\"43167\" src=\"https:\/\/www.agrupamentoverticalgaviao.pt\/wp-content\/uploads\/2023\/11\/Dia_Pijama_49.jpg\" alt=\"\" class=\"wp-image-43167\" srcset=\"https:\/\/www.agrupamentoverticalgaviao.pt\/wp-content\/uploads\/2023\/11\/Dia_Pijama_49.jpg 620w, https:\/\/www.agrupamentoverticalgaviao.pt\/wp-content\/uploads\/2023\/11\/Dia_Pijama_49-300x200.jpg 300w\" sizes=\"auto, (max-width: 620px) 100vw, 620px\" \/><\/a><\/figure>\n\n\n\n<figure class=\"wp-block-image size-large\"><a href=\"https:\/\/www.agrupamentoverticalgaviao.pt\/wp-content\/uploads\/2023\/11\/Dia_Pijama_50.jpg\"><img loading=\"lazy\" decoding=\"async\" width=\"620\" height=\"413\" data-id=\"43161\" src=\"https:\/\/www.agrupamentoverticalgaviao.pt\/wp-content\/uploads\/2023\/11\/Dia_Pijama_50.jpg\" alt=\"\" class=\"wp-image-43161\" srcset=\"https:\/\/www.agrupamentoverticalgaviao.pt\/wp-content\/uploads\/2023\/11\/Dia_Pijama_50.jpg 620w, https:\/\/www.agrupamentoverticalgaviao.pt\/wp-content\/uploads\/2023\/11\/Dia_Pijama_50-300x200.jpg 300w\" sizes=\"auto, (max-width: 620px) 100vw, 620px\" \/><\/a><\/figure>\n\n\n\n<figure class=\"wp-block-image size-large\"><a href=\"https:\/\/www.agrupamentoverticalgaviao.pt\/wp-content\/uploads\/2023\/11\/Dia_Pijama_51.jpg\"><img loading=\"lazy\" decoding=\"async\" width=\"620\" height=\"413\" data-id=\"43156\" src=\"https:\/\/www.agrupamentoverticalgaviao.pt\/wp-content\/uploads\/2023\/11\/Dia_Pijama_51.jpg\" alt=\"\" class=\"wp-image-43156\" srcset=\"https:\/\/www.agrupamentoverticalgaviao.pt\/wp-content\/uploads\/2023\/11\/Dia_Pijama_51.jpg 620w, https:\/\/www.agrupamentoverticalgaviao.pt\/wp-content\/uploads\/2023\/11\/Dia_Pijama_51-300x200.jpg 300w\" sizes=\"auto, (max-width: 620px) 100vw, 620px\" \/><\/a><\/figure>\n\n\n\n<figure class=\"wp-block-image size-large\"><a href=\"https:\/\/www.agrupamentoverticalgaviao.pt\/wp-content\/uploads\/2023\/11\/Dia_Pijama_52.jpg\"><img loading=\"lazy\" decoding=\"async\" width=\"620\" height=\"413\" data-id=\"43165\" src=\"https:\/\/www.agrupamentoverticalgaviao.pt\/wp-content\/uploads\/2023\/11\/Dia_Pijama_52.jpg\" alt=\"\" class=\"wp-image-43165\" srcset=\"https:\/\/www.agrupamentoverticalgaviao.pt\/wp-content\/uploads\/2023\/11\/Dia_Pijama_52.jpg 620w, https:\/\/www.agrupamentoverticalgaviao.pt\/wp-content\/uploads\/2023\/11\/Dia_Pijama_52-300x200.jpg 300w\" sizes=\"auto, (max-width: 620px) 100vw, 620px\" \/><\/a><\/figure>\n\n\n\n<figure class=\"wp-block-image size-large\"><a href=\"https:\/\/www.agrupamentoverticalgaviao.pt\/wp-content\/uploads\/2023\/11\/Dia_Pijama_53.jpg\"><img loading=\"lazy\" decoding=\"async\" width=\"620\" height=\"413\" data-id=\"43160\" src=\"https:\/\/www.agrupamentoverticalgaviao.pt\/wp-content\/uploads\/2023\/11\/Dia_Pijama_53.jpg\" alt=\"\" class=\"wp-image-43160\" srcset=\"https:\/\/www.agrupamentoverticalgaviao.pt\/wp-content\/uploads\/2023\/11\/Dia_Pijama_53.jpg 620w, https:\/\/www.agrupamentoverticalgaviao.pt\/wp-content\/uploads\/2023\/11\/Dia_Pijama_53-300x200.jpg 300w\" sizes=\"auto, (max-width: 620px) 100vw, 620px\" \/><\/a><\/figure>\n\n\n\n<figure class=\"wp-block-image size-large\"><a href=\"https:\/\/www.agrupamentoverticalgaviao.pt\/wp-content\/uploads\/2023\/11\/Dia_Pijama_54.jpg\"><img loading=\"lazy\" decoding=\"async\" width=\"620\" height=\"413\" data-id=\"43163\" src=\"https:\/\/www.agrupamentoverticalgaviao.pt\/wp-content\/uploads\/2023\/11\/Dia_Pijama_54.jpg\" alt=\"\" class=\"wp-image-43163\" srcset=\"https:\/\/www.agrupamentoverticalgaviao.pt\/wp-content\/uploads\/2023\/11\/Dia_Pijama_54.jpg 620w, https:\/\/www.agrupamentoverticalgaviao.pt\/wp-content\/uploads\/2023\/11\/Dia_Pijama_54-300x200.jpg 300w\" sizes=\"auto, (max-width: 620px) 100vw, 620px\" \/><\/a><\/figure>\n\n\n\n<figure class=\"wp-block-image size-large\"><a href=\"https:\/\/www.agrupamentoverticalgaviao.pt\/wp-content\/uploads\/2023\/11\/Dia_Pijama_55.jpg\"><img loading=\"lazy\" decoding=\"async\" width=\"620\" height=\"413\" data-id=\"43166\" src=\"https:\/\/www.agrupamentoverticalgaviao.pt\/wp-content\/uploads\/2023\/11\/Dia_Pijama_55.jpg\" alt=\"\" class=\"wp-image-43166\" srcset=\"https:\/\/www.agrupamentoverticalgaviao.pt\/wp-content\/uploads\/2023\/11\/Dia_Pijama_55.jpg 620w, https:\/\/www.agrupamentoverticalgaviao.pt\/wp-content\/uploads\/2023\/11\/Dia_Pijama_55-300x200.jpg 300w\" sizes=\"auto, (max-width: 620px) 100vw, 620px\" \/><\/a><\/figure>\n\n\n\n<figure class=\"wp-block-image size-large\"><a href=\"https:\/\/www.agrupamentoverticalgaviao.pt\/wp-content\/uploads\/2023\/11\/Dia_Pijama_56.jpg\"><img loading=\"lazy\" decoding=\"async\" width=\"620\" height=\"413\" data-id=\"43159\" src=\"https:\/\/www.agrupamentoverticalgaviao.pt\/wp-content\/uploads\/2023\/11\/Dia_Pijama_56.jpg\" alt=\"\" class=\"wp-image-43159\" srcset=\"https:\/\/www.agrupamentoverticalgaviao.pt\/wp-content\/uploads\/2023\/11\/Dia_Pijama_56.jpg 620w, https:\/\/www.agrupamentoverticalgaviao.pt\/wp-content\/uploads\/2023\/11\/Dia_Pijama_56-300x200.jpg 300w\" sizes=\"auto, (max-width: 620px) 100vw, 620px\" \/><\/a><\/figure>\n\n\n\n<figure class=\"wp-block-image size-large\"><a href=\"https:\/\/www.agrupamentoverticalgaviao.pt\/wp-content\/uploads\/2023\/11\/Dia_Pijama_57.jpg\"><img loading=\"lazy\" decoding=\"async\" width=\"620\" height=\"413\" data-id=\"43168\" src=\"https:\/\/www.agrupamentoverticalgaviao.pt\/wp-content\/uploads\/2023\/11\/Dia_Pijama_57.jpg\" alt=\"\" class=\"wp-image-43168\" srcset=\"https:\/\/www.agrupamentoverticalgaviao.pt\/wp-content\/uploads\/2023\/11\/Dia_Pijama_57.jpg 620w, https:\/\/www.agrupamentoverticalgaviao.pt\/wp-content\/uploads\/2023\/11\/Dia_Pijama_57-300x200.jpg 300w\" sizes=\"auto, (max-width: 620px) 100vw, 620px\" \/><\/a><\/figure>\n\n\n\n<figure class=\"wp-block-image size-large\"><a href=\"https:\/\/www.agrupamentoverticalgaviao.pt\/wp-content\/uploads\/2023\/11\/Dia_Pijama_58.jpg\"><img loading=\"lazy\" decoding=\"async\" width=\"620\" height=\"413\" data-id=\"43169\" src=\"https:\/\/www.agrupamentoverticalgaviao.pt\/wp-content\/uploads\/2023\/11\/Dia_Pijama_58.jpg\" alt=\"\" class=\"wp-image-43169\" srcset=\"https:\/\/www.agrupamentoverticalgaviao.pt\/wp-content\/uploads\/2023\/11\/Dia_Pijama_58.jpg 620w, https:\/\/www.agrupamentoverticalgaviao.pt\/wp-content\/uploads\/2023\/11\/Dia_Pijama_58-300x200.jpg 300w\" sizes=\"auto, (max-width: 620px) 100vw, 620px\" \/><\/a><\/figure>\n\n\n\n<figure class=\"wp-block-image size-large\"><a href=\"https:\/\/www.agrupamentoverticalgaviao.pt\/wp-content\/uploads\/2023\/11\/Dia_Pijama_59.jpg\"><img loading=\"lazy\" decoding=\"async\" width=\"620\" height=\"413\" data-id=\"43171\" src=\"https:\/\/www.agrupamentoverticalgaviao.pt\/wp-content\/uploads\/2023\/11\/Dia_Pijama_59.jpg\" alt=\"\" class=\"wp-image-43171\" srcset=\"https:\/\/www.agrupamentoverticalgaviao.pt\/wp-content\/uploads\/2023\/11\/Dia_Pijama_59.jpg 620w, https:\/\/www.agrupamentoverticalgaviao.pt\/wp-content\/uploads\/2023\/11\/Dia_Pijama_59-300x200.jpg 300w\" sizes=\"auto, (max-width: 620px) 100vw, 620px\" \/><\/a><\/figure>\n\n\n\n<figure class=\"wp-block-image size-large\"><a href=\"https:\/\/www.agrupamentoverticalgaviao.pt\/wp-content\/uploads\/2023\/11\/Dia_Pijama_60.jpg\"><img loading=\"lazy\" decoding=\"async\" width=\"620\" height=\"413\" data-id=\"43164\" src=\"https:\/\/www.agrupamentoverticalgaviao.pt\/wp-content\/uploads\/2023\/11\/Dia_Pijama_60.jpg\" alt=\"\" class=\"wp-image-43164\" srcset=\"https:\/\/www.agrupamentoverticalgaviao.pt\/wp-content\/uploads\/2023\/11\/Dia_Pijama_60.jpg 620w, https:\/\/www.agrupamentoverticalgaviao.pt\/wp-content\/uploads\/2023\/11\/Dia_Pijama_60-300x200.jpg 300w\" sizes=\"auto, (max-width: 620px) 100vw, 620px\" \/><\/a><\/figure>\n\n\n\n<figure class=\"wp-block-image size-large\"><a href=\"https:\/\/www.agrupamentoverticalgaviao.pt\/wp-content\/uploads\/2023\/11\/Dia_Pijama_61.jpg\"><img loading=\"lazy\" decoding=\"async\" width=\"620\" height=\"413\" data-id=\"43170\" src=\"https:\/\/www.agrupamentoverticalgaviao.pt\/wp-content\/uploads\/2023\/11\/Dia_Pijama_61.jpg\" alt=\"\" class=\"wp-image-43170\" srcset=\"https:\/\/www.agrupamentoverticalgaviao.pt\/wp-content\/uploads\/2023\/11\/Dia_Pijama_61.jpg 620w, https:\/\/www.agrupamentoverticalgaviao.pt\/wp-content\/uploads\/2023\/11\/Dia_Pijama_61-300x200.jpg 300w\" sizes=\"auto, (max-width: 620px) 100vw, 620px\" \/><\/a><\/figure>\n\n\n\n<figure class=\"wp-block-image size-large\"><a href=\"https:\/\/www.agrupamentoverticalgaviao.pt\/wp-content\/uploads\/2023\/11\/Dia_Pijama_62.jpg\"><img loading=\"lazy\" decoding=\"async\" width=\"620\" height=\"413\" data-id=\"43173\" src=\"https:\/\/www.agrupamentoverticalgaviao.pt\/wp-content\/uploads\/2023\/11\/Dia_Pijama_62.jpg\" alt=\"\" class=\"wp-image-43173\" srcset=\"https:\/\/www.agrupamentoverticalgaviao.pt\/wp-content\/uploads\/2023\/11\/Dia_Pijama_62.jpg 620w, https:\/\/www.agrupamentoverticalgaviao.pt\/wp-content\/uploads\/2023\/11\/Dia_Pijama_62-300x200.jpg 300w\" sizes=\"auto, (max-width: 620px) 100vw, 620px\" \/><\/a><\/figure>\n\n\n\n<figure class=\"wp-block-image size-large\"><a href=\"https:\/\/www.agrupamentoverticalgaviao.pt\/wp-content\/uploads\/2023\/11\/Dia_Pijama_63.jpg\"><img loading=\"lazy\" decoding=\"async\" width=\"620\" height=\"413\" data-id=\"43174\" src=\"https:\/\/www.agrupamentoverticalgaviao.pt\/wp-content\/uploads\/2023\/11\/Dia_Pijama_63.jpg\" alt=\"\" class=\"wp-image-43174\" srcset=\"https:\/\/www.agrupamentoverticalgaviao.pt\/wp-content\/uploads\/2023\/11\/Dia_Pijama_63.jpg 620w, https:\/\/www.agrupamentoverticalgaviao.pt\/wp-content\/uploads\/2023\/11\/Dia_Pijama_63-300x200.jpg 300w\" sizes=\"auto, (max-width: 620px) 100vw, 620px\" \/><\/a><\/figure>\n\n\n\n<figure class=\"wp-block-image size-large\"><a href=\"https:\/\/www.agrupamentoverticalgaviao.pt\/wp-content\/uploads\/2023\/11\/Dia_Pijama_64.jpg\"><img loading=\"lazy\" decoding=\"async\" width=\"620\" height=\"413\" data-id=\"43175\" src=\"https:\/\/www.agrupamentoverticalgaviao.pt\/wp-content\/uploads\/2023\/11\/Dia_Pijama_64.jpg\" alt=\"\" class=\"wp-image-43175\" srcset=\"https:\/\/www.agrupamentoverticalgaviao.pt\/wp-content\/uploads\/2023\/11\/Dia_Pijama_64.jpg 620w, https:\/\/www.agrupamentoverticalgaviao.pt\/wp-content\/uploads\/2023\/11\/Dia_Pijama_64-300x200.jpg 300w\" sizes=\"auto, (max-width: 620px) 100vw, 620px\" \/><\/a><\/figure>\n\n\n\n<figure class=\"wp-block-image size-large\"><a href=\"https:\/\/www.agrupamentoverticalgaviao.pt\/wp-content\/uploads\/2023\/11\/Dia_Pijama_65.jpg\"><img loading=\"lazy\" decoding=\"async\" width=\"620\" height=\"413\" data-id=\"43176\" src=\"https:\/\/www.agrupamentoverticalgaviao.pt\/wp-content\/uploads\/2023\/11\/Dia_Pijama_65.jpg\" alt=\"\" class=\"wp-image-43176\" srcset=\"https:\/\/www.agrupamentoverticalgaviao.pt\/wp-content\/uploads\/2023\/11\/Dia_Pijama_65.jpg 620w, https:\/\/www.agrupamentoverticalgaviao.pt\/wp-content\/uploads\/2023\/11\/Dia_Pijama_65-300x200.jpg 300w\" sizes=\"auto, (max-width: 620px) 100vw, 620px\" \/><\/a><\/figure>\n\n\n\n<figure class=\"wp-block-image size-large\"><a href=\"https:\/\/www.agrupamentoverticalgaviao.pt\/wp-content\/uploads\/2023\/11\/Dia_Pijama_66.jpg\"><img loading=\"lazy\" decoding=\"async\" width=\"620\" height=\"413\" data-id=\"43177\" src=\"https:\/\/www.agrupamentoverticalgaviao.pt\/wp-content\/uploads\/2023\/11\/Dia_Pijama_66.jpg\" alt=\"\" class=\"wp-image-43177\" srcset=\"https:\/\/www.agrupamentoverticalgaviao.pt\/wp-content\/uploads\/2023\/11\/Dia_Pijama_66.jpg 620w, https:\/\/www.agrupamentoverticalgaviao.pt\/wp-content\/uploads\/2023\/11\/Dia_Pijama_66-300x200.jpg 300w\" sizes=\"auto, (max-width: 620px) 100vw, 620px\" \/><\/a><\/figure>\n\n\n\n<figure class=\"wp-block-image size-large\"><a href=\"https:\/\/www.agrupamentoverticalgaviao.pt\/wp-content\/uploads\/2023\/11\/Dia_Pijama_67.jpg\"><img loading=\"lazy\" decoding=\"async\" width=\"620\" height=\"413\" data-id=\"43180\" src=\"https:\/\/www.agrupamentoverticalgaviao.pt\/wp-content\/uploads\/2023\/11\/Dia_Pijama_67.jpg\" alt=\"\" class=\"wp-image-43180\" srcset=\"https:\/\/www.agrupamentoverticalgaviao.pt\/wp-content\/uploads\/2023\/11\/Dia_Pijama_67.jpg 620w, https:\/\/www.agrupamentoverticalgaviao.pt\/wp-content\/uploads\/2023\/11\/Dia_Pijama_67-300x200.jpg 300w\" sizes=\"auto, (max-width: 620px) 100vw, 620px\" \/><\/a><\/figure>\n\n\n\n<figure class=\"wp-block-image size-large\"><a href=\"https:\/\/www.agrupamentoverticalgaviao.pt\/wp-content\/uploads\/2023\/11\/Dia_Pijama_68.jpg\"><img loading=\"lazy\" decoding=\"async\" width=\"620\" height=\"413\" data-id=\"43178\" src=\"https:\/\/www.agrupamentoverticalgaviao.pt\/wp-content\/uploads\/2023\/11\/Dia_Pijama_68.jpg\" alt=\"\" class=\"wp-image-43178\" srcset=\"https:\/\/www.agrupamentoverticalgaviao.pt\/wp-content\/uploads\/2023\/11\/Dia_Pijama_68.jpg 620w, https:\/\/www.agrupamentoverticalgaviao.pt\/wp-content\/uploads\/2023\/11\/Dia_Pijama_68-300x200.jpg 300w\" sizes=\"auto, (max-width: 620px) 100vw, 620px\" \/><\/a><\/figure>\n\n\n\n<figure class=\"wp-block-image size-large\"><a href=\"https:\/\/www.agrupamentoverticalgaviao.pt\/wp-content\/uploads\/2023\/11\/Dia_Pijama_69.jpg\"><img loading=\"lazy\" decoding=\"async\" width=\"620\" height=\"413\" data-id=\"43183\" src=\"https:\/\/www.agrupamentoverticalgaviao.pt\/wp-content\/uploads\/2023\/11\/Dia_Pijama_69.jpg\" alt=\"\" class=\"wp-image-43183\" srcset=\"https:\/\/www.agrupamentoverticalgaviao.pt\/wp-content\/uploads\/2023\/11\/Dia_Pijama_69.jpg 620w, https:\/\/www.agrupamentoverticalgaviao.pt\/wp-content\/uploads\/2023\/11\/Dia_Pijama_69-300x200.jpg 300w\" sizes=\"auto, (max-width: 620px) 100vw, 620px\" \/><\/a><\/figure>\n\n\n\n<figure class=\"wp-block-image size-large\"><a href=\"https:\/\/www.agrupamentoverticalgaviao.pt\/wp-content\/uploads\/2023\/11\/Dia_Pijama_70.jpg\"><img loading=\"lazy\" decoding=\"async\" width=\"620\" height=\"413\" data-id=\"43181\" src=\"https:\/\/www.agrupamentoverticalgaviao.pt\/wp-content\/uploads\/2023\/11\/Dia_Pijama_70.jpg\" alt=\"\" class=\"wp-image-43181\" srcset=\"https:\/\/www.agrupamentoverticalgaviao.pt\/wp-content\/uploads\/2023\/11\/Dia_Pijama_70.jpg 620w, https:\/\/www.agrupamentoverticalgaviao.pt\/wp-content\/uploads\/2023\/11\/Dia_Pijama_70-300x200.jpg 300w\" sizes=\"auto, (max-width: 620px) 100vw, 620px\" \/><\/a><\/figure>\n\n\n\n<figure class=\"wp-block-image size-large\"><a href=\"https:\/\/www.agrupamentoverticalgaviao.pt\/wp-content\/uploads\/2023\/11\/Dia_Pijama_71.jpg\"><img loading=\"lazy\" decoding=\"async\" width=\"620\" height=\"413\" data-id=\"43179\" src=\"https:\/\/www.agrupamentoverticalgaviao.pt\/wp-content\/uploads\/2023\/11\/Dia_Pijama_71.jpg\" alt=\"\" class=\"wp-image-43179\" srcset=\"https:\/\/www.agrupamentoverticalgaviao.pt\/wp-content\/uploads\/2023\/11\/Dia_Pijama_71.jpg 620w, https:\/\/www.agrupamentoverticalgaviao.pt\/wp-content\/uploads\/2023\/11\/Dia_Pijama_71-300x200.jpg 300w\" sizes=\"auto, (max-width: 620px) 100vw, 620px\" \/><\/a><\/figure>\n\n\n\n<figure class=\"wp-block-image size-large\"><a href=\"https:\/\/www.agrupamentoverticalgaviao.pt\/wp-content\/uploads\/2023\/11\/Dia_Pijama_72.jpg\"><img loading=\"lazy\" decoding=\"async\" width=\"620\" height=\"413\" data-id=\"43182\" src=\"https:\/\/www.agrupamentoverticalgaviao.pt\/wp-content\/uploads\/2023\/11\/Dia_Pijama_72.jpg\" alt=\"\" class=\"wp-image-43182\" srcset=\"https:\/\/www.agrupamentoverticalgaviao.pt\/wp-content\/uploads\/2023\/11\/Dia_Pijama_72.jpg 620w, https:\/\/www.agrupamentoverticalgaviao.pt\/wp-content\/uploads\/2023\/11\/Dia_Pijama_72-300x200.jpg 300w\" sizes=\"auto, (max-width: 620px) 100vw, 620px\" \/><\/a><\/figure>\n\n\n\n<figure class=\"wp-block-image size-large\"><a href=\"https:\/\/www.agrupamentoverticalgaviao.pt\/wp-content\/uploads\/2023\/11\/Dia_Pijama_73.jpg\"><img loading=\"lazy\" decoding=\"async\" width=\"620\" height=\"413\" data-id=\"43186\" src=\"https:\/\/www.agrupamentoverticalgaviao.pt\/wp-content\/uploads\/2023\/11\/Dia_Pijama_73.jpg\" alt=\"\" class=\"wp-image-43186\" srcset=\"https:\/\/www.agrupamentoverticalgaviao.pt\/wp-content\/uploads\/2023\/11\/Dia_Pijama_73.jpg 620w, https:\/\/www.agrupamentoverticalgaviao.pt\/wp-content\/uploads\/2023\/11\/Dia_Pijama_73-300x200.jpg 300w\" sizes=\"auto, (max-width: 620px) 100vw, 620px\" \/><\/a><\/figure>\n\n\n\n<figure class=\"wp-block-image size-large\"><a href=\"https:\/\/www.agrupamentoverticalgaviao.pt\/wp-content\/uploads\/2023\/11\/Dia_Pijama_74.jpg\"><img loading=\"lazy\" decoding=\"async\" width=\"620\" height=\"413\" data-id=\"43184\" src=\"https:\/\/www.agrupamentoverticalgaviao.pt\/wp-content\/uploads\/2023\/11\/Dia_Pijama_74.jpg\" alt=\"\" class=\"wp-image-43184\" srcset=\"https:\/\/www.agrupamentoverticalgaviao.pt\/wp-content\/uploads\/2023\/11\/Dia_Pijama_74.jpg 620w, https:\/\/www.agrupamentoverticalgaviao.pt\/wp-content\/uploads\/2023\/11\/Dia_Pijama_74-300x200.jpg 300w\" sizes=\"auto, (max-width: 620px) 100vw, 620px\" \/><\/a><\/figure>\n\n\n\n<figure class=\"wp-block-image size-large\"><a href=\"https:\/\/www.agrupamentoverticalgaviao.pt\/wp-content\/uploads\/2023\/11\/Dia_Pijama_75.jpg\"><img loading=\"lazy\" decoding=\"async\" width=\"620\" height=\"413\" data-id=\"43185\" src=\"https:\/\/www.agrupamentoverticalgaviao.pt\/wp-content\/uploads\/2023\/11\/Dia_Pijama_75.jpg\" alt=\"\" class=\"wp-image-43185\" srcset=\"https:\/\/www.agrupamentoverticalgaviao.pt\/wp-content\/uploads\/2023\/11\/Dia_Pijama_75.jpg 620w, https:\/\/www.agrupamentoverticalgaviao.pt\/wp-content\/uploads\/2023\/11\/Dia_Pijama_75-300x200.jpg 300w\" sizes=\"auto, (max-width: 620px) 100vw, 620px\" \/><\/a><\/figure>\n\n\n\n<figure class=\"wp-block-image size-large\"><a href=\"https:\/\/www.agrupamentoverticalgaviao.pt\/wp-content\/uploads\/2023\/11\/Dia_Pijama_76.jpg\"><img loading=\"lazy\" decoding=\"async\" width=\"620\" height=\"413\" data-id=\"43189\" src=\"https:\/\/www.agrupamentoverticalgaviao.pt\/wp-content\/uploads\/2023\/11\/Dia_Pijama_76.jpg\" alt=\"\" class=\"wp-image-43189\" srcset=\"https:\/\/www.agrupamentoverticalgaviao.pt\/wp-content\/uploads\/2023\/11\/Dia_Pijama_76.jpg 620w, https:\/\/www.agrupamentoverticalgaviao.pt\/wp-content\/uploads\/2023\/11\/Dia_Pijama_76-300x200.jpg 300w\" sizes=\"auto, (max-width: 620px) 100vw, 620px\" \/><\/a><\/figure>\n\n\n\n<figure class=\"wp-block-image size-large\"><a href=\"https:\/\/www.agrupamentoverticalgaviao.pt\/wp-content\/uploads\/2023\/11\/Dia_Pijama_77.jpg\"><img loading=\"lazy\" decoding=\"async\" width=\"620\" height=\"413\" data-id=\"43187\" src=\"https:\/\/www.agrupamentoverticalgaviao.pt\/wp-content\/uploads\/2023\/11\/Dia_Pijama_77.jpg\" alt=\"\" class=\"wp-image-43187\" srcset=\"https:\/\/www.agrupamentoverticalgaviao.pt\/wp-content\/uploads\/2023\/11\/Dia_Pijama_77.jpg 620w, https:\/\/www.agrupamentoverticalgaviao.pt\/wp-content\/uploads\/2023\/11\/Dia_Pijama_77-300x200.jpg 300w\" sizes=\"auto, (max-width: 620px) 100vw, 620px\" \/><\/a><\/figure>\n\n\n\n<figure class=\"wp-block-image size-large\"><a href=\"https:\/\/www.agrupamentoverticalgaviao.pt\/wp-content\/uploads\/2023\/11\/Dia_Pijama_78.jpg\"><img loading=\"lazy\" decoding=\"async\" width=\"620\" height=\"413\" data-id=\"43188\" src=\"https:\/\/www.agrupamentoverticalgaviao.pt\/wp-content\/uploads\/2023\/11\/Dia_Pijama_78.jpg\" alt=\"\" class=\"wp-image-43188\" srcset=\"https:\/\/www.agrupamentoverticalgaviao.pt\/wp-content\/uploads\/2023\/11\/Dia_Pijama_78.jpg 620w, https:\/\/www.agrupamentoverticalgaviao.pt\/wp-content\/uploads\/2023\/11\/Dia_Pijama_78-300x200.jpg 300w\" sizes=\"auto, (max-width: 620px) 100vw, 620px\" \/><\/a><\/figure>\n\n\n\n<figure class=\"wp-block-image size-large\"><a href=\"https:\/\/www.agrupamentoverticalgaviao.pt\/wp-content\/uploads\/2023\/11\/Dia_Pijama_79.jpg\"><img loading=\"lazy\" decoding=\"async\" width=\"620\" height=\"413\" data-id=\"43190\" src=\"https:\/\/www.agrupamentoverticalgaviao.pt\/wp-content\/uploads\/2023\/11\/Dia_Pijama_79.jpg\" alt=\"\" class=\"wp-image-43190\" srcset=\"https:\/\/www.agrupamentoverticalgaviao.pt\/wp-content\/uploads\/2023\/11\/Dia_Pijama_79.jpg 620w, https:\/\/www.agrupamentoverticalgaviao.pt\/wp-content\/uploads\/2023\/11\/Dia_Pijama_79-300x200.jpg 300w\" sizes=\"auto, (max-width: 620px) 100vw, 620px\" \/><\/a><\/figure>\n\n\n\n<figure class=\"wp-block-image size-large\"><a href=\"https:\/\/www.agrupamentoverticalgaviao.pt\/wp-content\/uploads\/2023\/11\/Dia_Pijama_80.jpg\"><img loading=\"lazy\" decoding=\"async\" width=\"620\" height=\"413\" data-id=\"43191\" src=\"https:\/\/www.agrupamentoverticalgaviao.pt\/wp-content\/uploads\/2023\/11\/Dia_Pijama_80.jpg\" alt=\"\" class=\"wp-image-43191\" srcset=\"https:\/\/www.agrupamentoverticalgaviao.pt\/wp-content\/uploads\/2023\/11\/Dia_Pijama_80.jpg 620w, https:\/\/www.agrupamentoverticalgaviao.pt\/wp-content\/uploads\/2023\/11\/Dia_Pijama_80-300x200.jpg 300w\" sizes=\"auto, (max-width: 620px) 100vw, 620px\" \/><\/a><\/figure>\n\n\n\n<figure class=\"wp-block-image size-large\"><a href=\"https:\/\/www.agrupamentoverticalgaviao.pt\/wp-content\/uploads\/2023\/11\/Dia_Pijama_81.jpg\"><img loading=\"lazy\" decoding=\"async\" width=\"620\" height=\"413\" data-id=\"43192\" src=\"https:\/\/www.agrupamentoverticalgaviao.pt\/wp-content\/uploads\/2023\/11\/Dia_Pijama_81.jpg\" alt=\"\" class=\"wp-image-43192\" srcset=\"https:\/\/www.agrupamentoverticalgaviao.pt\/wp-content\/uploads\/2023\/11\/Dia_Pijama_81.jpg 620w, https:\/\/www.agrupamentoverticalgaviao.pt\/wp-content\/uploads\/2023\/11\/Dia_Pijama_81-300x200.jpg 300w\" sizes=\"auto, (max-width: 620px) 100vw, 620px\" \/><\/a><\/figure>\n\n\n\n<figure class=\"wp-block-image size-large\"><a href=\"https:\/\/www.agrupamentoverticalgaviao.pt\/wp-content\/uploads\/2023\/11\/Dia_Pijama_82.jpg\"><img loading=\"lazy\" decoding=\"async\" width=\"620\" height=\"413\" data-id=\"43200\" src=\"https:\/\/www.agrupamentoverticalgaviao.pt\/wp-content\/uploads\/2023\/11\/Dia_Pijama_82.jpg\" alt=\"\" class=\"wp-image-43200\" srcset=\"https:\/\/www.agrupamentoverticalgaviao.pt\/wp-content\/uploads\/2023\/11\/Dia_Pijama_82.jpg 620w, https:\/\/www.agrupamentoverticalgaviao.pt\/wp-content\/uploads\/2023\/11\/Dia_Pijama_82-300x200.jpg 300w\" sizes=\"auto, (max-width: 620px) 100vw, 620px\" \/><\/a><\/figure>\n\n\n\n<figure class=\"wp-block-image size-large\"><a href=\"https:\/\/www.agrupamentoverticalgaviao.pt\/wp-content\/uploads\/2023\/11\/Dia_Pijama_83.jpg\"><img loading=\"lazy\" decoding=\"async\" width=\"620\" height=\"413\" data-id=\"43193\" src=\"https:\/\/www.agrupamentoverticalgaviao.pt\/wp-content\/uploads\/2023\/11\/Dia_Pijama_83.jpg\" alt=\"\" class=\"wp-image-43193\" srcset=\"https:\/\/www.agrupamentoverticalgaviao.pt\/wp-content\/uploads\/2023\/11\/Dia_Pijama_83.jpg 620w, https:\/\/www.agrupamentoverticalgaviao.pt\/wp-content\/uploads\/2023\/11\/Dia_Pijama_83-300x200.jpg 300w\" sizes=\"auto, (max-width: 620px) 100vw, 620px\" \/><\/a><\/figure>\n\n\n\n<figure class=\"wp-block-image size-large\"><a href=\"https:\/\/www.agrupamentoverticalgaviao.pt\/wp-content\/uploads\/2023\/11\/Dia_Pijama_84.jpg\"><img loading=\"lazy\" decoding=\"async\" width=\"620\" height=\"413\" data-id=\"43195\" src=\"https:\/\/www.agrupamentoverticalgaviao.pt\/wp-content\/uploads\/2023\/11\/Dia_Pijama_84.jpg\" alt=\"\" class=\"wp-image-43195\" srcset=\"https:\/\/www.agrupamentoverticalgaviao.pt\/wp-content\/uploads\/2023\/11\/Dia_Pijama_84.jpg 620w, https:\/\/www.agrupamentoverticalgaviao.pt\/wp-content\/uploads\/2023\/11\/Dia_Pijama_84-300x200.jpg 300w\" sizes=\"auto, (max-width: 620px) 100vw, 620px\" \/><\/a><\/figure>\n\n\n\n<figure class=\"wp-block-image size-large\"><a href=\"https:\/\/www.agrupamentoverticalgaviao.pt\/wp-content\/uploads\/2023\/11\/Dia_Pijama_85.jpg\"><img loading=\"lazy\" decoding=\"async\" width=\"620\" height=\"413\" data-id=\"43197\" src=\"https:\/\/www.agrupamentoverticalgaviao.pt\/wp-content\/uploads\/2023\/11\/Dia_Pijama_85.jpg\" alt=\"\" class=\"wp-image-43197\" srcset=\"https:\/\/www.agrupamentoverticalgaviao.pt\/wp-content\/uploads\/2023\/11\/Dia_Pijama_85.jpg 620w, https:\/\/www.agrupamentoverticalgaviao.pt\/wp-content\/uploads\/2023\/11\/Dia_Pijama_85-300x200.jpg 300w\" sizes=\"auto, (max-width: 620px) 100vw, 620px\" \/><\/a><\/figure>\n\n\n\n<figure class=\"wp-block-image size-large\"><a href=\"https:\/\/www.agrupamentoverticalgaviao.pt\/wp-content\/uploads\/2023\/11\/Dia_Pijama_86.jpg\"><img loading=\"lazy\" decoding=\"async\" width=\"620\" height=\"413\" data-id=\"43199\" src=\"https:\/\/www.agrupamentoverticalgaviao.pt\/wp-content\/uploads\/2023\/11\/Dia_Pijama_86.jpg\" alt=\"\" class=\"wp-image-43199\" srcset=\"https:\/\/www.agrupamentoverticalgaviao.pt\/wp-content\/uploads\/2023\/11\/Dia_Pijama_86.jpg 620w, https:\/\/www.agrupamentoverticalgaviao.pt\/wp-content\/uploads\/2023\/11\/Dia_Pijama_86-300x200.jpg 300w\" sizes=\"auto, (max-width: 620px) 100vw, 620px\" \/><\/a><\/figure>\n\n\n\n<figure class=\"wp-block-image size-large\"><a href=\"https:\/\/www.agrupamentoverticalgaviao.pt\/wp-content\/uploads\/2023\/11\/Dia_Pijama_87.jpg\"><img loading=\"lazy\" decoding=\"async\" width=\"620\" height=\"413\" data-id=\"43194\" src=\"https:\/\/www.agrupamentoverticalgaviao.pt\/wp-content\/uploads\/2023\/11\/Dia_Pijama_87.jpg\" alt=\"\" class=\"wp-image-43194\" srcset=\"https:\/\/www.agrupamentoverticalgaviao.pt\/wp-content\/uploads\/2023\/11\/Dia_Pijama_87.jpg 620w, https:\/\/www.agrupamentoverticalgaviao.pt\/wp-content\/uploads\/2023\/11\/Dia_Pijama_87-300x200.jpg 300w\" sizes=\"auto, (max-width: 620px) 100vw, 620px\" \/><\/a><\/figure>\n\n\n\n<figure class=\"wp-block-image size-large\"><a href=\"https:\/\/www.agrupamentoverticalgaviao.pt\/wp-content\/uploads\/2023\/11\/Dia_Pijama_88.jpg\"><img loading=\"lazy\" decoding=\"async\" width=\"620\" height=\"413\" data-id=\"43196\" src=\"https:\/\/www.agrupamentoverticalgaviao.pt\/wp-content\/uploads\/2023\/11\/Dia_Pijama_88.jpg\" alt=\"\" class=\"wp-image-43196\" srcset=\"https:\/\/www.agrupamentoverticalgaviao.pt\/wp-content\/uploads\/2023\/11\/Dia_Pijama_88.jpg 620w, https:\/\/www.agrupamentoverticalgaviao.pt\/wp-content\/uploads\/2023\/11\/Dia_Pijama_88-300x200.jpg 300w\" sizes=\"auto, (max-width: 620px) 100vw, 620px\" \/><\/a><\/figure>\n\n\n\n<figure class=\"wp-block-image size-large\"><a href=\"https:\/\/www.agrupamentoverticalgaviao.pt\/wp-content\/uploads\/2023\/11\/Dia_Pijama_89.jpg\"><img loading=\"lazy\" decoding=\"async\" width=\"620\" height=\"413\" data-id=\"43204\" src=\"https:\/\/www.agrupamentoverticalgaviao.pt\/wp-content\/uploads\/2023\/11\/Dia_Pijama_89.jpg\" alt=\"\" class=\"wp-image-43204\" srcset=\"https:\/\/www.agrupamentoverticalgaviao.pt\/wp-content\/uploads\/2023\/11\/Dia_Pijama_89.jpg 620w, https:\/\/www.agrupamentoverticalgaviao.pt\/wp-content\/uploads\/2023\/11\/Dia_Pijama_89-300x200.jpg 300w\" sizes=\"auto, (max-width: 620px) 100vw, 620px\" \/><\/a><\/figure>\n\n\n\n<figure class=\"wp-block-image size-large\"><a href=\"https:\/\/www.agrupamentoverticalgaviao.pt\/wp-content\/uploads\/2023\/11\/Dia_Pijama_90.jpg\"><img loading=\"lazy\" decoding=\"async\" width=\"620\" height=\"413\" data-id=\"43201\" src=\"https:\/\/www.agrupamentoverticalgaviao.pt\/wp-content\/uploads\/2023\/11\/Dia_Pijama_90.jpg\" alt=\"\" class=\"wp-image-43201\" srcset=\"https:\/\/www.agrupamentoverticalgaviao.pt\/wp-content\/uploads\/2023\/11\/Dia_Pijama_90.jpg 620w, https:\/\/www.agrupamentoverticalgaviao.pt\/wp-content\/uploads\/2023\/11\/Dia_Pijama_90-300x200.jpg 300w\" sizes=\"auto, (max-width: 620px) 100vw, 620px\" \/><\/a><\/figure>\n\n\n\n<figure class=\"wp-block-image size-large\"><a href=\"https:\/\/www.agrupamentoverticalgaviao.pt\/wp-content\/uploads\/2023\/11\/Dia_Pijama_91.jpg\"><img loading=\"lazy\" decoding=\"async\" width=\"620\" height=\"413\" data-id=\"43212\" src=\"https:\/\/www.agrupamentoverticalgaviao.pt\/wp-content\/uploads\/2023\/11\/Dia_Pijama_91.jpg\" alt=\"\" class=\"wp-image-43212\" srcset=\"https:\/\/www.agrupamentoverticalgaviao.pt\/wp-content\/uploads\/2023\/11\/Dia_Pijama_91.jpg 620w, https:\/\/www.agrupamentoverticalgaviao.pt\/wp-content\/uploads\/2023\/11\/Dia_Pijama_91-300x200.jpg 300w\" sizes=\"auto, (max-width: 620px) 100vw, 620px\" \/><\/a><\/figure>\n\n\n\n<figure class=\"wp-block-image size-large\"><a href=\"https:\/\/www.agrupamentoverticalgaviao.pt\/wp-content\/uploads\/2023\/11\/Dia_Pijama_92.jpg\"><img loading=\"lazy\" decoding=\"async\" width=\"620\" height=\"413\" data-id=\"43198\" src=\"https:\/\/www.agrupamentoverticalgaviao.pt\/wp-content\/uploads\/2023\/11\/Dia_Pijama_92.jpg\" alt=\"\" class=\"wp-image-43198\" srcset=\"https:\/\/www.agrupamentoverticalgaviao.pt\/wp-content\/uploads\/2023\/11\/Dia_Pijama_92.jpg 620w, https:\/\/www.agrupamentoverticalgaviao.pt\/wp-content\/uploads\/2023\/11\/Dia_Pijama_92-300x200.jpg 300w\" sizes=\"auto, (max-width: 620px) 100vw, 620px\" \/><\/a><\/figure>\n\n\n\n<figure class=\"wp-block-image size-large\"><a href=\"https:\/\/www.agrupamentoverticalgaviao.pt\/wp-content\/uploads\/2023\/11\/Dia_Pijama_93.jpg\"><img loading=\"lazy\" decoding=\"async\" width=\"620\" height=\"413\" data-id=\"43208\" src=\"https:\/\/www.agrupamentoverticalgaviao.pt\/wp-content\/uploads\/2023\/11\/Dia_Pijama_93.jpg\" alt=\"\" class=\"wp-image-43208\" srcset=\"https:\/\/www.agrupamentoverticalgaviao.pt\/wp-content\/uploads\/2023\/11\/Dia_Pijama_93.jpg 620w, https:\/\/www.agrupamentoverticalgaviao.pt\/wp-content\/uploads\/2023\/11\/Dia_Pijama_93-300x200.jpg 300w\" sizes=\"auto, (max-width: 620px) 100vw, 620px\" \/><\/a><\/figure>\n\n\n\n<figure class=\"wp-block-image size-large\"><a href=\"https:\/\/www.agrupamentoverticalgaviao.pt\/wp-content\/uploads\/2023\/11\/Dia_Pijama_94.jpg\"><img loading=\"lazy\" decoding=\"async\" width=\"620\" height=\"413\" data-id=\"43202\" src=\"https:\/\/www.agrupamentoverticalgaviao.pt\/wp-content\/uploads\/2023\/11\/Dia_Pijama_94.jpg\" alt=\"\" class=\"wp-image-43202\" srcset=\"https:\/\/www.agrupamentoverticalgaviao.pt\/wp-content\/uploads\/2023\/11\/Dia_Pijama_94.jpg 620w, https:\/\/www.agrupamentoverticalgaviao.pt\/wp-content\/uploads\/2023\/11\/Dia_Pijama_94-300x200.jpg 300w\" sizes=\"auto, (max-width: 620px) 100vw, 620px\" \/><\/a><\/figure>\n\n\n\n<figure class=\"wp-block-image size-large\"><a href=\"https:\/\/www.agrupamentoverticalgaviao.pt\/wp-content\/uploads\/2023\/11\/Dia_Pijama_95.jpg\"><img loading=\"lazy\" decoding=\"async\" width=\"620\" height=\"413\" data-id=\"43213\" src=\"https:\/\/www.agrupamentoverticalgaviao.pt\/wp-content\/uploads\/2023\/11\/Dia_Pijama_95.jpg\" alt=\"\" class=\"wp-image-43213\" srcset=\"https:\/\/www.agrupamentoverticalgaviao.pt\/wp-content\/uploads\/2023\/11\/Dia_Pijama_95.jpg 620w, https:\/\/www.agrupamentoverticalgaviao.pt\/wp-content\/uploads\/2023\/11\/Dia_Pijama_95-300x200.jpg 300w\" sizes=\"auto, (max-width: 620px) 100vw, 620px\" \/><\/a><\/figure>\n\n\n\n<figure class=\"wp-block-image size-large\"><a href=\"https:\/\/www.agrupamentoverticalgaviao.pt\/wp-content\/uploads\/2023\/11\/Dia_Pijama_96.jpg\"><img loading=\"lazy\" decoding=\"async\" width=\"620\" height=\"413\" data-id=\"43203\" src=\"https:\/\/www.agrupamentoverticalgaviao.pt\/wp-content\/uploads\/2023\/11\/Dia_Pijama_96.jpg\" alt=\"\" class=\"wp-image-43203\" srcset=\"https:\/\/www.agrupamentoverticalgaviao.pt\/wp-content\/uploads\/2023\/11\/Dia_Pijama_96.jpg 620w, https:\/\/www.agrupamentoverticalgaviao.pt\/wp-content\/uploads\/2023\/11\/Dia_Pijama_96-300x200.jpg 300w\" sizes=\"auto, (max-width: 620px) 100vw, 620px\" \/><\/a><\/figure>\n\n\n\n<figure class=\"wp-block-image size-large\"><a href=\"https:\/\/www.agrupamentoverticalgaviao.pt\/wp-content\/uploads\/2023\/11\/Dia_Pijama_97.jpg\"><img loading=\"lazy\" decoding=\"async\" width=\"620\" height=\"413\" data-id=\"43206\" src=\"https:\/\/www.agrupamentoverticalgaviao.pt\/wp-content\/uploads\/2023\/11\/Dia_Pijama_97.jpg\" alt=\"\" class=\"wp-image-43206\" srcset=\"https:\/\/www.agrupamentoverticalgaviao.pt\/wp-content\/uploads\/2023\/11\/Dia_Pijama_97.jpg 620w, https:\/\/www.agrupamentoverticalgaviao.pt\/wp-content\/uploads\/2023\/11\/Dia_Pijama_97-300x200.jpg 300w\" sizes=\"auto, (max-width: 620px) 100vw, 620px\" \/><\/a><\/figure>\n\n\n\n<figure class=\"wp-block-image size-large\"><a href=\"https:\/\/www.agrupamentoverticalgaviao.pt\/wp-content\/uploads\/2023\/11\/Dia_Pijama_98.jpg\"><img loading=\"lazy\" decoding=\"async\" width=\"620\" height=\"413\" data-id=\"43211\" src=\"https:\/\/www.agrupamentoverticalgaviao.pt\/wp-content\/uploads\/2023\/11\/Dia_Pijama_98.jpg\" alt=\"\" class=\"wp-image-43211\" srcset=\"https:\/\/www.agrupamentoverticalgaviao.pt\/wp-content\/uploads\/2023\/11\/Dia_Pijama_98.jpg 620w, https:\/\/www.agrupamentoverticalgaviao.pt\/wp-content\/uploads\/2023\/11\/Dia_Pijama_98-300x200.jpg 300w\" sizes=\"auto, (max-width: 620px) 100vw, 620px\" \/><\/a><\/figure>\n\n\n\n<figure class=\"wp-block-image size-large\"><a href=\"https:\/\/www.agrupamentoverticalgaviao.pt\/wp-content\/uploads\/2023\/11\/Dia_Pijama_99.jpg\"><img loading=\"lazy\" decoding=\"async\" width=\"620\" height=\"413\" data-id=\"43214\" src=\"https:\/\/www.agrupamentoverticalgaviao.pt\/wp-content\/uploads\/2023\/11\/Dia_Pijama_99.jpg\" alt=\"\" class=\"wp-image-43214\" srcset=\"https:\/\/www.agrupamentoverticalgaviao.pt\/wp-content\/uploads\/2023\/11\/Dia_Pijama_99.jpg 620w, https:\/\/www.agrupamentoverticalgaviao.pt\/wp-content\/uploads\/2023\/11\/Dia_Pijama_99-300x200.jpg 300w\" sizes=\"auto, (max-width: 620px) 100vw, 620px\" \/><\/a><\/figure>\n\n\n\n<figure class=\"wp-block-image size-large\"><a href=\"https:\/\/www.agrupamentoverticalgaviao.pt\/wp-content\/uploads\/2023\/11\/Dia_Pijama_100.jpg\"><img loading=\"lazy\" decoding=\"async\" width=\"620\" height=\"413\" data-id=\"43207\" src=\"https:\/\/www.agrupamentoverticalgaviao.pt\/wp-content\/uploads\/2023\/11\/Dia_Pijama_100.jpg\" alt=\"\" class=\"wp-image-43207\" srcset=\"https:\/\/www.agrupamentoverticalgaviao.pt\/wp-content\/uploads\/2023\/11\/Dia_Pijama_100.jpg 620w, https:\/\/www.agrupamentoverticalgaviao.pt\/wp-content\/uploads\/2023\/11\/Dia_Pijama_100-300x200.jpg 300w\" sizes=\"auto, (max-width: 620px) 100vw, 620px\" \/><\/a><\/figure>\n\n\n\n<figure class=\"wp-block-image size-large\"><a href=\"https:\/\/www.agrupamentoverticalgaviao.pt\/wp-content\/uploads\/2023\/11\/Dia_Pijama_101.jpg\"><img loading=\"lazy\" decoding=\"async\" width=\"620\" height=\"413\" data-id=\"43215\" src=\"https:\/\/www.agrupamentoverticalgaviao.pt\/wp-content\/uploads\/2023\/11\/Dia_Pijama_101.jpg\" alt=\"\" class=\"wp-image-43215\" srcset=\"https:\/\/www.agrupamentoverticalgaviao.pt\/wp-content\/uploads\/2023\/11\/Dia_Pijama_101.jpg 620w, https:\/\/www.agrupamentoverticalgaviao.pt\/wp-content\/uploads\/2023\/11\/Dia_Pijama_101-300x200.jpg 300w\" sizes=\"auto, (max-width: 620px) 100vw, 620px\" \/><\/a><\/figure>\n\n\n\n<figure class=\"wp-block-image size-large\"><a href=\"https:\/\/www.agrupamentoverticalgaviao.pt\/wp-content\/uploads\/2023\/11\/Dia_Pijama_102.jpg\"><img loading=\"lazy\" decoding=\"async\" width=\"620\" height=\"413\" data-id=\"43205\" src=\"https:\/\/www.agrupamentoverticalgaviao.pt\/wp-content\/uploads\/2023\/11\/Dia_Pijama_102.jpg\" alt=\"\" class=\"wp-image-43205\" srcset=\"https:\/\/www.agrupamentoverticalgaviao.pt\/wp-content\/uploads\/2023\/11\/Dia_Pijama_102.jpg 620w, https:\/\/www.agrupamentoverticalgaviao.pt\/wp-content\/uploads\/2023\/11\/Dia_Pijama_102-300x200.jpg 300w\" sizes=\"auto, (max-width: 620px) 100vw, 620px\" \/><\/a><\/figure>\n\n\n\n<figure class=\"wp-block-image size-large\"><a href=\"https:\/\/www.agrupamentoverticalgaviao.pt\/wp-content\/uploads\/2023\/11\/Dia_Pijama_103.jpg\"><img loading=\"lazy\" decoding=\"async\" width=\"620\" height=\"413\" data-id=\"43210\" src=\"https:\/\/www.agrupamentoverticalgaviao.pt\/wp-content\/uploads\/2023\/11\/Dia_Pijama_103.jpg\" alt=\"\" class=\"wp-image-43210\" srcset=\"https:\/\/www.agrupamentoverticalgaviao.pt\/wp-content\/uploads\/2023\/11\/Dia_Pijama_103.jpg 620w, https:\/\/www.agrupamentoverticalgaviao.pt\/wp-content\/uploads\/2023\/11\/Dia_Pijama_103-300x200.jpg 300w\" sizes=\"auto, (max-width: 620px) 100vw, 620px\" \/><\/a><\/figure>\n\n\n\n<figure class=\"wp-block-image size-large\"><a href=\"https:\/\/www.agrupamentoverticalgaviao.pt\/wp-content\/uploads\/2023\/11\/Dia_Pijama_104.jpg\"><img loading=\"lazy\" decoding=\"async\" width=\"620\" height=\"413\" data-id=\"43209\" src=\"https:\/\/www.agrupamentoverticalgaviao.pt\/wp-content\/uploads\/2023\/11\/Dia_Pijama_104.jpg\" alt=\"\" class=\"wp-image-43209\" srcset=\"https:\/\/www.agrupamentoverticalgaviao.pt\/wp-content\/uploads\/2023\/11\/Dia_Pijama_104.jpg 620w, https:\/\/www.agrupamentoverticalgaviao.pt\/wp-content\/uploads\/2023\/11\/Dia_Pijama_104-300x200.jpg 300w\" sizes=\"auto, (max-width: 620px) 100vw, 620px\" \/><\/a><\/figure>\n\n\n\n<figure class=\"wp-block-image size-large\"><a href=\"https:\/\/www.agrupamentoverticalgaviao.pt\/wp-content\/uploads\/2023\/11\/Dia_Pijama_105.jpg\"><img loading=\"lazy\" decoding=\"async\" width=\"620\" height=\"413\" data-id=\"43217\" src=\"https:\/\/www.agrupamentoverticalgaviao.pt\/wp-content\/uploads\/2023\/11\/Dia_Pijama_105.jpg\" alt=\"\" class=\"wp-image-43217\" srcset=\"https:\/\/www.agrupamentoverticalgaviao.pt\/wp-content\/uploads\/2023\/11\/Dia_Pijama_105.jpg 620w, https:\/\/www.agrupamentoverticalgaviao.pt\/wp-content\/uploads\/2023\/11\/Dia_Pijama_105-300x200.jpg 300w\" sizes=\"auto, (max-width: 620px) 100vw, 620px\" \/><\/a><\/figure>\n\n\n\n<figure class=\"wp-block-image size-large\"><a href=\"https:\/\/www.agrupamentoverticalgaviao.pt\/wp-content\/uploads\/2023\/11\/Dia_Pijama_106.jpg\"><img loading=\"lazy\" decoding=\"async\" width=\"620\" height=\"413\" data-id=\"43216\" src=\"https:\/\/www.agrupamentoverticalgaviao.pt\/wp-content\/uploads\/2023\/11\/Dia_Pijama_106.jpg\" alt=\"\" class=\"wp-image-43216\" srcset=\"https:\/\/www.agrupamentoverticalgaviao.pt\/wp-content\/uploads\/2023\/11\/Dia_Pijama_106.jpg 620w, https:\/\/www.agrupamentoverticalgaviao.pt\/wp-content\/uploads\/2023\/11\/Dia_Pijama_106-300x200.jpg 300w\" sizes=\"auto, (max-width: 620px) 100vw, 620px\" \/><\/a><\/figure>\n\n\n\n<figure class=\"wp-block-image size-large\"><a href=\"https:\/\/www.agrupamentoverticalgaviao.pt\/wp-content\/uploads\/2023\/11\/Dia_Pijama_107.jpg\"><img loading=\"lazy\" decoding=\"async\" width=\"620\" height=\"413\" data-id=\"43218\" src=\"https:\/\/www.agrupamentoverticalgaviao.pt\/wp-content\/uploads\/2023\/11\/Dia_Pijama_107.jpg\" alt=\"\" class=\"wp-image-43218\" srcset=\"https:\/\/www.agrupamentoverticalgaviao.pt\/wp-content\/uploads\/2023\/11\/Dia_Pijama_107.jpg 620w, https:\/\/www.agrupamentoverticalgaviao.pt\/wp-content\/uploads\/2023\/11\/Dia_Pijama_107-300x200.jpg 300w\" sizes=\"auto, (max-width: 620px) 100vw, 620px\" \/><\/a><\/figure>\n\n\n\n<figure class=\"wp-block-image size-large\"><a href=\"https:\/\/www.agrupamentoverticalgaviao.pt\/wp-content\/uploads\/2023\/11\/Dia_Pijama_108.jpg\"><img loading=\"lazy\" decoding=\"async\" width=\"620\" height=\"413\" data-id=\"43221\" src=\"https:\/\/www.agrupamentoverticalgaviao.pt\/wp-content\/uploads\/2023\/11\/Dia_Pijama_108.jpg\" alt=\"\" class=\"wp-image-43221\" srcset=\"https:\/\/www.agrupamentoverticalgaviao.pt\/wp-content\/uploads\/2023\/11\/Dia_Pijama_108.jpg 620w, https:\/\/www.agrupamentoverticalgaviao.pt\/wp-content\/uploads\/2023\/11\/Dia_Pijama_108-300x200.jpg 300w\" sizes=\"auto, (max-width: 620px) 100vw, 620px\" \/><\/a><\/figure>\n\n\n\n<figure class=\"wp-block-image size-large\"><a href=\"https:\/\/www.agrupamentoverticalgaviao.pt\/wp-content\/uploads\/2023\/11\/Dia_Pijama_109.jpg\"><img loading=\"lazy\" decoding=\"async\" width=\"620\" height=\"413\" data-id=\"43219\" src=\"https:\/\/www.agrupamentoverticalgaviao.pt\/wp-content\/uploads\/2023\/11\/Dia_Pijama_109.jpg\" alt=\"\" class=\"wp-image-43219\" srcset=\"https:\/\/www.agrupamentoverticalgaviao.pt\/wp-content\/uploads\/2023\/11\/Dia_Pijama_109.jpg 620w, https:\/\/www.agrupamentoverticalgaviao.pt\/wp-content\/uploads\/2023\/11\/Dia_Pijama_109-300x200.jpg 300w\" sizes=\"auto, (max-width: 620px) 100vw, 620px\" \/><\/a><\/figure>\n\n\n\n<figure class=\"wp-block-image size-large\"><a href=\"https:\/\/www.agrupamentoverticalgaviao.pt\/wp-content\/uploads\/2023\/11\/Dia_Pijama_110.jpg\"><img loading=\"lazy\" decoding=\"async\" width=\"620\" height=\"413\" data-id=\"43220\" src=\"https:\/\/www.agrupamentoverticalgaviao.pt\/wp-content\/uploads\/2023\/11\/Dia_Pijama_110.jpg\" alt=\"\" class=\"wp-image-43220\" srcset=\"https:\/\/www.agrupamentoverticalgaviao.pt\/wp-content\/uploads\/2023\/11\/Dia_Pijama_110.jpg 620w, https:\/\/www.agrupamentoverticalgaviao.pt\/wp-content\/uploads\/2023\/11\/Dia_Pijama_110-300x200.jpg 300w\" sizes=\"auto, (max-width: 620px) 100vw, 620px\" \/><\/a><\/figure>\n<\/figure>\n","protected":false},"excerpt":{"rendered":"<p>O Dia Nacional do Pijama comemora-se no dia 20 de novembro e, neste mesmo &hellip; <\/p>\n","protected":false},"author":2,"featured_media":43208,"comment_status":"closed","ping_status":"closed","sticky":false,"template":"","format":"standard","meta":{"footnotes":""},"categories":[70],"tags":[],"class_list":["post-43111","post","type-post","status-publish","format-standard","has-post-thumbnail","hentry","category-dia-do-pijama-3"],"yoast_head":"<!-- This site is optimized with the Yoast SEO plugin v27.4 - https:\/\/yoast.com\/product\/yoast-seo-wordpress\/ -->\n<title>Dia Nacional do Pijama - Agrupamento de Escolas de Gavi\u00e3o<\/title>\n<meta name=\"robots\" content=\"index, follow, max-snippet:-1, max-image-preview:large, max-video-preview:-1\" \/>\n<link rel=\"canonical\" href=\"https:\/\/www.agrupamentoverticalgaviao.pt\/?p=43111\" \/>\n<meta property=\"og:locale\" content=\"pt_PT\" \/>\n<meta property=\"og:type\" content=\"article\" \/>\n<meta property=\"og:title\" content=\"Dia Nacional do Pijama - Agrupamento de Escolas de Gavi\u00e3o\" \/>\n<meta property=\"og:description\" content=\"O Dia Nacional do Pijama comemora-se no dia 20 de novembro e, neste mesmo &hellip;\" \/>\n<meta property=\"og:url\" content=\"https:\/\/www.agrupamentoverticalgaviao.pt\/?p=43111\" \/>\n<meta property=\"og:site_name\" content=\"Agrupamento de Escolas de Gavi\u00e3o\" \/>\n<meta property=\"article:published_time\" content=\"2023-11-22T22:32:47+00:00\" \/>\n<meta property=\"article:modified_time\" content=\"2023-11-22T22:32:49+00:00\" \/>\n<meta property=\"og:image\" content=\"https:\/\/www.agrupamentoverticalgaviao.pt\/wp-content\/uploads\/2023\/11\/Dia_Pijama_93.jpg\" \/>\n\t<meta property=\"og:image:width\" content=\"620\" \/>\n\t<meta property=\"og:image:height\" content=\"413\" \/>\n\t<meta property=\"og:image:type\" content=\"image\/jpeg\" \/>\n<meta name=\"author\" content=\"marco Vilela\" \/>\n<meta name=\"twitter:card\" content=\"summary_large_image\" \/>\n<meta name=\"twitter:label1\" content=\"Escrito por\" \/>\n\t<meta name=\"twitter:data1\" content=\"marco Vilela\" \/>\n\t<meta name=\"twitter:label2\" content=\"Tempo estimado de leitura\" \/>\n\t<meta name=\"twitter:data2\" content=\"1 minuto\" \/>\n<script type=\"application\/ld+json\" class=\"yoast-schema-graph\">{\"@context\":\"https:\\\/\\\/schema.org\",\"@graph\":[{\"@type\":\"Article\",\"@id\":\"https:\\\/\\\/www.agrupamentoverticalgaviao.pt\\\/?p=43111#article\",\"isPartOf\":{\"@id\":\"https:\\\/\\\/www.agrupamentoverticalgaviao.pt\\\/?p=43111\"},\"author\":{\"name\":\"marco Vilela\",\"@id\":\"https:\\\/\\\/www.agrupamentoverticalgaviao.pt\\\/#\\\/schema\\\/person\\\/b337300b08ca20a17717f1b413f4b253\"},\"headline\":\"Dia Nacional do Pijama\",\"datePublished\":\"2023-11-22T22:32:47+00:00\",\"dateModified\":\"2023-11-22T22:32:49+00:00\",\"mainEntityOfPage\":{\"@id\":\"https:\\\/\\\/www.agrupamentoverticalgaviao.pt\\\/?p=43111\"},\"wordCount\":177,\"image\":{\"@id\":\"https:\\\/\\\/www.agrupamentoverticalgaviao.pt\\\/?p=43111#primaryimage\"},\"thumbnailUrl\":\"https:\\\/\\\/www.agrupamentoverticalgaviao.pt\\\/wp-content\\\/uploads\\\/2023\\\/11\\\/Dia_Pijama_93.jpg\",\"articleSection\":[\"Dia do Pijama\"],\"inLanguage\":\"pt-PT\"},{\"@type\":\"WebPage\",\"@id\":\"https:\\\/\\\/www.agrupamentoverticalgaviao.pt\\\/?p=43111\",\"url\":\"https:\\\/\\\/www.agrupamentoverticalgaviao.pt\\\/?p=43111\",\"name\":\"Dia Nacional do Pijama - Agrupamento de Escolas de Gavi\u00e3o\",\"isPartOf\":{\"@id\":\"https:\\\/\\\/www.agrupamentoverticalgaviao.pt\\\/#website\"},\"primaryImageOfPage\":{\"@id\":\"https:\\\/\\\/www.agrupamentoverticalgaviao.pt\\\/?p=43111#primaryimage\"},\"image\":{\"@id\":\"https:\\\/\\\/www.agrupamentoverticalgaviao.pt\\\/?p=43111#primaryimage\"},\"thumbnailUrl\":\"https:\\\/\\\/www.agrupamentoverticalgaviao.pt\\\/wp-content\\\/uploads\\\/2023\\\/11\\\/Dia_Pijama_93.jpg\",\"datePublished\":\"2023-11-22T22:32:47+00:00\",\"dateModified\":\"2023-11-22T22:32:49+00:00\",\"author\":{\"@id\":\"https:\\\/\\\/www.agrupamentoverticalgaviao.pt\\\/#\\\/schema\\\/person\\\/b337300b08ca20a17717f1b413f4b253\"},\"breadcrumb\":{\"@id\":\"https:\\\/\\\/www.agrupamentoverticalgaviao.pt\\\/?p=43111#breadcrumb\"},\"inLanguage\":\"pt-PT\",\"potentialAction\":[{\"@type\":\"ReadAction\",\"target\":[\"https:\\\/\\\/www.agrupamentoverticalgaviao.pt\\\/?p=43111\"]}]},{\"@type\":\"ImageObject\",\"inLanguage\":\"pt-PT\",\"@id\":\"https:\\\/\\\/www.agrupamentoverticalgaviao.pt\\\/?p=43111#primaryimage\",\"url\":\"https:\\\/\\\/www.agrupamentoverticalgaviao.pt\\\/wp-content\\\/uploads\\\/2023\\\/11\\\/Dia_Pijama_93.jpg\",\"contentUrl\":\"https:\\\/\\\/www.agrupamentoverticalgaviao.pt\\\/wp-content\\\/uploads\\\/2023\\\/11\\\/Dia_Pijama_93.jpg\",\"width\":620,\"height\":413},{\"@type\":\"BreadcrumbList\",\"@id\":\"https:\\\/\\\/www.agrupamentoverticalgaviao.pt\\\/?p=43111#breadcrumb\",\"itemListElement\":[{\"@type\":\"ListItem\",\"position\":1,\"name\":\"In\u00edcio\",\"item\":\"https:\\\/\\\/www.agrupamentoverticalgaviao.pt\\\/\"},{\"@type\":\"ListItem\",\"position\":2,\"name\":\"Dia Nacional do Pijama\"}]},{\"@type\":\"WebSite\",\"@id\":\"https:\\\/\\\/www.agrupamentoverticalgaviao.pt\\\/#website\",\"url\":\"https:\\\/\\\/www.agrupamentoverticalgaviao.pt\\\/\",\"name\":\"Agrupamento de Escolas de Gavi\u00e3o\",\"description\":\"\",\"alternateName\":\"Agrupamento de Escolas de Gavi\u00e3o\",\"potentialAction\":[{\"@type\":\"SearchAction\",\"target\":{\"@type\":\"EntryPoint\",\"urlTemplate\":\"https:\\\/\\\/www.agrupamentoverticalgaviao.pt\\\/?s={search_term_string}\"},\"query-input\":{\"@type\":\"PropertyValueSpecification\",\"valueRequired\":true,\"valueName\":\"search_term_string\"}}],\"inLanguage\":\"pt-PT\"},{\"@type\":\"Person\",\"@id\":\"https:\\\/\\\/www.agrupamentoverticalgaviao.pt\\\/#\\\/schema\\\/person\\\/b337300b08ca20a17717f1b413f4b253\",\"name\":\"marco Vilela\",\"image\":{\"@type\":\"ImageObject\",\"inLanguage\":\"pt-PT\",\"@id\":\"https:\\\/\\\/secure.gravatar.com\\\/avatar\\\/8eb0feb60b637bbf624addb993bbcd710c4802ede472519543b7b7625a815e2d?s=96&d=mm&r=g\",\"url\":\"https:\\\/\\\/secure.gravatar.com\\\/avatar\\\/8eb0feb60b637bbf624addb993bbcd710c4802ede472519543b7b7625a815e2d?s=96&d=mm&r=g\",\"contentUrl\":\"https:\\\/\\\/secure.gravatar.com\\\/avatar\\\/8eb0feb60b637bbf624addb993bbcd710c4802ede472519543b7b7625a815e2d?s=96&d=mm&r=g\",\"caption\":\"marco Vilela\"},\"url\":\"https:\\\/\\\/www.agrupamentoverticalgaviao.pt\\\/?author=2\"}]}<\/script>\n<!-- \/ Yoast SEO plugin. -->","yoast_head_json":{"title":"Dia Nacional do Pijama - Agrupamento de Escolas de Gavi\u00e3o","robots":{"index":"index","follow":"follow","max-snippet":"max-snippet:-1","max-image-preview":"max-image-preview:large","max-video-preview":"max-video-preview:-1"},"canonical":"https:\/\/www.agrupamentoverticalgaviao.pt\/?p=43111","og_locale":"pt_PT","og_type":"article","og_title":"Dia Nacional do Pijama - Agrupamento de Escolas de Gavi\u00e3o","og_description":"O Dia Nacional do Pijama comemora-se no dia 20 de novembro e, neste mesmo &hellip;","og_url":"https:\/\/www.agrupamentoverticalgaviao.pt\/?p=43111","og_site_name":"Agrupamento de Escolas de Gavi\u00e3o","article_published_time":"2023-11-22T22:32:47+00:00","article_modified_time":"2023-11-22T22:32:49+00:00","og_image":[{"width":620,"height":413,"url":"https:\/\/www.agrupamentoverticalgaviao.pt\/wp-content\/uploads\/2023\/11\/Dia_Pijama_93.jpg","type":"image\/jpeg"}],"author":"marco Vilela","twitter_card":"summary_large_image","twitter_misc":{"Escrito por":"marco Vilela","Tempo estimado de leitura":"1 minuto"},"schema":{"@context":"https:\/\/schema.org","@graph":[{"@type":"Article","@id":"https:\/\/www.agrupamentoverticalgaviao.pt\/?p=43111#article","isPartOf":{"@id":"https:\/\/www.agrupamentoverticalgaviao.pt\/?p=43111"},"author":{"name":"marco Vilela","@id":"https:\/\/www.agrupamentoverticalgaviao.pt\/#\/schema\/person\/b337300b08ca20a17717f1b413f4b253"},"headline":"Dia Nacional do Pijama","datePublished":"2023-11-22T22:32:47+00:00","dateModified":"2023-11-22T22:32:49+00:00","mainEntityOfPage":{"@id":"https:\/\/www.agrupamentoverticalgaviao.pt\/?p=43111"},"wordCount":177,"image":{"@id":"https:\/\/www.agrupamentoverticalgaviao.pt\/?p=43111#primaryimage"},"thumbnailUrl":"https:\/\/www.agrupamentoverticalgaviao.pt\/wp-content\/uploads\/2023\/11\/Dia_Pijama_93.jpg","articleSection":["Dia do Pijama"],"inLanguage":"pt-PT"},{"@type":"WebPage","@id":"https:\/\/www.agrupamentoverticalgaviao.pt\/?p=43111","url":"https:\/\/www.agrupamentoverticalgaviao.pt\/?p=43111","name":"Dia Nacional do Pijama - Agrupamento de Escolas de Gavi\u00e3o","isPartOf":{"@id":"https:\/\/www.agrupamentoverticalgaviao.pt\/#website"},"primaryImageOfPage":{"@id":"https:\/\/www.agrupamentoverticalgaviao.pt\/?p=43111#primaryimage"},"image":{"@id":"https:\/\/www.agrupamentoverticalgaviao.pt\/?p=43111#primaryimage"},"thumbnailUrl":"https:\/\/www.agrupamentoverticalgaviao.pt\/wp-content\/uploads\/2023\/11\/Dia_Pijama_93.jpg","datePublished":"2023-11-22T22:32:47+00:00","dateModified":"2023-11-22T22:32:49+00:00","author":{"@id":"https:\/\/www.agrupamentoverticalgaviao.pt\/#\/schema\/person\/b337300b08ca20a17717f1b413f4b253"},"breadcrumb":{"@id":"https:\/\/www.agrupamentoverticalgaviao.pt\/?p=43111#breadcrumb"},"inLanguage":"pt-PT","potentialAction":[{"@type":"ReadAction","target":["https:\/\/www.agrupamentoverticalgaviao.pt\/?p=43111"]}]},{"@type":"ImageObject","inLanguage":"pt-PT","@id":"https:\/\/www.agrupamentoverticalgaviao.pt\/?p=43111#primaryimage","url":"https:\/\/www.agrupamentoverticalgaviao.pt\/wp-content\/uploads\/2023\/11\/Dia_Pijama_93.jpg","contentUrl":"https:\/\/www.agrupamentoverticalgaviao.pt\/wp-content\/uploads\/2023\/11\/Dia_Pijama_93.jpg","width":620,"height":413},{"@type":"BreadcrumbList","@id":"https:\/\/www.agrupamentoverticalgaviao.pt\/?p=43111#breadcrumb","itemListElement":[{"@type":"ListItem","position":1,"name":"In\u00edcio","item":"https:\/\/www.agrupamentoverticalgaviao.pt\/"},{"@type":"ListItem","position":2,"name":"Dia Nacional do Pijama"}]},{"@type":"WebSite","@id":"https:\/\/www.agrupamentoverticalgaviao.pt\/#website","url":"https:\/\/www.agrupamentoverticalgaviao.pt\/","name":"Agrupamento de Escolas de Gavi\u00e3o","description":"","alternateName":"Agrupamento de Escolas de Gavi\u00e3o","potentialAction":[{"@type":"SearchAction","target":{"@type":"EntryPoint","urlTemplate":"https:\/\/www.agrupamentoverticalgaviao.pt\/?s={search_term_string}"},"query-input":{"@type":"PropertyValueSpecification","valueRequired":true,"valueName":"search_term_string"}}],"inLanguage":"pt-PT"},{"@type":"Person","@id":"https:\/\/www.agrupamentoverticalgaviao.pt\/#\/schema\/person\/b337300b08ca20a17717f1b413f4b253","name":"marco Vilela","image":{"@type":"ImageObject","inLanguage":"pt-PT","@id":"https:\/\/secure.gravatar.com\/avatar\/8eb0feb60b637bbf624addb993bbcd710c4802ede472519543b7b7625a815e2d?s=96&d=mm&r=g","url":"https:\/\/secure.gravatar.com\/avatar\/8eb0feb60b637bbf624addb993bbcd710c4802ede472519543b7b7625a815e2d?s=96&d=mm&r=g","contentUrl":"https:\/\/secure.gravatar.com\/avatar\/8eb0feb60b637bbf624addb993bbcd710c4802ede472519543b7b7625a815e2d?s=96&d=mm&r=g","caption":"marco Vilela"},"url":"https:\/\/www.agrupamentoverticalgaviao.pt\/?author=2"}]}},"_links":{"self":[{"href":"https:\/\/www.agrupamentoverticalgaviao.pt\/index.php?rest_route=\/wp\/v2\/posts\/43111","targetHints":{"allow":["GET"]}}],"collection":[{"href":"https:\/\/www.agrupamentoverticalgaviao.pt\/index.php?rest_route=\/wp\/v2\/posts"}],"about":[{"href":"https:\/\/www.agrupamentoverticalgaviao.pt\/index.php?rest_route=\/wp\/v2\/types\/post"}],"author":[{"embeddable":true,"href":"https:\/\/www.agrupamentoverticalgaviao.pt\/index.php?rest_route=\/wp\/v2\/users\/2"}],"replies":[{"embeddable":true,"href":"https:\/\/www.agrupamentoverticalgaviao.pt\/index.php?rest_route=%2Fwp%2Fv2%2Fcomments&post=43111"}],"version-history":[{"count":1,"href":"https:\/\/www.agrupamentoverticalgaviao.pt\/index.php?rest_route=\/wp\/v2\/posts\/43111\/revisions"}],"predecessor-version":[{"id":43222,"href":"https:\/\/www.agrupamentoverticalgaviao.pt\/index.php?rest_route=\/wp\/v2\/posts\/43111\/revisions\/43222"}],"wp:featuredmedia":[{"embeddable":true,"href":"https:\/\/www.agrupamentoverticalgaviao.pt\/index.php?rest_route=\/wp\/v2\/media\/43208"}],"wp:attachment":[{"href":"https:\/\/www.agrupamentoverticalgaviao.pt\/index.php?rest_route=%2Fwp%2Fv2%2Fmedia&parent=43111"}],"wp:term":[{"taxonomy":"category","embeddable":true,"href":"https:\/\/www.agrupamentoverticalgaviao.pt\/index.php?rest_route=%2Fwp%2Fv2%2Fcategories&post=43111"},{"taxonomy":"post_tag","embeddable":true,"href":"https:\/\/www.agrupamentoverticalgaviao.pt\/index.php?rest_route=%2Fwp%2Fv2%2Ftags&post=43111"}],"curies":[{"name":"wp","href":"https:\/\/api.w.org\/{rel}","templated":true}]}}