{"id":42988,"date":"2023-10-25T22:21:49","date_gmt":"2023-10-25T22:21:49","guid":{"rendered":"https:\/\/www.agrupamentoverticalgaviao.pt\/?p=42988"},"modified":"2023-10-25T22:21:50","modified_gmt":"2023-10-25T22:21:50","slug":"exposicao-o-sol-quando-nasce-e-para-todos","status":"publish","type":"post","link":"https:\/\/www.agrupamentoverticalgaviao.pt\/?p=42988","title":{"rendered":"Exposi\u00e7\u00e3o &#8220;O Sol quando nasce \u00e9 para Todos&#8221;"},"content":{"rendered":"\n<p>No \u00e2mbito do Dia de Sensibiliza\u00e7\u00e3o e Reflex\u00e3o sobre os temas Erradica\u00e7\u00e3o da Pobreza. Dia Municipal para a Igualdade e Dia Mundial de Combate ao Bullying, fomos assistir \u00e0 inaugura\u00e7\u00e3o da exposi\u00e7\u00e3o com o lema &#8220;O Sol quando nasce \u00e9 para Todos&#8221;. Convidamos todos a visitarem a Biblioteca Municipal e verem os diferentes &#8220;s\u00f3is &#8220;em exposi\u00e7\u00e3o.<\/p>\n\n\n\n<figure class=\"wp-block-gallery has-nested-images columns-4 is-cropped wp-block-gallery-1 is-layout-flex wp-block-gallery-is-layout-flex\">\n<figure class=\"wp-block-image size-large\"><a href=\"https:\/\/www.agrupamentoverticalgaviao.pt\/wp-content\/uploads\/2023\/10\/Alimentacao_Historia_01-1.jpg\"><img loading=\"lazy\" decoding=\"async\" width=\"620\" height=\"465\" data-id=\"42990\" src=\"https:\/\/www.agrupamentoverticalgaviao.pt\/wp-content\/uploads\/2023\/10\/Alimentacao_Historia_01-1.jpg\" alt=\"\" class=\"wp-image-42990\" srcset=\"https:\/\/www.agrupamentoverticalgaviao.pt\/wp-content\/uploads\/2023\/10\/Alimentacao_Historia_01-1.jpg 620w, https:\/\/www.agrupamentoverticalgaviao.pt\/wp-content\/uploads\/2023\/10\/Alimentacao_Historia_01-1-300x225.jpg 300w\" sizes=\"auto, (max-width: 620px) 100vw, 620px\" \/><\/a><\/figure>\n\n\n\n<figure class=\"wp-block-image size-large\"><a href=\"https:\/\/www.agrupamentoverticalgaviao.pt\/wp-content\/uploads\/2023\/10\/Alimentacao_Historia_02-1.jpg\"><img loading=\"lazy\" decoding=\"async\" width=\"620\" height=\"827\" data-id=\"42998\" src=\"https:\/\/www.agrupamentoverticalgaviao.pt\/wp-content\/uploads\/2023\/10\/Alimentacao_Historia_02-1.jpg\" alt=\"\" class=\"wp-image-42998\" srcset=\"https:\/\/www.agrupamentoverticalgaviao.pt\/wp-content\/uploads\/2023\/10\/Alimentacao_Historia_02-1.jpg 620w, https:\/\/www.agrupamentoverticalgaviao.pt\/wp-content\/uploads\/2023\/10\/Alimentacao_Historia_02-1-225x300.jpg 225w\" sizes=\"auto, (max-width: 620px) 100vw, 620px\" \/><\/a><\/figure>\n\n\n\n<figure class=\"wp-block-image size-large\"><a href=\"https:\/\/www.agrupamentoverticalgaviao.pt\/wp-content\/uploads\/2023\/10\/Alimentacao_Historia_03-1.jpg\"><img loading=\"lazy\" decoding=\"async\" width=\"620\" height=\"827\" data-id=\"42989\" src=\"https:\/\/www.agrupamentoverticalgaviao.pt\/wp-content\/uploads\/2023\/10\/Alimentacao_Historia_03-1.jpg\" alt=\"\" class=\"wp-image-42989\" srcset=\"https:\/\/www.agrupamentoverticalgaviao.pt\/wp-content\/uploads\/2023\/10\/Alimentacao_Historia_03-1.jpg 620w, https:\/\/www.agrupamentoverticalgaviao.pt\/wp-content\/uploads\/2023\/10\/Alimentacao_Historia_03-1-225x300.jpg 225w\" sizes=\"auto, (max-width: 620px) 100vw, 620px\" \/><\/a><\/figure>\n\n\n\n<figure class=\"wp-block-image size-large\"><a href=\"https:\/\/www.agrupamentoverticalgaviao.pt\/wp-content\/uploads\/2023\/10\/Alimentacao_Historia_04-1.jpg\"><img loading=\"lazy\" decoding=\"async\" width=\"620\" height=\"827\" data-id=\"43001\" src=\"https:\/\/www.agrupamentoverticalgaviao.pt\/wp-content\/uploads\/2023\/10\/Alimentacao_Historia_04-1.jpg\" alt=\"\" class=\"wp-image-43001\" srcset=\"https:\/\/www.agrupamentoverticalgaviao.pt\/wp-content\/uploads\/2023\/10\/Alimentacao_Historia_04-1.jpg 620w, https:\/\/www.agrupamentoverticalgaviao.pt\/wp-content\/uploads\/2023\/10\/Alimentacao_Historia_04-1-225x300.jpg 225w\" sizes=\"auto, (max-width: 620px) 100vw, 620px\" \/><\/a><\/figure>\n\n\n\n<figure class=\"wp-block-image size-large\"><a href=\"https:\/\/www.agrupamentoverticalgaviao.pt\/wp-content\/uploads\/2023\/10\/Alimentacao_Historia_05-1.jpg\"><img loading=\"lazy\" decoding=\"async\" width=\"620\" height=\"827\" data-id=\"42993\" src=\"https:\/\/www.agrupamentoverticalgaviao.pt\/wp-content\/uploads\/2023\/10\/Alimentacao_Historia_05-1.jpg\" alt=\"\" class=\"wp-image-42993\" srcset=\"https:\/\/www.agrupamentoverticalgaviao.pt\/wp-content\/uploads\/2023\/10\/Alimentacao_Historia_05-1.jpg 620w, https:\/\/www.agrupamentoverticalgaviao.pt\/wp-content\/uploads\/2023\/10\/Alimentacao_Historia_05-1-225x300.jpg 225w\" sizes=\"auto, (max-width: 620px) 100vw, 620px\" \/><\/a><\/figure>\n\n\n\n<figure class=\"wp-block-image size-large\"><a href=\"https:\/\/www.agrupamentoverticalgaviao.pt\/wp-content\/uploads\/2023\/10\/Alimentacao_Historia_06-1.jpg\"><img loading=\"lazy\" decoding=\"async\" width=\"620\" height=\"827\" data-id=\"42992\" src=\"https:\/\/www.agrupamentoverticalgaviao.pt\/wp-content\/uploads\/2023\/10\/Alimentacao_Historia_06-1.jpg\" alt=\"\" class=\"wp-image-42992\" srcset=\"https:\/\/www.agrupamentoverticalgaviao.pt\/wp-content\/uploads\/2023\/10\/Alimentacao_Historia_06-1.jpg 620w, https:\/\/www.agrupamentoverticalgaviao.pt\/wp-content\/uploads\/2023\/10\/Alimentacao_Historia_06-1-225x300.jpg 225w\" sizes=\"auto, (max-width: 620px) 100vw, 620px\" \/><\/a><\/figure>\n\n\n\n<figure class=\"wp-block-image size-large\"><a href=\"https:\/\/www.agrupamentoverticalgaviao.pt\/wp-content\/uploads\/2023\/10\/Alimentacao_Historia_07-1.jpg\"><img loading=\"lazy\" decoding=\"async\" width=\"620\" height=\"827\" data-id=\"42991\" src=\"https:\/\/www.agrupamentoverticalgaviao.pt\/wp-content\/uploads\/2023\/10\/Alimentacao_Historia_07-1.jpg\" alt=\"\" class=\"wp-image-42991\" srcset=\"https:\/\/www.agrupamentoverticalgaviao.pt\/wp-content\/uploads\/2023\/10\/Alimentacao_Historia_07-1.jpg 620w, https:\/\/www.agrupamentoverticalgaviao.pt\/wp-content\/uploads\/2023\/10\/Alimentacao_Historia_07-1-225x300.jpg 225w\" sizes=\"auto, (max-width: 620px) 100vw, 620px\" \/><\/a><\/figure>\n\n\n\n<figure class=\"wp-block-image size-large\"><a href=\"https:\/\/www.agrupamentoverticalgaviao.pt\/wp-content\/uploads\/2023\/10\/Alimentacao_Historia_08-1.jpg\"><img loading=\"lazy\" decoding=\"async\" width=\"620\" height=\"827\" data-id=\"42994\" src=\"https:\/\/www.agrupamentoverticalgaviao.pt\/wp-content\/uploads\/2023\/10\/Alimentacao_Historia_08-1.jpg\" alt=\"\" class=\"wp-image-42994\" srcset=\"https:\/\/www.agrupamentoverticalgaviao.pt\/wp-content\/uploads\/2023\/10\/Alimentacao_Historia_08-1.jpg 620w, https:\/\/www.agrupamentoverticalgaviao.pt\/wp-content\/uploads\/2023\/10\/Alimentacao_Historia_08-1-225x300.jpg 225w\" sizes=\"auto, (max-width: 620px) 100vw, 620px\" \/><\/a><\/figure>\n\n\n\n<figure class=\"wp-block-image size-large\"><a href=\"https:\/\/www.agrupamentoverticalgaviao.pt\/wp-content\/uploads\/2023\/10\/Alimentacao_Historia_09-1.jpg\"><img loading=\"lazy\" decoding=\"async\" width=\"620\" height=\"827\" data-id=\"42996\" src=\"https:\/\/www.agrupamentoverticalgaviao.pt\/wp-content\/uploads\/2023\/10\/Alimentacao_Historia_09-1.jpg\" alt=\"\" class=\"wp-image-42996\" srcset=\"https:\/\/www.agrupamentoverticalgaviao.pt\/wp-content\/uploads\/2023\/10\/Alimentacao_Historia_09-1.jpg 620w, https:\/\/www.agrupamentoverticalgaviao.pt\/wp-content\/uploads\/2023\/10\/Alimentacao_Historia_09-1-225x300.jpg 225w\" sizes=\"auto, (max-width: 620px) 100vw, 620px\" \/><\/a><\/figure>\n\n\n\n<figure class=\"wp-block-image size-large\"><a href=\"https:\/\/www.agrupamentoverticalgaviao.pt\/wp-content\/uploads\/2023\/10\/Alimentacao_Historia_10-1.jpg\"><img loading=\"lazy\" decoding=\"async\" width=\"620\" height=\"827\" data-id=\"43000\" src=\"https:\/\/www.agrupamentoverticalgaviao.pt\/wp-content\/uploads\/2023\/10\/Alimentacao_Historia_10-1.jpg\" alt=\"\" class=\"wp-image-43000\" srcset=\"https:\/\/www.agrupamentoverticalgaviao.pt\/wp-content\/uploads\/2023\/10\/Alimentacao_Historia_10-1.jpg 620w, https:\/\/www.agrupamentoverticalgaviao.pt\/wp-content\/uploads\/2023\/10\/Alimentacao_Historia_10-1-225x300.jpg 225w\" sizes=\"auto, (max-width: 620px) 100vw, 620px\" \/><\/a><\/figure>\n\n\n\n<figure class=\"wp-block-image size-large\"><a href=\"https:\/\/www.agrupamentoverticalgaviao.pt\/wp-content\/uploads\/2023\/10\/Alimentacao_Historia_11-1.jpg\"><img loading=\"lazy\" decoding=\"async\" width=\"620\" height=\"827\" data-id=\"42995\" src=\"https:\/\/www.agrupamentoverticalgaviao.pt\/wp-content\/uploads\/2023\/10\/Alimentacao_Historia_11-1.jpg\" alt=\"\" class=\"wp-image-42995\" srcset=\"https:\/\/www.agrupamentoverticalgaviao.pt\/wp-content\/uploads\/2023\/10\/Alimentacao_Historia_11-1.jpg 620w, https:\/\/www.agrupamentoverticalgaviao.pt\/wp-content\/uploads\/2023\/10\/Alimentacao_Historia_11-1-225x300.jpg 225w\" sizes=\"auto, (max-width: 620px) 100vw, 620px\" \/><\/a><\/figure>\n\n\n\n<figure class=\"wp-block-image size-large\"><a href=\"https:\/\/www.agrupamentoverticalgaviao.pt\/wp-content\/uploads\/2023\/10\/Alimentacao_Historia_12.jpg\"><img loading=\"lazy\" decoding=\"async\" width=\"620\" height=\"827\" data-id=\"42999\" src=\"https:\/\/www.agrupamentoverticalgaviao.pt\/wp-content\/uploads\/2023\/10\/Alimentacao_Historia_12.jpg\" alt=\"\" class=\"wp-image-42999\" srcset=\"https:\/\/www.agrupamentoverticalgaviao.pt\/wp-content\/uploads\/2023\/10\/Alimentacao_Historia_12.jpg 620w, https:\/\/www.agrupamentoverticalgaviao.pt\/wp-content\/uploads\/2023\/10\/Alimentacao_Historia_12-225x300.jpg 225w\" sizes=\"auto, (max-width: 620px) 100vw, 620px\" \/><\/a><\/figure>\n\n\n\n<figure class=\"wp-block-image size-large\"><a href=\"https:\/\/www.agrupamentoverticalgaviao.pt\/wp-content\/uploads\/2023\/10\/Alimentacao_Historia_13.jpg\"><img loading=\"lazy\" decoding=\"async\" width=\"620\" height=\"827\" data-id=\"42997\" src=\"https:\/\/www.agrupamentoverticalgaviao.pt\/wp-content\/uploads\/2023\/10\/Alimentacao_Historia_13.jpg\" alt=\"\" class=\"wp-image-42997\" srcset=\"https:\/\/www.agrupamentoverticalgaviao.pt\/wp-content\/uploads\/2023\/10\/Alimentacao_Historia_13.jpg 620w, https:\/\/www.agrupamentoverticalgaviao.pt\/wp-content\/uploads\/2023\/10\/Alimentacao_Historia_13-225x300.jpg 225w\" sizes=\"auto, (max-width: 620px) 100vw, 620px\" \/><\/a><\/figure>\n\n\n\n<figure class=\"wp-block-image size-large\"><a href=\"https:\/\/www.agrupamentoverticalgaviao.pt\/wp-content\/uploads\/2023\/10\/Alimentacao_Historia_14.jpg\"><img loading=\"lazy\" decoding=\"async\" width=\"620\" height=\"827\" data-id=\"43002\" src=\"https:\/\/www.agrupamentoverticalgaviao.pt\/wp-content\/uploads\/2023\/10\/Alimentacao_Historia_14.jpg\" alt=\"\" class=\"wp-image-43002\" srcset=\"https:\/\/www.agrupamentoverticalgaviao.pt\/wp-content\/uploads\/2023\/10\/Alimentacao_Historia_14.jpg 620w, https:\/\/www.agrupamentoverticalgaviao.pt\/wp-content\/uploads\/2023\/10\/Alimentacao_Historia_14-225x300.jpg 225w\" sizes=\"auto, (max-width: 620px) 100vw, 620px\" \/><\/a><\/figure>\n\n\n\n<figure class=\"wp-block-image size-large\"><a href=\"https:\/\/www.agrupamentoverticalgaviao.pt\/wp-content\/uploads\/2023\/10\/Alimentacao_Historia_15.jpg\"><img loading=\"lazy\" decoding=\"async\" width=\"620\" height=\"827\" data-id=\"43004\" src=\"https:\/\/www.agrupamentoverticalgaviao.pt\/wp-content\/uploads\/2023\/10\/Alimentacao_Historia_15.jpg\" alt=\"\" class=\"wp-image-43004\" srcset=\"https:\/\/www.agrupamentoverticalgaviao.pt\/wp-content\/uploads\/2023\/10\/Alimentacao_Historia_15.jpg 620w, https:\/\/www.agrupamentoverticalgaviao.pt\/wp-content\/uploads\/2023\/10\/Alimentacao_Historia_15-225x300.jpg 225w\" sizes=\"auto, (max-width: 620px) 100vw, 620px\" \/><\/a><\/figure>\n\n\n\n<figure class=\"wp-block-image size-large\"><a href=\"https:\/\/www.agrupamentoverticalgaviao.pt\/wp-content\/uploads\/2023\/10\/Alimentacao_Historia_16.jpg\"><img loading=\"lazy\" decoding=\"async\" width=\"620\" height=\"827\" data-id=\"43003\" src=\"https:\/\/www.agrupamentoverticalgaviao.pt\/wp-content\/uploads\/2023\/10\/Alimentacao_Historia_16.jpg\" alt=\"\" class=\"wp-image-43003\" srcset=\"https:\/\/www.agrupamentoverticalgaviao.pt\/wp-content\/uploads\/2023\/10\/Alimentacao_Historia_16.jpg 620w, https:\/\/www.agrupamentoverticalgaviao.pt\/wp-content\/uploads\/2023\/10\/Alimentacao_Historia_16-225x300.jpg 225w\" sizes=\"auto, (max-width: 620px) 100vw, 620px\" \/><\/a><\/figure>\n\n\n\n<figure class=\"wp-block-image size-large\"><a href=\"https:\/\/www.agrupamentoverticalgaviao.pt\/wp-content\/uploads\/2023\/10\/Alimentacao_Historia_17.jpg\"><img loading=\"lazy\" decoding=\"async\" width=\"620\" height=\"827\" data-id=\"43005\" src=\"https:\/\/www.agrupamentoverticalgaviao.pt\/wp-content\/uploads\/2023\/10\/Alimentacao_Historia_17.jpg\" alt=\"\" class=\"wp-image-43005\" srcset=\"https:\/\/www.agrupamentoverticalgaviao.pt\/wp-content\/uploads\/2023\/10\/Alimentacao_Historia_17.jpg 620w, https:\/\/www.agrupamentoverticalgaviao.pt\/wp-content\/uploads\/2023\/10\/Alimentacao_Historia_17-225x300.jpg 225w\" sizes=\"auto, (max-width: 620px) 100vw, 620px\" \/><\/a><\/figure>\n\n\n\n<figure class=\"wp-block-image size-large\"><a href=\"https:\/\/www.agrupamentoverticalgaviao.pt\/wp-content\/uploads\/2023\/10\/Alimentacao_Historia_18.jpg\"><img loading=\"lazy\" decoding=\"async\" width=\"620\" height=\"827\" data-id=\"43006\" src=\"https:\/\/www.agrupamentoverticalgaviao.pt\/wp-content\/uploads\/2023\/10\/Alimentacao_Historia_18.jpg\" alt=\"\" class=\"wp-image-43006\" srcset=\"https:\/\/www.agrupamentoverticalgaviao.pt\/wp-content\/uploads\/2023\/10\/Alimentacao_Historia_18.jpg 620w, https:\/\/www.agrupamentoverticalgaviao.pt\/wp-content\/uploads\/2023\/10\/Alimentacao_Historia_18-225x300.jpg 225w\" sizes=\"auto, (max-width: 620px) 100vw, 620px\" \/><\/a><\/figure>\n\n\n\n<figure class=\"wp-block-image size-large\"><a href=\"https:\/\/www.agrupamentoverticalgaviao.pt\/wp-content\/uploads\/2023\/10\/Alimentacao_Historia_19.jpg\"><img loading=\"lazy\" decoding=\"async\" width=\"620\" height=\"827\" data-id=\"43008\" src=\"https:\/\/www.agrupamentoverticalgaviao.pt\/wp-content\/uploads\/2023\/10\/Alimentacao_Historia_19.jpg\" alt=\"\" class=\"wp-image-43008\" srcset=\"https:\/\/www.agrupamentoverticalgaviao.pt\/wp-content\/uploads\/2023\/10\/Alimentacao_Historia_19.jpg 620w, https:\/\/www.agrupamentoverticalgaviao.pt\/wp-content\/uploads\/2023\/10\/Alimentacao_Historia_19-225x300.jpg 225w\" sizes=\"auto, (max-width: 620px) 100vw, 620px\" \/><\/a><\/figure>\n\n\n\n<figure class=\"wp-block-image size-large\"><a href=\"https:\/\/www.agrupamentoverticalgaviao.pt\/wp-content\/uploads\/2023\/10\/Alimentacao_Historia_20.jpg\"><img loading=\"lazy\" decoding=\"async\" width=\"620\" height=\"827\" data-id=\"43010\" src=\"https:\/\/www.agrupamentoverticalgaviao.pt\/wp-content\/uploads\/2023\/10\/Alimentacao_Historia_20.jpg\" alt=\"\" class=\"wp-image-43010\" srcset=\"https:\/\/www.agrupamentoverticalgaviao.pt\/wp-content\/uploads\/2023\/10\/Alimentacao_Historia_20.jpg 620w, https:\/\/www.agrupamentoverticalgaviao.pt\/wp-content\/uploads\/2023\/10\/Alimentacao_Historia_20-225x300.jpg 225w\" sizes=\"auto, (max-width: 620px) 100vw, 620px\" \/><\/a><\/figure>\n\n\n\n<figure class=\"wp-block-image size-large\"><a href=\"https:\/\/www.agrupamentoverticalgaviao.pt\/wp-content\/uploads\/2023\/10\/Alimentacao_Historia_21.jpg\"><img loading=\"lazy\" decoding=\"async\" width=\"620\" height=\"465\" data-id=\"43007\" src=\"https:\/\/www.agrupamentoverticalgaviao.pt\/wp-content\/uploads\/2023\/10\/Alimentacao_Historia_21.jpg\" alt=\"\" class=\"wp-image-43007\" srcset=\"https:\/\/www.agrupamentoverticalgaviao.pt\/wp-content\/uploads\/2023\/10\/Alimentacao_Historia_21.jpg 620w, https:\/\/www.agrupamentoverticalgaviao.pt\/wp-content\/uploads\/2023\/10\/Alimentacao_Historia_21-300x225.jpg 300w\" sizes=\"auto, (max-width: 620px) 100vw, 620px\" \/><\/a><\/figure>\n\n\n\n<figure class=\"wp-block-image size-large\"><a href=\"https:\/\/www.agrupamentoverticalgaviao.pt\/wp-content\/uploads\/2023\/10\/Alimentacao_Historia_22.jpg\"><img loading=\"lazy\" decoding=\"async\" width=\"620\" height=\"827\" data-id=\"43018\" src=\"https:\/\/www.agrupamentoverticalgaviao.pt\/wp-content\/uploads\/2023\/10\/Alimentacao_Historia_22.jpg\" alt=\"\" class=\"wp-image-43018\" srcset=\"https:\/\/www.agrupamentoverticalgaviao.pt\/wp-content\/uploads\/2023\/10\/Alimentacao_Historia_22.jpg 620w, https:\/\/www.agrupamentoverticalgaviao.pt\/wp-content\/uploads\/2023\/10\/Alimentacao_Historia_22-225x300.jpg 225w\" sizes=\"auto, (max-width: 620px) 100vw, 620px\" \/><\/a><\/figure>\n\n\n\n<figure class=\"wp-block-image size-large\"><a href=\"https:\/\/www.agrupamentoverticalgaviao.pt\/wp-content\/uploads\/2023\/10\/Alimentacao_Historia_23.jpg\"><img loading=\"lazy\" decoding=\"async\" width=\"620\" height=\"465\" data-id=\"43011\" src=\"https:\/\/www.agrupamentoverticalgaviao.pt\/wp-content\/uploads\/2023\/10\/Alimentacao_Historia_23.jpg\" alt=\"\" class=\"wp-image-43011\" srcset=\"https:\/\/www.agrupamentoverticalgaviao.pt\/wp-content\/uploads\/2023\/10\/Alimentacao_Historia_23.jpg 620w, https:\/\/www.agrupamentoverticalgaviao.pt\/wp-content\/uploads\/2023\/10\/Alimentacao_Historia_23-300x225.jpg 300w\" sizes=\"auto, (max-width: 620px) 100vw, 620px\" \/><\/a><\/figure>\n\n\n\n<figure class=\"wp-block-image size-large\"><a href=\"https:\/\/www.agrupamentoverticalgaviao.pt\/wp-content\/uploads\/2023\/10\/Alimentacao_Historia_24.jpg\"><img loading=\"lazy\" decoding=\"async\" width=\"620\" height=\"465\" data-id=\"43014\" src=\"https:\/\/www.agrupamentoverticalgaviao.pt\/wp-content\/uploads\/2023\/10\/Alimentacao_Historia_24.jpg\" alt=\"\" class=\"wp-image-43014\" srcset=\"https:\/\/www.agrupamentoverticalgaviao.pt\/wp-content\/uploads\/2023\/10\/Alimentacao_Historia_24.jpg 620w, https:\/\/www.agrupamentoverticalgaviao.pt\/wp-content\/uploads\/2023\/10\/Alimentacao_Historia_24-300x225.jpg 300w\" sizes=\"auto, (max-width: 620px) 100vw, 620px\" \/><\/a><\/figure>\n\n\n\n<figure class=\"wp-block-image size-large\"><a href=\"https:\/\/www.agrupamentoverticalgaviao.pt\/wp-content\/uploads\/2023\/10\/Alimentacao_Historia_25.jpg\"><img loading=\"lazy\" decoding=\"async\" width=\"620\" height=\"827\" data-id=\"43024\" src=\"https:\/\/www.agrupamentoverticalgaviao.pt\/wp-content\/uploads\/2023\/10\/Alimentacao_Historia_25.jpg\" alt=\"\" class=\"wp-image-43024\" srcset=\"https:\/\/www.agrupamentoverticalgaviao.pt\/wp-content\/uploads\/2023\/10\/Alimentacao_Historia_25.jpg 620w, https:\/\/www.agrupamentoverticalgaviao.pt\/wp-content\/uploads\/2023\/10\/Alimentacao_Historia_25-225x300.jpg 225w\" sizes=\"auto, (max-width: 620px) 100vw, 620px\" \/><\/a><\/figure>\n\n\n\n<figure class=\"wp-block-image size-large\"><a href=\"https:\/\/www.agrupamentoverticalgaviao.pt\/wp-content\/uploads\/2023\/10\/Alimentacao_Historia_26.jpg\"><img loading=\"lazy\" decoding=\"async\" width=\"620\" height=\"827\" data-id=\"43016\" src=\"https:\/\/www.agrupamentoverticalgaviao.pt\/wp-content\/uploads\/2023\/10\/Alimentacao_Historia_26.jpg\" alt=\"\" class=\"wp-image-43016\" srcset=\"https:\/\/www.agrupamentoverticalgaviao.pt\/wp-content\/uploads\/2023\/10\/Alimentacao_Historia_26.jpg 620w, https:\/\/www.agrupamentoverticalgaviao.pt\/wp-content\/uploads\/2023\/10\/Alimentacao_Historia_26-225x300.jpg 225w\" sizes=\"auto, (max-width: 620px) 100vw, 620px\" \/><\/a><\/figure>\n\n\n\n<figure class=\"wp-block-image size-large\"><a href=\"https:\/\/www.agrupamentoverticalgaviao.pt\/wp-content\/uploads\/2023\/10\/Alimentacao_Historia_27.jpg\"><img loading=\"lazy\" decoding=\"async\" width=\"620\" height=\"827\" data-id=\"43019\" src=\"https:\/\/www.agrupamentoverticalgaviao.pt\/wp-content\/uploads\/2023\/10\/Alimentacao_Historia_27.jpg\" alt=\"\" class=\"wp-image-43019\" srcset=\"https:\/\/www.agrupamentoverticalgaviao.pt\/wp-content\/uploads\/2023\/10\/Alimentacao_Historia_27.jpg 620w, https:\/\/www.agrupamentoverticalgaviao.pt\/wp-content\/uploads\/2023\/10\/Alimentacao_Historia_27-225x300.jpg 225w\" sizes=\"auto, (max-width: 620px) 100vw, 620px\" \/><\/a><\/figure>\n\n\n\n<figure class=\"wp-block-image size-large\"><a href=\"https:\/\/www.agrupamentoverticalgaviao.pt\/wp-content\/uploads\/2023\/10\/Alimentacao_Historia_28.jpg\"><img loading=\"lazy\" decoding=\"async\" width=\"620\" height=\"827\" data-id=\"43022\" src=\"https:\/\/www.agrupamentoverticalgaviao.pt\/wp-content\/uploads\/2023\/10\/Alimentacao_Historia_28.jpg\" alt=\"\" class=\"wp-image-43022\" srcset=\"https:\/\/www.agrupamentoverticalgaviao.pt\/wp-content\/uploads\/2023\/10\/Alimentacao_Historia_28.jpg 620w, https:\/\/www.agrupamentoverticalgaviao.pt\/wp-content\/uploads\/2023\/10\/Alimentacao_Historia_28-225x300.jpg 225w\" sizes=\"auto, (max-width: 620px) 100vw, 620px\" \/><\/a><\/figure>\n\n\n\n<figure class=\"wp-block-image size-large\"><a href=\"https:\/\/www.agrupamentoverticalgaviao.pt\/wp-content\/uploads\/2023\/10\/Alimentacao_Historia_29.jpg\"><img loading=\"lazy\" decoding=\"async\" width=\"620\" height=\"827\" data-id=\"43009\" src=\"https:\/\/www.agrupamentoverticalgaviao.pt\/wp-content\/uploads\/2023\/10\/Alimentacao_Historia_29.jpg\" alt=\"\" class=\"wp-image-43009\" srcset=\"https:\/\/www.agrupamentoverticalgaviao.pt\/wp-content\/uploads\/2023\/10\/Alimentacao_Historia_29.jpg 620w, https:\/\/www.agrupamentoverticalgaviao.pt\/wp-content\/uploads\/2023\/10\/Alimentacao_Historia_29-225x300.jpg 225w\" sizes=\"auto, (max-width: 620px) 100vw, 620px\" \/><\/a><\/figure>\n\n\n\n<figure class=\"wp-block-image size-large\"><a href=\"https:\/\/www.agrupamentoverticalgaviao.pt\/wp-content\/uploads\/2023\/10\/Alimentacao_Historia_30.jpg\"><img loading=\"lazy\" decoding=\"async\" width=\"620\" height=\"465\" data-id=\"43012\" src=\"https:\/\/www.agrupamentoverticalgaviao.pt\/wp-content\/uploads\/2023\/10\/Alimentacao_Historia_30.jpg\" alt=\"\" class=\"wp-image-43012\" srcset=\"https:\/\/www.agrupamentoverticalgaviao.pt\/wp-content\/uploads\/2023\/10\/Alimentacao_Historia_30.jpg 620w, https:\/\/www.agrupamentoverticalgaviao.pt\/wp-content\/uploads\/2023\/10\/Alimentacao_Historia_30-300x225.jpg 300w\" sizes=\"auto, (max-width: 620px) 100vw, 620px\" \/><\/a><\/figure>\n\n\n\n<figure class=\"wp-block-image size-large\"><a href=\"https:\/\/www.agrupamentoverticalgaviao.pt\/wp-content\/uploads\/2023\/10\/Alimentacao_Historia_31.jpg\"><img loading=\"lazy\" decoding=\"async\" width=\"620\" height=\"827\" data-id=\"43015\" src=\"https:\/\/www.agrupamentoverticalgaviao.pt\/wp-content\/uploads\/2023\/10\/Alimentacao_Historia_31.jpg\" alt=\"\" class=\"wp-image-43015\" srcset=\"https:\/\/www.agrupamentoverticalgaviao.pt\/wp-content\/uploads\/2023\/10\/Alimentacao_Historia_31.jpg 620w, https:\/\/www.agrupamentoverticalgaviao.pt\/wp-content\/uploads\/2023\/10\/Alimentacao_Historia_31-225x300.jpg 225w\" sizes=\"auto, (max-width: 620px) 100vw, 620px\" \/><\/a><\/figure>\n\n\n\n<figure class=\"wp-block-image size-large\"><a href=\"https:\/\/www.agrupamentoverticalgaviao.pt\/wp-content\/uploads\/2023\/10\/Alimentacao_Historia_32.jpg\"><img loading=\"lazy\" decoding=\"async\" width=\"620\" height=\"827\" data-id=\"43021\" src=\"https:\/\/www.agrupamentoverticalgaviao.pt\/wp-content\/uploads\/2023\/10\/Alimentacao_Historia_32.jpg\" alt=\"\" class=\"wp-image-43021\" srcset=\"https:\/\/www.agrupamentoverticalgaviao.pt\/wp-content\/uploads\/2023\/10\/Alimentacao_Historia_32.jpg 620w, https:\/\/www.agrupamentoverticalgaviao.pt\/wp-content\/uploads\/2023\/10\/Alimentacao_Historia_32-225x300.jpg 225w\" sizes=\"auto, (max-width: 620px) 100vw, 620px\" \/><\/a><\/figure>\n\n\n\n<figure class=\"wp-block-image size-large\"><a href=\"https:\/\/www.agrupamentoverticalgaviao.pt\/wp-content\/uploads\/2023\/10\/Alimentacao_Historia_33.jpg\"><img loading=\"lazy\" decoding=\"async\" width=\"620\" height=\"827\" data-id=\"43025\" src=\"https:\/\/www.agrupamentoverticalgaviao.pt\/wp-content\/uploads\/2023\/10\/Alimentacao_Historia_33.jpg\" alt=\"\" class=\"wp-image-43025\" srcset=\"https:\/\/www.agrupamentoverticalgaviao.pt\/wp-content\/uploads\/2023\/10\/Alimentacao_Historia_33.jpg 620w, https:\/\/www.agrupamentoverticalgaviao.pt\/wp-content\/uploads\/2023\/10\/Alimentacao_Historia_33-225x300.jpg 225w\" sizes=\"auto, (max-width: 620px) 100vw, 620px\" \/><\/a><\/figure>\n\n\n\n<figure class=\"wp-block-image size-large\"><a href=\"https:\/\/www.agrupamentoverticalgaviao.pt\/wp-content\/uploads\/2023\/10\/Alimentacao_Historia_34.jpg\"><img loading=\"lazy\" decoding=\"async\" width=\"620\" height=\"827\" data-id=\"43013\" src=\"https:\/\/www.agrupamentoverticalgaviao.pt\/wp-content\/uploads\/2023\/10\/Alimentacao_Historia_34.jpg\" alt=\"\" class=\"wp-image-43013\" srcset=\"https:\/\/www.agrupamentoverticalgaviao.pt\/wp-content\/uploads\/2023\/10\/Alimentacao_Historia_34.jpg 620w, https:\/\/www.agrupamentoverticalgaviao.pt\/wp-content\/uploads\/2023\/10\/Alimentacao_Historia_34-225x300.jpg 225w\" sizes=\"auto, (max-width: 620px) 100vw, 620px\" \/><\/a><\/figure>\n\n\n\n<figure class=\"wp-block-image size-large\"><a href=\"https:\/\/www.agrupamentoverticalgaviao.pt\/wp-content\/uploads\/2023\/10\/Alimentacao_Historia_35.jpg\"><img loading=\"lazy\" decoding=\"async\" width=\"620\" height=\"827\" data-id=\"43020\" src=\"https:\/\/www.agrupamentoverticalgaviao.pt\/wp-content\/uploads\/2023\/10\/Alimentacao_Historia_35.jpg\" alt=\"\" class=\"wp-image-43020\" srcset=\"https:\/\/www.agrupamentoverticalgaviao.pt\/wp-content\/uploads\/2023\/10\/Alimentacao_Historia_35.jpg 620w, https:\/\/www.agrupamentoverticalgaviao.pt\/wp-content\/uploads\/2023\/10\/Alimentacao_Historia_35-225x300.jpg 225w\" sizes=\"auto, (max-width: 620px) 100vw, 620px\" \/><\/a><\/figure>\n\n\n\n<figure class=\"wp-block-image size-large\"><a href=\"https:\/\/www.agrupamentoverticalgaviao.pt\/wp-content\/uploads\/2023\/10\/Alimentacao_Historia_36.jpg\"><img loading=\"lazy\" decoding=\"async\" width=\"620\" height=\"465\" data-id=\"43026\" src=\"https:\/\/www.agrupamentoverticalgaviao.pt\/wp-content\/uploads\/2023\/10\/Alimentacao_Historia_36.jpg\" alt=\"\" class=\"wp-image-43026\" srcset=\"https:\/\/www.agrupamentoverticalgaviao.pt\/wp-content\/uploads\/2023\/10\/Alimentacao_Historia_36.jpg 620w, https:\/\/www.agrupamentoverticalgaviao.pt\/wp-content\/uploads\/2023\/10\/Alimentacao_Historia_36-300x225.jpg 300w\" sizes=\"auto, (max-width: 620px) 100vw, 620px\" \/><\/a><\/figure>\n\n\n\n<figure class=\"wp-block-image size-large\"><a href=\"https:\/\/www.agrupamentoverticalgaviao.pt\/wp-content\/uploads\/2023\/10\/Alimentacao_Historia_37.jpg\"><img loading=\"lazy\" decoding=\"async\" width=\"620\" height=\"827\" data-id=\"43027\" src=\"https:\/\/www.agrupamentoverticalgaviao.pt\/wp-content\/uploads\/2023\/10\/Alimentacao_Historia_37.jpg\" alt=\"\" class=\"wp-image-43027\" srcset=\"https:\/\/www.agrupamentoverticalgaviao.pt\/wp-content\/uploads\/2023\/10\/Alimentacao_Historia_37.jpg 620w, https:\/\/www.agrupamentoverticalgaviao.pt\/wp-content\/uploads\/2023\/10\/Alimentacao_Historia_37-225x300.jpg 225w\" sizes=\"auto, (max-width: 620px) 100vw, 620px\" \/><\/a><\/figure>\n\n\n\n<figure class=\"wp-block-image size-large\"><a href=\"https:\/\/www.agrupamentoverticalgaviao.pt\/wp-content\/uploads\/2023\/10\/Alimentacao_Historia_38.jpg\"><img loading=\"lazy\" decoding=\"async\" width=\"620\" height=\"827\" data-id=\"43017\" src=\"https:\/\/www.agrupamentoverticalgaviao.pt\/wp-content\/uploads\/2023\/10\/Alimentacao_Historia_38.jpg\" alt=\"\" class=\"wp-image-43017\" srcset=\"https:\/\/www.agrupamentoverticalgaviao.pt\/wp-content\/uploads\/2023\/10\/Alimentacao_Historia_38.jpg 620w, https:\/\/www.agrupamentoverticalgaviao.pt\/wp-content\/uploads\/2023\/10\/Alimentacao_Historia_38-225x300.jpg 225w\" sizes=\"auto, (max-width: 620px) 100vw, 620px\" \/><\/a><\/figure>\n\n\n\n<figure class=\"wp-block-image size-large\"><a href=\"https:\/\/www.agrupamentoverticalgaviao.pt\/wp-content\/uploads\/2023\/10\/Alimentacao_Historia_39.jpg\"><img loading=\"lazy\" decoding=\"async\" width=\"620\" height=\"827\" data-id=\"43023\" src=\"https:\/\/www.agrupamentoverticalgaviao.pt\/wp-content\/uploads\/2023\/10\/Alimentacao_Historia_39.jpg\" alt=\"\" class=\"wp-image-43023\" srcset=\"https:\/\/www.agrupamentoverticalgaviao.pt\/wp-content\/uploads\/2023\/10\/Alimentacao_Historia_39.jpg 620w, https:\/\/www.agrupamentoverticalgaviao.pt\/wp-content\/uploads\/2023\/10\/Alimentacao_Historia_39-225x300.jpg 225w\" sizes=\"auto, (max-width: 620px) 100vw, 620px\" \/><\/a><\/figure>\n\n\n\n<figure class=\"wp-block-image size-large\"><a href=\"https:\/\/www.agrupamentoverticalgaviao.pt\/wp-content\/uploads\/2023\/10\/Alimentacao_Historia_40.jpg\"><img loading=\"lazy\" decoding=\"async\" width=\"620\" height=\"827\" data-id=\"43028\" src=\"https:\/\/www.agrupamentoverticalgaviao.pt\/wp-content\/uploads\/2023\/10\/Alimentacao_Historia_40.jpg\" alt=\"\" class=\"wp-image-43028\" srcset=\"https:\/\/www.agrupamentoverticalgaviao.pt\/wp-content\/uploads\/2023\/10\/Alimentacao_Historia_40.jpg 620w, https:\/\/www.agrupamentoverticalgaviao.pt\/wp-content\/uploads\/2023\/10\/Alimentacao_Historia_40-225x300.jpg 225w\" sizes=\"auto, (max-width: 620px) 100vw, 620px\" \/><\/a><\/figure>\n\n\n\n<figure class=\"wp-block-image size-large\"><a href=\"https:\/\/www.agrupamentoverticalgaviao.pt\/wp-content\/uploads\/2023\/10\/Alimentacao_Historia_41.jpg\"><img loading=\"lazy\" decoding=\"async\" width=\"620\" height=\"465\" data-id=\"43029\" src=\"https:\/\/www.agrupamentoverticalgaviao.pt\/wp-content\/uploads\/2023\/10\/Alimentacao_Historia_41.jpg\" alt=\"\" class=\"wp-image-43029\" srcset=\"https:\/\/www.agrupamentoverticalgaviao.pt\/wp-content\/uploads\/2023\/10\/Alimentacao_Historia_41.jpg 620w, https:\/\/www.agrupamentoverticalgaviao.pt\/wp-content\/uploads\/2023\/10\/Alimentacao_Historia_41-300x225.jpg 300w\" sizes=\"auto, (max-width: 620px) 100vw, 620px\" \/><\/a><\/figure>\n\n\n\n<figure class=\"wp-block-image size-large\"><a href=\"https:\/\/www.agrupamentoverticalgaviao.pt\/wp-content\/uploads\/2023\/10\/Alimentacao_Historia_42.jpg\"><img loading=\"lazy\" decoding=\"async\" width=\"620\" height=\"827\" data-id=\"43030\" src=\"https:\/\/www.agrupamentoverticalgaviao.pt\/wp-content\/uploads\/2023\/10\/Alimentacao_Historia_42.jpg\" alt=\"\" class=\"wp-image-43030\" srcset=\"https:\/\/www.agrupamentoverticalgaviao.pt\/wp-content\/uploads\/2023\/10\/Alimentacao_Historia_42.jpg 620w, https:\/\/www.agrupamentoverticalgaviao.pt\/wp-content\/uploads\/2023\/10\/Alimentacao_Historia_42-225x300.jpg 225w\" sizes=\"auto, (max-width: 620px) 100vw, 620px\" \/><\/a><\/figure>\n<\/figure>\n","protected":false},"excerpt":{"rendered":"<p>No \u00e2mbito do Dia de Sensibiliza\u00e7\u00e3o e Reflex\u00e3o sobre os temas Erradica\u00e7\u00e3o da Pobreza. &hellip; <\/p>\n","protected":false},"author":2,"featured_media":43031,"comment_status":"closed","ping_status":"closed","sticky":false,"template":"","format":"standard","meta":{"footnotes":""},"categories":[261],"tags":[],"class_list":["post-42988","post","type-post","status-publish","format-standard","has-post-thumbnail","hentry","category-dia-mundial-de-combate-ao-bullying"],"yoast_head":"<!-- This site is optimized with the Yoast SEO plugin v27.5 - https:\/\/yoast.com\/product\/yoast-seo-wordpress\/ -->\n<title>Exposi\u00e7\u00e3o &quot;O Sol quando nasce \u00e9 para Todos&quot; - Agrupamento de Escolas de Gavi\u00e3o<\/title>\n<meta name=\"robots\" content=\"index, follow, max-snippet:-1, max-image-preview:large, max-video-preview:-1\" \/>\n<link rel=\"canonical\" href=\"https:\/\/www.agrupamentoverticalgaviao.pt\/?p=42988\" \/>\n<meta property=\"og:locale\" content=\"pt_PT\" \/>\n<meta property=\"og:type\" content=\"article\" \/>\n<meta property=\"og:title\" content=\"Exposi\u00e7\u00e3o &quot;O Sol quando nasce \u00e9 para Todos&quot; - Agrupamento de Escolas de Gavi\u00e3o\" \/>\n<meta property=\"og:description\" content=\"No \u00e2mbito do Dia de Sensibiliza\u00e7\u00e3o e Reflex\u00e3o sobre os temas Erradica\u00e7\u00e3o da Pobreza. &hellip;\" \/>\n<meta property=\"og:url\" content=\"https:\/\/www.agrupamentoverticalgaviao.pt\/?p=42988\" \/>\n<meta property=\"og:site_name\" content=\"Agrupamento de Escolas de Gavi\u00e3o\" \/>\n<meta property=\"article:published_time\" content=\"2023-10-25T22:21:49+00:00\" \/>\n<meta property=\"article:modified_time\" content=\"2023-10-25T22:21:50+00:00\" \/>\n<meta property=\"og:image\" content=\"https:\/\/www.agrupamentoverticalgaviao.pt\/wp-content\/uploads\/2023\/10\/sol_banner.jpg\" \/>\n\t<meta property=\"og:image:width\" content=\"600\" \/>\n\t<meta property=\"og:image:height\" content=\"200\" \/>\n\t<meta property=\"og:image:type\" content=\"image\/jpeg\" \/>\n<meta name=\"author\" content=\"marco Vilela\" \/>\n<meta name=\"twitter:card\" content=\"summary_large_image\" \/>\n<meta name=\"twitter:label1\" content=\"Escrito por\" \/>\n\t<meta name=\"twitter:data1\" content=\"marco Vilela\" \/>\n<script type=\"application\/ld+json\" class=\"yoast-schema-graph\">{\"@context\":\"https:\\\/\\\/schema.org\",\"@graph\":[{\"@type\":\"Article\",\"@id\":\"https:\\\/\\\/www.agrupamentoverticalgaviao.pt\\\/?p=42988#article\",\"isPartOf\":{\"@id\":\"https:\\\/\\\/www.agrupamentoverticalgaviao.pt\\\/?p=42988\"},\"author\":{\"name\":\"marco Vilela\",\"@id\":\"https:\\\/\\\/www.agrupamentoverticalgaviao.pt\\\/#\\\/schema\\\/person\\\/b337300b08ca20a17717f1b413f4b253\"},\"headline\":\"Exposi\u00e7\u00e3o &#8220;O Sol quando nasce \u00e9 para Todos&#8221;\",\"datePublished\":\"2023-10-25T22:21:49+00:00\",\"dateModified\":\"2023-10-25T22:21:50+00:00\",\"mainEntityOfPage\":{\"@id\":\"https:\\\/\\\/www.agrupamentoverticalgaviao.pt\\\/?p=42988\"},\"wordCount\":69,\"image\":{\"@id\":\"https:\\\/\\\/www.agrupamentoverticalgaviao.pt\\\/?p=42988#primaryimage\"},\"thumbnailUrl\":\"https:\\\/\\\/www.agrupamentoverticalgaviao.pt\\\/wp-content\\\/uploads\\\/2023\\\/10\\\/sol_banner.jpg\",\"articleSection\":[\"Dia Mundial de Combate ao Bullying\"],\"inLanguage\":\"pt-PT\"},{\"@type\":\"WebPage\",\"@id\":\"https:\\\/\\\/www.agrupamentoverticalgaviao.pt\\\/?p=42988\",\"url\":\"https:\\\/\\\/www.agrupamentoverticalgaviao.pt\\\/?p=42988\",\"name\":\"Exposi\u00e7\u00e3o \\\"O Sol quando nasce \u00e9 para Todos\\\" - Agrupamento de Escolas de Gavi\u00e3o\",\"isPartOf\":{\"@id\":\"https:\\\/\\\/www.agrupamentoverticalgaviao.pt\\\/#website\"},\"primaryImageOfPage\":{\"@id\":\"https:\\\/\\\/www.agrupamentoverticalgaviao.pt\\\/?p=42988#primaryimage\"},\"image\":{\"@id\":\"https:\\\/\\\/www.agrupamentoverticalgaviao.pt\\\/?p=42988#primaryimage\"},\"thumbnailUrl\":\"https:\\\/\\\/www.agrupamentoverticalgaviao.pt\\\/wp-content\\\/uploads\\\/2023\\\/10\\\/sol_banner.jpg\",\"datePublished\":\"2023-10-25T22:21:49+00:00\",\"dateModified\":\"2023-10-25T22:21:50+00:00\",\"author\":{\"@id\":\"https:\\\/\\\/www.agrupamentoverticalgaviao.pt\\\/#\\\/schema\\\/person\\\/b337300b08ca20a17717f1b413f4b253\"},\"breadcrumb\":{\"@id\":\"https:\\\/\\\/www.agrupamentoverticalgaviao.pt\\\/?p=42988#breadcrumb\"},\"inLanguage\":\"pt-PT\",\"potentialAction\":[{\"@type\":\"ReadAction\",\"target\":[\"https:\\\/\\\/www.agrupamentoverticalgaviao.pt\\\/?p=42988\"]}]},{\"@type\":\"ImageObject\",\"inLanguage\":\"pt-PT\",\"@id\":\"https:\\\/\\\/www.agrupamentoverticalgaviao.pt\\\/?p=42988#primaryimage\",\"url\":\"https:\\\/\\\/www.agrupamentoverticalgaviao.pt\\\/wp-content\\\/uploads\\\/2023\\\/10\\\/sol_banner.jpg\",\"contentUrl\":\"https:\\\/\\\/www.agrupamentoverticalgaviao.pt\\\/wp-content\\\/uploads\\\/2023\\\/10\\\/sol_banner.jpg\",\"width\":600,\"height\":200},{\"@type\":\"BreadcrumbList\",\"@id\":\"https:\\\/\\\/www.agrupamentoverticalgaviao.pt\\\/?p=42988#breadcrumb\",\"itemListElement\":[{\"@type\":\"ListItem\",\"position\":1,\"name\":\"In\u00edcio\",\"item\":\"https:\\\/\\\/www.agrupamentoverticalgaviao.pt\\\/\"},{\"@type\":\"ListItem\",\"position\":2,\"name\":\"Exposi\u00e7\u00e3o &#8220;O Sol quando nasce \u00e9 para Todos&#8221;\"}]},{\"@type\":\"WebSite\",\"@id\":\"https:\\\/\\\/www.agrupamentoverticalgaviao.pt\\\/#website\",\"url\":\"https:\\\/\\\/www.agrupamentoverticalgaviao.pt\\\/\",\"name\":\"Agrupamento de Escolas de Gavi\u00e3o\",\"description\":\"\",\"alternateName\":\"Agrupamento de Escolas de Gavi\u00e3o\",\"potentialAction\":[{\"@type\":\"SearchAction\",\"target\":{\"@type\":\"EntryPoint\",\"urlTemplate\":\"https:\\\/\\\/www.agrupamentoverticalgaviao.pt\\\/?s={search_term_string}\"},\"query-input\":{\"@type\":\"PropertyValueSpecification\",\"valueRequired\":true,\"valueName\":\"search_term_string\"}}],\"inLanguage\":\"pt-PT\"},{\"@type\":\"Person\",\"@id\":\"https:\\\/\\\/www.agrupamentoverticalgaviao.pt\\\/#\\\/schema\\\/person\\\/b337300b08ca20a17717f1b413f4b253\",\"name\":\"marco Vilela\",\"image\":{\"@type\":\"ImageObject\",\"inLanguage\":\"pt-PT\",\"@id\":\"https:\\\/\\\/secure.gravatar.com\\\/avatar\\\/8eb0feb60b637bbf624addb993bbcd710c4802ede472519543b7b7625a815e2d?s=96&d=mm&r=g\",\"url\":\"https:\\\/\\\/secure.gravatar.com\\\/avatar\\\/8eb0feb60b637bbf624addb993bbcd710c4802ede472519543b7b7625a815e2d?s=96&d=mm&r=g\",\"contentUrl\":\"https:\\\/\\\/secure.gravatar.com\\\/avatar\\\/8eb0feb60b637bbf624addb993bbcd710c4802ede472519543b7b7625a815e2d?s=96&d=mm&r=g\",\"caption\":\"marco Vilela\"},\"url\":\"https:\\\/\\\/www.agrupamentoverticalgaviao.pt\\\/?author=2\"}]}<\/script>\n<!-- \/ Yoast SEO plugin. -->","yoast_head_json":{"title":"Exposi\u00e7\u00e3o \"O Sol quando nasce \u00e9 para Todos\" - Agrupamento de Escolas de Gavi\u00e3o","robots":{"index":"index","follow":"follow","max-snippet":"max-snippet:-1","max-image-preview":"max-image-preview:large","max-video-preview":"max-video-preview:-1"},"canonical":"https:\/\/www.agrupamentoverticalgaviao.pt\/?p=42988","og_locale":"pt_PT","og_type":"article","og_title":"Exposi\u00e7\u00e3o \"O Sol quando nasce \u00e9 para Todos\" - Agrupamento de Escolas de Gavi\u00e3o","og_description":"No \u00e2mbito do Dia de Sensibiliza\u00e7\u00e3o e Reflex\u00e3o sobre os temas Erradica\u00e7\u00e3o da Pobreza. &hellip;","og_url":"https:\/\/www.agrupamentoverticalgaviao.pt\/?p=42988","og_site_name":"Agrupamento de Escolas de Gavi\u00e3o","article_published_time":"2023-10-25T22:21:49+00:00","article_modified_time":"2023-10-25T22:21:50+00:00","og_image":[{"width":600,"height":200,"url":"https:\/\/www.agrupamentoverticalgaviao.pt\/wp-content\/uploads\/2023\/10\/sol_banner.jpg","type":"image\/jpeg"}],"author":"marco Vilela","twitter_card":"summary_large_image","twitter_misc":{"Escrito por":"marco Vilela"},"schema":{"@context":"https:\/\/schema.org","@graph":[{"@type":"Article","@id":"https:\/\/www.agrupamentoverticalgaviao.pt\/?p=42988#article","isPartOf":{"@id":"https:\/\/www.agrupamentoverticalgaviao.pt\/?p=42988"},"author":{"name":"marco Vilela","@id":"https:\/\/www.agrupamentoverticalgaviao.pt\/#\/schema\/person\/b337300b08ca20a17717f1b413f4b253"},"headline":"Exposi\u00e7\u00e3o &#8220;O Sol quando nasce \u00e9 para Todos&#8221;","datePublished":"2023-10-25T22:21:49+00:00","dateModified":"2023-10-25T22:21:50+00:00","mainEntityOfPage":{"@id":"https:\/\/www.agrupamentoverticalgaviao.pt\/?p=42988"},"wordCount":69,"image":{"@id":"https:\/\/www.agrupamentoverticalgaviao.pt\/?p=42988#primaryimage"},"thumbnailUrl":"https:\/\/www.agrupamentoverticalgaviao.pt\/wp-content\/uploads\/2023\/10\/sol_banner.jpg","articleSection":["Dia Mundial de Combate ao Bullying"],"inLanguage":"pt-PT"},{"@type":"WebPage","@id":"https:\/\/www.agrupamentoverticalgaviao.pt\/?p=42988","url":"https:\/\/www.agrupamentoverticalgaviao.pt\/?p=42988","name":"Exposi\u00e7\u00e3o \"O Sol quando nasce \u00e9 para Todos\" - Agrupamento de Escolas de Gavi\u00e3o","isPartOf":{"@id":"https:\/\/www.agrupamentoverticalgaviao.pt\/#website"},"primaryImageOfPage":{"@id":"https:\/\/www.agrupamentoverticalgaviao.pt\/?p=42988#primaryimage"},"image":{"@id":"https:\/\/www.agrupamentoverticalgaviao.pt\/?p=42988#primaryimage"},"thumbnailUrl":"https:\/\/www.agrupamentoverticalgaviao.pt\/wp-content\/uploads\/2023\/10\/sol_banner.jpg","datePublished":"2023-10-25T22:21:49+00:00","dateModified":"2023-10-25T22:21:50+00:00","author":{"@id":"https:\/\/www.agrupamentoverticalgaviao.pt\/#\/schema\/person\/b337300b08ca20a17717f1b413f4b253"},"breadcrumb":{"@id":"https:\/\/www.agrupamentoverticalgaviao.pt\/?p=42988#breadcrumb"},"inLanguage":"pt-PT","potentialAction":[{"@type":"ReadAction","target":["https:\/\/www.agrupamentoverticalgaviao.pt\/?p=42988"]}]},{"@type":"ImageObject","inLanguage":"pt-PT","@id":"https:\/\/www.agrupamentoverticalgaviao.pt\/?p=42988#primaryimage","url":"https:\/\/www.agrupamentoverticalgaviao.pt\/wp-content\/uploads\/2023\/10\/sol_banner.jpg","contentUrl":"https:\/\/www.agrupamentoverticalgaviao.pt\/wp-content\/uploads\/2023\/10\/sol_banner.jpg","width":600,"height":200},{"@type":"BreadcrumbList","@id":"https:\/\/www.agrupamentoverticalgaviao.pt\/?p=42988#breadcrumb","itemListElement":[{"@type":"ListItem","position":1,"name":"In\u00edcio","item":"https:\/\/www.agrupamentoverticalgaviao.pt\/"},{"@type":"ListItem","position":2,"name":"Exposi\u00e7\u00e3o &#8220;O Sol quando nasce \u00e9 para Todos&#8221;"}]},{"@type":"WebSite","@id":"https:\/\/www.agrupamentoverticalgaviao.pt\/#website","url":"https:\/\/www.agrupamentoverticalgaviao.pt\/","name":"Agrupamento de Escolas de Gavi\u00e3o","description":"","alternateName":"Agrupamento de Escolas de Gavi\u00e3o","potentialAction":[{"@type":"SearchAction","target":{"@type":"EntryPoint","urlTemplate":"https:\/\/www.agrupamentoverticalgaviao.pt\/?s={search_term_string}"},"query-input":{"@type":"PropertyValueSpecification","valueRequired":true,"valueName":"search_term_string"}}],"inLanguage":"pt-PT"},{"@type":"Person","@id":"https:\/\/www.agrupamentoverticalgaviao.pt\/#\/schema\/person\/b337300b08ca20a17717f1b413f4b253","name":"marco Vilela","image":{"@type":"ImageObject","inLanguage":"pt-PT","@id":"https:\/\/secure.gravatar.com\/avatar\/8eb0feb60b637bbf624addb993bbcd710c4802ede472519543b7b7625a815e2d?s=96&d=mm&r=g","url":"https:\/\/secure.gravatar.com\/avatar\/8eb0feb60b637bbf624addb993bbcd710c4802ede472519543b7b7625a815e2d?s=96&d=mm&r=g","contentUrl":"https:\/\/secure.gravatar.com\/avatar\/8eb0feb60b637bbf624addb993bbcd710c4802ede472519543b7b7625a815e2d?s=96&d=mm&r=g","caption":"marco Vilela"},"url":"https:\/\/www.agrupamentoverticalgaviao.pt\/?author=2"}]}},"_links":{"self":[{"href":"https:\/\/www.agrupamentoverticalgaviao.pt\/index.php?rest_route=\/wp\/v2\/posts\/42988","targetHints":{"allow":["GET"]}}],"collection":[{"href":"https:\/\/www.agrupamentoverticalgaviao.pt\/index.php?rest_route=\/wp\/v2\/posts"}],"about":[{"href":"https:\/\/www.agrupamentoverticalgaviao.pt\/index.php?rest_route=\/wp\/v2\/types\/post"}],"author":[{"embeddable":true,"href":"https:\/\/www.agrupamentoverticalgaviao.pt\/index.php?rest_route=\/wp\/v2\/users\/2"}],"replies":[{"embeddable":true,"href":"https:\/\/www.agrupamentoverticalgaviao.pt\/index.php?rest_route=%2Fwp%2Fv2%2Fcomments&post=42988"}],"version-history":[{"count":1,"href":"https:\/\/www.agrupamentoverticalgaviao.pt\/index.php?rest_route=\/wp\/v2\/posts\/42988\/revisions"}],"predecessor-version":[{"id":43032,"href":"https:\/\/www.agrupamentoverticalgaviao.pt\/index.php?rest_route=\/wp\/v2\/posts\/42988\/revisions\/43032"}],"wp:featuredmedia":[{"embeddable":true,"href":"https:\/\/www.agrupamentoverticalgaviao.pt\/index.php?rest_route=\/wp\/v2\/media\/43031"}],"wp:attachment":[{"href":"https:\/\/www.agrupamentoverticalgaviao.pt\/index.php?rest_route=%2Fwp%2Fv2%2Fmedia&parent=42988"}],"wp:term":[{"taxonomy":"category","embeddable":true,"href":"https:\/\/www.agrupamentoverticalgaviao.pt\/index.php?rest_route=%2Fwp%2Fv2%2Fcategories&post=42988"},{"taxonomy":"post_tag","embeddable":true,"href":"https:\/\/www.agrupamentoverticalgaviao.pt\/index.php?rest_route=%2Fwp%2Fv2%2Ftags&post=42988"}],"curies":[{"name":"wp","href":"https:\/\/api.w.org\/{rel}","templated":true}]}}