{"id":42283,"date":"2023-05-25T21:26:10","date_gmt":"2023-05-25T21:26:10","guid":{"rendered":"https:\/\/www.agrupamentoverticalgaviao.pt\/?p=42283"},"modified":"2023-05-25T21:27:02","modified_gmt":"2023-05-25T21:27:02","slug":"na-minha-escola-aconteceu","status":"publish","type":"post","link":"https:\/\/www.agrupamentoverticalgaviao.pt\/?p=42283","title":{"rendered":"Na minha escola aconteceu\u2026"},"content":{"rendered":"\n<p>Na minha escola comemorou-se a Semana Europeia. Em diferentes espa\u00e7os estiveram patentes pequenas exposi\u00e7\u00f5es. Uma delas foi a exposi\u00e7\u00e3o \u201cDe Mala na M\u00e3o\u201d, que mostrou trabalhos elaborados pelos alunos das turmas do 9\u00ba ano, que deram a conhecer um pouco mais de cada pa\u00eds da Uni\u00e3o Europeia (UE). Tamb\u00e9m as portas da escola deram a conhecer a diversidade lingu\u00edstica existente na UE, pois continham bal\u00f5es de fala com as palavras \u201col\u00e1 e obrigado\u201d escritas nas diferentes l\u00ednguas. Na Biblioteca escolar, tamb\u00e9m havia um placard com bal\u00f5es de fala, estes significavam a mesma palavra: Amor.<\/p>\n\n\n\n<p>Num painel de ard\u00f3sia, escreveram-se os nomes de todos os pa\u00edses da Uni\u00e3o Europeia e respetivas capitais. J\u00e1 noutro local da escola, colocaram-se placas com a dist\u00e2ncia f\u00edsica das diferentes capitais da nossa capital.<\/p>\n\n\n\n<p>Ao longo desta semana, tivemos a oportunidade de degustar diferentes pratos europeus na nossa cantina.&nbsp;<\/p>\n\n\n\n<p>E, foi isto que aconteceu na minha escola durante a Semana Europeia, entre outras coisas.<\/p>\n\n\n\n<p>Artigo escrito por:<\/p>\n\n\n\n<p>Pedro Branco (7\u00baB)<\/p>\n\n\n\n<p>Prof. Augusta E. \/ M\u00aa Jo\u00e3o R.\/ Lu\u00edsa F.<\/p>\n\n\n\n<figure class=\"wp-block-gallery has-nested-images columns-default is-cropped wp-block-gallery-1 is-layout-flex wp-block-gallery-is-layout-flex\">\n<figure class=\"wp-block-image size-large\"><a href=\"https:\/\/www.agrupamentoverticalgaviao.pt\/wp-content\/uploads\/2023\/05\/SemanaEuropeia_06.jpg\"><img loading=\"lazy\" decoding=\"async\" width=\"620\" height=\"827\" data-id=\"42281\" src=\"https:\/\/www.agrupamentoverticalgaviao.pt\/wp-content\/uploads\/2023\/05\/SemanaEuropeia_06.jpg\" alt=\"\" class=\"wp-image-42281\" srcset=\"https:\/\/www.agrupamentoverticalgaviao.pt\/wp-content\/uploads\/2023\/05\/SemanaEuropeia_06.jpg 620w, https:\/\/www.agrupamentoverticalgaviao.pt\/wp-content\/uploads\/2023\/05\/SemanaEuropeia_06-225x300.jpg 225w\" sizes=\"auto, (max-width: 620px) 100vw, 620px\" \/><\/a><\/figure>\n\n\n\n<figure class=\"wp-block-image size-large\"><a href=\"https:\/\/www.agrupamentoverticalgaviao.pt\/wp-content\/uploads\/2023\/05\/SemanaEuropeia_05.jpg\"><img loading=\"lazy\" decoding=\"async\" width=\"620\" height=\"827\" data-id=\"42280\" src=\"https:\/\/www.agrupamentoverticalgaviao.pt\/wp-content\/uploads\/2023\/05\/SemanaEuropeia_05.jpg\" alt=\"\" class=\"wp-image-42280\" srcset=\"https:\/\/www.agrupamentoverticalgaviao.pt\/wp-content\/uploads\/2023\/05\/SemanaEuropeia_05.jpg 620w, https:\/\/www.agrupamentoverticalgaviao.pt\/wp-content\/uploads\/2023\/05\/SemanaEuropeia_05-225x300.jpg 225w\" sizes=\"auto, (max-width: 620px) 100vw, 620px\" \/><\/a><\/figure>\n\n\n\n<figure class=\"wp-block-image size-large\"><a href=\"https:\/\/www.agrupamentoverticalgaviao.pt\/wp-content\/uploads\/2023\/05\/SemanaEuropeia_04.jpg\"><img loading=\"lazy\" decoding=\"async\" width=\"620\" height=\"827\" data-id=\"42279\" src=\"https:\/\/www.agrupamentoverticalgaviao.pt\/wp-content\/uploads\/2023\/05\/SemanaEuropeia_04.jpg\" alt=\"\" class=\"wp-image-42279\" srcset=\"https:\/\/www.agrupamentoverticalgaviao.pt\/wp-content\/uploads\/2023\/05\/SemanaEuropeia_04.jpg 620w, https:\/\/www.agrupamentoverticalgaviao.pt\/wp-content\/uploads\/2023\/05\/SemanaEuropeia_04-225x300.jpg 225w\" sizes=\"auto, (max-width: 620px) 100vw, 620px\" \/><\/a><\/figure>\n\n\n\n<figure class=\"wp-block-image size-large\"><a href=\"https:\/\/www.agrupamentoverticalgaviao.pt\/wp-content\/uploads\/2023\/05\/SemanaEuropeia_03.jpg\"><img loading=\"lazy\" decoding=\"async\" width=\"620\" height=\"465\" data-id=\"42278\" src=\"https:\/\/www.agrupamentoverticalgaviao.pt\/wp-content\/uploads\/2023\/05\/SemanaEuropeia_03.jpg\" alt=\"\" class=\"wp-image-42278\" srcset=\"https:\/\/www.agrupamentoverticalgaviao.pt\/wp-content\/uploads\/2023\/05\/SemanaEuropeia_03.jpg 620w, https:\/\/www.agrupamentoverticalgaviao.pt\/wp-content\/uploads\/2023\/05\/SemanaEuropeia_03-300x225.jpg 300w\" sizes=\"auto, (max-width: 620px) 100vw, 620px\" \/><\/a><\/figure>\n\n\n\n<figure class=\"wp-block-image size-large\"><a href=\"https:\/\/www.agrupamentoverticalgaviao.pt\/wp-content\/uploads\/2023\/05\/SemanaEuropeia_02.jpg\"><img loading=\"lazy\" decoding=\"async\" width=\"620\" height=\"465\" data-id=\"42277\" src=\"https:\/\/www.agrupamentoverticalgaviao.pt\/wp-content\/uploads\/2023\/05\/SemanaEuropeia_02.jpg\" alt=\"\" class=\"wp-image-42277\" srcset=\"https:\/\/www.agrupamentoverticalgaviao.pt\/wp-content\/uploads\/2023\/05\/SemanaEuropeia_02.jpg 620w, https:\/\/www.agrupamentoverticalgaviao.pt\/wp-content\/uploads\/2023\/05\/SemanaEuropeia_02-300x225.jpg 300w\" sizes=\"auto, (max-width: 620px) 100vw, 620px\" \/><\/a><\/figure>\n\n\n\n<figure class=\"wp-block-image size-large\"><a href=\"https:\/\/www.agrupamentoverticalgaviao.pt\/wp-content\/uploads\/2023\/05\/SemanaEuropeia_01.jpg\"><img loading=\"lazy\" decoding=\"async\" width=\"620\" height=\"827\" data-id=\"42276\" src=\"https:\/\/www.agrupamentoverticalgaviao.pt\/wp-content\/uploads\/2023\/05\/SemanaEuropeia_01.jpg\" alt=\"\" class=\"wp-image-42276\" srcset=\"https:\/\/www.agrupamentoverticalgaviao.pt\/wp-content\/uploads\/2023\/05\/SemanaEuropeia_01.jpg 620w, https:\/\/www.agrupamentoverticalgaviao.pt\/wp-content\/uploads\/2023\/05\/SemanaEuropeia_01-225x300.jpg 225w\" sizes=\"auto, (max-width: 620px) 100vw, 620px\" \/><\/a><\/figure>\n<\/figure>\n","protected":false},"excerpt":{"rendered":"<p>Na minha escola comemorou-se a Semana Europeia. Em diferentes espa\u00e7os estiveram patentes pequenas exposi\u00e7\u00f5es. &hellip; <\/p>\n","protected":false},"author":2,"featured_media":42284,"comment_status":"closed","ping_status":"closed","sticky":false,"template":"","format":"standard","meta":{"footnotes":""},"categories":[25],"tags":[],"class_list":["post-42283","post","type-post","status-publish","format-standard","has-post-thumbnail","hentry","category-agrupamento-de-escolas-de-gaviao"],"yoast_head":"<!-- This site is optimized with the Yoast SEO plugin v27.4 - https:\/\/yoast.com\/product\/yoast-seo-wordpress\/ -->\n<title>Na minha escola aconteceu\u2026 - Agrupamento de Escolas de Gavi\u00e3o<\/title>\n<meta name=\"robots\" content=\"index, follow, max-snippet:-1, max-image-preview:large, max-video-preview:-1\" \/>\n<link rel=\"canonical\" href=\"https:\/\/www.agrupamentoverticalgaviao.pt\/?p=42283\" \/>\n<meta property=\"og:locale\" content=\"pt_PT\" \/>\n<meta property=\"og:type\" content=\"article\" \/>\n<meta property=\"og:title\" content=\"Na minha escola aconteceu\u2026 - Agrupamento de Escolas de Gavi\u00e3o\" \/>\n<meta property=\"og:description\" content=\"Na minha escola comemorou-se a Semana Europeia. Em diferentes espa\u00e7os estiveram patentes pequenas exposi\u00e7\u00f5es. &hellip;\" \/>\n<meta property=\"og:url\" content=\"https:\/\/www.agrupamentoverticalgaviao.pt\/?p=42283\" \/>\n<meta property=\"og:site_name\" content=\"Agrupamento de Escolas de Gavi\u00e3o\" \/>\n<meta property=\"article:published_time\" content=\"2023-05-25T21:26:10+00:00\" \/>\n<meta property=\"article:modified_time\" content=\"2023-05-25T21:27:02+00:00\" \/>\n<meta property=\"og:image\" content=\"https:\/\/www.agrupamentoverticalgaviao.pt\/wp-content\/uploads\/2023\/05\/SemanaEuropeia_banner.jpg\" \/>\n\t<meta property=\"og:image:width\" content=\"600\" \/>\n\t<meta property=\"og:image:height\" content=\"200\" \/>\n\t<meta property=\"og:image:type\" content=\"image\/jpeg\" \/>\n<meta name=\"author\" content=\"marco Vilela\" \/>\n<meta name=\"twitter:card\" content=\"summary_large_image\" \/>\n<meta name=\"twitter:label1\" content=\"Escrito por\" \/>\n\t<meta name=\"twitter:data1\" content=\"marco Vilela\" \/>\n\t<meta name=\"twitter:label2\" content=\"Tempo estimado de leitura\" \/>\n\t<meta name=\"twitter:data2\" content=\"1 minuto\" \/>\n<script type=\"application\/ld+json\" class=\"yoast-schema-graph\">{\"@context\":\"https:\\\/\\\/schema.org\",\"@graph\":[{\"@type\":\"Article\",\"@id\":\"https:\\\/\\\/www.agrupamentoverticalgaviao.pt\\\/?p=42283#article\",\"isPartOf\":{\"@id\":\"https:\\\/\\\/www.agrupamentoverticalgaviao.pt\\\/?p=42283\"},\"author\":{\"name\":\"marco Vilela\",\"@id\":\"https:\\\/\\\/www.agrupamentoverticalgaviao.pt\\\/#\\\/schema\\\/person\\\/b337300b08ca20a17717f1b413f4b253\"},\"headline\":\"Na minha escola aconteceu\u2026\",\"datePublished\":\"2023-05-25T21:26:10+00:00\",\"dateModified\":\"2023-05-25T21:27:02+00:00\",\"mainEntityOfPage\":{\"@id\":\"https:\\\/\\\/www.agrupamentoverticalgaviao.pt\\\/?p=42283\"},\"wordCount\":195,\"image\":{\"@id\":\"https:\\\/\\\/www.agrupamentoverticalgaviao.pt\\\/?p=42283#primaryimage\"},\"thumbnailUrl\":\"https:\\\/\\\/www.agrupamentoverticalgaviao.pt\\\/wp-content\\\/uploads\\\/2023\\\/05\\\/SemanaEuropeia_banner.jpg\",\"articleSection\":[\"Agrupamento de Escolas de Gavi\u00e3o\"],\"inLanguage\":\"pt-PT\"},{\"@type\":\"WebPage\",\"@id\":\"https:\\\/\\\/www.agrupamentoverticalgaviao.pt\\\/?p=42283\",\"url\":\"https:\\\/\\\/www.agrupamentoverticalgaviao.pt\\\/?p=42283\",\"name\":\"Na minha escola aconteceu\u2026 - Agrupamento de Escolas de Gavi\u00e3o\",\"isPartOf\":{\"@id\":\"https:\\\/\\\/www.agrupamentoverticalgaviao.pt\\\/#website\"},\"primaryImageOfPage\":{\"@id\":\"https:\\\/\\\/www.agrupamentoverticalgaviao.pt\\\/?p=42283#primaryimage\"},\"image\":{\"@id\":\"https:\\\/\\\/www.agrupamentoverticalgaviao.pt\\\/?p=42283#primaryimage\"},\"thumbnailUrl\":\"https:\\\/\\\/www.agrupamentoverticalgaviao.pt\\\/wp-content\\\/uploads\\\/2023\\\/05\\\/SemanaEuropeia_banner.jpg\",\"datePublished\":\"2023-05-25T21:26:10+00:00\",\"dateModified\":\"2023-05-25T21:27:02+00:00\",\"author\":{\"@id\":\"https:\\\/\\\/www.agrupamentoverticalgaviao.pt\\\/#\\\/schema\\\/person\\\/b337300b08ca20a17717f1b413f4b253\"},\"breadcrumb\":{\"@id\":\"https:\\\/\\\/www.agrupamentoverticalgaviao.pt\\\/?p=42283#breadcrumb\"},\"inLanguage\":\"pt-PT\",\"potentialAction\":[{\"@type\":\"ReadAction\",\"target\":[\"https:\\\/\\\/www.agrupamentoverticalgaviao.pt\\\/?p=42283\"]}]},{\"@type\":\"ImageObject\",\"inLanguage\":\"pt-PT\",\"@id\":\"https:\\\/\\\/www.agrupamentoverticalgaviao.pt\\\/?p=42283#primaryimage\",\"url\":\"https:\\\/\\\/www.agrupamentoverticalgaviao.pt\\\/wp-content\\\/uploads\\\/2023\\\/05\\\/SemanaEuropeia_banner.jpg\",\"contentUrl\":\"https:\\\/\\\/www.agrupamentoverticalgaviao.pt\\\/wp-content\\\/uploads\\\/2023\\\/05\\\/SemanaEuropeia_banner.jpg\",\"width\":600,\"height\":200},{\"@type\":\"BreadcrumbList\",\"@id\":\"https:\\\/\\\/www.agrupamentoverticalgaviao.pt\\\/?p=42283#breadcrumb\",\"itemListElement\":[{\"@type\":\"ListItem\",\"position\":1,\"name\":\"In\u00edcio\",\"item\":\"https:\\\/\\\/www.agrupamentoverticalgaviao.pt\\\/\"},{\"@type\":\"ListItem\",\"position\":2,\"name\":\"Na minha escola aconteceu\u2026\"}]},{\"@type\":\"WebSite\",\"@id\":\"https:\\\/\\\/www.agrupamentoverticalgaviao.pt\\\/#website\",\"url\":\"https:\\\/\\\/www.agrupamentoverticalgaviao.pt\\\/\",\"name\":\"Agrupamento de Escolas de Gavi\u00e3o\",\"description\":\"\",\"alternateName\":\"Agrupamento de Escolas de Gavi\u00e3o\",\"potentialAction\":[{\"@type\":\"SearchAction\",\"target\":{\"@type\":\"EntryPoint\",\"urlTemplate\":\"https:\\\/\\\/www.agrupamentoverticalgaviao.pt\\\/?s={search_term_string}\"},\"query-input\":{\"@type\":\"PropertyValueSpecification\",\"valueRequired\":true,\"valueName\":\"search_term_string\"}}],\"inLanguage\":\"pt-PT\"},{\"@type\":\"Person\",\"@id\":\"https:\\\/\\\/www.agrupamentoverticalgaviao.pt\\\/#\\\/schema\\\/person\\\/b337300b08ca20a17717f1b413f4b253\",\"name\":\"marco Vilela\",\"image\":{\"@type\":\"ImageObject\",\"inLanguage\":\"pt-PT\",\"@id\":\"https:\\\/\\\/secure.gravatar.com\\\/avatar\\\/8eb0feb60b637bbf624addb993bbcd710c4802ede472519543b7b7625a815e2d?s=96&d=mm&r=g\",\"url\":\"https:\\\/\\\/secure.gravatar.com\\\/avatar\\\/8eb0feb60b637bbf624addb993bbcd710c4802ede472519543b7b7625a815e2d?s=96&d=mm&r=g\",\"contentUrl\":\"https:\\\/\\\/secure.gravatar.com\\\/avatar\\\/8eb0feb60b637bbf624addb993bbcd710c4802ede472519543b7b7625a815e2d?s=96&d=mm&r=g\",\"caption\":\"marco Vilela\"},\"url\":\"https:\\\/\\\/www.agrupamentoverticalgaviao.pt\\\/?author=2\"}]}<\/script>\n<!-- \/ Yoast SEO plugin. -->","yoast_head_json":{"title":"Na minha escola aconteceu\u2026 - Agrupamento de Escolas de Gavi\u00e3o","robots":{"index":"index","follow":"follow","max-snippet":"max-snippet:-1","max-image-preview":"max-image-preview:large","max-video-preview":"max-video-preview:-1"},"canonical":"https:\/\/www.agrupamentoverticalgaviao.pt\/?p=42283","og_locale":"pt_PT","og_type":"article","og_title":"Na minha escola aconteceu\u2026 - Agrupamento de Escolas de Gavi\u00e3o","og_description":"Na minha escola comemorou-se a Semana Europeia. Em diferentes espa\u00e7os estiveram patentes pequenas exposi\u00e7\u00f5es. &hellip;","og_url":"https:\/\/www.agrupamentoverticalgaviao.pt\/?p=42283","og_site_name":"Agrupamento de Escolas de Gavi\u00e3o","article_published_time":"2023-05-25T21:26:10+00:00","article_modified_time":"2023-05-25T21:27:02+00:00","og_image":[{"width":600,"height":200,"url":"https:\/\/www.agrupamentoverticalgaviao.pt\/wp-content\/uploads\/2023\/05\/SemanaEuropeia_banner.jpg","type":"image\/jpeg"}],"author":"marco Vilela","twitter_card":"summary_large_image","twitter_misc":{"Escrito por":"marco Vilela","Tempo estimado de leitura":"1 minuto"},"schema":{"@context":"https:\/\/schema.org","@graph":[{"@type":"Article","@id":"https:\/\/www.agrupamentoverticalgaviao.pt\/?p=42283#article","isPartOf":{"@id":"https:\/\/www.agrupamentoverticalgaviao.pt\/?p=42283"},"author":{"name":"marco Vilela","@id":"https:\/\/www.agrupamentoverticalgaviao.pt\/#\/schema\/person\/b337300b08ca20a17717f1b413f4b253"},"headline":"Na minha escola aconteceu\u2026","datePublished":"2023-05-25T21:26:10+00:00","dateModified":"2023-05-25T21:27:02+00:00","mainEntityOfPage":{"@id":"https:\/\/www.agrupamentoverticalgaviao.pt\/?p=42283"},"wordCount":195,"image":{"@id":"https:\/\/www.agrupamentoverticalgaviao.pt\/?p=42283#primaryimage"},"thumbnailUrl":"https:\/\/www.agrupamentoverticalgaviao.pt\/wp-content\/uploads\/2023\/05\/SemanaEuropeia_banner.jpg","articleSection":["Agrupamento de Escolas de Gavi\u00e3o"],"inLanguage":"pt-PT"},{"@type":"WebPage","@id":"https:\/\/www.agrupamentoverticalgaviao.pt\/?p=42283","url":"https:\/\/www.agrupamentoverticalgaviao.pt\/?p=42283","name":"Na minha escola aconteceu\u2026 - Agrupamento de Escolas de Gavi\u00e3o","isPartOf":{"@id":"https:\/\/www.agrupamentoverticalgaviao.pt\/#website"},"primaryImageOfPage":{"@id":"https:\/\/www.agrupamentoverticalgaviao.pt\/?p=42283#primaryimage"},"image":{"@id":"https:\/\/www.agrupamentoverticalgaviao.pt\/?p=42283#primaryimage"},"thumbnailUrl":"https:\/\/www.agrupamentoverticalgaviao.pt\/wp-content\/uploads\/2023\/05\/SemanaEuropeia_banner.jpg","datePublished":"2023-05-25T21:26:10+00:00","dateModified":"2023-05-25T21:27:02+00:00","author":{"@id":"https:\/\/www.agrupamentoverticalgaviao.pt\/#\/schema\/person\/b337300b08ca20a17717f1b413f4b253"},"breadcrumb":{"@id":"https:\/\/www.agrupamentoverticalgaviao.pt\/?p=42283#breadcrumb"},"inLanguage":"pt-PT","potentialAction":[{"@type":"ReadAction","target":["https:\/\/www.agrupamentoverticalgaviao.pt\/?p=42283"]}]},{"@type":"ImageObject","inLanguage":"pt-PT","@id":"https:\/\/www.agrupamentoverticalgaviao.pt\/?p=42283#primaryimage","url":"https:\/\/www.agrupamentoverticalgaviao.pt\/wp-content\/uploads\/2023\/05\/SemanaEuropeia_banner.jpg","contentUrl":"https:\/\/www.agrupamentoverticalgaviao.pt\/wp-content\/uploads\/2023\/05\/SemanaEuropeia_banner.jpg","width":600,"height":200},{"@type":"BreadcrumbList","@id":"https:\/\/www.agrupamentoverticalgaviao.pt\/?p=42283#breadcrumb","itemListElement":[{"@type":"ListItem","position":1,"name":"In\u00edcio","item":"https:\/\/www.agrupamentoverticalgaviao.pt\/"},{"@type":"ListItem","position":2,"name":"Na minha escola aconteceu\u2026"}]},{"@type":"WebSite","@id":"https:\/\/www.agrupamentoverticalgaviao.pt\/#website","url":"https:\/\/www.agrupamentoverticalgaviao.pt\/","name":"Agrupamento de Escolas de Gavi\u00e3o","description":"","alternateName":"Agrupamento de Escolas de Gavi\u00e3o","potentialAction":[{"@type":"SearchAction","target":{"@type":"EntryPoint","urlTemplate":"https:\/\/www.agrupamentoverticalgaviao.pt\/?s={search_term_string}"},"query-input":{"@type":"PropertyValueSpecification","valueRequired":true,"valueName":"search_term_string"}}],"inLanguage":"pt-PT"},{"@type":"Person","@id":"https:\/\/www.agrupamentoverticalgaviao.pt\/#\/schema\/person\/b337300b08ca20a17717f1b413f4b253","name":"marco Vilela","image":{"@type":"ImageObject","inLanguage":"pt-PT","@id":"https:\/\/secure.gravatar.com\/avatar\/8eb0feb60b637bbf624addb993bbcd710c4802ede472519543b7b7625a815e2d?s=96&d=mm&r=g","url":"https:\/\/secure.gravatar.com\/avatar\/8eb0feb60b637bbf624addb993bbcd710c4802ede472519543b7b7625a815e2d?s=96&d=mm&r=g","contentUrl":"https:\/\/secure.gravatar.com\/avatar\/8eb0feb60b637bbf624addb993bbcd710c4802ede472519543b7b7625a815e2d?s=96&d=mm&r=g","caption":"marco Vilela"},"url":"https:\/\/www.agrupamentoverticalgaviao.pt\/?author=2"}]}},"_links":{"self":[{"href":"https:\/\/www.agrupamentoverticalgaviao.pt\/index.php?rest_route=\/wp\/v2\/posts\/42283","targetHints":{"allow":["GET"]}}],"collection":[{"href":"https:\/\/www.agrupamentoverticalgaviao.pt\/index.php?rest_route=\/wp\/v2\/posts"}],"about":[{"href":"https:\/\/www.agrupamentoverticalgaviao.pt\/index.php?rest_route=\/wp\/v2\/types\/post"}],"author":[{"embeddable":true,"href":"https:\/\/www.agrupamentoverticalgaviao.pt\/index.php?rest_route=\/wp\/v2\/users\/2"}],"replies":[{"embeddable":true,"href":"https:\/\/www.agrupamentoverticalgaviao.pt\/index.php?rest_route=%2Fwp%2Fv2%2Fcomments&post=42283"}],"version-history":[{"count":1,"href":"https:\/\/www.agrupamentoverticalgaviao.pt\/index.php?rest_route=\/wp\/v2\/posts\/42283\/revisions"}],"predecessor-version":[{"id":42285,"href":"https:\/\/www.agrupamentoverticalgaviao.pt\/index.php?rest_route=\/wp\/v2\/posts\/42283\/revisions\/42285"}],"wp:featuredmedia":[{"embeddable":true,"href":"https:\/\/www.agrupamentoverticalgaviao.pt\/index.php?rest_route=\/wp\/v2\/media\/42284"}],"wp:attachment":[{"href":"https:\/\/www.agrupamentoverticalgaviao.pt\/index.php?rest_route=%2Fwp%2Fv2%2Fmedia&parent=42283"}],"wp:term":[{"taxonomy":"category","embeddable":true,"href":"https:\/\/www.agrupamentoverticalgaviao.pt\/index.php?rest_route=%2Fwp%2Fv2%2Fcategories&post=42283"},{"taxonomy":"post_tag","embeddable":true,"href":"https:\/\/www.agrupamentoverticalgaviao.pt\/index.php?rest_route=%2Fwp%2Fv2%2Ftags&post=42283"}],"curies":[{"name":"wp","href":"https:\/\/api.w.org\/{rel}","templated":true}]}}