{"id":41567,"date":"2023-02-05T19:39:44","date_gmt":"2023-02-05T19:39:44","guid":{"rendered":"https:\/\/www.agrupamentoverticalgaviao.pt\/?p=41567"},"modified":"2023-02-05T19:39:44","modified_gmt":"2023-02-05T19:39:44","slug":"sessao-escolar-do-parlamento-dos-jovens-sessao-do-ensino-basico","status":"publish","type":"post","link":"https:\/\/www.agrupamentoverticalgaviao.pt\/?p=41567","title":{"rendered":"Sess\u00e3o Escolar do Parlamento dos Jovens &#8211; Sess\u00e3o do Ensino B\u00e1sico"},"content":{"rendered":"\n<p>O Programa Parlamento dos Jovens \u00e9 uma iniciativa da Assembleia da Rep\u00fablica e pressup\u00f5e um verdadeiro exerc\u00edcio de cidadania ativa e participativa.<br>No dia 25 de janeiro realizou-se a Sess\u00e3o Escolar em que os deputados, eleitos pelos seus pares, debateram o tema &#8220;Sa\u00fade Mental nos Jovens. Que desafios? Que respostas&#8221;.<br>Foi gratificante ver a forma como alunos do 5\u00ba ao 9\u00ba ano apresentaram as suas propostas, debateram as suas ideias e expressaram a sua vontade de forma c\u00edvica, votando nas medidas do Projeto de Recomenda\u00e7\u00e3o da nossa escola.<br>Elegeram tamb\u00e9m os 4 deputados (3 efetivos e 1 suplente) que representar\u00e3o a escola na Sess\u00e3o Distrital que ocorrer\u00e1 em Portalegre, no dia 13 de mar\u00e7o: Jo\u00e3o Ventura; Carlota Louren\u00e7o; Tiago Lucas Pereira e Margarida Chambel.<br>A todos os que se envolveram neste projeto, alunos, docentes e n\u00e3o docente: Parab\u00e9ns e obrigada.<\/p>\n\n\n\n<figure class=\"wp-block-gallery has-nested-images columns-default is-cropped wp-block-gallery-1 is-layout-flex wp-block-gallery-is-layout-flex\">\n<figure class=\"wp-block-image size-large\"><a href=\"https:\/\/www.agrupamentoverticalgaviao.pt\/wp-content\/uploads\/2023\/02\/Parlamento_jovens_1.jpg\"><img loading=\"lazy\" decoding=\"async\" width=\"620\" height=\"465\" data-id=\"41593\" src=\"https:\/\/www.agrupamentoverticalgaviao.pt\/wp-content\/uploads\/2023\/02\/Parlamento_jovens_1.jpg\" alt=\"\" class=\"wp-image-41593\" srcset=\"https:\/\/www.agrupamentoverticalgaviao.pt\/wp-content\/uploads\/2023\/02\/Parlamento_jovens_1.jpg 620w, https:\/\/www.agrupamentoverticalgaviao.pt\/wp-content\/uploads\/2023\/02\/Parlamento_jovens_1-300x225.jpg 300w\" sizes=\"auto, (max-width: 620px) 100vw, 620px\" \/><\/a><\/figure>\n\n\n\n<figure class=\"wp-block-image size-large\"><a href=\"https:\/\/www.agrupamentoverticalgaviao.pt\/wp-content\/uploads\/2023\/02\/Parlamento_jovens_2.jpg\"><img loading=\"lazy\" decoding=\"async\" width=\"620\" height=\"465\" data-id=\"41594\" src=\"https:\/\/www.agrupamentoverticalgaviao.pt\/wp-content\/uploads\/2023\/02\/Parlamento_jovens_2.jpg\" alt=\"\" class=\"wp-image-41594\" srcset=\"https:\/\/www.agrupamentoverticalgaviao.pt\/wp-content\/uploads\/2023\/02\/Parlamento_jovens_2.jpg 620w, https:\/\/www.agrupamentoverticalgaviao.pt\/wp-content\/uploads\/2023\/02\/Parlamento_jovens_2-300x225.jpg 300w\" sizes=\"auto, (max-width: 620px) 100vw, 620px\" \/><\/a><\/figure>\n\n\n\n<figure class=\"wp-block-image size-large\"><a href=\"https:\/\/www.agrupamentoverticalgaviao.pt\/wp-content\/uploads\/2023\/02\/Parlamento_jovens_3.jpg\"><img loading=\"lazy\" decoding=\"async\" width=\"620\" height=\"465\" data-id=\"41595\" src=\"https:\/\/www.agrupamentoverticalgaviao.pt\/wp-content\/uploads\/2023\/02\/Parlamento_jovens_3.jpg\" alt=\"\" class=\"wp-image-41595\" srcset=\"https:\/\/www.agrupamentoverticalgaviao.pt\/wp-content\/uploads\/2023\/02\/Parlamento_jovens_3.jpg 620w, https:\/\/www.agrupamentoverticalgaviao.pt\/wp-content\/uploads\/2023\/02\/Parlamento_jovens_3-300x225.jpg 300w\" sizes=\"auto, (max-width: 620px) 100vw, 620px\" \/><\/a><\/figure>\n\n\n\n<figure class=\"wp-block-image size-large\"><a href=\"https:\/\/www.agrupamentoverticalgaviao.pt\/wp-content\/uploads\/2023\/02\/Parlamento_jovens_4.jpg\"><img loading=\"lazy\" decoding=\"async\" width=\"620\" height=\"465\" data-id=\"41596\" src=\"https:\/\/www.agrupamentoverticalgaviao.pt\/wp-content\/uploads\/2023\/02\/Parlamento_jovens_4.jpg\" alt=\"\" class=\"wp-image-41596\" srcset=\"https:\/\/www.agrupamentoverticalgaviao.pt\/wp-content\/uploads\/2023\/02\/Parlamento_jovens_4.jpg 620w, https:\/\/www.agrupamentoverticalgaviao.pt\/wp-content\/uploads\/2023\/02\/Parlamento_jovens_4-300x225.jpg 300w\" sizes=\"auto, (max-width: 620px) 100vw, 620px\" \/><\/a><\/figure>\n\n\n\n<figure class=\"wp-block-image size-large\"><a href=\"https:\/\/www.agrupamentoverticalgaviao.pt\/wp-content\/uploads\/2023\/02\/Parlamento_jovens_5.jpg\"><img loading=\"lazy\" decoding=\"async\" width=\"620\" height=\"465\" data-id=\"41597\" src=\"https:\/\/www.agrupamentoverticalgaviao.pt\/wp-content\/uploads\/2023\/02\/Parlamento_jovens_5.jpg\" alt=\"\" class=\"wp-image-41597\" srcset=\"https:\/\/www.agrupamentoverticalgaviao.pt\/wp-content\/uploads\/2023\/02\/Parlamento_jovens_5.jpg 620w, https:\/\/www.agrupamentoverticalgaviao.pt\/wp-content\/uploads\/2023\/02\/Parlamento_jovens_5-300x225.jpg 300w\" sizes=\"auto, (max-width: 620px) 100vw, 620px\" \/><\/a><\/figure>\n\n\n\n<figure class=\"wp-block-image size-large\"><a href=\"https:\/\/www.agrupamentoverticalgaviao.pt\/wp-content\/uploads\/2023\/02\/Parlamento_jovens_6.jpg\"><img loading=\"lazy\" decoding=\"async\" width=\"620\" height=\"465\" data-id=\"41598\" src=\"https:\/\/www.agrupamentoverticalgaviao.pt\/wp-content\/uploads\/2023\/02\/Parlamento_jovens_6.jpg\" alt=\"\" class=\"wp-image-41598\" srcset=\"https:\/\/www.agrupamentoverticalgaviao.pt\/wp-content\/uploads\/2023\/02\/Parlamento_jovens_6.jpg 620w, https:\/\/www.agrupamentoverticalgaviao.pt\/wp-content\/uploads\/2023\/02\/Parlamento_jovens_6-300x225.jpg 300w\" sizes=\"auto, (max-width: 620px) 100vw, 620px\" \/><\/a><\/figure>\n\n\n\n<figure class=\"wp-block-image size-large\"><a href=\"https:\/\/www.agrupamentoverticalgaviao.pt\/wp-content\/uploads\/2023\/02\/Parlamento_jovens_7.jpg\"><img loading=\"lazy\" decoding=\"async\" width=\"620\" height=\"465\" data-id=\"41599\" src=\"https:\/\/www.agrupamentoverticalgaviao.pt\/wp-content\/uploads\/2023\/02\/Parlamento_jovens_7.jpg\" alt=\"\" class=\"wp-image-41599\" srcset=\"https:\/\/www.agrupamentoverticalgaviao.pt\/wp-content\/uploads\/2023\/02\/Parlamento_jovens_7.jpg 620w, https:\/\/www.agrupamentoverticalgaviao.pt\/wp-content\/uploads\/2023\/02\/Parlamento_jovens_7-300x225.jpg 300w\" sizes=\"auto, (max-width: 620px) 100vw, 620px\" \/><\/a><\/figure>\n\n\n\n<figure class=\"wp-block-image size-large\"><a href=\"https:\/\/www.agrupamentoverticalgaviao.pt\/wp-content\/uploads\/2023\/02\/Parlamento_jovens_8.jpg\"><img loading=\"lazy\" decoding=\"async\" width=\"620\" height=\"465\" data-id=\"41600\" src=\"https:\/\/www.agrupamentoverticalgaviao.pt\/wp-content\/uploads\/2023\/02\/Parlamento_jovens_8.jpg\" alt=\"\" class=\"wp-image-41600\" srcset=\"https:\/\/www.agrupamentoverticalgaviao.pt\/wp-content\/uploads\/2023\/02\/Parlamento_jovens_8.jpg 620w, https:\/\/www.agrupamentoverticalgaviao.pt\/wp-content\/uploads\/2023\/02\/Parlamento_jovens_8-300x225.jpg 300w\" sizes=\"auto, (max-width: 620px) 100vw, 620px\" \/><\/a><\/figure>\n\n\n\n<figure class=\"wp-block-image size-large\"><a href=\"https:\/\/www.agrupamentoverticalgaviao.pt\/wp-content\/uploads\/2023\/02\/Parlamento_jovens_9.jpg\"><img loading=\"lazy\" decoding=\"async\" width=\"620\" height=\"827\" data-id=\"41601\" src=\"https:\/\/www.agrupamentoverticalgaviao.pt\/wp-content\/uploads\/2023\/02\/Parlamento_jovens_9.jpg\" alt=\"\" class=\"wp-image-41601\" srcset=\"https:\/\/www.agrupamentoverticalgaviao.pt\/wp-content\/uploads\/2023\/02\/Parlamento_jovens_9.jpg 620w, https:\/\/www.agrupamentoverticalgaviao.pt\/wp-content\/uploads\/2023\/02\/Parlamento_jovens_9-225x300.jpg 225w\" sizes=\"auto, (max-width: 620px) 100vw, 620px\" \/><\/a><\/figure>\n\n\n\n<figure class=\"wp-block-image size-large\"><a href=\"https:\/\/www.agrupamentoverticalgaviao.pt\/wp-content\/uploads\/2023\/02\/Parlamento_jovens_10.jpg\"><img loading=\"lazy\" decoding=\"async\" width=\"620\" height=\"465\" data-id=\"41602\" src=\"https:\/\/www.agrupamentoverticalgaviao.pt\/wp-content\/uploads\/2023\/02\/Parlamento_jovens_10.jpg\" alt=\"\" class=\"wp-image-41602\" srcset=\"https:\/\/www.agrupamentoverticalgaviao.pt\/wp-content\/uploads\/2023\/02\/Parlamento_jovens_10.jpg 620w, https:\/\/www.agrupamentoverticalgaviao.pt\/wp-content\/uploads\/2023\/02\/Parlamento_jovens_10-300x225.jpg 300w\" sizes=\"auto, (max-width: 620px) 100vw, 620px\" \/><\/a><\/figure>\n\n\n\n<figure class=\"wp-block-image size-large\"><a href=\"https:\/\/www.agrupamentoverticalgaviao.pt\/wp-content\/uploads\/2023\/02\/Parlamento_jovens_11.jpg\"><img loading=\"lazy\" decoding=\"async\" width=\"620\" height=\"465\" data-id=\"41603\" src=\"https:\/\/www.agrupamentoverticalgaviao.pt\/wp-content\/uploads\/2023\/02\/Parlamento_jovens_11.jpg\" alt=\"\" class=\"wp-image-41603\" srcset=\"https:\/\/www.agrupamentoverticalgaviao.pt\/wp-content\/uploads\/2023\/02\/Parlamento_jovens_11.jpg 620w, https:\/\/www.agrupamentoverticalgaviao.pt\/wp-content\/uploads\/2023\/02\/Parlamento_jovens_11-300x225.jpg 300w\" sizes=\"auto, (max-width: 620px) 100vw, 620px\" \/><\/a><\/figure>\n\n\n\n<figure class=\"wp-block-image size-large\"><a href=\"https:\/\/www.agrupamentoverticalgaviao.pt\/wp-content\/uploads\/2023\/02\/Parlamento_jovens_12.jpg\"><img loading=\"lazy\" decoding=\"async\" width=\"620\" height=\"465\" data-id=\"41604\" src=\"https:\/\/www.agrupamentoverticalgaviao.pt\/wp-content\/uploads\/2023\/02\/Parlamento_jovens_12.jpg\" alt=\"\" class=\"wp-image-41604\" srcset=\"https:\/\/www.agrupamentoverticalgaviao.pt\/wp-content\/uploads\/2023\/02\/Parlamento_jovens_12.jpg 620w, https:\/\/www.agrupamentoverticalgaviao.pt\/wp-content\/uploads\/2023\/02\/Parlamento_jovens_12-300x225.jpg 300w\" sizes=\"auto, (max-width: 620px) 100vw, 620px\" \/><\/a><\/figure>\n\n\n\n<figure class=\"wp-block-image size-large\"><a href=\"https:\/\/www.agrupamentoverticalgaviao.pt\/wp-content\/uploads\/2023\/02\/Parlamento_jovens_13.jpg\"><img loading=\"lazy\" decoding=\"async\" width=\"620\" height=\"465\" data-id=\"41605\" src=\"https:\/\/www.agrupamentoverticalgaviao.pt\/wp-content\/uploads\/2023\/02\/Parlamento_jovens_13.jpg\" alt=\"\" class=\"wp-image-41605\" srcset=\"https:\/\/www.agrupamentoverticalgaviao.pt\/wp-content\/uploads\/2023\/02\/Parlamento_jovens_13.jpg 620w, https:\/\/www.agrupamentoverticalgaviao.pt\/wp-content\/uploads\/2023\/02\/Parlamento_jovens_13-300x225.jpg 300w\" sizes=\"auto, (max-width: 620px) 100vw, 620px\" \/><\/a><\/figure>\n\n\n\n<figure class=\"wp-block-image size-large\"><a href=\"https:\/\/www.agrupamentoverticalgaviao.pt\/wp-content\/uploads\/2023\/02\/Parlamento_jovens_14.jpg\"><img loading=\"lazy\" decoding=\"async\" width=\"620\" height=\"465\" data-id=\"41606\" src=\"https:\/\/www.agrupamentoverticalgaviao.pt\/wp-content\/uploads\/2023\/02\/Parlamento_jovens_14.jpg\" alt=\"\" class=\"wp-image-41606\" srcset=\"https:\/\/www.agrupamentoverticalgaviao.pt\/wp-content\/uploads\/2023\/02\/Parlamento_jovens_14.jpg 620w, https:\/\/www.agrupamentoverticalgaviao.pt\/wp-content\/uploads\/2023\/02\/Parlamento_jovens_14-300x225.jpg 300w\" sizes=\"auto, (max-width: 620px) 100vw, 620px\" \/><\/a><\/figure>\n\n\n\n<figure class=\"wp-block-image size-large\"><a href=\"https:\/\/www.agrupamentoverticalgaviao.pt\/wp-content\/uploads\/2023\/02\/Parlamento_jovens_15.jpg\"><img loading=\"lazy\" decoding=\"async\" width=\"620\" height=\"465\" data-id=\"41607\" src=\"https:\/\/www.agrupamentoverticalgaviao.pt\/wp-content\/uploads\/2023\/02\/Parlamento_jovens_15.jpg\" alt=\"\" class=\"wp-image-41607\" srcset=\"https:\/\/www.agrupamentoverticalgaviao.pt\/wp-content\/uploads\/2023\/02\/Parlamento_jovens_15.jpg 620w, https:\/\/www.agrupamentoverticalgaviao.pt\/wp-content\/uploads\/2023\/02\/Parlamento_jovens_15-300x225.jpg 300w\" sizes=\"auto, (max-width: 620px) 100vw, 620px\" \/><\/a><\/figure>\n\n\n\n<figure class=\"wp-block-image size-large\"><a href=\"https:\/\/www.agrupamentoverticalgaviao.pt\/wp-content\/uploads\/2023\/02\/Parlamento_jovens_16.jpg\"><img loading=\"lazy\" decoding=\"async\" width=\"620\" height=\"827\" data-id=\"41608\" src=\"https:\/\/www.agrupamentoverticalgaviao.pt\/wp-content\/uploads\/2023\/02\/Parlamento_jovens_16.jpg\" alt=\"\" class=\"wp-image-41608\" srcset=\"https:\/\/www.agrupamentoverticalgaviao.pt\/wp-content\/uploads\/2023\/02\/Parlamento_jovens_16.jpg 620w, https:\/\/www.agrupamentoverticalgaviao.pt\/wp-content\/uploads\/2023\/02\/Parlamento_jovens_16-225x300.jpg 225w\" sizes=\"auto, (max-width: 620px) 100vw, 620px\" \/><\/a><\/figure>\n\n\n\n<figure class=\"wp-block-image size-large\"><a href=\"https:\/\/www.agrupamentoverticalgaviao.pt\/wp-content\/uploads\/2023\/02\/Parlamento_jovens_17.jpg\"><img loading=\"lazy\" decoding=\"async\" width=\"620\" height=\"465\" data-id=\"41609\" src=\"https:\/\/www.agrupamentoverticalgaviao.pt\/wp-content\/uploads\/2023\/02\/Parlamento_jovens_17.jpg\" alt=\"\" class=\"wp-image-41609\" srcset=\"https:\/\/www.agrupamentoverticalgaviao.pt\/wp-content\/uploads\/2023\/02\/Parlamento_jovens_17.jpg 620w, https:\/\/www.agrupamentoverticalgaviao.pt\/wp-content\/uploads\/2023\/02\/Parlamento_jovens_17-300x225.jpg 300w\" sizes=\"auto, (max-width: 620px) 100vw, 620px\" \/><\/a><\/figure>\n\n\n\n<figure class=\"wp-block-image size-large\"><a href=\"https:\/\/www.agrupamentoverticalgaviao.pt\/wp-content\/uploads\/2023\/02\/Parlamento_jovens_18.jpg\"><img loading=\"lazy\" decoding=\"async\" width=\"620\" height=\"465\" data-id=\"41610\" src=\"https:\/\/www.agrupamentoverticalgaviao.pt\/wp-content\/uploads\/2023\/02\/Parlamento_jovens_18.jpg\" alt=\"\" class=\"wp-image-41610\" srcset=\"https:\/\/www.agrupamentoverticalgaviao.pt\/wp-content\/uploads\/2023\/02\/Parlamento_jovens_18.jpg 620w, https:\/\/www.agrupamentoverticalgaviao.pt\/wp-content\/uploads\/2023\/02\/Parlamento_jovens_18-300x225.jpg 300w\" sizes=\"auto, (max-width: 620px) 100vw, 620px\" \/><\/a><\/figure>\n\n\n\n<figure class=\"wp-block-image size-large\"><a href=\"https:\/\/www.agrupamentoverticalgaviao.pt\/wp-content\/uploads\/2023\/02\/Parlamento_jovens_19.jpg\"><img loading=\"lazy\" decoding=\"async\" width=\"620\" height=\"465\" data-id=\"41611\" src=\"https:\/\/www.agrupamentoverticalgaviao.pt\/wp-content\/uploads\/2023\/02\/Parlamento_jovens_19.jpg\" alt=\"\" class=\"wp-image-41611\" srcset=\"https:\/\/www.agrupamentoverticalgaviao.pt\/wp-content\/uploads\/2023\/02\/Parlamento_jovens_19.jpg 620w, https:\/\/www.agrupamentoverticalgaviao.pt\/wp-content\/uploads\/2023\/02\/Parlamento_jovens_19-300x225.jpg 300w\" sizes=\"auto, (max-width: 620px) 100vw, 620px\" \/><\/a><\/figure>\n\n\n\n<figure class=\"wp-block-image size-large\"><a href=\"https:\/\/www.agrupamentoverticalgaviao.pt\/wp-content\/uploads\/2023\/02\/Parlamento_jovens_20.jpg\"><img loading=\"lazy\" decoding=\"async\" width=\"620\" height=\"465\" data-id=\"41612\" src=\"https:\/\/www.agrupamentoverticalgaviao.pt\/wp-content\/uploads\/2023\/02\/Parlamento_jovens_20.jpg\" alt=\"\" class=\"wp-image-41612\" srcset=\"https:\/\/www.agrupamentoverticalgaviao.pt\/wp-content\/uploads\/2023\/02\/Parlamento_jovens_20.jpg 620w, https:\/\/www.agrupamentoverticalgaviao.pt\/wp-content\/uploads\/2023\/02\/Parlamento_jovens_20-300x225.jpg 300w\" sizes=\"auto, (max-width: 620px) 100vw, 620px\" \/><\/a><\/figure>\n\n\n\n<figure class=\"wp-block-image size-large\"><a href=\"https:\/\/www.agrupamentoverticalgaviao.pt\/wp-content\/uploads\/2023\/02\/Parlamento_jovens_21.jpg\"><img loading=\"lazy\" decoding=\"async\" width=\"620\" height=\"465\" data-id=\"41613\" src=\"https:\/\/www.agrupamentoverticalgaviao.pt\/wp-content\/uploads\/2023\/02\/Parlamento_jovens_21.jpg\" alt=\"\" class=\"wp-image-41613\" srcset=\"https:\/\/www.agrupamentoverticalgaviao.pt\/wp-content\/uploads\/2023\/02\/Parlamento_jovens_21.jpg 620w, https:\/\/www.agrupamentoverticalgaviao.pt\/wp-content\/uploads\/2023\/02\/Parlamento_jovens_21-300x225.jpg 300w\" sizes=\"auto, (max-width: 620px) 100vw, 620px\" \/><\/a><\/figure>\n\n\n\n<figure class=\"wp-block-image size-large\"><a href=\"https:\/\/www.agrupamentoverticalgaviao.pt\/wp-content\/uploads\/2023\/02\/Parlamento_jovens_22.jpg\"><img loading=\"lazy\" decoding=\"async\" width=\"620\" height=\"465\" data-id=\"41614\" src=\"https:\/\/www.agrupamentoverticalgaviao.pt\/wp-content\/uploads\/2023\/02\/Parlamento_jovens_22.jpg\" alt=\"\" class=\"wp-image-41614\" srcset=\"https:\/\/www.agrupamentoverticalgaviao.pt\/wp-content\/uploads\/2023\/02\/Parlamento_jovens_22.jpg 620w, https:\/\/www.agrupamentoverticalgaviao.pt\/wp-content\/uploads\/2023\/02\/Parlamento_jovens_22-300x225.jpg 300w\" sizes=\"auto, (max-width: 620px) 100vw, 620px\" \/><\/a><\/figure>\n\n\n\n<figure class=\"wp-block-image size-large\"><a href=\"https:\/\/www.agrupamentoverticalgaviao.pt\/wp-content\/uploads\/2023\/02\/Parlamento_jovens_23.jpg\"><img loading=\"lazy\" decoding=\"async\" width=\"620\" height=\"465\" data-id=\"41615\" src=\"https:\/\/www.agrupamentoverticalgaviao.pt\/wp-content\/uploads\/2023\/02\/Parlamento_jovens_23.jpg\" alt=\"\" class=\"wp-image-41615\" srcset=\"https:\/\/www.agrupamentoverticalgaviao.pt\/wp-content\/uploads\/2023\/02\/Parlamento_jovens_23.jpg 620w, https:\/\/www.agrupamentoverticalgaviao.pt\/wp-content\/uploads\/2023\/02\/Parlamento_jovens_23-300x225.jpg 300w\" sizes=\"auto, (max-width: 620px) 100vw, 620px\" \/><\/a><\/figure>\n\n\n\n<figure class=\"wp-block-image size-large\"><a href=\"https:\/\/www.agrupamentoverticalgaviao.pt\/wp-content\/uploads\/2023\/02\/Parlamento_jovens_24.jpg\"><img loading=\"lazy\" decoding=\"async\" width=\"620\" height=\"465\" data-id=\"41616\" src=\"https:\/\/www.agrupamentoverticalgaviao.pt\/wp-content\/uploads\/2023\/02\/Parlamento_jovens_24.jpg\" alt=\"\" class=\"wp-image-41616\" srcset=\"https:\/\/www.agrupamentoverticalgaviao.pt\/wp-content\/uploads\/2023\/02\/Parlamento_jovens_24.jpg 620w, https:\/\/www.agrupamentoverticalgaviao.pt\/wp-content\/uploads\/2023\/02\/Parlamento_jovens_24-300x225.jpg 300w\" sizes=\"auto, (max-width: 620px) 100vw, 620px\" \/><\/a><\/figure>\n\n\n\n<figure class=\"wp-block-image size-large\"><a href=\"https:\/\/www.agrupamentoverticalgaviao.pt\/wp-content\/uploads\/2023\/02\/Parlamento_jovens_25.jpg\"><img loading=\"lazy\" decoding=\"async\" width=\"620\" height=\"465\" data-id=\"41617\" src=\"https:\/\/www.agrupamentoverticalgaviao.pt\/wp-content\/uploads\/2023\/02\/Parlamento_jovens_25.jpg\" alt=\"\" class=\"wp-image-41617\" srcset=\"https:\/\/www.agrupamentoverticalgaviao.pt\/wp-content\/uploads\/2023\/02\/Parlamento_jovens_25.jpg 620w, https:\/\/www.agrupamentoverticalgaviao.pt\/wp-content\/uploads\/2023\/02\/Parlamento_jovens_25-300x225.jpg 300w\" sizes=\"auto, (max-width: 620px) 100vw, 620px\" \/><\/a><\/figure>\n<\/figure>\n","protected":false},"excerpt":{"rendered":"<p>O Programa Parlamento dos Jovens \u00e9 uma iniciativa da Assembleia da Rep\u00fablica e pressup\u00f5e &hellip; <\/p>\n","protected":false},"author":2,"featured_media":41597,"comment_status":"closed","ping_status":"closed","sticky":false,"template":"","format":"standard","meta":{"footnotes":""},"categories":[38],"tags":[],"class_list":["post-41567","post","type-post","status-publish","format-standard","has-post-thumbnail","hentry","category-parlamento-jovem"],"yoast_head":"<!-- This site is optimized with the Yoast SEO plugin v27.4 - https:\/\/yoast.com\/product\/yoast-seo-wordpress\/ -->\n<title>Sess\u00e3o Escolar do Parlamento dos Jovens - Sess\u00e3o do Ensino B\u00e1sico - Agrupamento de Escolas de Gavi\u00e3o<\/title>\n<meta name=\"robots\" content=\"index, follow, max-snippet:-1, max-image-preview:large, max-video-preview:-1\" \/>\n<link rel=\"canonical\" href=\"https:\/\/www.agrupamentoverticalgaviao.pt\/?p=41567\" \/>\n<meta property=\"og:locale\" content=\"pt_PT\" \/>\n<meta property=\"og:type\" content=\"article\" \/>\n<meta property=\"og:title\" content=\"Sess\u00e3o Escolar do Parlamento dos Jovens - Sess\u00e3o do Ensino B\u00e1sico - Agrupamento de Escolas de Gavi\u00e3o\" \/>\n<meta property=\"og:description\" content=\"O Programa Parlamento dos Jovens \u00e9 uma iniciativa da Assembleia da Rep\u00fablica e pressup\u00f5e &hellip;\" \/>\n<meta property=\"og:url\" content=\"https:\/\/www.agrupamentoverticalgaviao.pt\/?p=41567\" \/>\n<meta property=\"og:site_name\" content=\"Agrupamento de Escolas de Gavi\u00e3o\" \/>\n<meta property=\"article:published_time\" content=\"2023-02-05T19:39:44+00:00\" \/>\n<meta property=\"og:image\" content=\"https:\/\/www.agrupamentoverticalgaviao.pt\/wp-content\/uploads\/2023\/02\/Parlamento_jovens_5.jpg\" \/>\n\t<meta property=\"og:image:width\" content=\"620\" \/>\n\t<meta property=\"og:image:height\" content=\"465\" \/>\n\t<meta property=\"og:image:type\" content=\"image\/jpeg\" \/>\n<meta name=\"author\" content=\"marco Vilela\" \/>\n<meta name=\"twitter:card\" content=\"summary_large_image\" \/>\n<meta name=\"twitter:label1\" content=\"Escrito por\" \/>\n\t<meta name=\"twitter:data1\" content=\"marco Vilela\" \/>\n\t<meta name=\"twitter:label2\" content=\"Tempo estimado de leitura\" \/>\n\t<meta name=\"twitter:data2\" content=\"1 minuto\" \/>\n<script type=\"application\/ld+json\" class=\"yoast-schema-graph\">{\"@context\":\"https:\\\/\\\/schema.org\",\"@graph\":[{\"@type\":\"Article\",\"@id\":\"https:\\\/\\\/www.agrupamentoverticalgaviao.pt\\\/?p=41567#article\",\"isPartOf\":{\"@id\":\"https:\\\/\\\/www.agrupamentoverticalgaviao.pt\\\/?p=41567\"},\"author\":{\"name\":\"marco Vilela\",\"@id\":\"https:\\\/\\\/www.agrupamentoverticalgaviao.pt\\\/#\\\/schema\\\/person\\\/b337300b08ca20a17717f1b413f4b253\"},\"headline\":\"Sess\u00e3o Escolar do Parlamento dos Jovens &#8211; Sess\u00e3o do Ensino B\u00e1sico\",\"datePublished\":\"2023-02-05T19:39:44+00:00\",\"mainEntityOfPage\":{\"@id\":\"https:\\\/\\\/www.agrupamentoverticalgaviao.pt\\\/?p=41567\"},\"wordCount\":161,\"image\":{\"@id\":\"https:\\\/\\\/www.agrupamentoverticalgaviao.pt\\\/?p=41567#primaryimage\"},\"thumbnailUrl\":\"https:\\\/\\\/www.agrupamentoverticalgaviao.pt\\\/wp-content\\\/uploads\\\/2023\\\/02\\\/Parlamento_jovens_5.jpg\",\"articleSection\":[\"Parlamento Jovem\"],\"inLanguage\":\"pt-PT\"},{\"@type\":\"WebPage\",\"@id\":\"https:\\\/\\\/www.agrupamentoverticalgaviao.pt\\\/?p=41567\",\"url\":\"https:\\\/\\\/www.agrupamentoverticalgaviao.pt\\\/?p=41567\",\"name\":\"Sess\u00e3o Escolar do Parlamento dos Jovens - Sess\u00e3o do Ensino B\u00e1sico - Agrupamento de Escolas de Gavi\u00e3o\",\"isPartOf\":{\"@id\":\"https:\\\/\\\/www.agrupamentoverticalgaviao.pt\\\/#website\"},\"primaryImageOfPage\":{\"@id\":\"https:\\\/\\\/www.agrupamentoverticalgaviao.pt\\\/?p=41567#primaryimage\"},\"image\":{\"@id\":\"https:\\\/\\\/www.agrupamentoverticalgaviao.pt\\\/?p=41567#primaryimage\"},\"thumbnailUrl\":\"https:\\\/\\\/www.agrupamentoverticalgaviao.pt\\\/wp-content\\\/uploads\\\/2023\\\/02\\\/Parlamento_jovens_5.jpg\",\"datePublished\":\"2023-02-05T19:39:44+00:00\",\"author\":{\"@id\":\"https:\\\/\\\/www.agrupamentoverticalgaviao.pt\\\/#\\\/schema\\\/person\\\/b337300b08ca20a17717f1b413f4b253\"},\"breadcrumb\":{\"@id\":\"https:\\\/\\\/www.agrupamentoverticalgaviao.pt\\\/?p=41567#breadcrumb\"},\"inLanguage\":\"pt-PT\",\"potentialAction\":[{\"@type\":\"ReadAction\",\"target\":[\"https:\\\/\\\/www.agrupamentoverticalgaviao.pt\\\/?p=41567\"]}]},{\"@type\":\"ImageObject\",\"inLanguage\":\"pt-PT\",\"@id\":\"https:\\\/\\\/www.agrupamentoverticalgaviao.pt\\\/?p=41567#primaryimage\",\"url\":\"https:\\\/\\\/www.agrupamentoverticalgaviao.pt\\\/wp-content\\\/uploads\\\/2023\\\/02\\\/Parlamento_jovens_5.jpg\",\"contentUrl\":\"https:\\\/\\\/www.agrupamentoverticalgaviao.pt\\\/wp-content\\\/uploads\\\/2023\\\/02\\\/Parlamento_jovens_5.jpg\",\"width\":620,\"height\":465},{\"@type\":\"BreadcrumbList\",\"@id\":\"https:\\\/\\\/www.agrupamentoverticalgaviao.pt\\\/?p=41567#breadcrumb\",\"itemListElement\":[{\"@type\":\"ListItem\",\"position\":1,\"name\":\"In\u00edcio\",\"item\":\"https:\\\/\\\/www.agrupamentoverticalgaviao.pt\\\/\"},{\"@type\":\"ListItem\",\"position\":2,\"name\":\"Sess\u00e3o Escolar do Parlamento dos Jovens &#8211; Sess\u00e3o do Ensino B\u00e1sico\"}]},{\"@type\":\"WebSite\",\"@id\":\"https:\\\/\\\/www.agrupamentoverticalgaviao.pt\\\/#website\",\"url\":\"https:\\\/\\\/www.agrupamentoverticalgaviao.pt\\\/\",\"name\":\"Agrupamento de Escolas de Gavi\u00e3o\",\"description\":\"\",\"alternateName\":\"Agrupamento de Escolas de Gavi\u00e3o\",\"potentialAction\":[{\"@type\":\"SearchAction\",\"target\":{\"@type\":\"EntryPoint\",\"urlTemplate\":\"https:\\\/\\\/www.agrupamentoverticalgaviao.pt\\\/?s={search_term_string}\"},\"query-input\":{\"@type\":\"PropertyValueSpecification\",\"valueRequired\":true,\"valueName\":\"search_term_string\"}}],\"inLanguage\":\"pt-PT\"},{\"@type\":\"Person\",\"@id\":\"https:\\\/\\\/www.agrupamentoverticalgaviao.pt\\\/#\\\/schema\\\/person\\\/b337300b08ca20a17717f1b413f4b253\",\"name\":\"marco Vilela\",\"image\":{\"@type\":\"ImageObject\",\"inLanguage\":\"pt-PT\",\"@id\":\"https:\\\/\\\/secure.gravatar.com\\\/avatar\\\/8eb0feb60b637bbf624addb993bbcd710c4802ede472519543b7b7625a815e2d?s=96&d=mm&r=g\",\"url\":\"https:\\\/\\\/secure.gravatar.com\\\/avatar\\\/8eb0feb60b637bbf624addb993bbcd710c4802ede472519543b7b7625a815e2d?s=96&d=mm&r=g\",\"contentUrl\":\"https:\\\/\\\/secure.gravatar.com\\\/avatar\\\/8eb0feb60b637bbf624addb993bbcd710c4802ede472519543b7b7625a815e2d?s=96&d=mm&r=g\",\"caption\":\"marco Vilela\"},\"url\":\"https:\\\/\\\/www.agrupamentoverticalgaviao.pt\\\/?author=2\"}]}<\/script>\n<!-- \/ Yoast SEO plugin. -->","yoast_head_json":{"title":"Sess\u00e3o Escolar do Parlamento dos Jovens - Sess\u00e3o do Ensino B\u00e1sico - Agrupamento de Escolas de Gavi\u00e3o","robots":{"index":"index","follow":"follow","max-snippet":"max-snippet:-1","max-image-preview":"max-image-preview:large","max-video-preview":"max-video-preview:-1"},"canonical":"https:\/\/www.agrupamentoverticalgaviao.pt\/?p=41567","og_locale":"pt_PT","og_type":"article","og_title":"Sess\u00e3o Escolar do Parlamento dos Jovens - Sess\u00e3o do Ensino B\u00e1sico - Agrupamento de Escolas de Gavi\u00e3o","og_description":"O Programa Parlamento dos Jovens \u00e9 uma iniciativa da Assembleia da Rep\u00fablica e pressup\u00f5e &hellip;","og_url":"https:\/\/www.agrupamentoverticalgaviao.pt\/?p=41567","og_site_name":"Agrupamento de Escolas de Gavi\u00e3o","article_published_time":"2023-02-05T19:39:44+00:00","og_image":[{"width":620,"height":465,"url":"https:\/\/www.agrupamentoverticalgaviao.pt\/wp-content\/uploads\/2023\/02\/Parlamento_jovens_5.jpg","type":"image\/jpeg"}],"author":"marco Vilela","twitter_card":"summary_large_image","twitter_misc":{"Escrito por":"marco Vilela","Tempo estimado de leitura":"1 minuto"},"schema":{"@context":"https:\/\/schema.org","@graph":[{"@type":"Article","@id":"https:\/\/www.agrupamentoverticalgaviao.pt\/?p=41567#article","isPartOf":{"@id":"https:\/\/www.agrupamentoverticalgaviao.pt\/?p=41567"},"author":{"name":"marco Vilela","@id":"https:\/\/www.agrupamentoverticalgaviao.pt\/#\/schema\/person\/b337300b08ca20a17717f1b413f4b253"},"headline":"Sess\u00e3o Escolar do Parlamento dos Jovens &#8211; Sess\u00e3o do Ensino B\u00e1sico","datePublished":"2023-02-05T19:39:44+00:00","mainEntityOfPage":{"@id":"https:\/\/www.agrupamentoverticalgaviao.pt\/?p=41567"},"wordCount":161,"image":{"@id":"https:\/\/www.agrupamentoverticalgaviao.pt\/?p=41567#primaryimage"},"thumbnailUrl":"https:\/\/www.agrupamentoverticalgaviao.pt\/wp-content\/uploads\/2023\/02\/Parlamento_jovens_5.jpg","articleSection":["Parlamento Jovem"],"inLanguage":"pt-PT"},{"@type":"WebPage","@id":"https:\/\/www.agrupamentoverticalgaviao.pt\/?p=41567","url":"https:\/\/www.agrupamentoverticalgaviao.pt\/?p=41567","name":"Sess\u00e3o Escolar do Parlamento dos Jovens - Sess\u00e3o do Ensino B\u00e1sico - Agrupamento de Escolas de Gavi\u00e3o","isPartOf":{"@id":"https:\/\/www.agrupamentoverticalgaviao.pt\/#website"},"primaryImageOfPage":{"@id":"https:\/\/www.agrupamentoverticalgaviao.pt\/?p=41567#primaryimage"},"image":{"@id":"https:\/\/www.agrupamentoverticalgaviao.pt\/?p=41567#primaryimage"},"thumbnailUrl":"https:\/\/www.agrupamentoverticalgaviao.pt\/wp-content\/uploads\/2023\/02\/Parlamento_jovens_5.jpg","datePublished":"2023-02-05T19:39:44+00:00","author":{"@id":"https:\/\/www.agrupamentoverticalgaviao.pt\/#\/schema\/person\/b337300b08ca20a17717f1b413f4b253"},"breadcrumb":{"@id":"https:\/\/www.agrupamentoverticalgaviao.pt\/?p=41567#breadcrumb"},"inLanguage":"pt-PT","potentialAction":[{"@type":"ReadAction","target":["https:\/\/www.agrupamentoverticalgaviao.pt\/?p=41567"]}]},{"@type":"ImageObject","inLanguage":"pt-PT","@id":"https:\/\/www.agrupamentoverticalgaviao.pt\/?p=41567#primaryimage","url":"https:\/\/www.agrupamentoverticalgaviao.pt\/wp-content\/uploads\/2023\/02\/Parlamento_jovens_5.jpg","contentUrl":"https:\/\/www.agrupamentoverticalgaviao.pt\/wp-content\/uploads\/2023\/02\/Parlamento_jovens_5.jpg","width":620,"height":465},{"@type":"BreadcrumbList","@id":"https:\/\/www.agrupamentoverticalgaviao.pt\/?p=41567#breadcrumb","itemListElement":[{"@type":"ListItem","position":1,"name":"In\u00edcio","item":"https:\/\/www.agrupamentoverticalgaviao.pt\/"},{"@type":"ListItem","position":2,"name":"Sess\u00e3o Escolar do Parlamento dos Jovens &#8211; Sess\u00e3o do Ensino B\u00e1sico"}]},{"@type":"WebSite","@id":"https:\/\/www.agrupamentoverticalgaviao.pt\/#website","url":"https:\/\/www.agrupamentoverticalgaviao.pt\/","name":"Agrupamento de Escolas de Gavi\u00e3o","description":"","alternateName":"Agrupamento de Escolas de Gavi\u00e3o","potentialAction":[{"@type":"SearchAction","target":{"@type":"EntryPoint","urlTemplate":"https:\/\/www.agrupamentoverticalgaviao.pt\/?s={search_term_string}"},"query-input":{"@type":"PropertyValueSpecification","valueRequired":true,"valueName":"search_term_string"}}],"inLanguage":"pt-PT"},{"@type":"Person","@id":"https:\/\/www.agrupamentoverticalgaviao.pt\/#\/schema\/person\/b337300b08ca20a17717f1b413f4b253","name":"marco Vilela","image":{"@type":"ImageObject","inLanguage":"pt-PT","@id":"https:\/\/secure.gravatar.com\/avatar\/8eb0feb60b637bbf624addb993bbcd710c4802ede472519543b7b7625a815e2d?s=96&d=mm&r=g","url":"https:\/\/secure.gravatar.com\/avatar\/8eb0feb60b637bbf624addb993bbcd710c4802ede472519543b7b7625a815e2d?s=96&d=mm&r=g","contentUrl":"https:\/\/secure.gravatar.com\/avatar\/8eb0feb60b637bbf624addb993bbcd710c4802ede472519543b7b7625a815e2d?s=96&d=mm&r=g","caption":"marco Vilela"},"url":"https:\/\/www.agrupamentoverticalgaviao.pt\/?author=2"}]}},"_links":{"self":[{"href":"https:\/\/www.agrupamentoverticalgaviao.pt\/index.php?rest_route=\/wp\/v2\/posts\/41567","targetHints":{"allow":["GET"]}}],"collection":[{"href":"https:\/\/www.agrupamentoverticalgaviao.pt\/index.php?rest_route=\/wp\/v2\/posts"}],"about":[{"href":"https:\/\/www.agrupamentoverticalgaviao.pt\/index.php?rest_route=\/wp\/v2\/types\/post"}],"author":[{"embeddable":true,"href":"https:\/\/www.agrupamentoverticalgaviao.pt\/index.php?rest_route=\/wp\/v2\/users\/2"}],"replies":[{"embeddable":true,"href":"https:\/\/www.agrupamentoverticalgaviao.pt\/index.php?rest_route=%2Fwp%2Fv2%2Fcomments&post=41567"}],"version-history":[{"count":1,"href":"https:\/\/www.agrupamentoverticalgaviao.pt\/index.php?rest_route=\/wp\/v2\/posts\/41567\/revisions"}],"predecessor-version":[{"id":41618,"href":"https:\/\/www.agrupamentoverticalgaviao.pt\/index.php?rest_route=\/wp\/v2\/posts\/41567\/revisions\/41618"}],"wp:featuredmedia":[{"embeddable":true,"href":"https:\/\/www.agrupamentoverticalgaviao.pt\/index.php?rest_route=\/wp\/v2\/media\/41597"}],"wp:attachment":[{"href":"https:\/\/www.agrupamentoverticalgaviao.pt\/index.php?rest_route=%2Fwp%2Fv2%2Fmedia&parent=41567"}],"wp:term":[{"taxonomy":"category","embeddable":true,"href":"https:\/\/www.agrupamentoverticalgaviao.pt\/index.php?rest_route=%2Fwp%2Fv2%2Fcategories&post=41567"},{"taxonomy":"post_tag","embeddable":true,"href":"https:\/\/www.agrupamentoverticalgaviao.pt\/index.php?rest_route=%2Fwp%2Fv2%2Ftags&post=41567"}],"curies":[{"name":"wp","href":"https:\/\/api.w.org\/{rel}","templated":true}]}}