{"id":40953,"date":"2022-10-10T08:43:54","date_gmt":"2022-10-10T08:43:54","guid":{"rendered":"https:\/\/www.agrupamentoverticalgaviao.pt\/?p=40953"},"modified":"2022-10-10T08:43:56","modified_gmt":"2022-10-10T08:43:56","slug":"o-sonho-de-um-coracao-saudavel","status":"publish","type":"post","link":"https:\/\/www.agrupamentoverticalgaviao.pt\/?p=40953","title":{"rendered":"O sonho de um cora\u00e7\u00e3o saud\u00e1vel"},"content":{"rendered":"\n<p>No passado dia 29, a convite da Biblioteca Municipal de Gavi\u00e3o, os alunos dos tr\u00eas cursos profissionais do AEG participaram nas atividades do \u201cDia Mundial do Cora\u00e7\u00e3o\u201d.<\/p>\n\n\n\n<p>Inspirados por Pessoa come\u00e7\u00e1mos o nosso percurso logo de forma saud\u00e1vel com uma caminhada da escola \u00e0 biblioteca. Aquando da nossa chegada, fomos muito bem-recebidos pela bibliotec\u00e1ria e toda a sua equipa.<\/p>\n\n\n\n<p>A primeira paragem foi junto a enfermeiras do Centro de Sa\u00fade onde fizemos rastreiros de hipertens\u00e3o e diabetes. Todos estamos de boa sa\u00fade! No entanto, alguns de n\u00f3s fomos alertados para a necessidade do cuidado a ter com a nossa alimenta\u00e7\u00e3o e a sua gest\u00e3o adequada, nomeadamente sobre a import\u00e2ncia de tomar o pequeno-almo\u00e7o em casa.<\/p>\n\n\n\n<p>Seguidamente, assistimos a uma palestra dinamizada pelo Centro de Sa\u00fade de Gavi\u00e3o onde nos foi explicado os cuidados a ter com o cora\u00e7\u00e3o. Percebemos claramente que se n\u00e3o cuidarmos do mesmo, graves doen\u00e7as podem surgir, por isso temos de abdicar dos comportamentos de risco e adotar boas pr\u00e1ticas de sa\u00fade.<\/p>\n\n\n\n<p>Por \u00faltimo, coloc\u00e1mos em pr\u00e1tica algumas no\u00e7\u00f5es de suporte b\u00e1sico de vida e posi\u00e7\u00e3o lateral de seguran\u00e7a uma atividade dinamizada pelos Bombeiros Volunt\u00e1rios de Gavi\u00e3o.<\/p>\n\n\n\n<p>Foi uma manh\u00e3 bem passada e repleta de aprendizagens!<\/p>\n\n\n\n<p>Os alunos e docentes acompanhantes dos cursos profissionais<\/p>\n\n\n\n<figure class=\"wp-block-gallery has-nested-images columns-default is-cropped wp-block-gallery-1 is-layout-flex wp-block-gallery-is-layout-flex\">\n<figure class=\"wp-block-image size-large\"><a href=\"https:\/\/www.agrupamentoverticalgaviao.pt\/wp-content\/uploads\/2022\/10\/Coracao_Saudavel-1.jpeg\"><img loading=\"lazy\" decoding=\"async\" width=\"375\" height=\"500\" data-id=\"40954\" src=\"https:\/\/www.agrupamentoverticalgaviao.pt\/wp-content\/uploads\/2022\/10\/Coracao_Saudavel-1.jpeg\" alt=\"\" class=\"wp-image-40954\" srcset=\"https:\/\/www.agrupamentoverticalgaviao.pt\/wp-content\/uploads\/2022\/10\/Coracao_Saudavel-1.jpeg 375w, https:\/\/www.agrupamentoverticalgaviao.pt\/wp-content\/uploads\/2022\/10\/Coracao_Saudavel-1-225x300.jpeg 225w\" sizes=\"auto, (max-width: 375px) 100vw, 375px\" \/><\/a><\/figure>\n\n\n\n<figure class=\"wp-block-image size-large\"><a href=\"https:\/\/www.agrupamentoverticalgaviao.pt\/wp-content\/uploads\/2022\/10\/Coracao_Saudavel-1.jpg\"><img loading=\"lazy\" decoding=\"async\" width=\"1000\" height=\"563\" data-id=\"40957\" src=\"https:\/\/www.agrupamentoverticalgaviao.pt\/wp-content\/uploads\/2022\/10\/Coracao_Saudavel-1.jpg\" alt=\"\" class=\"wp-image-40957\" srcset=\"https:\/\/www.agrupamentoverticalgaviao.pt\/wp-content\/uploads\/2022\/10\/Coracao_Saudavel-1.jpg 1000w, https:\/\/www.agrupamentoverticalgaviao.pt\/wp-content\/uploads\/2022\/10\/Coracao_Saudavel-1-300x169.jpg 300w, https:\/\/www.agrupamentoverticalgaviao.pt\/wp-content\/uploads\/2022\/10\/Coracao_Saudavel-1-768x432.jpg 768w\" sizes=\"auto, (max-width: 1000px) 100vw, 1000px\" \/><\/a><\/figure>\n\n\n\n<figure class=\"wp-block-image size-large\"><a href=\"https:\/\/www.agrupamentoverticalgaviao.pt\/wp-content\/uploads\/2022\/10\/Coracao_Saudavel-2.jpeg\"><img loading=\"lazy\" decoding=\"async\" width=\"300\" height=\"400\" data-id=\"40955\" src=\"https:\/\/www.agrupamentoverticalgaviao.pt\/wp-content\/uploads\/2022\/10\/Coracao_Saudavel-2.jpeg\" alt=\"\" class=\"wp-image-40955\" srcset=\"https:\/\/www.agrupamentoverticalgaviao.pt\/wp-content\/uploads\/2022\/10\/Coracao_Saudavel-2.jpeg 300w, https:\/\/www.agrupamentoverticalgaviao.pt\/wp-content\/uploads\/2022\/10\/Coracao_Saudavel-2-225x300.jpeg 225w\" sizes=\"auto, (max-width: 300px) 100vw, 300px\" \/><\/a><\/figure>\n\n\n\n<figure class=\"wp-block-image size-large\"><a href=\"https:\/\/www.agrupamentoverticalgaviao.pt\/wp-content\/uploads\/2022\/10\/Coracao_Saudavel-2.jpg\"><img loading=\"lazy\" decoding=\"async\" width=\"1000\" height=\"563\" data-id=\"40958\" src=\"https:\/\/www.agrupamentoverticalgaviao.pt\/wp-content\/uploads\/2022\/10\/Coracao_Saudavel-2.jpg\" alt=\"\" class=\"wp-image-40958\" srcset=\"https:\/\/www.agrupamentoverticalgaviao.pt\/wp-content\/uploads\/2022\/10\/Coracao_Saudavel-2.jpg 1000w, https:\/\/www.agrupamentoverticalgaviao.pt\/wp-content\/uploads\/2022\/10\/Coracao_Saudavel-2-300x169.jpg 300w, https:\/\/www.agrupamentoverticalgaviao.pt\/wp-content\/uploads\/2022\/10\/Coracao_Saudavel-2-768x432.jpg 768w\" sizes=\"auto, (max-width: 1000px) 100vw, 1000px\" \/><\/a><\/figure>\n\n\n\n<figure class=\"wp-block-image size-large\"><a href=\"https:\/\/www.agrupamentoverticalgaviao.pt\/wp-content\/uploads\/2022\/10\/Coracao_Saudavel-3.jpeg\"><img loading=\"lazy\" decoding=\"async\" width=\"375\" height=\"500\" data-id=\"40956\" src=\"https:\/\/www.agrupamentoverticalgaviao.pt\/wp-content\/uploads\/2022\/10\/Coracao_Saudavel-3.jpeg\" alt=\"\" class=\"wp-image-40956\" srcset=\"https:\/\/www.agrupamentoverticalgaviao.pt\/wp-content\/uploads\/2022\/10\/Coracao_Saudavel-3.jpeg 375w, https:\/\/www.agrupamentoverticalgaviao.pt\/wp-content\/uploads\/2022\/10\/Coracao_Saudavel-3-225x300.jpeg 225w\" sizes=\"auto, (max-width: 375px) 100vw, 375px\" \/><\/a><\/figure>\n\n\n\n<figure class=\"wp-block-image size-large\"><a href=\"https:\/\/www.agrupamentoverticalgaviao.pt\/wp-content\/uploads\/2022\/10\/Coracao_Saudavel-3.jpg\"><img loading=\"lazy\" decoding=\"async\" width=\"1000\" height=\"563\" data-id=\"40959\" src=\"https:\/\/www.agrupamentoverticalgaviao.pt\/wp-content\/uploads\/2022\/10\/Coracao_Saudavel-3.jpg\" alt=\"\" class=\"wp-image-40959\" srcset=\"https:\/\/www.agrupamentoverticalgaviao.pt\/wp-content\/uploads\/2022\/10\/Coracao_Saudavel-3.jpg 1000w, https:\/\/www.agrupamentoverticalgaviao.pt\/wp-content\/uploads\/2022\/10\/Coracao_Saudavel-3-300x169.jpg 300w, https:\/\/www.agrupamentoverticalgaviao.pt\/wp-content\/uploads\/2022\/10\/Coracao_Saudavel-3-768x432.jpg 768w\" sizes=\"auto, (max-width: 1000px) 100vw, 1000px\" \/><\/a><\/figure>\n\n\n\n<figure class=\"wp-block-image size-large\"><a href=\"https:\/\/www.agrupamentoverticalgaviao.pt\/wp-content\/uploads\/2022\/10\/Coracao_Saudavel-4.jpeg\"><img loading=\"lazy\" decoding=\"async\" width=\"300\" height=\"400\" data-id=\"40960\" src=\"https:\/\/www.agrupamentoverticalgaviao.pt\/wp-content\/uploads\/2022\/10\/Coracao_Saudavel-4.jpeg\" alt=\"\" class=\"wp-image-40960\" srcset=\"https:\/\/www.agrupamentoverticalgaviao.pt\/wp-content\/uploads\/2022\/10\/Coracao_Saudavel-4.jpeg 300w, https:\/\/www.agrupamentoverticalgaviao.pt\/wp-content\/uploads\/2022\/10\/Coracao_Saudavel-4-225x300.jpeg 225w\" sizes=\"auto, (max-width: 300px) 100vw, 300px\" \/><\/a><\/figure>\n\n\n\n<figure class=\"wp-block-image size-large\"><a href=\"https:\/\/www.agrupamentoverticalgaviao.pt\/wp-content\/uploads\/2022\/10\/Coracao_Saudavel-4.jpg\"><img loading=\"lazy\" decoding=\"async\" width=\"1000\" height=\"563\" data-id=\"40961\" src=\"https:\/\/www.agrupamentoverticalgaviao.pt\/wp-content\/uploads\/2022\/10\/Coracao_Saudavel-4.jpg\" alt=\"\" class=\"wp-image-40961\" srcset=\"https:\/\/www.agrupamentoverticalgaviao.pt\/wp-content\/uploads\/2022\/10\/Coracao_Saudavel-4.jpg 1000w, https:\/\/www.agrupamentoverticalgaviao.pt\/wp-content\/uploads\/2022\/10\/Coracao_Saudavel-4-300x169.jpg 300w, https:\/\/www.agrupamentoverticalgaviao.pt\/wp-content\/uploads\/2022\/10\/Coracao_Saudavel-4-768x432.jpg 768w\" sizes=\"auto, (max-width: 1000px) 100vw, 1000px\" \/><\/a><\/figure>\n\n\n\n<figure class=\"wp-block-image size-large\"><a href=\"https:\/\/www.agrupamentoverticalgaviao.pt\/wp-content\/uploads\/2022\/10\/Coracao_Saudavel-5.jpeg\"><img loading=\"lazy\" decoding=\"async\" width=\"375\" height=\"500\" data-id=\"40962\" src=\"https:\/\/www.agrupamentoverticalgaviao.pt\/wp-content\/uploads\/2022\/10\/Coracao_Saudavel-5.jpeg\" alt=\"\" class=\"wp-image-40962\" srcset=\"https:\/\/www.agrupamentoverticalgaviao.pt\/wp-content\/uploads\/2022\/10\/Coracao_Saudavel-5.jpeg 375w, https:\/\/www.agrupamentoverticalgaviao.pt\/wp-content\/uploads\/2022\/10\/Coracao_Saudavel-5-225x300.jpeg 225w\" sizes=\"auto, (max-width: 375px) 100vw, 375px\" \/><\/a><\/figure>\n\n\n\n<figure class=\"wp-block-image size-large\"><a href=\"https:\/\/www.agrupamentoverticalgaviao.pt\/wp-content\/uploads\/2022\/10\/Coracao_Saudavel-5.jpg\"><img loading=\"lazy\" decoding=\"async\" width=\"1000\" height=\"563\" data-id=\"40964\" src=\"https:\/\/www.agrupamentoverticalgaviao.pt\/wp-content\/uploads\/2022\/10\/Coracao_Saudavel-5.jpg\" alt=\"\" class=\"wp-image-40964\" srcset=\"https:\/\/www.agrupamentoverticalgaviao.pt\/wp-content\/uploads\/2022\/10\/Coracao_Saudavel-5.jpg 1000w, https:\/\/www.agrupamentoverticalgaviao.pt\/wp-content\/uploads\/2022\/10\/Coracao_Saudavel-5-300x169.jpg 300w, https:\/\/www.agrupamentoverticalgaviao.pt\/wp-content\/uploads\/2022\/10\/Coracao_Saudavel-5-768x432.jpg 768w\" sizes=\"auto, (max-width: 1000px) 100vw, 1000px\" \/><\/a><\/figure>\n\n\n\n<figure class=\"wp-block-image size-large\"><a href=\"https:\/\/www.agrupamentoverticalgaviao.pt\/wp-content\/uploads\/2022\/10\/Coracao_Saudavel-6.jpeg\"><img loading=\"lazy\" decoding=\"async\" width=\"375\" height=\"500\" data-id=\"40963\" src=\"https:\/\/www.agrupamentoverticalgaviao.pt\/wp-content\/uploads\/2022\/10\/Coracao_Saudavel-6.jpeg\" alt=\"\" class=\"wp-image-40963\" srcset=\"https:\/\/www.agrupamentoverticalgaviao.pt\/wp-content\/uploads\/2022\/10\/Coracao_Saudavel-6.jpeg 375w, https:\/\/www.agrupamentoverticalgaviao.pt\/wp-content\/uploads\/2022\/10\/Coracao_Saudavel-6-225x300.jpeg 225w\" sizes=\"auto, (max-width: 375px) 100vw, 375px\" \/><\/a><\/figure>\n\n\n\n<figure class=\"wp-block-image size-large\"><a href=\"https:\/\/www.agrupamentoverticalgaviao.pt\/wp-content\/uploads\/2022\/10\/Coracao_Saudavel-6.jpg\"><img loading=\"lazy\" decoding=\"async\" width=\"1000\" height=\"563\" data-id=\"40965\" src=\"https:\/\/www.agrupamentoverticalgaviao.pt\/wp-content\/uploads\/2022\/10\/Coracao_Saudavel-6.jpg\" alt=\"\" class=\"wp-image-40965\" srcset=\"https:\/\/www.agrupamentoverticalgaviao.pt\/wp-content\/uploads\/2022\/10\/Coracao_Saudavel-6.jpg 1000w, https:\/\/www.agrupamentoverticalgaviao.pt\/wp-content\/uploads\/2022\/10\/Coracao_Saudavel-6-300x169.jpg 300w, https:\/\/www.agrupamentoverticalgaviao.pt\/wp-content\/uploads\/2022\/10\/Coracao_Saudavel-6-768x432.jpg 768w\" sizes=\"auto, (max-width: 1000px) 100vw, 1000px\" \/><\/a><\/figure>\n\n\n\n<figure class=\"wp-block-image size-large\"><a href=\"https:\/\/www.agrupamentoverticalgaviao.pt\/wp-content\/uploads\/2022\/10\/Coracao_Saudavel-7.jpeg\"><img loading=\"lazy\" decoding=\"async\" width=\"375\" height=\"500\" data-id=\"40966\" src=\"https:\/\/www.agrupamentoverticalgaviao.pt\/wp-content\/uploads\/2022\/10\/Coracao_Saudavel-7.jpeg\" alt=\"\" class=\"wp-image-40966\" srcset=\"https:\/\/www.agrupamentoverticalgaviao.pt\/wp-content\/uploads\/2022\/10\/Coracao_Saudavel-7.jpeg 375w, https:\/\/www.agrupamentoverticalgaviao.pt\/wp-content\/uploads\/2022\/10\/Coracao_Saudavel-7-225x300.jpeg 225w\" sizes=\"auto, (max-width: 375px) 100vw, 375px\" \/><\/a><\/figure>\n\n\n\n<figure class=\"wp-block-image size-large\"><a href=\"https:\/\/www.agrupamentoverticalgaviao.pt\/wp-content\/uploads\/2022\/10\/Coracao_Saudavel-7.jpg\"><img loading=\"lazy\" decoding=\"async\" width=\"1000\" height=\"563\" data-id=\"40967\" src=\"https:\/\/www.agrupamentoverticalgaviao.pt\/wp-content\/uploads\/2022\/10\/Coracao_Saudavel-7.jpg\" alt=\"\" class=\"wp-image-40967\" srcset=\"https:\/\/www.agrupamentoverticalgaviao.pt\/wp-content\/uploads\/2022\/10\/Coracao_Saudavel-7.jpg 1000w, https:\/\/www.agrupamentoverticalgaviao.pt\/wp-content\/uploads\/2022\/10\/Coracao_Saudavel-7-300x169.jpg 300w, https:\/\/www.agrupamentoverticalgaviao.pt\/wp-content\/uploads\/2022\/10\/Coracao_Saudavel-7-768x432.jpg 768w\" sizes=\"auto, (max-width: 1000px) 100vw, 1000px\" \/><\/a><\/figure>\n\n\n\n<figure class=\"wp-block-image size-large\"><a href=\"https:\/\/www.agrupamentoverticalgaviao.pt\/wp-content\/uploads\/2022\/10\/Coracao_Saudavel-8.jpg\"><img loading=\"lazy\" decoding=\"async\" width=\"1000\" height=\"563\" data-id=\"40968\" src=\"https:\/\/www.agrupamentoverticalgaviao.pt\/wp-content\/uploads\/2022\/10\/Coracao_Saudavel-8.jpg\" alt=\"\" class=\"wp-image-40968\" srcset=\"https:\/\/www.agrupamentoverticalgaviao.pt\/wp-content\/uploads\/2022\/10\/Coracao_Saudavel-8.jpg 1000w, https:\/\/www.agrupamentoverticalgaviao.pt\/wp-content\/uploads\/2022\/10\/Coracao_Saudavel-8-300x169.jpg 300w, https:\/\/www.agrupamentoverticalgaviao.pt\/wp-content\/uploads\/2022\/10\/Coracao_Saudavel-8-768x432.jpg 768w\" sizes=\"auto, (max-width: 1000px) 100vw, 1000px\" \/><\/a><\/figure>\n\n\n\n<figure class=\"wp-block-image size-large\"><a href=\"https:\/\/www.agrupamentoverticalgaviao.pt\/wp-content\/uploads\/2022\/10\/Coracao_Saudavel-9.jpg\"><img loading=\"lazy\" decoding=\"async\" width=\"1000\" height=\"563\" data-id=\"40969\" src=\"https:\/\/www.agrupamentoverticalgaviao.pt\/wp-content\/uploads\/2022\/10\/Coracao_Saudavel-9.jpg\" alt=\"\" class=\"wp-image-40969\" srcset=\"https:\/\/www.agrupamentoverticalgaviao.pt\/wp-content\/uploads\/2022\/10\/Coracao_Saudavel-9.jpg 1000w, https:\/\/www.agrupamentoverticalgaviao.pt\/wp-content\/uploads\/2022\/10\/Coracao_Saudavel-9-300x169.jpg 300w, https:\/\/www.agrupamentoverticalgaviao.pt\/wp-content\/uploads\/2022\/10\/Coracao_Saudavel-9-768x432.jpg 768w\" sizes=\"auto, (max-width: 1000px) 100vw, 1000px\" \/><\/a><\/figure>\n\n\n\n<figure class=\"wp-block-image size-large\"><a href=\"https:\/\/www.agrupamentoverticalgaviao.pt\/wp-content\/uploads\/2022\/10\/Coracao_Saudavel-10.jpg\"><img loading=\"lazy\" decoding=\"async\" width=\"1000\" height=\"563\" data-id=\"40970\" src=\"https:\/\/www.agrupamentoverticalgaviao.pt\/wp-content\/uploads\/2022\/10\/Coracao_Saudavel-10.jpg\" alt=\"\" class=\"wp-image-40970\" srcset=\"https:\/\/www.agrupamentoverticalgaviao.pt\/wp-content\/uploads\/2022\/10\/Coracao_Saudavel-10.jpg 1000w, https:\/\/www.agrupamentoverticalgaviao.pt\/wp-content\/uploads\/2022\/10\/Coracao_Saudavel-10-300x169.jpg 300w, https:\/\/www.agrupamentoverticalgaviao.pt\/wp-content\/uploads\/2022\/10\/Coracao_Saudavel-10-768x432.jpg 768w\" sizes=\"auto, (max-width: 1000px) 100vw, 1000px\" \/><\/a><\/figure>\n\n\n\n<figure class=\"wp-block-image size-large\"><a href=\"https:\/\/www.agrupamentoverticalgaviao.pt\/wp-content\/uploads\/2022\/10\/Coracao_Saudavel-11.jpg\"><img loading=\"lazy\" decoding=\"async\" width=\"1000\" height=\"563\" data-id=\"40971\" src=\"https:\/\/www.agrupamentoverticalgaviao.pt\/wp-content\/uploads\/2022\/10\/Coracao_Saudavel-11.jpg\" alt=\"\" class=\"wp-image-40971\" srcset=\"https:\/\/www.agrupamentoverticalgaviao.pt\/wp-content\/uploads\/2022\/10\/Coracao_Saudavel-11.jpg 1000w, https:\/\/www.agrupamentoverticalgaviao.pt\/wp-content\/uploads\/2022\/10\/Coracao_Saudavel-11-300x169.jpg 300w, https:\/\/www.agrupamentoverticalgaviao.pt\/wp-content\/uploads\/2022\/10\/Coracao_Saudavel-11-768x432.jpg 768w\" sizes=\"auto, (max-width: 1000px) 100vw, 1000px\" \/><\/a><\/figure>\n\n\n\n<figure class=\"wp-block-image size-large\"><a href=\"https:\/\/www.agrupamentoverticalgaviao.pt\/wp-content\/uploads\/2022\/10\/Coracao_Saudavel-12.jpg\"><img loading=\"lazy\" decoding=\"async\" width=\"1000\" height=\"563\" data-id=\"40972\" src=\"https:\/\/www.agrupamentoverticalgaviao.pt\/wp-content\/uploads\/2022\/10\/Coracao_Saudavel-12.jpg\" alt=\"\" class=\"wp-image-40972\" srcset=\"https:\/\/www.agrupamentoverticalgaviao.pt\/wp-content\/uploads\/2022\/10\/Coracao_Saudavel-12.jpg 1000w, https:\/\/www.agrupamentoverticalgaviao.pt\/wp-content\/uploads\/2022\/10\/Coracao_Saudavel-12-300x169.jpg 300w, https:\/\/www.agrupamentoverticalgaviao.pt\/wp-content\/uploads\/2022\/10\/Coracao_Saudavel-12-768x432.jpg 768w\" sizes=\"auto, (max-width: 1000px) 100vw, 1000px\" \/><\/a><\/figure>\n\n\n\n<figure class=\"wp-block-image size-large\"><a href=\"https:\/\/www.agrupamentoverticalgaviao.pt\/wp-content\/uploads\/2022\/10\/Coracao_Saudavel-13.jpg\"><img loading=\"lazy\" decoding=\"async\" width=\"1000\" height=\"563\" data-id=\"40973\" src=\"https:\/\/www.agrupamentoverticalgaviao.pt\/wp-content\/uploads\/2022\/10\/Coracao_Saudavel-13.jpg\" alt=\"\" class=\"wp-image-40973\" srcset=\"https:\/\/www.agrupamentoverticalgaviao.pt\/wp-content\/uploads\/2022\/10\/Coracao_Saudavel-13.jpg 1000w, https:\/\/www.agrupamentoverticalgaviao.pt\/wp-content\/uploads\/2022\/10\/Coracao_Saudavel-13-300x169.jpg 300w, https:\/\/www.agrupamentoverticalgaviao.pt\/wp-content\/uploads\/2022\/10\/Coracao_Saudavel-13-768x432.jpg 768w\" sizes=\"auto, (max-width: 1000px) 100vw, 1000px\" \/><\/a><\/figure>\n\n\n\n<figure class=\"wp-block-image size-large\"><a href=\"https:\/\/www.agrupamentoverticalgaviao.pt\/wp-content\/uploads\/2022\/10\/Coracao_Saudavel-14.jpg\"><img loading=\"lazy\" decoding=\"async\" width=\"1000\" height=\"563\" data-id=\"40974\" src=\"https:\/\/www.agrupamentoverticalgaviao.pt\/wp-content\/uploads\/2022\/10\/Coracao_Saudavel-14.jpg\" alt=\"\" class=\"wp-image-40974\" srcset=\"https:\/\/www.agrupamentoverticalgaviao.pt\/wp-content\/uploads\/2022\/10\/Coracao_Saudavel-14.jpg 1000w, https:\/\/www.agrupamentoverticalgaviao.pt\/wp-content\/uploads\/2022\/10\/Coracao_Saudavel-14-300x169.jpg 300w, https:\/\/www.agrupamentoverticalgaviao.pt\/wp-content\/uploads\/2022\/10\/Coracao_Saudavel-14-768x432.jpg 768w\" sizes=\"auto, (max-width: 1000px) 100vw, 1000px\" \/><\/a><\/figure>\n\n\n\n<figure class=\"wp-block-image size-large\"><a href=\"https:\/\/www.agrupamentoverticalgaviao.pt\/wp-content\/uploads\/2022\/10\/Coracao_Saudavel-15.jpg\"><img loading=\"lazy\" decoding=\"async\" width=\"1000\" height=\"563\" data-id=\"40975\" src=\"https:\/\/www.agrupamentoverticalgaviao.pt\/wp-content\/uploads\/2022\/10\/Coracao_Saudavel-15.jpg\" alt=\"\" class=\"wp-image-40975\" srcset=\"https:\/\/www.agrupamentoverticalgaviao.pt\/wp-content\/uploads\/2022\/10\/Coracao_Saudavel-15.jpg 1000w, https:\/\/www.agrupamentoverticalgaviao.pt\/wp-content\/uploads\/2022\/10\/Coracao_Saudavel-15-300x169.jpg 300w, https:\/\/www.agrupamentoverticalgaviao.pt\/wp-content\/uploads\/2022\/10\/Coracao_Saudavel-15-768x432.jpg 768w\" sizes=\"auto, (max-width: 1000px) 100vw, 1000px\" \/><\/a><\/figure>\n\n\n\n<figure class=\"wp-block-image size-large\"><a href=\"https:\/\/www.agrupamentoverticalgaviao.pt\/wp-content\/uploads\/2022\/10\/Coracao_Saudavel-16.jpg\"><img loading=\"lazy\" decoding=\"async\" width=\"1000\" height=\"563\" data-id=\"40976\" src=\"https:\/\/www.agrupamentoverticalgaviao.pt\/wp-content\/uploads\/2022\/10\/Coracao_Saudavel-16.jpg\" alt=\"\" class=\"wp-image-40976\" srcset=\"https:\/\/www.agrupamentoverticalgaviao.pt\/wp-content\/uploads\/2022\/10\/Coracao_Saudavel-16.jpg 1000w, https:\/\/www.agrupamentoverticalgaviao.pt\/wp-content\/uploads\/2022\/10\/Coracao_Saudavel-16-300x169.jpg 300w, https:\/\/www.agrupamentoverticalgaviao.pt\/wp-content\/uploads\/2022\/10\/Coracao_Saudavel-16-768x432.jpg 768w\" sizes=\"auto, (max-width: 1000px) 100vw, 1000px\" \/><\/a><\/figure>\n\n\n\n<figure class=\"wp-block-image size-large\"><a href=\"https:\/\/www.agrupamentoverticalgaviao.pt\/wp-content\/uploads\/2022\/10\/Coracao_Saudavel-17.jpg\"><img loading=\"lazy\" decoding=\"async\" width=\"1000\" height=\"563\" data-id=\"40977\" src=\"https:\/\/www.agrupamentoverticalgaviao.pt\/wp-content\/uploads\/2022\/10\/Coracao_Saudavel-17.jpg\" alt=\"\" class=\"wp-image-40977\" srcset=\"https:\/\/www.agrupamentoverticalgaviao.pt\/wp-content\/uploads\/2022\/10\/Coracao_Saudavel-17.jpg 1000w, https:\/\/www.agrupamentoverticalgaviao.pt\/wp-content\/uploads\/2022\/10\/Coracao_Saudavel-17-300x169.jpg 300w, https:\/\/www.agrupamentoverticalgaviao.pt\/wp-content\/uploads\/2022\/10\/Coracao_Saudavel-17-768x432.jpg 768w\" sizes=\"auto, (max-width: 1000px) 100vw, 1000px\" \/><\/a><\/figure>\n<\/figure>\n","protected":false},"excerpt":{"rendered":"<p>No passado dia 29, a convite da Biblioteca Municipal de Gavi\u00e3o, os alunos dos &hellip; <\/p>\n","protected":false},"author":2,"featured_media":40977,"comment_status":"closed","ping_status":"closed","sticky":false,"template":"","format":"standard","meta":{"footnotes":""},"categories":[25],"tags":[],"class_list":["post-40953","post","type-post","status-publish","format-standard","has-post-thumbnail","hentry","category-agrupamento-de-escolas-de-gaviao"],"yoast_head":"<!-- This site is optimized with the Yoast SEO plugin v27.5 - https:\/\/yoast.com\/product\/yoast-seo-wordpress\/ -->\n<title>O sonho de um cora\u00e7\u00e3o saud\u00e1vel - Agrupamento de Escolas de Gavi\u00e3o<\/title>\n<meta name=\"robots\" content=\"index, follow, max-snippet:-1, max-image-preview:large, max-video-preview:-1\" \/>\n<link rel=\"canonical\" href=\"https:\/\/www.agrupamentoverticalgaviao.pt\/?p=40953\" \/>\n<meta property=\"og:locale\" content=\"pt_PT\" \/>\n<meta property=\"og:type\" content=\"article\" \/>\n<meta property=\"og:title\" content=\"O sonho de um cora\u00e7\u00e3o saud\u00e1vel - Agrupamento de Escolas de Gavi\u00e3o\" \/>\n<meta property=\"og:description\" content=\"No passado dia 29, a convite da Biblioteca Municipal de Gavi\u00e3o, os alunos dos &hellip;\" \/>\n<meta property=\"og:url\" content=\"https:\/\/www.agrupamentoverticalgaviao.pt\/?p=40953\" \/>\n<meta property=\"og:site_name\" content=\"Agrupamento de Escolas de Gavi\u00e3o\" \/>\n<meta property=\"article:published_time\" content=\"2022-10-10T08:43:54+00:00\" \/>\n<meta property=\"article:modified_time\" content=\"2022-10-10T08:43:56+00:00\" \/>\n<meta property=\"og:image\" content=\"https:\/\/www.agrupamentoverticalgaviao.pt\/wp-content\/uploads\/2022\/10\/Coracao_Saudavel-17.jpg\" \/>\n\t<meta property=\"og:image:width\" content=\"1000\" \/>\n\t<meta property=\"og:image:height\" content=\"563\" \/>\n\t<meta property=\"og:image:type\" content=\"image\/jpeg\" \/>\n<meta name=\"author\" content=\"marco Vilela\" \/>\n<meta name=\"twitter:card\" content=\"summary_large_image\" \/>\n<meta name=\"twitter:label1\" content=\"Escrito por\" \/>\n\t<meta name=\"twitter:data1\" content=\"marco Vilela\" \/>\n\t<meta name=\"twitter:label2\" content=\"Tempo estimado de leitura\" \/>\n\t<meta name=\"twitter:data2\" content=\"1 minuto\" \/>\n<script type=\"application\/ld+json\" class=\"yoast-schema-graph\">{\"@context\":\"https:\\\/\\\/schema.org\",\"@graph\":[{\"@type\":\"Article\",\"@id\":\"https:\\\/\\\/www.agrupamentoverticalgaviao.pt\\\/?p=40953#article\",\"isPartOf\":{\"@id\":\"https:\\\/\\\/www.agrupamentoverticalgaviao.pt\\\/?p=40953\"},\"author\":{\"name\":\"marco Vilela\",\"@id\":\"https:\\\/\\\/www.agrupamentoverticalgaviao.pt\\\/#\\\/schema\\\/person\\\/b337300b08ca20a17717f1b413f4b253\"},\"headline\":\"O sonho de um cora\u00e7\u00e3o saud\u00e1vel\",\"datePublished\":\"2022-10-10T08:43:54+00:00\",\"dateModified\":\"2022-10-10T08:43:56+00:00\",\"mainEntityOfPage\":{\"@id\":\"https:\\\/\\\/www.agrupamentoverticalgaviao.pt\\\/?p=40953\"},\"wordCount\":242,\"image\":{\"@id\":\"https:\\\/\\\/www.agrupamentoverticalgaviao.pt\\\/?p=40953#primaryimage\"},\"thumbnailUrl\":\"https:\\\/\\\/www.agrupamentoverticalgaviao.pt\\\/wp-content\\\/uploads\\\/2022\\\/10\\\/Coracao_Saudavel-17.jpg\",\"articleSection\":[\"Agrupamento de Escolas de Gavi\u00e3o\"],\"inLanguage\":\"pt-PT\"},{\"@type\":\"WebPage\",\"@id\":\"https:\\\/\\\/www.agrupamentoverticalgaviao.pt\\\/?p=40953\",\"url\":\"https:\\\/\\\/www.agrupamentoverticalgaviao.pt\\\/?p=40953\",\"name\":\"O sonho de um cora\u00e7\u00e3o saud\u00e1vel - Agrupamento de Escolas de Gavi\u00e3o\",\"isPartOf\":{\"@id\":\"https:\\\/\\\/www.agrupamentoverticalgaviao.pt\\\/#website\"},\"primaryImageOfPage\":{\"@id\":\"https:\\\/\\\/www.agrupamentoverticalgaviao.pt\\\/?p=40953#primaryimage\"},\"image\":{\"@id\":\"https:\\\/\\\/www.agrupamentoverticalgaviao.pt\\\/?p=40953#primaryimage\"},\"thumbnailUrl\":\"https:\\\/\\\/www.agrupamentoverticalgaviao.pt\\\/wp-content\\\/uploads\\\/2022\\\/10\\\/Coracao_Saudavel-17.jpg\",\"datePublished\":\"2022-10-10T08:43:54+00:00\",\"dateModified\":\"2022-10-10T08:43:56+00:00\",\"author\":{\"@id\":\"https:\\\/\\\/www.agrupamentoverticalgaviao.pt\\\/#\\\/schema\\\/person\\\/b337300b08ca20a17717f1b413f4b253\"},\"breadcrumb\":{\"@id\":\"https:\\\/\\\/www.agrupamentoverticalgaviao.pt\\\/?p=40953#breadcrumb\"},\"inLanguage\":\"pt-PT\",\"potentialAction\":[{\"@type\":\"ReadAction\",\"target\":[\"https:\\\/\\\/www.agrupamentoverticalgaviao.pt\\\/?p=40953\"]}]},{\"@type\":\"ImageObject\",\"inLanguage\":\"pt-PT\",\"@id\":\"https:\\\/\\\/www.agrupamentoverticalgaviao.pt\\\/?p=40953#primaryimage\",\"url\":\"https:\\\/\\\/www.agrupamentoverticalgaviao.pt\\\/wp-content\\\/uploads\\\/2022\\\/10\\\/Coracao_Saudavel-17.jpg\",\"contentUrl\":\"https:\\\/\\\/www.agrupamentoverticalgaviao.pt\\\/wp-content\\\/uploads\\\/2022\\\/10\\\/Coracao_Saudavel-17.jpg\",\"width\":1000,\"height\":563},{\"@type\":\"BreadcrumbList\",\"@id\":\"https:\\\/\\\/www.agrupamentoverticalgaviao.pt\\\/?p=40953#breadcrumb\",\"itemListElement\":[{\"@type\":\"ListItem\",\"position\":1,\"name\":\"In\u00edcio\",\"item\":\"https:\\\/\\\/www.agrupamentoverticalgaviao.pt\\\/\"},{\"@type\":\"ListItem\",\"position\":2,\"name\":\"O sonho de um cora\u00e7\u00e3o saud\u00e1vel\"}]},{\"@type\":\"WebSite\",\"@id\":\"https:\\\/\\\/www.agrupamentoverticalgaviao.pt\\\/#website\",\"url\":\"https:\\\/\\\/www.agrupamentoverticalgaviao.pt\\\/\",\"name\":\"Agrupamento de Escolas de Gavi\u00e3o\",\"description\":\"\",\"alternateName\":\"Agrupamento de Escolas de Gavi\u00e3o\",\"potentialAction\":[{\"@type\":\"SearchAction\",\"target\":{\"@type\":\"EntryPoint\",\"urlTemplate\":\"https:\\\/\\\/www.agrupamentoverticalgaviao.pt\\\/?s={search_term_string}\"},\"query-input\":{\"@type\":\"PropertyValueSpecification\",\"valueRequired\":true,\"valueName\":\"search_term_string\"}}],\"inLanguage\":\"pt-PT\"},{\"@type\":\"Person\",\"@id\":\"https:\\\/\\\/www.agrupamentoverticalgaviao.pt\\\/#\\\/schema\\\/person\\\/b337300b08ca20a17717f1b413f4b253\",\"name\":\"marco Vilela\",\"image\":{\"@type\":\"ImageObject\",\"inLanguage\":\"pt-PT\",\"@id\":\"https:\\\/\\\/secure.gravatar.com\\\/avatar\\\/8eb0feb60b637bbf624addb993bbcd710c4802ede472519543b7b7625a815e2d?s=96&d=mm&r=g\",\"url\":\"https:\\\/\\\/secure.gravatar.com\\\/avatar\\\/8eb0feb60b637bbf624addb993bbcd710c4802ede472519543b7b7625a815e2d?s=96&d=mm&r=g\",\"contentUrl\":\"https:\\\/\\\/secure.gravatar.com\\\/avatar\\\/8eb0feb60b637bbf624addb993bbcd710c4802ede472519543b7b7625a815e2d?s=96&d=mm&r=g\",\"caption\":\"marco Vilela\"},\"url\":\"https:\\\/\\\/www.agrupamentoverticalgaviao.pt\\\/?author=2\"}]}<\/script>\n<!-- \/ Yoast SEO plugin. -->","yoast_head_json":{"title":"O sonho de um cora\u00e7\u00e3o saud\u00e1vel - Agrupamento de Escolas de Gavi\u00e3o","robots":{"index":"index","follow":"follow","max-snippet":"max-snippet:-1","max-image-preview":"max-image-preview:large","max-video-preview":"max-video-preview:-1"},"canonical":"https:\/\/www.agrupamentoverticalgaviao.pt\/?p=40953","og_locale":"pt_PT","og_type":"article","og_title":"O sonho de um cora\u00e7\u00e3o saud\u00e1vel - Agrupamento de Escolas de Gavi\u00e3o","og_description":"No passado dia 29, a convite da Biblioteca Municipal de Gavi\u00e3o, os alunos dos &hellip;","og_url":"https:\/\/www.agrupamentoverticalgaviao.pt\/?p=40953","og_site_name":"Agrupamento de Escolas de Gavi\u00e3o","article_published_time":"2022-10-10T08:43:54+00:00","article_modified_time":"2022-10-10T08:43:56+00:00","og_image":[{"width":1000,"height":563,"url":"https:\/\/www.agrupamentoverticalgaviao.pt\/wp-content\/uploads\/2022\/10\/Coracao_Saudavel-17.jpg","type":"image\/jpeg"}],"author":"marco Vilela","twitter_card":"summary_large_image","twitter_misc":{"Escrito por":"marco Vilela","Tempo estimado de leitura":"1 minuto"},"schema":{"@context":"https:\/\/schema.org","@graph":[{"@type":"Article","@id":"https:\/\/www.agrupamentoverticalgaviao.pt\/?p=40953#article","isPartOf":{"@id":"https:\/\/www.agrupamentoverticalgaviao.pt\/?p=40953"},"author":{"name":"marco Vilela","@id":"https:\/\/www.agrupamentoverticalgaviao.pt\/#\/schema\/person\/b337300b08ca20a17717f1b413f4b253"},"headline":"O sonho de um cora\u00e7\u00e3o saud\u00e1vel","datePublished":"2022-10-10T08:43:54+00:00","dateModified":"2022-10-10T08:43:56+00:00","mainEntityOfPage":{"@id":"https:\/\/www.agrupamentoverticalgaviao.pt\/?p=40953"},"wordCount":242,"image":{"@id":"https:\/\/www.agrupamentoverticalgaviao.pt\/?p=40953#primaryimage"},"thumbnailUrl":"https:\/\/www.agrupamentoverticalgaviao.pt\/wp-content\/uploads\/2022\/10\/Coracao_Saudavel-17.jpg","articleSection":["Agrupamento de Escolas de Gavi\u00e3o"],"inLanguage":"pt-PT"},{"@type":"WebPage","@id":"https:\/\/www.agrupamentoverticalgaviao.pt\/?p=40953","url":"https:\/\/www.agrupamentoverticalgaviao.pt\/?p=40953","name":"O sonho de um cora\u00e7\u00e3o saud\u00e1vel - Agrupamento de Escolas de Gavi\u00e3o","isPartOf":{"@id":"https:\/\/www.agrupamentoverticalgaviao.pt\/#website"},"primaryImageOfPage":{"@id":"https:\/\/www.agrupamentoverticalgaviao.pt\/?p=40953#primaryimage"},"image":{"@id":"https:\/\/www.agrupamentoverticalgaviao.pt\/?p=40953#primaryimage"},"thumbnailUrl":"https:\/\/www.agrupamentoverticalgaviao.pt\/wp-content\/uploads\/2022\/10\/Coracao_Saudavel-17.jpg","datePublished":"2022-10-10T08:43:54+00:00","dateModified":"2022-10-10T08:43:56+00:00","author":{"@id":"https:\/\/www.agrupamentoverticalgaviao.pt\/#\/schema\/person\/b337300b08ca20a17717f1b413f4b253"},"breadcrumb":{"@id":"https:\/\/www.agrupamentoverticalgaviao.pt\/?p=40953#breadcrumb"},"inLanguage":"pt-PT","potentialAction":[{"@type":"ReadAction","target":["https:\/\/www.agrupamentoverticalgaviao.pt\/?p=40953"]}]},{"@type":"ImageObject","inLanguage":"pt-PT","@id":"https:\/\/www.agrupamentoverticalgaviao.pt\/?p=40953#primaryimage","url":"https:\/\/www.agrupamentoverticalgaviao.pt\/wp-content\/uploads\/2022\/10\/Coracao_Saudavel-17.jpg","contentUrl":"https:\/\/www.agrupamentoverticalgaviao.pt\/wp-content\/uploads\/2022\/10\/Coracao_Saudavel-17.jpg","width":1000,"height":563},{"@type":"BreadcrumbList","@id":"https:\/\/www.agrupamentoverticalgaviao.pt\/?p=40953#breadcrumb","itemListElement":[{"@type":"ListItem","position":1,"name":"In\u00edcio","item":"https:\/\/www.agrupamentoverticalgaviao.pt\/"},{"@type":"ListItem","position":2,"name":"O sonho de um cora\u00e7\u00e3o saud\u00e1vel"}]},{"@type":"WebSite","@id":"https:\/\/www.agrupamentoverticalgaviao.pt\/#website","url":"https:\/\/www.agrupamentoverticalgaviao.pt\/","name":"Agrupamento de Escolas de Gavi\u00e3o","description":"","alternateName":"Agrupamento de Escolas de Gavi\u00e3o","potentialAction":[{"@type":"SearchAction","target":{"@type":"EntryPoint","urlTemplate":"https:\/\/www.agrupamentoverticalgaviao.pt\/?s={search_term_string}"},"query-input":{"@type":"PropertyValueSpecification","valueRequired":true,"valueName":"search_term_string"}}],"inLanguage":"pt-PT"},{"@type":"Person","@id":"https:\/\/www.agrupamentoverticalgaviao.pt\/#\/schema\/person\/b337300b08ca20a17717f1b413f4b253","name":"marco Vilela","image":{"@type":"ImageObject","inLanguage":"pt-PT","@id":"https:\/\/secure.gravatar.com\/avatar\/8eb0feb60b637bbf624addb993bbcd710c4802ede472519543b7b7625a815e2d?s=96&d=mm&r=g","url":"https:\/\/secure.gravatar.com\/avatar\/8eb0feb60b637bbf624addb993bbcd710c4802ede472519543b7b7625a815e2d?s=96&d=mm&r=g","contentUrl":"https:\/\/secure.gravatar.com\/avatar\/8eb0feb60b637bbf624addb993bbcd710c4802ede472519543b7b7625a815e2d?s=96&d=mm&r=g","caption":"marco Vilela"},"url":"https:\/\/www.agrupamentoverticalgaviao.pt\/?author=2"}]}},"_links":{"self":[{"href":"https:\/\/www.agrupamentoverticalgaviao.pt\/index.php?rest_route=\/wp\/v2\/posts\/40953","targetHints":{"allow":["GET"]}}],"collection":[{"href":"https:\/\/www.agrupamentoverticalgaviao.pt\/index.php?rest_route=\/wp\/v2\/posts"}],"about":[{"href":"https:\/\/www.agrupamentoverticalgaviao.pt\/index.php?rest_route=\/wp\/v2\/types\/post"}],"author":[{"embeddable":true,"href":"https:\/\/www.agrupamentoverticalgaviao.pt\/index.php?rest_route=\/wp\/v2\/users\/2"}],"replies":[{"embeddable":true,"href":"https:\/\/www.agrupamentoverticalgaviao.pt\/index.php?rest_route=%2Fwp%2Fv2%2Fcomments&post=40953"}],"version-history":[{"count":1,"href":"https:\/\/www.agrupamentoverticalgaviao.pt\/index.php?rest_route=\/wp\/v2\/posts\/40953\/revisions"}],"predecessor-version":[{"id":40978,"href":"https:\/\/www.agrupamentoverticalgaviao.pt\/index.php?rest_route=\/wp\/v2\/posts\/40953\/revisions\/40978"}],"wp:featuredmedia":[{"embeddable":true,"href":"https:\/\/www.agrupamentoverticalgaviao.pt\/index.php?rest_route=\/wp\/v2\/media\/40977"}],"wp:attachment":[{"href":"https:\/\/www.agrupamentoverticalgaviao.pt\/index.php?rest_route=%2Fwp%2Fv2%2Fmedia&parent=40953"}],"wp:term":[{"taxonomy":"category","embeddable":true,"href":"https:\/\/www.agrupamentoverticalgaviao.pt\/index.php?rest_route=%2Fwp%2Fv2%2Fcategories&post=40953"},{"taxonomy":"post_tag","embeddable":true,"href":"https:\/\/www.agrupamentoverticalgaviao.pt\/index.php?rest_route=%2Fwp%2Fv2%2Ftags&post=40953"}],"curies":[{"name":"wp","href":"https:\/\/api.w.org\/{rel}","templated":true}]}}