{"id":40308,"date":"2022-04-20T08:28:21","date_gmt":"2022-04-20T08:28:21","guid":{"rendered":"https:\/\/www.agrupamentoverticalgaviao.pt\/?p=40308"},"modified":"2022-04-20T08:28:25","modified_gmt":"2022-04-20T08:28:25","slug":"visita-guiada-a-escola-de-hotelaria-e-turismo-de-portalegre","status":"publish","type":"post","link":"https:\/\/www.agrupamentoverticalgaviao.pt\/?p=40308","title":{"rendered":"VISITA GUIADA \u00c0 ESCOLA DE HOTELARIA E TURISMO DE PORTALEGRE"},"content":{"rendered":"\n<p>A 29 de mar\u00e7o os alunos da turma CEF do 9.\u00ba ano, acompanhados pelo senhor diretor do Agrupamento, diretor de curso e diretora de turma, visitaram a Escola de Hotelaria e Turismo de Portalegre, localizada no antigo espa\u00e7o da F\u00e1brica Robinson. Este edif\u00edcio, de linhas modernas e de vanguarda, reconhecido projeto do arquiteto portugu\u00eas Eduardo de Souto Moura, \u00e9 uma inspira\u00e7\u00e3o vibrante para todos os alunos que absorvem com empenho a arte da cozinha e pastelaria, restaura\u00e7\u00e3o e bebidas, e desenvolvem forma\u00e7\u00e3o em contexto real de trabalho, com o estreitar da liga\u00e7\u00e3o ao mundo do turismo e da hotelaria.<\/p>\n\n\n\n<p>Fomos recebidos acolhedoramente por docentes\/formadores e alunos, e ao longo da manh\u00e3 particip\u00e1mos em p\u00e9riplo din\u00e2mico e atrativo pelas v\u00e1rias \u00e1reas do edif\u00edcio (cozinhas, sala de enologia, bar pedag\u00f3gico, restaurante de aplica\u00e7\u00e3o, salas de aula e gabinetes de estudo, \u00e1rea de compostagem&#8230;), descobrindo experi\u00eancias profissionais e hist\u00f3rias de vida de exce\u00e7\u00e3o que nos ficar\u00e3o na mem\u00f3ria. Mostr\u00e1mos curiosidade e esp\u00edrito indagador, questionando e esclarecendo d\u00favidas sobre uma \u00e1rea profissional desafiante, com algumas regras imut\u00e1veis \u00e9 certo, mas em permanente expans\u00e3o e renova\u00e7\u00e3o, e que por isso permite m\u00faltiplos caminhos, adequados \u00e0s ambi\u00e7\u00f5es, talentos e objetivos individuais, mas sempre em EQUIPA!<\/p>\n\n\n\n<p>Ouvimos, vimos, tateamos, cheir\u00e1mos e degustamos num dia inesquec\u00edvel que culminou com um almo\u00e7o dedicado aos sabores ancestrais transmontanos, partilhados com criatividade e ci\u00eancia.<\/p>\n\n\n\n<p>Uma experi\u00eancia cativante que marca a nossa forma\u00e7\u00e3o escolar pois abriu-nos horizontes, encorajando-nos a abra\u00e7ar e protagonizar projetos futuros no nosso Alentejo Diferente!<\/p>\n\n\n\n<p>Um bem-haja a todos os que nos receberam, com alegria e amizade na Escola de Hotelaria e Turismo de Portalegre! TURMA 9 CEF, Raquel a Gouveia e Lu\u00eds Oliveira<\/p>\n\n\n\n<figure class=\"wp-block-gallery has-nested-images columns-default is-cropped wp-block-gallery-1 is-layout-flex wp-block-gallery-is-layout-flex\">\n<figure class=\"wp-block-image size-large\"><a href=\"https:\/\/www.agrupamentoverticalgaviao.pt\/wp-content\/uploads\/2022\/04\/EHP-1.jpg\"><img loading=\"lazy\" decoding=\"async\" width=\"612\" height=\"816\" data-id=\"40309\" src=\"https:\/\/www.agrupamentoverticalgaviao.pt\/wp-content\/uploads\/2022\/04\/EHP-1.jpg\" alt=\"\" class=\"wp-image-40309\" srcset=\"https:\/\/www.agrupamentoverticalgaviao.pt\/wp-content\/uploads\/2022\/04\/EHP-1.jpg 612w, https:\/\/www.agrupamentoverticalgaviao.pt\/wp-content\/uploads\/2022\/04\/EHP-1-225x300.jpg 225w\" sizes=\"auto, (max-width: 612px) 100vw, 612px\" \/><\/a><\/figure>\n\n\n\n<figure class=\"wp-block-image size-large\"><a href=\"https:\/\/www.agrupamentoverticalgaviao.pt\/wp-content\/uploads\/2022\/04\/EHP-2.jpg\"><img loading=\"lazy\" decoding=\"async\" width=\"896\" height=\"672\" data-id=\"40310\" src=\"https:\/\/www.agrupamentoverticalgaviao.pt\/wp-content\/uploads\/2022\/04\/EHP-2.jpg\" alt=\"\" class=\"wp-image-40310\" srcset=\"https:\/\/www.agrupamentoverticalgaviao.pt\/wp-content\/uploads\/2022\/04\/EHP-2.jpg 896w, https:\/\/www.agrupamentoverticalgaviao.pt\/wp-content\/uploads\/2022\/04\/EHP-2-300x225.jpg 300w, https:\/\/www.agrupamentoverticalgaviao.pt\/wp-content\/uploads\/2022\/04\/EHP-2-768x576.jpg 768w\" sizes=\"auto, (max-width: 896px) 100vw, 896px\" \/><\/a><\/figure>\n\n\n\n<figure class=\"wp-block-image size-large\"><a href=\"https:\/\/www.agrupamentoverticalgaviao.pt\/wp-content\/uploads\/2022\/04\/EHP-3.jpg\"><img loading=\"lazy\" decoding=\"async\" width=\"816\" height=\"612\" data-id=\"40311\" src=\"https:\/\/www.agrupamentoverticalgaviao.pt\/wp-content\/uploads\/2022\/04\/EHP-3.jpg\" alt=\"\" class=\"wp-image-40311\" srcset=\"https:\/\/www.agrupamentoverticalgaviao.pt\/wp-content\/uploads\/2022\/04\/EHP-3.jpg 816w, https:\/\/www.agrupamentoverticalgaviao.pt\/wp-content\/uploads\/2022\/04\/EHP-3-300x225.jpg 300w, https:\/\/www.agrupamentoverticalgaviao.pt\/wp-content\/uploads\/2022\/04\/EHP-3-768x576.jpg 768w\" sizes=\"auto, (max-width: 816px) 100vw, 816px\" \/><\/a><\/figure>\n\n\n\n<figure class=\"wp-block-image size-large\"><a href=\"https:\/\/www.agrupamentoverticalgaviao.pt\/wp-content\/uploads\/2022\/04\/EHP-4.jpg\"><img loading=\"lazy\" decoding=\"async\" width=\"816\" height=\"612\" data-id=\"40312\" src=\"https:\/\/www.agrupamentoverticalgaviao.pt\/wp-content\/uploads\/2022\/04\/EHP-4.jpg\" alt=\"\" class=\"wp-image-40312\" srcset=\"https:\/\/www.agrupamentoverticalgaviao.pt\/wp-content\/uploads\/2022\/04\/EHP-4.jpg 816w, https:\/\/www.agrupamentoverticalgaviao.pt\/wp-content\/uploads\/2022\/04\/EHP-4-300x225.jpg 300w, https:\/\/www.agrupamentoverticalgaviao.pt\/wp-content\/uploads\/2022\/04\/EHP-4-768x576.jpg 768w\" sizes=\"auto, (max-width: 816px) 100vw, 816px\" \/><\/a><\/figure>\n\n\n\n<figure class=\"wp-block-image size-large\"><a href=\"https:\/\/www.agrupamentoverticalgaviao.pt\/wp-content\/uploads\/2022\/04\/EHP-5.jpg\"><img loading=\"lazy\" decoding=\"async\" width=\"816\" height=\"612\" data-id=\"40314\" src=\"https:\/\/www.agrupamentoverticalgaviao.pt\/wp-content\/uploads\/2022\/04\/EHP-5.jpg\" alt=\"\" class=\"wp-image-40314\" srcset=\"https:\/\/www.agrupamentoverticalgaviao.pt\/wp-content\/uploads\/2022\/04\/EHP-5.jpg 816w, https:\/\/www.agrupamentoverticalgaviao.pt\/wp-content\/uploads\/2022\/04\/EHP-5-300x225.jpg 300w, https:\/\/www.agrupamentoverticalgaviao.pt\/wp-content\/uploads\/2022\/04\/EHP-5-768x576.jpg 768w\" sizes=\"auto, (max-width: 816px) 100vw, 816px\" \/><\/a><\/figure>\n\n\n\n<figure class=\"wp-block-image size-large\"><a href=\"https:\/\/www.agrupamentoverticalgaviao.pt\/wp-content\/uploads\/2022\/04\/EHP-6.jpg\"><img loading=\"lazy\" decoding=\"async\" width=\"816\" height=\"612\" data-id=\"40313\" src=\"https:\/\/www.agrupamentoverticalgaviao.pt\/wp-content\/uploads\/2022\/04\/EHP-6.jpg\" alt=\"\" class=\"wp-image-40313\" srcset=\"https:\/\/www.agrupamentoverticalgaviao.pt\/wp-content\/uploads\/2022\/04\/EHP-6.jpg 816w, https:\/\/www.agrupamentoverticalgaviao.pt\/wp-content\/uploads\/2022\/04\/EHP-6-300x225.jpg 300w, https:\/\/www.agrupamentoverticalgaviao.pt\/wp-content\/uploads\/2022\/04\/EHP-6-768x576.jpg 768w\" sizes=\"auto, (max-width: 816px) 100vw, 816px\" \/><\/a><\/figure>\n\n\n\n<figure class=\"wp-block-image size-large\"><a href=\"https:\/\/www.agrupamentoverticalgaviao.pt\/wp-content\/uploads\/2022\/04\/EHP-7.jpg\"><img loading=\"lazy\" decoding=\"async\" width=\"816\" height=\"612\" data-id=\"40315\" src=\"https:\/\/www.agrupamentoverticalgaviao.pt\/wp-content\/uploads\/2022\/04\/EHP-7.jpg\" alt=\"\" class=\"wp-image-40315\" srcset=\"https:\/\/www.agrupamentoverticalgaviao.pt\/wp-content\/uploads\/2022\/04\/EHP-7.jpg 816w, https:\/\/www.agrupamentoverticalgaviao.pt\/wp-content\/uploads\/2022\/04\/EHP-7-300x225.jpg 300w, https:\/\/www.agrupamentoverticalgaviao.pt\/wp-content\/uploads\/2022\/04\/EHP-7-768x576.jpg 768w\" sizes=\"auto, (max-width: 816px) 100vw, 816px\" \/><\/a><\/figure>\n\n\n\n<figure class=\"wp-block-image size-large\"><a href=\"https:\/\/www.agrupamentoverticalgaviao.pt\/wp-content\/uploads\/2022\/04\/EHP-8.jpg\"><img loading=\"lazy\" decoding=\"async\" width=\"960\" height=\"540\" data-id=\"40317\" src=\"https:\/\/www.agrupamentoverticalgaviao.pt\/wp-content\/uploads\/2022\/04\/EHP-8.jpg\" alt=\"\" class=\"wp-image-40317\" srcset=\"https:\/\/www.agrupamentoverticalgaviao.pt\/wp-content\/uploads\/2022\/04\/EHP-8.jpg 960w, https:\/\/www.agrupamentoverticalgaviao.pt\/wp-content\/uploads\/2022\/04\/EHP-8-300x169.jpg 300w, https:\/\/www.agrupamentoverticalgaviao.pt\/wp-content\/uploads\/2022\/04\/EHP-8-768x432.jpg 768w\" sizes=\"auto, (max-width: 960px) 100vw, 960px\" \/><\/a><\/figure>\n\n\n\n<figure class=\"wp-block-image size-large\"><a href=\"https:\/\/www.agrupamentoverticalgaviao.pt\/wp-content\/uploads\/2022\/04\/EHP-9.jpg\"><img loading=\"lazy\" decoding=\"async\" width=\"612\" height=\"816\" data-id=\"40316\" src=\"https:\/\/www.agrupamentoverticalgaviao.pt\/wp-content\/uploads\/2022\/04\/EHP-9.jpg\" alt=\"\" class=\"wp-image-40316\" srcset=\"https:\/\/www.agrupamentoverticalgaviao.pt\/wp-content\/uploads\/2022\/04\/EHP-9.jpg 612w, https:\/\/www.agrupamentoverticalgaviao.pt\/wp-content\/uploads\/2022\/04\/EHP-9-225x300.jpg 225w\" sizes=\"auto, (max-width: 612px) 100vw, 612px\" \/><\/a><\/figure>\n\n\n\n<figure class=\"wp-block-image size-large\"><a href=\"https:\/\/www.agrupamentoverticalgaviao.pt\/wp-content\/uploads\/2022\/04\/EHP-10.jpg\"><img loading=\"lazy\" decoding=\"async\" width=\"612\" height=\"816\" data-id=\"40319\" src=\"https:\/\/www.agrupamentoverticalgaviao.pt\/wp-content\/uploads\/2022\/04\/EHP-10.jpg\" alt=\"\" class=\"wp-image-40319\" srcset=\"https:\/\/www.agrupamentoverticalgaviao.pt\/wp-content\/uploads\/2022\/04\/EHP-10.jpg 612w, https:\/\/www.agrupamentoverticalgaviao.pt\/wp-content\/uploads\/2022\/04\/EHP-10-225x300.jpg 225w\" sizes=\"auto, (max-width: 612px) 100vw, 612px\" \/><\/a><\/figure>\n\n\n\n<figure class=\"wp-block-image size-large\"><a href=\"https:\/\/www.agrupamentoverticalgaviao.pt\/wp-content\/uploads\/2022\/04\/EHP-11.jpg\"><img loading=\"lazy\" decoding=\"async\" width=\"612\" height=\"816\" data-id=\"40320\" src=\"https:\/\/www.agrupamentoverticalgaviao.pt\/wp-content\/uploads\/2022\/04\/EHP-11.jpg\" alt=\"\" class=\"wp-image-40320\" srcset=\"https:\/\/www.agrupamentoverticalgaviao.pt\/wp-content\/uploads\/2022\/04\/EHP-11.jpg 612w, https:\/\/www.agrupamentoverticalgaviao.pt\/wp-content\/uploads\/2022\/04\/EHP-11-225x300.jpg 225w\" sizes=\"auto, (max-width: 612px) 100vw, 612px\" \/><\/a><\/figure>\n\n\n\n<figure class=\"wp-block-image size-large\"><a href=\"https:\/\/www.agrupamentoverticalgaviao.pt\/wp-content\/uploads\/2022\/04\/EHP-12.jpg\"><img loading=\"lazy\" decoding=\"async\" width=\"612\" height=\"816\" data-id=\"40318\" src=\"https:\/\/www.agrupamentoverticalgaviao.pt\/wp-content\/uploads\/2022\/04\/EHP-12.jpg\" alt=\"\" class=\"wp-image-40318\" srcset=\"https:\/\/www.agrupamentoverticalgaviao.pt\/wp-content\/uploads\/2022\/04\/EHP-12.jpg 612w, https:\/\/www.agrupamentoverticalgaviao.pt\/wp-content\/uploads\/2022\/04\/EHP-12-225x300.jpg 225w\" sizes=\"auto, (max-width: 612px) 100vw, 612px\" \/><\/a><\/figure>\n\n\n\n<figure class=\"wp-block-image size-large\"><a href=\"https:\/\/www.agrupamentoverticalgaviao.pt\/wp-content\/uploads\/2022\/04\/EHP-13.jpg\"><img loading=\"lazy\" decoding=\"async\" width=\"816\" height=\"612\" data-id=\"40321\" src=\"https:\/\/www.agrupamentoverticalgaviao.pt\/wp-content\/uploads\/2022\/04\/EHP-13.jpg\" alt=\"\" class=\"wp-image-40321\" srcset=\"https:\/\/www.agrupamentoverticalgaviao.pt\/wp-content\/uploads\/2022\/04\/EHP-13.jpg 816w, https:\/\/www.agrupamentoverticalgaviao.pt\/wp-content\/uploads\/2022\/04\/EHP-13-300x225.jpg 300w, https:\/\/www.agrupamentoverticalgaviao.pt\/wp-content\/uploads\/2022\/04\/EHP-13-768x576.jpg 768w\" sizes=\"auto, (max-width: 816px) 100vw, 816px\" \/><\/a><\/figure>\n\n\n\n<figure class=\"wp-block-image size-large\"><a href=\"https:\/\/www.agrupamentoverticalgaviao.pt\/wp-content\/uploads\/2022\/04\/EHP-14.jpg\"><img loading=\"lazy\" decoding=\"async\" width=\"612\" height=\"816\" data-id=\"40322\" src=\"https:\/\/www.agrupamentoverticalgaviao.pt\/wp-content\/uploads\/2022\/04\/EHP-14.jpg\" alt=\"\" class=\"wp-image-40322\" srcset=\"https:\/\/www.agrupamentoverticalgaviao.pt\/wp-content\/uploads\/2022\/04\/EHP-14.jpg 612w, https:\/\/www.agrupamentoverticalgaviao.pt\/wp-content\/uploads\/2022\/04\/EHP-14-225x300.jpg 225w\" sizes=\"auto, (max-width: 612px) 100vw, 612px\" \/><\/a><\/figure>\n\n\n\n<figure class=\"wp-block-image size-large\"><a href=\"https:\/\/www.agrupamentoverticalgaviao.pt\/wp-content\/uploads\/2022\/04\/EHP-15.jpg\"><img loading=\"lazy\" decoding=\"async\" width=\"816\" height=\"612\" data-id=\"40323\" src=\"https:\/\/www.agrupamentoverticalgaviao.pt\/wp-content\/uploads\/2022\/04\/EHP-15.jpg\" alt=\"\" class=\"wp-image-40323\" srcset=\"https:\/\/www.agrupamentoverticalgaviao.pt\/wp-content\/uploads\/2022\/04\/EHP-15.jpg 816w, https:\/\/www.agrupamentoverticalgaviao.pt\/wp-content\/uploads\/2022\/04\/EHP-15-300x225.jpg 300w, https:\/\/www.agrupamentoverticalgaviao.pt\/wp-content\/uploads\/2022\/04\/EHP-15-768x576.jpg 768w\" sizes=\"auto, (max-width: 816px) 100vw, 816px\" \/><\/a><\/figure>\n\n\n\n<figure class=\"wp-block-image size-large\"><a href=\"https:\/\/www.agrupamentoverticalgaviao.pt\/wp-content\/uploads\/2022\/04\/EHP-16.jpg\"><img loading=\"lazy\" decoding=\"async\" width=\"540\" height=\"960\" data-id=\"40325\" src=\"https:\/\/www.agrupamentoverticalgaviao.pt\/wp-content\/uploads\/2022\/04\/EHP-16.jpg\" alt=\"\" class=\"wp-image-40325\" srcset=\"https:\/\/www.agrupamentoverticalgaviao.pt\/wp-content\/uploads\/2022\/04\/EHP-16.jpg 540w, https:\/\/www.agrupamentoverticalgaviao.pt\/wp-content\/uploads\/2022\/04\/EHP-16-169x300.jpg 169w\" sizes=\"auto, (max-width: 540px) 100vw, 540px\" \/><\/a><\/figure>\n\n\n\n<figure class=\"wp-block-image size-large\"><a href=\"https:\/\/www.agrupamentoverticalgaviao.pt\/wp-content\/uploads\/2022\/04\/EHP-17.jpg\"><img loading=\"lazy\" decoding=\"async\" width=\"612\" height=\"816\" data-id=\"40324\" src=\"https:\/\/www.agrupamentoverticalgaviao.pt\/wp-content\/uploads\/2022\/04\/EHP-17.jpg\" alt=\"\" class=\"wp-image-40324\" srcset=\"https:\/\/www.agrupamentoverticalgaviao.pt\/wp-content\/uploads\/2022\/04\/EHP-17.jpg 612w, https:\/\/www.agrupamentoverticalgaviao.pt\/wp-content\/uploads\/2022\/04\/EHP-17-225x300.jpg 225w\" sizes=\"auto, (max-width: 612px) 100vw, 612px\" \/><\/a><\/figure>\n\n\n\n<figure class=\"wp-block-image size-large\"><a href=\"https:\/\/www.agrupamentoverticalgaviao.pt\/wp-content\/uploads\/2022\/04\/EHP-18.jpg\"><img loading=\"lazy\" decoding=\"async\" width=\"612\" height=\"816\" data-id=\"40326\" src=\"https:\/\/www.agrupamentoverticalgaviao.pt\/wp-content\/uploads\/2022\/04\/EHP-18.jpg\" alt=\"\" class=\"wp-image-40326\" srcset=\"https:\/\/www.agrupamentoverticalgaviao.pt\/wp-content\/uploads\/2022\/04\/EHP-18.jpg 612w, https:\/\/www.agrupamentoverticalgaviao.pt\/wp-content\/uploads\/2022\/04\/EHP-18-225x300.jpg 225w\" sizes=\"auto, (max-width: 612px) 100vw, 612px\" \/><\/a><\/figure>\n\n\n\n<figure class=\"wp-block-image size-large\"><a href=\"https:\/\/www.agrupamentoverticalgaviao.pt\/wp-content\/uploads\/2022\/04\/EHP-19.jpg\"><img loading=\"lazy\" decoding=\"async\" width=\"612\" height=\"816\" data-id=\"40327\" src=\"https:\/\/www.agrupamentoverticalgaviao.pt\/wp-content\/uploads\/2022\/04\/EHP-19.jpg\" alt=\"\" class=\"wp-image-40327\" srcset=\"https:\/\/www.agrupamentoverticalgaviao.pt\/wp-content\/uploads\/2022\/04\/EHP-19.jpg 612w, https:\/\/www.agrupamentoverticalgaviao.pt\/wp-content\/uploads\/2022\/04\/EHP-19-225x300.jpg 225w\" sizes=\"auto, (max-width: 612px) 100vw, 612px\" \/><\/a><\/figure>\n<\/figure>\n","protected":false},"excerpt":{"rendered":"<p>A 29 de mar\u00e7o os alunos da turma CEF do 9.\u00ba ano, acompanhados pelo &hellip; <\/p>\n","protected":false},"author":1,"featured_media":40310,"comment_status":"closed","ping_status":"closed","sticky":false,"template":"","format":"standard","meta":{"footnotes":""},"categories":[241],"tags":[],"class_list":["post-40308","post","type-post","status-publish","format-standard","has-post-thumbnail","hentry","category-curso-de-educacao-e-formacao-de-empregado-a-de-restaurante-bar"],"yoast_head":"<!-- This site is optimized with the Yoast SEO plugin v27.4 - https:\/\/yoast.com\/product\/yoast-seo-wordpress\/ -->\n<title>VISITA GUIADA \u00c0 ESCOLA DE HOTELARIA E TURISMO DE PORTALEGRE - Agrupamento de Escolas de Gavi\u00e3o<\/title>\n<meta name=\"robots\" content=\"index, follow, max-snippet:-1, max-image-preview:large, max-video-preview:-1\" \/>\n<link rel=\"canonical\" href=\"https:\/\/www.agrupamentoverticalgaviao.pt\/?p=40308\" \/>\n<meta property=\"og:locale\" content=\"pt_PT\" \/>\n<meta property=\"og:type\" content=\"article\" \/>\n<meta property=\"og:title\" content=\"VISITA GUIADA \u00c0 ESCOLA DE HOTELARIA E TURISMO DE PORTALEGRE - Agrupamento de Escolas de Gavi\u00e3o\" \/>\n<meta property=\"og:description\" content=\"A 29 de mar\u00e7o os alunos da turma CEF do 9.\u00ba ano, acompanhados pelo &hellip;\" \/>\n<meta property=\"og:url\" content=\"https:\/\/www.agrupamentoverticalgaviao.pt\/?p=40308\" \/>\n<meta property=\"og:site_name\" content=\"Agrupamento de Escolas de Gavi\u00e3o\" \/>\n<meta property=\"article:published_time\" content=\"2022-04-20T08:28:21+00:00\" \/>\n<meta property=\"article:modified_time\" content=\"2022-04-20T08:28:25+00:00\" \/>\n<meta property=\"og:image\" content=\"https:\/\/www.agrupamentoverticalgaviao.pt\/wp-content\/uploads\/2022\/04\/EHP-2.jpg\" \/>\n\t<meta property=\"og:image:width\" content=\"896\" \/>\n\t<meta property=\"og:image:height\" content=\"672\" \/>\n\t<meta property=\"og:image:type\" content=\"image\/jpeg\" \/>\n<meta name=\"author\" content=\"Marco Vilela\" \/>\n<meta name=\"twitter:card\" content=\"summary_large_image\" \/>\n<meta name=\"twitter:label1\" content=\"Escrito por\" \/>\n\t<meta name=\"twitter:data1\" content=\"Marco Vilela\" \/>\n\t<meta name=\"twitter:label2\" content=\"Tempo estimado de leitura\" \/>\n\t<meta name=\"twitter:data2\" content=\"2 minutos\" \/>\n<script type=\"application\/ld+json\" class=\"yoast-schema-graph\">{\"@context\":\"https:\\\/\\\/schema.org\",\"@graph\":[{\"@type\":\"Article\",\"@id\":\"https:\\\/\\\/www.agrupamentoverticalgaviao.pt\\\/?p=40308#article\",\"isPartOf\":{\"@id\":\"https:\\\/\\\/www.agrupamentoverticalgaviao.pt\\\/?p=40308\"},\"author\":{\"name\":\"Marco Vilela\",\"@id\":\"https:\\\/\\\/www.agrupamentoverticalgaviao.pt\\\/#\\\/schema\\\/person\\\/d31a59159eb58000be8001b507e8435f\"},\"headline\":\"VISITA GUIADA \u00c0 ESCOLA DE HOTELARIA E TURISMO DE PORTALEGRE\",\"datePublished\":\"2022-04-20T08:28:21+00:00\",\"dateModified\":\"2022-04-20T08:28:25+00:00\",\"mainEntityOfPage\":{\"@id\":\"https:\\\/\\\/www.agrupamentoverticalgaviao.pt\\\/?p=40308\"},\"wordCount\":317,\"image\":{\"@id\":\"https:\\\/\\\/www.agrupamentoverticalgaviao.pt\\\/?p=40308#primaryimage\"},\"thumbnailUrl\":\"https:\\\/\\\/www.agrupamentoverticalgaviao.pt\\\/wp-content\\\/uploads\\\/2022\\\/04\\\/EHP-2.jpg\",\"articleSection\":[\"Curso de Educa\u00e7\u00e3o e Forma\u00e7\u00e3o\u00a0de Empregado\\\/a de Restaurante\\\/Bar\"],\"inLanguage\":\"pt-PT\"},{\"@type\":\"WebPage\",\"@id\":\"https:\\\/\\\/www.agrupamentoverticalgaviao.pt\\\/?p=40308\",\"url\":\"https:\\\/\\\/www.agrupamentoverticalgaviao.pt\\\/?p=40308\",\"name\":\"VISITA GUIADA \u00c0 ESCOLA DE HOTELARIA E TURISMO DE PORTALEGRE - Agrupamento de Escolas de Gavi\u00e3o\",\"isPartOf\":{\"@id\":\"https:\\\/\\\/www.agrupamentoverticalgaviao.pt\\\/#website\"},\"primaryImageOfPage\":{\"@id\":\"https:\\\/\\\/www.agrupamentoverticalgaviao.pt\\\/?p=40308#primaryimage\"},\"image\":{\"@id\":\"https:\\\/\\\/www.agrupamentoverticalgaviao.pt\\\/?p=40308#primaryimage\"},\"thumbnailUrl\":\"https:\\\/\\\/www.agrupamentoverticalgaviao.pt\\\/wp-content\\\/uploads\\\/2022\\\/04\\\/EHP-2.jpg\",\"datePublished\":\"2022-04-20T08:28:21+00:00\",\"dateModified\":\"2022-04-20T08:28:25+00:00\",\"author\":{\"@id\":\"https:\\\/\\\/www.agrupamentoverticalgaviao.pt\\\/#\\\/schema\\\/person\\\/d31a59159eb58000be8001b507e8435f\"},\"breadcrumb\":{\"@id\":\"https:\\\/\\\/www.agrupamentoverticalgaviao.pt\\\/?p=40308#breadcrumb\"},\"inLanguage\":\"pt-PT\",\"potentialAction\":[{\"@type\":\"ReadAction\",\"target\":[\"https:\\\/\\\/www.agrupamentoverticalgaviao.pt\\\/?p=40308\"]}]},{\"@type\":\"ImageObject\",\"inLanguage\":\"pt-PT\",\"@id\":\"https:\\\/\\\/www.agrupamentoverticalgaviao.pt\\\/?p=40308#primaryimage\",\"url\":\"https:\\\/\\\/www.agrupamentoverticalgaviao.pt\\\/wp-content\\\/uploads\\\/2022\\\/04\\\/EHP-2.jpg\",\"contentUrl\":\"https:\\\/\\\/www.agrupamentoverticalgaviao.pt\\\/wp-content\\\/uploads\\\/2022\\\/04\\\/EHP-2.jpg\",\"width\":896,\"height\":672},{\"@type\":\"BreadcrumbList\",\"@id\":\"https:\\\/\\\/www.agrupamentoverticalgaviao.pt\\\/?p=40308#breadcrumb\",\"itemListElement\":[{\"@type\":\"ListItem\",\"position\":1,\"name\":\"In\u00edcio\",\"item\":\"https:\\\/\\\/www.agrupamentoverticalgaviao.pt\\\/\"},{\"@type\":\"ListItem\",\"position\":2,\"name\":\"VISITA GUIADA \u00c0 ESCOLA DE HOTELARIA E TURISMO DE PORTALEGRE\"}]},{\"@type\":\"WebSite\",\"@id\":\"https:\\\/\\\/www.agrupamentoverticalgaviao.pt\\\/#website\",\"url\":\"https:\\\/\\\/www.agrupamentoverticalgaviao.pt\\\/\",\"name\":\"Agrupamento de Escolas de Gavi\u00e3o\",\"description\":\"\",\"alternateName\":\"Agrupamento de Escolas de Gavi\u00e3o\",\"potentialAction\":[{\"@type\":\"SearchAction\",\"target\":{\"@type\":\"EntryPoint\",\"urlTemplate\":\"https:\\\/\\\/www.agrupamentoverticalgaviao.pt\\\/?s={search_term_string}\"},\"query-input\":{\"@type\":\"PropertyValueSpecification\",\"valueRequired\":true,\"valueName\":\"search_term_string\"}}],\"inLanguage\":\"pt-PT\"},{\"@type\":\"Person\",\"@id\":\"https:\\\/\\\/www.agrupamentoverticalgaviao.pt\\\/#\\\/schema\\\/person\\\/d31a59159eb58000be8001b507e8435f\",\"name\":\"Marco Vilela\",\"image\":{\"@type\":\"ImageObject\",\"inLanguage\":\"pt-PT\",\"@id\":\"https:\\\/\\\/secure.gravatar.com\\\/avatar\\\/a84a1029af2ec5895ae6cc5fd3c06f1390e9b3dc24ed93780502c881f57940be?s=96&d=mm&r=g\",\"url\":\"https:\\\/\\\/secure.gravatar.com\\\/avatar\\\/a84a1029af2ec5895ae6cc5fd3c06f1390e9b3dc24ed93780502c881f57940be?s=96&d=mm&r=g\",\"contentUrl\":\"https:\\\/\\\/secure.gravatar.com\\\/avatar\\\/a84a1029af2ec5895ae6cc5fd3c06f1390e9b3dc24ed93780502c881f57940be?s=96&d=mm&r=g\",\"caption\":\"Marco Vilela\"},\"url\":\"https:\\\/\\\/www.agrupamentoverticalgaviao.pt\\\/?author=1\"}]}<\/script>\n<!-- \/ Yoast SEO plugin. -->","yoast_head_json":{"title":"VISITA GUIADA \u00c0 ESCOLA DE HOTELARIA E TURISMO DE PORTALEGRE - Agrupamento de Escolas de Gavi\u00e3o","robots":{"index":"index","follow":"follow","max-snippet":"max-snippet:-1","max-image-preview":"max-image-preview:large","max-video-preview":"max-video-preview:-1"},"canonical":"https:\/\/www.agrupamentoverticalgaviao.pt\/?p=40308","og_locale":"pt_PT","og_type":"article","og_title":"VISITA GUIADA \u00c0 ESCOLA DE HOTELARIA E TURISMO DE PORTALEGRE - Agrupamento de Escolas de Gavi\u00e3o","og_description":"A 29 de mar\u00e7o os alunos da turma CEF do 9.\u00ba ano, acompanhados pelo &hellip;","og_url":"https:\/\/www.agrupamentoverticalgaviao.pt\/?p=40308","og_site_name":"Agrupamento de Escolas de Gavi\u00e3o","article_published_time":"2022-04-20T08:28:21+00:00","article_modified_time":"2022-04-20T08:28:25+00:00","og_image":[{"width":896,"height":672,"url":"https:\/\/www.agrupamentoverticalgaviao.pt\/wp-content\/uploads\/2022\/04\/EHP-2.jpg","type":"image\/jpeg"}],"author":"Marco Vilela","twitter_card":"summary_large_image","twitter_misc":{"Escrito por":"Marco Vilela","Tempo estimado de leitura":"2 minutos"},"schema":{"@context":"https:\/\/schema.org","@graph":[{"@type":"Article","@id":"https:\/\/www.agrupamentoverticalgaviao.pt\/?p=40308#article","isPartOf":{"@id":"https:\/\/www.agrupamentoverticalgaviao.pt\/?p=40308"},"author":{"name":"Marco Vilela","@id":"https:\/\/www.agrupamentoverticalgaviao.pt\/#\/schema\/person\/d31a59159eb58000be8001b507e8435f"},"headline":"VISITA GUIADA \u00c0 ESCOLA DE HOTELARIA E TURISMO DE PORTALEGRE","datePublished":"2022-04-20T08:28:21+00:00","dateModified":"2022-04-20T08:28:25+00:00","mainEntityOfPage":{"@id":"https:\/\/www.agrupamentoverticalgaviao.pt\/?p=40308"},"wordCount":317,"image":{"@id":"https:\/\/www.agrupamentoverticalgaviao.pt\/?p=40308#primaryimage"},"thumbnailUrl":"https:\/\/www.agrupamentoverticalgaviao.pt\/wp-content\/uploads\/2022\/04\/EHP-2.jpg","articleSection":["Curso de Educa\u00e7\u00e3o e Forma\u00e7\u00e3o\u00a0de Empregado\/a de Restaurante\/Bar"],"inLanguage":"pt-PT"},{"@type":"WebPage","@id":"https:\/\/www.agrupamentoverticalgaviao.pt\/?p=40308","url":"https:\/\/www.agrupamentoverticalgaviao.pt\/?p=40308","name":"VISITA GUIADA \u00c0 ESCOLA DE HOTELARIA E TURISMO DE PORTALEGRE - Agrupamento de Escolas de Gavi\u00e3o","isPartOf":{"@id":"https:\/\/www.agrupamentoverticalgaviao.pt\/#website"},"primaryImageOfPage":{"@id":"https:\/\/www.agrupamentoverticalgaviao.pt\/?p=40308#primaryimage"},"image":{"@id":"https:\/\/www.agrupamentoverticalgaviao.pt\/?p=40308#primaryimage"},"thumbnailUrl":"https:\/\/www.agrupamentoverticalgaviao.pt\/wp-content\/uploads\/2022\/04\/EHP-2.jpg","datePublished":"2022-04-20T08:28:21+00:00","dateModified":"2022-04-20T08:28:25+00:00","author":{"@id":"https:\/\/www.agrupamentoverticalgaviao.pt\/#\/schema\/person\/d31a59159eb58000be8001b507e8435f"},"breadcrumb":{"@id":"https:\/\/www.agrupamentoverticalgaviao.pt\/?p=40308#breadcrumb"},"inLanguage":"pt-PT","potentialAction":[{"@type":"ReadAction","target":["https:\/\/www.agrupamentoverticalgaviao.pt\/?p=40308"]}]},{"@type":"ImageObject","inLanguage":"pt-PT","@id":"https:\/\/www.agrupamentoverticalgaviao.pt\/?p=40308#primaryimage","url":"https:\/\/www.agrupamentoverticalgaviao.pt\/wp-content\/uploads\/2022\/04\/EHP-2.jpg","contentUrl":"https:\/\/www.agrupamentoverticalgaviao.pt\/wp-content\/uploads\/2022\/04\/EHP-2.jpg","width":896,"height":672},{"@type":"BreadcrumbList","@id":"https:\/\/www.agrupamentoverticalgaviao.pt\/?p=40308#breadcrumb","itemListElement":[{"@type":"ListItem","position":1,"name":"In\u00edcio","item":"https:\/\/www.agrupamentoverticalgaviao.pt\/"},{"@type":"ListItem","position":2,"name":"VISITA GUIADA \u00c0 ESCOLA DE HOTELARIA E TURISMO DE PORTALEGRE"}]},{"@type":"WebSite","@id":"https:\/\/www.agrupamentoverticalgaviao.pt\/#website","url":"https:\/\/www.agrupamentoverticalgaviao.pt\/","name":"Agrupamento de Escolas de Gavi\u00e3o","description":"","alternateName":"Agrupamento de Escolas de Gavi\u00e3o","potentialAction":[{"@type":"SearchAction","target":{"@type":"EntryPoint","urlTemplate":"https:\/\/www.agrupamentoverticalgaviao.pt\/?s={search_term_string}"},"query-input":{"@type":"PropertyValueSpecification","valueRequired":true,"valueName":"search_term_string"}}],"inLanguage":"pt-PT"},{"@type":"Person","@id":"https:\/\/www.agrupamentoverticalgaviao.pt\/#\/schema\/person\/d31a59159eb58000be8001b507e8435f","name":"Marco Vilela","image":{"@type":"ImageObject","inLanguage":"pt-PT","@id":"https:\/\/secure.gravatar.com\/avatar\/a84a1029af2ec5895ae6cc5fd3c06f1390e9b3dc24ed93780502c881f57940be?s=96&d=mm&r=g","url":"https:\/\/secure.gravatar.com\/avatar\/a84a1029af2ec5895ae6cc5fd3c06f1390e9b3dc24ed93780502c881f57940be?s=96&d=mm&r=g","contentUrl":"https:\/\/secure.gravatar.com\/avatar\/a84a1029af2ec5895ae6cc5fd3c06f1390e9b3dc24ed93780502c881f57940be?s=96&d=mm&r=g","caption":"Marco Vilela"},"url":"https:\/\/www.agrupamentoverticalgaviao.pt\/?author=1"}]}},"_links":{"self":[{"href":"https:\/\/www.agrupamentoverticalgaviao.pt\/index.php?rest_route=\/wp\/v2\/posts\/40308","targetHints":{"allow":["GET"]}}],"collection":[{"href":"https:\/\/www.agrupamentoverticalgaviao.pt\/index.php?rest_route=\/wp\/v2\/posts"}],"about":[{"href":"https:\/\/www.agrupamentoverticalgaviao.pt\/index.php?rest_route=\/wp\/v2\/types\/post"}],"author":[{"embeddable":true,"href":"https:\/\/www.agrupamentoverticalgaviao.pt\/index.php?rest_route=\/wp\/v2\/users\/1"}],"replies":[{"embeddable":true,"href":"https:\/\/www.agrupamentoverticalgaviao.pt\/index.php?rest_route=%2Fwp%2Fv2%2Fcomments&post=40308"}],"version-history":[{"count":1,"href":"https:\/\/www.agrupamentoverticalgaviao.pt\/index.php?rest_route=\/wp\/v2\/posts\/40308\/revisions"}],"predecessor-version":[{"id":40328,"href":"https:\/\/www.agrupamentoverticalgaviao.pt\/index.php?rest_route=\/wp\/v2\/posts\/40308\/revisions\/40328"}],"wp:featuredmedia":[{"embeddable":true,"href":"https:\/\/www.agrupamentoverticalgaviao.pt\/index.php?rest_route=\/wp\/v2\/media\/40310"}],"wp:attachment":[{"href":"https:\/\/www.agrupamentoverticalgaviao.pt\/index.php?rest_route=%2Fwp%2Fv2%2Fmedia&parent=40308"}],"wp:term":[{"taxonomy":"category","embeddable":true,"href":"https:\/\/www.agrupamentoverticalgaviao.pt\/index.php?rest_route=%2Fwp%2Fv2%2Fcategories&post=40308"},{"taxonomy":"post_tag","embeddable":true,"href":"https:\/\/www.agrupamentoverticalgaviao.pt\/index.php?rest_route=%2Fwp%2Fv2%2Ftags&post=40308"}],"curies":[{"name":"wp","href":"https:\/\/api.w.org\/{rel}","templated":true}]}}