{"id":40293,"date":"2022-04-20T08:24:52","date_gmt":"2022-04-20T08:24:52","guid":{"rendered":"https:\/\/www.agrupamentoverticalgaviao.pt\/?p=40293"},"modified":"2022-04-20T08:24:55","modified_gmt":"2022-04-20T08:24:55","slug":"curso-profissional-tas-partilha-de-saberes-com-tomar","status":"publish","type":"post","link":"https:\/\/www.agrupamentoverticalgaviao.pt\/?p=40293","title":{"rendered":"Curso profissional TAS &#8220;Partilha de Saberes&#8221; com Tomar"},"content":{"rendered":"\n<p>No \u00e2mbito do projeto Partilha de Saberes, no passado dia 8 de abril, os alunos do 11.\u00ba ano do curso profissional T\u00e9cnico(a) Auxiliar de Sa\u00fade (TAS) do nosso Agrupamento, receberam os colegas do curso TAS do Agrupamento de Escolas dos Templ\u00e1rios &#8211; Tomar.<\/p>\n\n\n\n<p>Come\u00e7\u00e1mos a manh\u00e3 com v\u00e1rias din\u00e2micas de apresenta\u00e7\u00e3o dos alunos, trabalho de equipa e abordagem a alguns temas relacionados com os conte\u00fados do curso (comunica\u00e7\u00e3o, preven\u00e7\u00e3o e controlo da infe\u00e7\u00e3o, \u00e9tica, ergonomia, trabalho de equipa, presta\u00e7\u00e3o de cuidados e compet\u00eancias pessoais, resultando um painel que est\u00e1 exposto no \u00e1trio da escola.<\/p>\n\n\n\n<p>A tarde teve um cariz mais tur\u00edstico, com o apoio do curso profissional TIAT &#8211; T\u00e9cnico de Informa\u00e7\u00e3o e Anima\u00e7\u00e3o Tur\u00edstica, visit\u00e1mos o Castelo de Belver e o Museu do Sab\u00e3o.<\/p>\n\n\n\n<p>Foi um dia diferente, especial e que possibilitou o desenvolvimento de compet\u00eancias, principalmente ao n\u00edvel das rela\u00e7\u00f5es interpessoais.<\/p>\n\n\n\n<p>No pr\u00f3ximo dia 6 de maio, ser\u00e1 a vez de irmos a Tomar e dos nossos colegas do Agrupamento de Escolas dos Templ\u00e1rios nos receberem. Neste projeto participa ainda a turma do curso profissional TAS do Agrupamento de Escolas de Const\u00e2ncia.<\/p>\n\n\n\n<figure class=\"wp-block-gallery has-nested-images columns-default is-cropped wp-block-gallery-1 is-layout-flex wp-block-gallery-is-layout-flex\">\n<figure class=\"wp-block-image size-large\"><a href=\"https:\/\/www.agrupamentoverticalgaviao.pt\/wp-content\/uploads\/2022\/04\/67058705-8bc7-46fc-b2b3-3d6949a8128a.jpg\"><img loading=\"lazy\" decoding=\"async\" width=\"875\" height=\"656\" data-id=\"40294\" src=\"https:\/\/www.agrupamentoverticalgaviao.pt\/wp-content\/uploads\/2022\/04\/67058705-8bc7-46fc-b2b3-3d6949a8128a.jpg\" alt=\"\" class=\"wp-image-40294\" srcset=\"https:\/\/www.agrupamentoverticalgaviao.pt\/wp-content\/uploads\/2022\/04\/67058705-8bc7-46fc-b2b3-3d6949a8128a.jpg 875w, https:\/\/www.agrupamentoverticalgaviao.pt\/wp-content\/uploads\/2022\/04\/67058705-8bc7-46fc-b2b3-3d6949a8128a-300x225.jpg 300w, https:\/\/www.agrupamentoverticalgaviao.pt\/wp-content\/uploads\/2022\/04\/67058705-8bc7-46fc-b2b3-3d6949a8128a-768x576.jpg 768w\" sizes=\"auto, (max-width: 875px) 100vw, 875px\" \/><\/a><\/figure>\n\n\n\n<figure class=\"wp-block-image size-large\"><a href=\"https:\/\/www.agrupamentoverticalgaviao.pt\/wp-content\/uploads\/2022\/04\/d27721d1-2b5a-42f5-9214-546235ce6eb5.jpg\"><img loading=\"lazy\" decoding=\"async\" width=\"875\" height=\"656\" data-id=\"40295\" src=\"https:\/\/www.agrupamentoverticalgaviao.pt\/wp-content\/uploads\/2022\/04\/d27721d1-2b5a-42f5-9214-546235ce6eb5.jpg\" alt=\"\" class=\"wp-image-40295\" srcset=\"https:\/\/www.agrupamentoverticalgaviao.pt\/wp-content\/uploads\/2022\/04\/d27721d1-2b5a-42f5-9214-546235ce6eb5.jpg 875w, https:\/\/www.agrupamentoverticalgaviao.pt\/wp-content\/uploads\/2022\/04\/d27721d1-2b5a-42f5-9214-546235ce6eb5-300x225.jpg 300w, https:\/\/www.agrupamentoverticalgaviao.pt\/wp-content\/uploads\/2022\/04\/d27721d1-2b5a-42f5-9214-546235ce6eb5-768x576.jpg 768w\" sizes=\"auto, (max-width: 875px) 100vw, 875px\" \/><\/a><\/figure>\n\n\n\n<figure class=\"wp-block-image size-large\"><a href=\"https:\/\/www.agrupamentoverticalgaviao.pt\/wp-content\/uploads\/2022\/04\/montagem-fotos-1.jpg\"><img loading=\"lazy\" decoding=\"async\" width=\"1024\" height=\"709\" data-id=\"40297\" src=\"https:\/\/www.agrupamentoverticalgaviao.pt\/wp-content\/uploads\/2022\/04\/montagem-fotos-1-1024x709.jpg\" alt=\"\" class=\"wp-image-40297\" srcset=\"https:\/\/www.agrupamentoverticalgaviao.pt\/wp-content\/uploads\/2022\/04\/montagem-fotos-1-1024x709.jpg 1024w, https:\/\/www.agrupamentoverticalgaviao.pt\/wp-content\/uploads\/2022\/04\/montagem-fotos-1-300x208.jpg 300w, https:\/\/www.agrupamentoverticalgaviao.pt\/wp-content\/uploads\/2022\/04\/montagem-fotos-1-768x532.jpg 768w, https:\/\/www.agrupamentoverticalgaviao.pt\/wp-content\/uploads\/2022\/04\/montagem-fotos-1.jpg 1040w\" sizes=\"auto, (max-width: 1024px) 100vw, 1024px\" \/><\/a><\/figure>\n\n\n\n<figure class=\"wp-block-image size-large\"><a href=\"https:\/\/www.agrupamentoverticalgaviao.pt\/wp-content\/uploads\/2022\/04\/montagem-fotos-2.jpg\"><img loading=\"lazy\" decoding=\"async\" width=\"1024\" height=\"709\" data-id=\"40299\" src=\"https:\/\/www.agrupamentoverticalgaviao.pt\/wp-content\/uploads\/2022\/04\/montagem-fotos-2-1024x709.jpg\" alt=\"\" class=\"wp-image-40299\" srcset=\"https:\/\/www.agrupamentoverticalgaviao.pt\/wp-content\/uploads\/2022\/04\/montagem-fotos-2-1024x709.jpg 1024w, https:\/\/www.agrupamentoverticalgaviao.pt\/wp-content\/uploads\/2022\/04\/montagem-fotos-2-300x208.jpg 300w, https:\/\/www.agrupamentoverticalgaviao.pt\/wp-content\/uploads\/2022\/04\/montagem-fotos-2-768x532.jpg 768w, https:\/\/www.agrupamentoverticalgaviao.pt\/wp-content\/uploads\/2022\/04\/montagem-fotos-2.jpg 1040w\" sizes=\"auto, (max-width: 1024px) 100vw, 1024px\" \/><\/a><\/figure>\n\n\n\n<figure class=\"wp-block-image size-large\"><a href=\"https:\/\/www.agrupamentoverticalgaviao.pt\/wp-content\/uploads\/2022\/04\/thumbnail-1.jpg\"><img loading=\"lazy\" decoding=\"async\" width=\"219\" height=\"164\" data-id=\"40296\" src=\"https:\/\/www.agrupamentoverticalgaviao.pt\/wp-content\/uploads\/2022\/04\/thumbnail-1.jpg\" alt=\"\" class=\"wp-image-40296\"\/><\/a><\/figure>\n\n\n\n<figure class=\"wp-block-image size-large\"><a href=\"https:\/\/www.agrupamentoverticalgaviao.pt\/wp-content\/uploads\/2022\/04\/thumbnail-2.jpg\"><img loading=\"lazy\" decoding=\"async\" width=\"219\" height=\"164\" data-id=\"40298\" src=\"https:\/\/www.agrupamentoverticalgaviao.pt\/wp-content\/uploads\/2022\/04\/thumbnail-2.jpg\" alt=\"\" class=\"wp-image-40298\"\/><\/a><\/figure>\n\n\n\n<figure class=\"wp-block-image size-large\"><a href=\"https:\/\/www.agrupamentoverticalgaviao.pt\/wp-content\/uploads\/2022\/04\/thumbnail-3.jpg\"><img loading=\"lazy\" decoding=\"async\" width=\"219\" height=\"164\" data-id=\"40300\" src=\"https:\/\/www.agrupamentoverticalgaviao.pt\/wp-content\/uploads\/2022\/04\/thumbnail-3.jpg\" alt=\"\" class=\"wp-image-40300\"\/><\/a><\/figure>\n\n\n\n<figure class=\"wp-block-image size-large\"><a href=\"https:\/\/www.agrupamentoverticalgaviao.pt\/wp-content\/uploads\/2022\/04\/thumbnail-4.jpg\"><img loading=\"lazy\" decoding=\"async\" width=\"219\" height=\"164\" data-id=\"40301\" src=\"https:\/\/www.agrupamentoverticalgaviao.pt\/wp-content\/uploads\/2022\/04\/thumbnail-4.jpg\" alt=\"\" class=\"wp-image-40301\"\/><\/a><\/figure>\n\n\n\n<figure class=\"wp-block-image size-large\"><a href=\"https:\/\/www.agrupamentoverticalgaviao.pt\/wp-content\/uploads\/2022\/04\/thumbnail-5.jpg\"><img loading=\"lazy\" decoding=\"async\" width=\"219\" height=\"164\" data-id=\"40302\" src=\"https:\/\/www.agrupamentoverticalgaviao.pt\/wp-content\/uploads\/2022\/04\/thumbnail-5.jpg\" alt=\"\" class=\"wp-image-40302\"\/><\/a><\/figure>\n\n\n\n<figure class=\"wp-block-image size-large\"><a href=\"https:\/\/www.agrupamentoverticalgaviao.pt\/wp-content\/uploads\/2022\/04\/thumbnail-6.jpg\"><img loading=\"lazy\" decoding=\"async\" width=\"219\" height=\"164\" data-id=\"40303\" src=\"https:\/\/www.agrupamentoverticalgaviao.pt\/wp-content\/uploads\/2022\/04\/thumbnail-6.jpg\" alt=\"\" class=\"wp-image-40303\"\/><\/a><\/figure>\n\n\n\n<figure class=\"wp-block-image size-large\"><a href=\"https:\/\/www.agrupamentoverticalgaviao.pt\/wp-content\/uploads\/2022\/04\/thumbnail-7.jpg\"><img loading=\"lazy\" decoding=\"async\" width=\"219\" height=\"164\" data-id=\"40304\" src=\"https:\/\/www.agrupamentoverticalgaviao.pt\/wp-content\/uploads\/2022\/04\/thumbnail-7.jpg\" alt=\"\" class=\"wp-image-40304\"\/><\/a><\/figure>\n\n\n\n<figure class=\"wp-block-image size-large\"><a href=\"https:\/\/www.agrupamentoverticalgaviao.pt\/wp-content\/uploads\/2022\/04\/thumbnail-8.jpg\"><img loading=\"lazy\" decoding=\"async\" width=\"219\" height=\"164\" data-id=\"40305\" src=\"https:\/\/www.agrupamentoverticalgaviao.pt\/wp-content\/uploads\/2022\/04\/thumbnail-8.jpg\" alt=\"\" class=\"wp-image-40305\"\/><\/a><\/figure>\n\n\n\n<figure class=\"wp-block-image size-large\"><a href=\"https:\/\/www.agrupamentoverticalgaviao.pt\/wp-content\/uploads\/2022\/04\/thumbnail.jpg\"><img loading=\"lazy\" decoding=\"async\" width=\"219\" height=\"164\" data-id=\"40306\" src=\"https:\/\/www.agrupamentoverticalgaviao.pt\/wp-content\/uploads\/2022\/04\/thumbnail.jpg\" alt=\"\" class=\"wp-image-40306\"\/><\/a><\/figure>\n<\/figure>\n","protected":false},"excerpt":{"rendered":"<p>No \u00e2mbito do projeto Partilha de Saberes, no passado dia 8 de abril, os &hellip; <\/p>\n","protected":false},"author":1,"featured_media":40297,"comment_status":"closed","ping_status":"closed","sticky":false,"template":"","format":"standard","meta":{"footnotes":""},"categories":[235],"tags":[],"class_list":["post-40293","post","type-post","status-publish","format-standard","has-post-thumbnail","hentry","category-curso-profissional-tecnico-auxiliar-de-saude"],"yoast_head":"<!-- This site is optimized with the Yoast SEO plugin v27.4 - https:\/\/yoast.com\/product\/yoast-seo-wordpress\/ -->\n<title>Curso profissional TAS &quot;Partilha de Saberes&quot; com Tomar - Agrupamento de Escolas de Gavi\u00e3o<\/title>\n<meta name=\"robots\" content=\"index, follow, max-snippet:-1, max-image-preview:large, max-video-preview:-1\" \/>\n<link rel=\"canonical\" href=\"https:\/\/www.agrupamentoverticalgaviao.pt\/?p=40293\" \/>\n<meta property=\"og:locale\" content=\"pt_PT\" \/>\n<meta property=\"og:type\" content=\"article\" \/>\n<meta property=\"og:title\" content=\"Curso profissional TAS &quot;Partilha de Saberes&quot; com Tomar - Agrupamento de Escolas de Gavi\u00e3o\" \/>\n<meta property=\"og:description\" content=\"No \u00e2mbito do projeto Partilha de Saberes, no passado dia 8 de abril, os &hellip;\" \/>\n<meta property=\"og:url\" content=\"https:\/\/www.agrupamentoverticalgaviao.pt\/?p=40293\" \/>\n<meta property=\"og:site_name\" content=\"Agrupamento de Escolas de Gavi\u00e3o\" \/>\n<meta property=\"article:published_time\" content=\"2022-04-20T08:24:52+00:00\" \/>\n<meta property=\"article:modified_time\" content=\"2022-04-20T08:24:55+00:00\" \/>\n<meta property=\"og:image\" content=\"https:\/\/www.agrupamentoverticalgaviao.pt\/wp-content\/uploads\/2022\/04\/montagem-fotos-1.jpg\" \/>\n\t<meta property=\"og:image:width\" content=\"1040\" \/>\n\t<meta property=\"og:image:height\" content=\"720\" \/>\n\t<meta property=\"og:image:type\" content=\"image\/jpeg\" \/>\n<meta name=\"author\" content=\"Marco Vilela\" \/>\n<meta name=\"twitter:card\" content=\"summary_large_image\" \/>\n<meta name=\"twitter:label1\" content=\"Escrito por\" \/>\n\t<meta name=\"twitter:data1\" content=\"Marco Vilela\" \/>\n\t<meta name=\"twitter:label2\" content=\"Tempo estimado de leitura\" \/>\n\t<meta name=\"twitter:data2\" content=\"1 minuto\" \/>\n<script type=\"application\/ld+json\" class=\"yoast-schema-graph\">{\"@context\":\"https:\\\/\\\/schema.org\",\"@graph\":[{\"@type\":\"Article\",\"@id\":\"https:\\\/\\\/www.agrupamentoverticalgaviao.pt\\\/?p=40293#article\",\"isPartOf\":{\"@id\":\"https:\\\/\\\/www.agrupamentoverticalgaviao.pt\\\/?p=40293\"},\"author\":{\"name\":\"Marco Vilela\",\"@id\":\"https:\\\/\\\/www.agrupamentoverticalgaviao.pt\\\/#\\\/schema\\\/person\\\/d31a59159eb58000be8001b507e8435f\"},\"headline\":\"Curso profissional TAS &#8220;Partilha de Saberes&#8221; com Tomar\",\"datePublished\":\"2022-04-20T08:24:52+00:00\",\"dateModified\":\"2022-04-20T08:24:55+00:00\",\"mainEntityOfPage\":{\"@id\":\"https:\\\/\\\/www.agrupamentoverticalgaviao.pt\\\/?p=40293\"},\"wordCount\":216,\"image\":{\"@id\":\"https:\\\/\\\/www.agrupamentoverticalgaviao.pt\\\/?p=40293#primaryimage\"},\"thumbnailUrl\":\"https:\\\/\\\/www.agrupamentoverticalgaviao.pt\\\/wp-content\\\/uploads\\\/2022\\\/04\\\/montagem-fotos-1.jpg\",\"articleSection\":[\"Curso Profissional T\u00e9cnico Auxiliar de Sa\u00fade\"],\"inLanguage\":\"pt-PT\"},{\"@type\":\"WebPage\",\"@id\":\"https:\\\/\\\/www.agrupamentoverticalgaviao.pt\\\/?p=40293\",\"url\":\"https:\\\/\\\/www.agrupamentoverticalgaviao.pt\\\/?p=40293\",\"name\":\"Curso profissional TAS \\\"Partilha de Saberes\\\" com Tomar - Agrupamento de Escolas de Gavi\u00e3o\",\"isPartOf\":{\"@id\":\"https:\\\/\\\/www.agrupamentoverticalgaviao.pt\\\/#website\"},\"primaryImageOfPage\":{\"@id\":\"https:\\\/\\\/www.agrupamentoverticalgaviao.pt\\\/?p=40293#primaryimage\"},\"image\":{\"@id\":\"https:\\\/\\\/www.agrupamentoverticalgaviao.pt\\\/?p=40293#primaryimage\"},\"thumbnailUrl\":\"https:\\\/\\\/www.agrupamentoverticalgaviao.pt\\\/wp-content\\\/uploads\\\/2022\\\/04\\\/montagem-fotos-1.jpg\",\"datePublished\":\"2022-04-20T08:24:52+00:00\",\"dateModified\":\"2022-04-20T08:24:55+00:00\",\"author\":{\"@id\":\"https:\\\/\\\/www.agrupamentoverticalgaviao.pt\\\/#\\\/schema\\\/person\\\/d31a59159eb58000be8001b507e8435f\"},\"breadcrumb\":{\"@id\":\"https:\\\/\\\/www.agrupamentoverticalgaviao.pt\\\/?p=40293#breadcrumb\"},\"inLanguage\":\"pt-PT\",\"potentialAction\":[{\"@type\":\"ReadAction\",\"target\":[\"https:\\\/\\\/www.agrupamentoverticalgaviao.pt\\\/?p=40293\"]}]},{\"@type\":\"ImageObject\",\"inLanguage\":\"pt-PT\",\"@id\":\"https:\\\/\\\/www.agrupamentoverticalgaviao.pt\\\/?p=40293#primaryimage\",\"url\":\"https:\\\/\\\/www.agrupamentoverticalgaviao.pt\\\/wp-content\\\/uploads\\\/2022\\\/04\\\/montagem-fotos-1.jpg\",\"contentUrl\":\"https:\\\/\\\/www.agrupamentoverticalgaviao.pt\\\/wp-content\\\/uploads\\\/2022\\\/04\\\/montagem-fotos-1.jpg\",\"width\":1040,\"height\":720},{\"@type\":\"BreadcrumbList\",\"@id\":\"https:\\\/\\\/www.agrupamentoverticalgaviao.pt\\\/?p=40293#breadcrumb\",\"itemListElement\":[{\"@type\":\"ListItem\",\"position\":1,\"name\":\"In\u00edcio\",\"item\":\"https:\\\/\\\/www.agrupamentoverticalgaviao.pt\\\/\"},{\"@type\":\"ListItem\",\"position\":2,\"name\":\"Curso profissional TAS &#8220;Partilha de Saberes&#8221; com Tomar\"}]},{\"@type\":\"WebSite\",\"@id\":\"https:\\\/\\\/www.agrupamentoverticalgaviao.pt\\\/#website\",\"url\":\"https:\\\/\\\/www.agrupamentoverticalgaviao.pt\\\/\",\"name\":\"Agrupamento de Escolas de Gavi\u00e3o\",\"description\":\"\",\"alternateName\":\"Agrupamento de Escolas de Gavi\u00e3o\",\"potentialAction\":[{\"@type\":\"SearchAction\",\"target\":{\"@type\":\"EntryPoint\",\"urlTemplate\":\"https:\\\/\\\/www.agrupamentoverticalgaviao.pt\\\/?s={search_term_string}\"},\"query-input\":{\"@type\":\"PropertyValueSpecification\",\"valueRequired\":true,\"valueName\":\"search_term_string\"}}],\"inLanguage\":\"pt-PT\"},{\"@type\":\"Person\",\"@id\":\"https:\\\/\\\/www.agrupamentoverticalgaviao.pt\\\/#\\\/schema\\\/person\\\/d31a59159eb58000be8001b507e8435f\",\"name\":\"Marco Vilela\",\"image\":{\"@type\":\"ImageObject\",\"inLanguage\":\"pt-PT\",\"@id\":\"https:\\\/\\\/secure.gravatar.com\\\/avatar\\\/a84a1029af2ec5895ae6cc5fd3c06f1390e9b3dc24ed93780502c881f57940be?s=96&d=mm&r=g\",\"url\":\"https:\\\/\\\/secure.gravatar.com\\\/avatar\\\/a84a1029af2ec5895ae6cc5fd3c06f1390e9b3dc24ed93780502c881f57940be?s=96&d=mm&r=g\",\"contentUrl\":\"https:\\\/\\\/secure.gravatar.com\\\/avatar\\\/a84a1029af2ec5895ae6cc5fd3c06f1390e9b3dc24ed93780502c881f57940be?s=96&d=mm&r=g\",\"caption\":\"Marco Vilela\"},\"url\":\"https:\\\/\\\/www.agrupamentoverticalgaviao.pt\\\/?author=1\"}]}<\/script>\n<!-- \/ Yoast SEO plugin. -->","yoast_head_json":{"title":"Curso profissional TAS \"Partilha de Saberes\" com Tomar - Agrupamento de Escolas de Gavi\u00e3o","robots":{"index":"index","follow":"follow","max-snippet":"max-snippet:-1","max-image-preview":"max-image-preview:large","max-video-preview":"max-video-preview:-1"},"canonical":"https:\/\/www.agrupamentoverticalgaviao.pt\/?p=40293","og_locale":"pt_PT","og_type":"article","og_title":"Curso profissional TAS \"Partilha de Saberes\" com Tomar - Agrupamento de Escolas de Gavi\u00e3o","og_description":"No \u00e2mbito do projeto Partilha de Saberes, no passado dia 8 de abril, os &hellip;","og_url":"https:\/\/www.agrupamentoverticalgaviao.pt\/?p=40293","og_site_name":"Agrupamento de Escolas de Gavi\u00e3o","article_published_time":"2022-04-20T08:24:52+00:00","article_modified_time":"2022-04-20T08:24:55+00:00","og_image":[{"width":1040,"height":720,"url":"https:\/\/www.agrupamentoverticalgaviao.pt\/wp-content\/uploads\/2022\/04\/montagem-fotos-1.jpg","type":"image\/jpeg"}],"author":"Marco Vilela","twitter_card":"summary_large_image","twitter_misc":{"Escrito por":"Marco Vilela","Tempo estimado de leitura":"1 minuto"},"schema":{"@context":"https:\/\/schema.org","@graph":[{"@type":"Article","@id":"https:\/\/www.agrupamentoverticalgaviao.pt\/?p=40293#article","isPartOf":{"@id":"https:\/\/www.agrupamentoverticalgaviao.pt\/?p=40293"},"author":{"name":"Marco Vilela","@id":"https:\/\/www.agrupamentoverticalgaviao.pt\/#\/schema\/person\/d31a59159eb58000be8001b507e8435f"},"headline":"Curso profissional TAS &#8220;Partilha de Saberes&#8221; com Tomar","datePublished":"2022-04-20T08:24:52+00:00","dateModified":"2022-04-20T08:24:55+00:00","mainEntityOfPage":{"@id":"https:\/\/www.agrupamentoverticalgaviao.pt\/?p=40293"},"wordCount":216,"image":{"@id":"https:\/\/www.agrupamentoverticalgaviao.pt\/?p=40293#primaryimage"},"thumbnailUrl":"https:\/\/www.agrupamentoverticalgaviao.pt\/wp-content\/uploads\/2022\/04\/montagem-fotos-1.jpg","articleSection":["Curso Profissional T\u00e9cnico Auxiliar de Sa\u00fade"],"inLanguage":"pt-PT"},{"@type":"WebPage","@id":"https:\/\/www.agrupamentoverticalgaviao.pt\/?p=40293","url":"https:\/\/www.agrupamentoverticalgaviao.pt\/?p=40293","name":"Curso profissional TAS \"Partilha de Saberes\" com Tomar - Agrupamento de Escolas de Gavi\u00e3o","isPartOf":{"@id":"https:\/\/www.agrupamentoverticalgaviao.pt\/#website"},"primaryImageOfPage":{"@id":"https:\/\/www.agrupamentoverticalgaviao.pt\/?p=40293#primaryimage"},"image":{"@id":"https:\/\/www.agrupamentoverticalgaviao.pt\/?p=40293#primaryimage"},"thumbnailUrl":"https:\/\/www.agrupamentoverticalgaviao.pt\/wp-content\/uploads\/2022\/04\/montagem-fotos-1.jpg","datePublished":"2022-04-20T08:24:52+00:00","dateModified":"2022-04-20T08:24:55+00:00","author":{"@id":"https:\/\/www.agrupamentoverticalgaviao.pt\/#\/schema\/person\/d31a59159eb58000be8001b507e8435f"},"breadcrumb":{"@id":"https:\/\/www.agrupamentoverticalgaviao.pt\/?p=40293#breadcrumb"},"inLanguage":"pt-PT","potentialAction":[{"@type":"ReadAction","target":["https:\/\/www.agrupamentoverticalgaviao.pt\/?p=40293"]}]},{"@type":"ImageObject","inLanguage":"pt-PT","@id":"https:\/\/www.agrupamentoverticalgaviao.pt\/?p=40293#primaryimage","url":"https:\/\/www.agrupamentoverticalgaviao.pt\/wp-content\/uploads\/2022\/04\/montagem-fotos-1.jpg","contentUrl":"https:\/\/www.agrupamentoverticalgaviao.pt\/wp-content\/uploads\/2022\/04\/montagem-fotos-1.jpg","width":1040,"height":720},{"@type":"BreadcrumbList","@id":"https:\/\/www.agrupamentoverticalgaviao.pt\/?p=40293#breadcrumb","itemListElement":[{"@type":"ListItem","position":1,"name":"In\u00edcio","item":"https:\/\/www.agrupamentoverticalgaviao.pt\/"},{"@type":"ListItem","position":2,"name":"Curso profissional TAS &#8220;Partilha de Saberes&#8221; com Tomar"}]},{"@type":"WebSite","@id":"https:\/\/www.agrupamentoverticalgaviao.pt\/#website","url":"https:\/\/www.agrupamentoverticalgaviao.pt\/","name":"Agrupamento de Escolas de Gavi\u00e3o","description":"","alternateName":"Agrupamento de Escolas de Gavi\u00e3o","potentialAction":[{"@type":"SearchAction","target":{"@type":"EntryPoint","urlTemplate":"https:\/\/www.agrupamentoverticalgaviao.pt\/?s={search_term_string}"},"query-input":{"@type":"PropertyValueSpecification","valueRequired":true,"valueName":"search_term_string"}}],"inLanguage":"pt-PT"},{"@type":"Person","@id":"https:\/\/www.agrupamentoverticalgaviao.pt\/#\/schema\/person\/d31a59159eb58000be8001b507e8435f","name":"Marco Vilela","image":{"@type":"ImageObject","inLanguage":"pt-PT","@id":"https:\/\/secure.gravatar.com\/avatar\/a84a1029af2ec5895ae6cc5fd3c06f1390e9b3dc24ed93780502c881f57940be?s=96&d=mm&r=g","url":"https:\/\/secure.gravatar.com\/avatar\/a84a1029af2ec5895ae6cc5fd3c06f1390e9b3dc24ed93780502c881f57940be?s=96&d=mm&r=g","contentUrl":"https:\/\/secure.gravatar.com\/avatar\/a84a1029af2ec5895ae6cc5fd3c06f1390e9b3dc24ed93780502c881f57940be?s=96&d=mm&r=g","caption":"Marco Vilela"},"url":"https:\/\/www.agrupamentoverticalgaviao.pt\/?author=1"}]}},"_links":{"self":[{"href":"https:\/\/www.agrupamentoverticalgaviao.pt\/index.php?rest_route=\/wp\/v2\/posts\/40293","targetHints":{"allow":["GET"]}}],"collection":[{"href":"https:\/\/www.agrupamentoverticalgaviao.pt\/index.php?rest_route=\/wp\/v2\/posts"}],"about":[{"href":"https:\/\/www.agrupamentoverticalgaviao.pt\/index.php?rest_route=\/wp\/v2\/types\/post"}],"author":[{"embeddable":true,"href":"https:\/\/www.agrupamentoverticalgaviao.pt\/index.php?rest_route=\/wp\/v2\/users\/1"}],"replies":[{"embeddable":true,"href":"https:\/\/www.agrupamentoverticalgaviao.pt\/index.php?rest_route=%2Fwp%2Fv2%2Fcomments&post=40293"}],"version-history":[{"count":1,"href":"https:\/\/www.agrupamentoverticalgaviao.pt\/index.php?rest_route=\/wp\/v2\/posts\/40293\/revisions"}],"predecessor-version":[{"id":40307,"href":"https:\/\/www.agrupamentoverticalgaviao.pt\/index.php?rest_route=\/wp\/v2\/posts\/40293\/revisions\/40307"}],"wp:featuredmedia":[{"embeddable":true,"href":"https:\/\/www.agrupamentoverticalgaviao.pt\/index.php?rest_route=\/wp\/v2\/media\/40297"}],"wp:attachment":[{"href":"https:\/\/www.agrupamentoverticalgaviao.pt\/index.php?rest_route=%2Fwp%2Fv2%2Fmedia&parent=40293"}],"wp:term":[{"taxonomy":"category","embeddable":true,"href":"https:\/\/www.agrupamentoverticalgaviao.pt\/index.php?rest_route=%2Fwp%2Fv2%2Fcategories&post=40293"},{"taxonomy":"post_tag","embeddable":true,"href":"https:\/\/www.agrupamentoverticalgaviao.pt\/index.php?rest_route=%2Fwp%2Fv2%2Ftags&post=40293"}],"curies":[{"name":"wp","href":"https:\/\/api.w.org\/{rel}","templated":true}]}}