{"id":39146,"date":"2021-11-01T22:10:20","date_gmt":"2021-11-01T22:10:20","guid":{"rendered":"https:\/\/www.agrupamentoverticalgaviao.pt\/?p=39146"},"modified":"2021-11-01T22:10:20","modified_gmt":"2021-11-01T22:10:20","slug":"dia-de-sensibilizacao-e-reflexao","status":"publish","type":"post","link":"https:\/\/www.agrupamentoverticalgaviao.pt\/?p=39146","title":{"rendered":"Dia de Sensibiliza\u00e7\u00e3o e Reflex\u00e3o"},"content":{"rendered":"\n<p>No dia 20 de outubro realizou-se um dia de Sensibiliza\u00e7\u00e3o e Reflex\u00e3o \u00e0 volta de 3 datas comemorativas: Dia Internacional para a Erradica\u00e7\u00e3o da Pobreza &#8211; 17 de outubro, Dia Mundial de Combate ao Bullying &#8211; 20 de outubro e Dia Municipal para a Igualdade &#8211; 24 de outubro.<\/p>\n\n\n\n<p>Objetivo geral: Promover um conjunto de iniciativas que visavam sensibilizar todos os cidad\u00e3os para a import\u00e2ncia da constru\u00e7\u00e3o de uma sociedade mais justa e igualit\u00e1ria.<\/p>\n\n\n\n<p>Ao longo do dia, muitas foram as iniciativas de que destacamos o role play dos L\u00edderes Digitais Benjamins (alunos do 4\u00ba ano) com o lema Amigos Sim! Bullying N\u00e3o e a coreografia das turmas do 2\u00ba ciclo com base na can\u00e7\u00e3o \u201cSei quem sou\u201d.<\/p>\n\n\n\n<p>Ao longo da semana foram partilhados com os alunos e pais\/encarregados e educa\u00e7\u00e3o folhetos sobre o bullying, quer atrav\u00e9s do email institucional quer atrav\u00e9s da Plataforma Teams.<\/p>\n\n\n\n<p>Ao final da tarde, as crian\u00e7as da educa\u00e7\u00e3o pr\u00e9-escolar e do 1\u00ba ciclo participaram na atividade, de \u00e2mbito municipal, que ocorreu no Miradouro da Tapada da Senhora em Gavi\u00e3o e onde est\u00e3o expostos uns bonecos alusivos a estes dias comemorativos. Os mesmos foram decorados por diversas institui\u00e7\u00f5es da comunidade. Entre os quais estavam 6 bonecos do agrupamento sendo um por n\u00edvel de educa\u00e7\u00e3o e ensino. Al\u00e9m do role play dos alunos do 4\u00ba ano, existiu uma companhia de teatro que animou com a leitura dramatizada da hist\u00f3ria \u201cOs meninos de todas as cores\u201d e terminou com o Panda e umas dan\u00e7as coreografadas.&nbsp;&nbsp;<\/p>\n\n\n\n<p>\u201cSeja a Mudan\u00e7a que voc\u00ea quer ver no Mundo\u201d Mahatma Gandhi<\/p>\n\n\n\n<p><\/p>\n\n\n\n<figure class=\"wp-block-gallery columns-3 is-cropped wp-block-gallery-1 is-layout-flex wp-block-gallery-is-layout-flex\"><ul class=\"blocks-gallery-grid\"><li class=\"blocks-gallery-item\"><figure><a href=\"https:\/\/www.agrupamentoverticalgaviao.pt\/wp-content\/uploads\/2021\/11\/reflezao_-1.jpg\"><img loading=\"lazy\" decoding=\"async\" width=\"720\" height=\"960\" src=\"https:\/\/www.agrupamentoverticalgaviao.pt\/wp-content\/uploads\/2021\/11\/reflezao_-1.jpg\" alt=\"\" data-id=\"39147\" data-full-url=\"https:\/\/www.agrupamentoverticalgaviao.pt\/wp-content\/uploads\/2021\/11\/reflezao_-1.jpg\" data-link=\"https:\/\/www.agrupamentoverticalgaviao.pt\/?attachment_id=39147\" class=\"wp-image-39147\" srcset=\"https:\/\/www.agrupamentoverticalgaviao.pt\/wp-content\/uploads\/2021\/11\/reflezao_-1.jpg 720w, https:\/\/www.agrupamentoverticalgaviao.pt\/wp-content\/uploads\/2021\/11\/reflezao_-1-225x300.jpg 225w\" sizes=\"auto, (max-width: 720px) 100vw, 720px\" \/><\/a><\/figure><\/li><li class=\"blocks-gallery-item\"><figure><a href=\"https:\/\/www.agrupamentoverticalgaviao.pt\/wp-content\/uploads\/2021\/11\/reflezao_-2.jpg\"><img loading=\"lazy\" decoding=\"async\" width=\"720\" height=\"960\" src=\"https:\/\/www.agrupamentoverticalgaviao.pt\/wp-content\/uploads\/2021\/11\/reflezao_-2.jpg\" alt=\"\" data-id=\"39148\" data-full-url=\"https:\/\/www.agrupamentoverticalgaviao.pt\/wp-content\/uploads\/2021\/11\/reflezao_-2.jpg\" data-link=\"https:\/\/www.agrupamentoverticalgaviao.pt\/?attachment_id=39148\" class=\"wp-image-39148\" srcset=\"https:\/\/www.agrupamentoverticalgaviao.pt\/wp-content\/uploads\/2021\/11\/reflezao_-2.jpg 720w, https:\/\/www.agrupamentoverticalgaviao.pt\/wp-content\/uploads\/2021\/11\/reflezao_-2-225x300.jpg 225w\" sizes=\"auto, (max-width: 720px) 100vw, 720px\" \/><\/a><\/figure><\/li><li class=\"blocks-gallery-item\"><figure><a href=\"https:\/\/www.agrupamentoverticalgaviao.pt\/wp-content\/uploads\/2021\/11\/reflezao_-3.jpg\"><img loading=\"lazy\" decoding=\"async\" width=\"720\" height=\"960\" src=\"https:\/\/www.agrupamentoverticalgaviao.pt\/wp-content\/uploads\/2021\/11\/reflezao_-3.jpg\" alt=\"\" data-id=\"39149\" data-full-url=\"https:\/\/www.agrupamentoverticalgaviao.pt\/wp-content\/uploads\/2021\/11\/reflezao_-3.jpg\" data-link=\"https:\/\/www.agrupamentoverticalgaviao.pt\/?attachment_id=39149\" class=\"wp-image-39149\" srcset=\"https:\/\/www.agrupamentoverticalgaviao.pt\/wp-content\/uploads\/2021\/11\/reflezao_-3.jpg 720w, https:\/\/www.agrupamentoverticalgaviao.pt\/wp-content\/uploads\/2021\/11\/reflezao_-3-225x300.jpg 225w\" sizes=\"auto, (max-width: 720px) 100vw, 720px\" \/><\/a><\/figure><\/li><li class=\"blocks-gallery-item\"><figure><a href=\"https:\/\/www.agrupamentoverticalgaviao.pt\/wp-content\/uploads\/2021\/11\/reflezao_-4.jpg\"><img loading=\"lazy\" decoding=\"async\" width=\"960\" height=\"720\" src=\"https:\/\/www.agrupamentoverticalgaviao.pt\/wp-content\/uploads\/2021\/11\/reflezao_-4.jpg\" alt=\"\" data-id=\"39150\" data-full-url=\"https:\/\/www.agrupamentoverticalgaviao.pt\/wp-content\/uploads\/2021\/11\/reflezao_-4.jpg\" data-link=\"https:\/\/www.agrupamentoverticalgaviao.pt\/?attachment_id=39150\" class=\"wp-image-39150\" srcset=\"https:\/\/www.agrupamentoverticalgaviao.pt\/wp-content\/uploads\/2021\/11\/reflezao_-4.jpg 960w, https:\/\/www.agrupamentoverticalgaviao.pt\/wp-content\/uploads\/2021\/11\/reflezao_-4-300x225.jpg 300w, https:\/\/www.agrupamentoverticalgaviao.pt\/wp-content\/uploads\/2021\/11\/reflezao_-4-768x576.jpg 768w\" sizes=\"auto, (max-width: 960px) 100vw, 960px\" \/><\/a><\/figure><\/li><li class=\"blocks-gallery-item\"><figure><a href=\"https:\/\/www.agrupamentoverticalgaviao.pt\/wp-content\/uploads\/2021\/11\/reflezao_-5.jpg\"><img loading=\"lazy\" decoding=\"async\" width=\"720\" height=\"960\" src=\"https:\/\/www.agrupamentoverticalgaviao.pt\/wp-content\/uploads\/2021\/11\/reflezao_-5.jpg\" alt=\"\" data-id=\"39151\" data-full-url=\"https:\/\/www.agrupamentoverticalgaviao.pt\/wp-content\/uploads\/2021\/11\/reflezao_-5.jpg\" data-link=\"https:\/\/www.agrupamentoverticalgaviao.pt\/?attachment_id=39151\" class=\"wp-image-39151\" srcset=\"https:\/\/www.agrupamentoverticalgaviao.pt\/wp-content\/uploads\/2021\/11\/reflezao_-5.jpg 720w, https:\/\/www.agrupamentoverticalgaviao.pt\/wp-content\/uploads\/2021\/11\/reflezao_-5-225x300.jpg 225w\" sizes=\"auto, (max-width: 720px) 100vw, 720px\" \/><\/a><\/figure><\/li><li class=\"blocks-gallery-item\"><figure><a href=\"https:\/\/www.agrupamentoverticalgaviao.pt\/wp-content\/uploads\/2021\/11\/reflezao_-6.jpg\"><img loading=\"lazy\" decoding=\"async\" width=\"720\" height=\"960\" src=\"https:\/\/www.agrupamentoverticalgaviao.pt\/wp-content\/uploads\/2021\/11\/reflezao_-6.jpg\" alt=\"\" data-id=\"39152\" data-full-url=\"https:\/\/www.agrupamentoverticalgaviao.pt\/wp-content\/uploads\/2021\/11\/reflezao_-6.jpg\" data-link=\"https:\/\/www.agrupamentoverticalgaviao.pt\/?attachment_id=39152\" class=\"wp-image-39152\" srcset=\"https:\/\/www.agrupamentoverticalgaviao.pt\/wp-content\/uploads\/2021\/11\/reflezao_-6.jpg 720w, https:\/\/www.agrupamentoverticalgaviao.pt\/wp-content\/uploads\/2021\/11\/reflezao_-6-225x300.jpg 225w\" sizes=\"auto, (max-width: 720px) 100vw, 720px\" \/><\/a><\/figure><\/li><li class=\"blocks-gallery-item\"><figure><a href=\"https:\/\/www.agrupamentoverticalgaviao.pt\/wp-content\/uploads\/2021\/11\/reflezao_-7.jpg\"><img loading=\"lazy\" decoding=\"async\" width=\"960\" height=\"720\" src=\"https:\/\/www.agrupamentoverticalgaviao.pt\/wp-content\/uploads\/2021\/11\/reflezao_-7.jpg\" alt=\"\" data-id=\"39153\" data-full-url=\"https:\/\/www.agrupamentoverticalgaviao.pt\/wp-content\/uploads\/2021\/11\/reflezao_-7.jpg\" data-link=\"https:\/\/www.agrupamentoverticalgaviao.pt\/?attachment_id=39153\" class=\"wp-image-39153\" srcset=\"https:\/\/www.agrupamentoverticalgaviao.pt\/wp-content\/uploads\/2021\/11\/reflezao_-7.jpg 960w, https:\/\/www.agrupamentoverticalgaviao.pt\/wp-content\/uploads\/2021\/11\/reflezao_-7-300x225.jpg 300w, https:\/\/www.agrupamentoverticalgaviao.pt\/wp-content\/uploads\/2021\/11\/reflezao_-7-768x576.jpg 768w\" sizes=\"auto, (max-width: 960px) 100vw, 960px\" \/><\/a><\/figure><\/li><li class=\"blocks-gallery-item\"><figure><a href=\"https:\/\/www.agrupamentoverticalgaviao.pt\/wp-content\/uploads\/2021\/11\/reflezao_-8.jpg\"><img loading=\"lazy\" decoding=\"async\" width=\"720\" height=\"960\" src=\"https:\/\/www.agrupamentoverticalgaviao.pt\/wp-content\/uploads\/2021\/11\/reflezao_-8.jpg\" alt=\"\" data-id=\"39154\" data-full-url=\"https:\/\/www.agrupamentoverticalgaviao.pt\/wp-content\/uploads\/2021\/11\/reflezao_-8.jpg\" data-link=\"https:\/\/www.agrupamentoverticalgaviao.pt\/?attachment_id=39154\" class=\"wp-image-39154\" srcset=\"https:\/\/www.agrupamentoverticalgaviao.pt\/wp-content\/uploads\/2021\/11\/reflezao_-8.jpg 720w, https:\/\/www.agrupamentoverticalgaviao.pt\/wp-content\/uploads\/2021\/11\/reflezao_-8-225x300.jpg 225w\" sizes=\"auto, (max-width: 720px) 100vw, 720px\" \/><\/a><\/figure><\/li><li class=\"blocks-gallery-item\"><figure><a href=\"https:\/\/www.agrupamentoverticalgaviao.pt\/wp-content\/uploads\/2021\/11\/reflezao_-9.jpg\"><img loading=\"lazy\" decoding=\"async\" width=\"720\" height=\"960\" src=\"https:\/\/www.agrupamentoverticalgaviao.pt\/wp-content\/uploads\/2021\/11\/reflezao_-9.jpg\" alt=\"\" data-id=\"39155\" data-full-url=\"https:\/\/www.agrupamentoverticalgaviao.pt\/wp-content\/uploads\/2021\/11\/reflezao_-9.jpg\" data-link=\"https:\/\/www.agrupamentoverticalgaviao.pt\/?attachment_id=39155\" class=\"wp-image-39155\" srcset=\"https:\/\/www.agrupamentoverticalgaviao.pt\/wp-content\/uploads\/2021\/11\/reflezao_-9.jpg 720w, https:\/\/www.agrupamentoverticalgaviao.pt\/wp-content\/uploads\/2021\/11\/reflezao_-9-225x300.jpg 225w\" sizes=\"auto, (max-width: 720px) 100vw, 720px\" \/><\/a><\/figure><\/li><li class=\"blocks-gallery-item\"><figure><a href=\"https:\/\/www.agrupamentoverticalgaviao.pt\/wp-content\/uploads\/2021\/11\/reflezao_-10.jpg\"><img loading=\"lazy\" decoding=\"async\" width=\"960\" height=\"720\" src=\"https:\/\/www.agrupamentoverticalgaviao.pt\/wp-content\/uploads\/2021\/11\/reflezao_-10.jpg\" alt=\"\" data-id=\"39156\" data-full-url=\"https:\/\/www.agrupamentoverticalgaviao.pt\/wp-content\/uploads\/2021\/11\/reflezao_-10.jpg\" data-link=\"https:\/\/www.agrupamentoverticalgaviao.pt\/?attachment_id=39156\" class=\"wp-image-39156\" srcset=\"https:\/\/www.agrupamentoverticalgaviao.pt\/wp-content\/uploads\/2021\/11\/reflezao_-10.jpg 960w, https:\/\/www.agrupamentoverticalgaviao.pt\/wp-content\/uploads\/2021\/11\/reflezao_-10-300x225.jpg 300w, https:\/\/www.agrupamentoverticalgaviao.pt\/wp-content\/uploads\/2021\/11\/reflezao_-10-768x576.jpg 768w\" sizes=\"auto, (max-width: 960px) 100vw, 960px\" \/><\/a><\/figure><\/li><li class=\"blocks-gallery-item\"><figure><a href=\"https:\/\/www.agrupamentoverticalgaviao.pt\/wp-content\/uploads\/2021\/11\/reflezao_-11.jpg\"><img loading=\"lazy\" decoding=\"async\" width=\"720\" height=\"960\" src=\"https:\/\/www.agrupamentoverticalgaviao.pt\/wp-content\/uploads\/2021\/11\/reflezao_-11.jpg\" alt=\"\" data-id=\"39157\" data-full-url=\"https:\/\/www.agrupamentoverticalgaviao.pt\/wp-content\/uploads\/2021\/11\/reflezao_-11.jpg\" data-link=\"https:\/\/www.agrupamentoverticalgaviao.pt\/?attachment_id=39157\" class=\"wp-image-39157\" srcset=\"https:\/\/www.agrupamentoverticalgaviao.pt\/wp-content\/uploads\/2021\/11\/reflezao_-11.jpg 720w, https:\/\/www.agrupamentoverticalgaviao.pt\/wp-content\/uploads\/2021\/11\/reflezao_-11-225x300.jpg 225w\" sizes=\"auto, (max-width: 720px) 100vw, 720px\" \/><\/a><\/figure><\/li><li class=\"blocks-gallery-item\"><figure><a href=\"https:\/\/www.agrupamentoverticalgaviao.pt\/wp-content\/uploads\/2021\/11\/reflezao_-12.jpg\"><img loading=\"lazy\" decoding=\"async\" width=\"960\" height=\"720\" src=\"https:\/\/www.agrupamentoverticalgaviao.pt\/wp-content\/uploads\/2021\/11\/reflezao_-12.jpg\" alt=\"\" data-id=\"39158\" data-full-url=\"https:\/\/www.agrupamentoverticalgaviao.pt\/wp-content\/uploads\/2021\/11\/reflezao_-12.jpg\" data-link=\"https:\/\/www.agrupamentoverticalgaviao.pt\/?attachment_id=39158\" class=\"wp-image-39158\" srcset=\"https:\/\/www.agrupamentoverticalgaviao.pt\/wp-content\/uploads\/2021\/11\/reflezao_-12.jpg 960w, https:\/\/www.agrupamentoverticalgaviao.pt\/wp-content\/uploads\/2021\/11\/reflezao_-12-300x225.jpg 300w, https:\/\/www.agrupamentoverticalgaviao.pt\/wp-content\/uploads\/2021\/11\/reflezao_-12-768x576.jpg 768w\" sizes=\"auto, (max-width: 960px) 100vw, 960px\" \/><\/a><\/figure><\/li><li class=\"blocks-gallery-item\"><figure><a href=\"https:\/\/www.agrupamentoverticalgaviao.pt\/wp-content\/uploads\/2021\/11\/reflezao_-13.jpg\"><img loading=\"lazy\" decoding=\"async\" width=\"720\" height=\"960\" src=\"https:\/\/www.agrupamentoverticalgaviao.pt\/wp-content\/uploads\/2021\/11\/reflezao_-13.jpg\" alt=\"\" data-id=\"39159\" data-full-url=\"https:\/\/www.agrupamentoverticalgaviao.pt\/wp-content\/uploads\/2021\/11\/reflezao_-13.jpg\" data-link=\"https:\/\/www.agrupamentoverticalgaviao.pt\/?attachment_id=39159\" class=\"wp-image-39159\" srcset=\"https:\/\/www.agrupamentoverticalgaviao.pt\/wp-content\/uploads\/2021\/11\/reflezao_-13.jpg 720w, https:\/\/www.agrupamentoverticalgaviao.pt\/wp-content\/uploads\/2021\/11\/reflezao_-13-225x300.jpg 225w\" sizes=\"auto, (max-width: 720px) 100vw, 720px\" \/><\/a><\/figure><\/li><li class=\"blocks-gallery-item\"><figure><a href=\"https:\/\/www.agrupamentoverticalgaviao.pt\/wp-content\/uploads\/2021\/11\/reflezao_-14.jpg\"><img loading=\"lazy\" decoding=\"async\" width=\"720\" height=\"960\" src=\"https:\/\/www.agrupamentoverticalgaviao.pt\/wp-content\/uploads\/2021\/11\/reflezao_-14.jpg\" alt=\"\" data-id=\"39160\" data-full-url=\"https:\/\/www.agrupamentoverticalgaviao.pt\/wp-content\/uploads\/2021\/11\/reflezao_-14.jpg\" data-link=\"https:\/\/www.agrupamentoverticalgaviao.pt\/?attachment_id=39160\" class=\"wp-image-39160\" srcset=\"https:\/\/www.agrupamentoverticalgaviao.pt\/wp-content\/uploads\/2021\/11\/reflezao_-14.jpg 720w, https:\/\/www.agrupamentoverticalgaviao.pt\/wp-content\/uploads\/2021\/11\/reflezao_-14-225x300.jpg 225w\" sizes=\"auto, (max-width: 720px) 100vw, 720px\" \/><\/a><\/figure><\/li><li class=\"blocks-gallery-item\"><figure><a href=\"https:\/\/www.agrupamentoverticalgaviao.pt\/wp-content\/uploads\/2021\/11\/reflezao_-15.jpg\"><img loading=\"lazy\" decoding=\"async\" width=\"720\" height=\"960\" src=\"https:\/\/www.agrupamentoverticalgaviao.pt\/wp-content\/uploads\/2021\/11\/reflezao_-15.jpg\" alt=\"\" data-id=\"39161\" data-full-url=\"https:\/\/www.agrupamentoverticalgaviao.pt\/wp-content\/uploads\/2021\/11\/reflezao_-15.jpg\" data-link=\"https:\/\/www.agrupamentoverticalgaviao.pt\/?attachment_id=39161\" class=\"wp-image-39161\" srcset=\"https:\/\/www.agrupamentoverticalgaviao.pt\/wp-content\/uploads\/2021\/11\/reflezao_-15.jpg 720w, https:\/\/www.agrupamentoverticalgaviao.pt\/wp-content\/uploads\/2021\/11\/reflezao_-15-225x300.jpg 225w\" sizes=\"auto, (max-width: 720px) 100vw, 720px\" \/><\/a><\/figure><\/li><li class=\"blocks-gallery-item\"><figure><a href=\"https:\/\/www.agrupamentoverticalgaviao.pt\/wp-content\/uploads\/2021\/11\/reflezao_-16.jpg\"><img loading=\"lazy\" decoding=\"async\" width=\"720\" height=\"960\" src=\"https:\/\/www.agrupamentoverticalgaviao.pt\/wp-content\/uploads\/2021\/11\/reflezao_-16.jpg\" alt=\"\" data-id=\"39162\" data-full-url=\"https:\/\/www.agrupamentoverticalgaviao.pt\/wp-content\/uploads\/2021\/11\/reflezao_-16.jpg\" data-link=\"https:\/\/www.agrupamentoverticalgaviao.pt\/?attachment_id=39162\" class=\"wp-image-39162\" srcset=\"https:\/\/www.agrupamentoverticalgaviao.pt\/wp-content\/uploads\/2021\/11\/reflezao_-16.jpg 720w, https:\/\/www.agrupamentoverticalgaviao.pt\/wp-content\/uploads\/2021\/11\/reflezao_-16-225x300.jpg 225w\" sizes=\"auto, (max-width: 720px) 100vw, 720px\" \/><\/a><\/figure><\/li><li class=\"blocks-gallery-item\"><figure><a href=\"https:\/\/www.agrupamentoverticalgaviao.pt\/wp-content\/uploads\/2021\/11\/reflezao_-17.jpg\"><img loading=\"lazy\" decoding=\"async\" width=\"720\" height=\"960\" src=\"https:\/\/www.agrupamentoverticalgaviao.pt\/wp-content\/uploads\/2021\/11\/reflezao_-17.jpg\" alt=\"\" data-id=\"39163\" data-full-url=\"https:\/\/www.agrupamentoverticalgaviao.pt\/wp-content\/uploads\/2021\/11\/reflezao_-17.jpg\" data-link=\"https:\/\/www.agrupamentoverticalgaviao.pt\/?attachment_id=39163\" class=\"wp-image-39163\" srcset=\"https:\/\/www.agrupamentoverticalgaviao.pt\/wp-content\/uploads\/2021\/11\/reflezao_-17.jpg 720w, https:\/\/www.agrupamentoverticalgaviao.pt\/wp-content\/uploads\/2021\/11\/reflezao_-17-225x300.jpg 225w\" sizes=\"auto, (max-width: 720px) 100vw, 720px\" \/><\/a><\/figure><\/li><li class=\"blocks-gallery-item\"><figure><a href=\"https:\/\/www.agrupamentoverticalgaviao.pt\/wp-content\/uploads\/2021\/11\/reflezao_-18.jpg\"><img loading=\"lazy\" decoding=\"async\" width=\"720\" height=\"960\" src=\"https:\/\/www.agrupamentoverticalgaviao.pt\/wp-content\/uploads\/2021\/11\/reflezao_-18.jpg\" alt=\"\" data-id=\"39164\" data-full-url=\"https:\/\/www.agrupamentoverticalgaviao.pt\/wp-content\/uploads\/2021\/11\/reflezao_-18.jpg\" data-link=\"https:\/\/www.agrupamentoverticalgaviao.pt\/?attachment_id=39164\" class=\"wp-image-39164\" srcset=\"https:\/\/www.agrupamentoverticalgaviao.pt\/wp-content\/uploads\/2021\/11\/reflezao_-18.jpg 720w, https:\/\/www.agrupamentoverticalgaviao.pt\/wp-content\/uploads\/2021\/11\/reflezao_-18-225x300.jpg 225w\" sizes=\"auto, (max-width: 720px) 100vw, 720px\" \/><\/a><\/figure><\/li><li class=\"blocks-gallery-item\"><figure><a href=\"https:\/\/www.agrupamentoverticalgaviao.pt\/wp-content\/uploads\/2021\/11\/reflezao_-19.jpg\"><img loading=\"lazy\" decoding=\"async\" width=\"720\" height=\"960\" src=\"https:\/\/www.agrupamentoverticalgaviao.pt\/wp-content\/uploads\/2021\/11\/reflezao_-19.jpg\" alt=\"\" data-id=\"39165\" data-full-url=\"https:\/\/www.agrupamentoverticalgaviao.pt\/wp-content\/uploads\/2021\/11\/reflezao_-19.jpg\" data-link=\"https:\/\/www.agrupamentoverticalgaviao.pt\/?attachment_id=39165\" class=\"wp-image-39165\" srcset=\"https:\/\/www.agrupamentoverticalgaviao.pt\/wp-content\/uploads\/2021\/11\/reflezao_-19.jpg 720w, https:\/\/www.agrupamentoverticalgaviao.pt\/wp-content\/uploads\/2021\/11\/reflezao_-19-225x300.jpg 225w\" sizes=\"auto, (max-width: 720px) 100vw, 720px\" \/><\/a><\/figure><\/li><li class=\"blocks-gallery-item\"><figure><a href=\"https:\/\/www.agrupamentoverticalgaviao.pt\/wp-content\/uploads\/2021\/11\/reflezao_-20.jpg\"><img loading=\"lazy\" decoding=\"async\" width=\"720\" height=\"960\" src=\"https:\/\/www.agrupamentoverticalgaviao.pt\/wp-content\/uploads\/2021\/11\/reflezao_-20.jpg\" alt=\"\" data-id=\"39166\" data-full-url=\"https:\/\/www.agrupamentoverticalgaviao.pt\/wp-content\/uploads\/2021\/11\/reflezao_-20.jpg\" data-link=\"https:\/\/www.agrupamentoverticalgaviao.pt\/?attachment_id=39166\" class=\"wp-image-39166\" srcset=\"https:\/\/www.agrupamentoverticalgaviao.pt\/wp-content\/uploads\/2021\/11\/reflezao_-20.jpg 720w, https:\/\/www.agrupamentoverticalgaviao.pt\/wp-content\/uploads\/2021\/11\/reflezao_-20-225x300.jpg 225w\" sizes=\"auto, (max-width: 720px) 100vw, 720px\" \/><\/a><\/figure><\/li><li class=\"blocks-gallery-item\"><figure><a href=\"https:\/\/www.agrupamentoverticalgaviao.pt\/wp-content\/uploads\/2021\/11\/reflezao_-21.jpg\"><img loading=\"lazy\" decoding=\"async\" width=\"720\" height=\"960\" src=\"https:\/\/www.agrupamentoverticalgaviao.pt\/wp-content\/uploads\/2021\/11\/reflezao_-21.jpg\" alt=\"\" data-id=\"39167\" data-full-url=\"https:\/\/www.agrupamentoverticalgaviao.pt\/wp-content\/uploads\/2021\/11\/reflezao_-21.jpg\" data-link=\"https:\/\/www.agrupamentoverticalgaviao.pt\/?attachment_id=39167\" class=\"wp-image-39167\" srcset=\"https:\/\/www.agrupamentoverticalgaviao.pt\/wp-content\/uploads\/2021\/11\/reflezao_-21.jpg 720w, https:\/\/www.agrupamentoverticalgaviao.pt\/wp-content\/uploads\/2021\/11\/reflezao_-21-225x300.jpg 225w\" sizes=\"auto, (max-width: 720px) 100vw, 720px\" \/><\/a><\/figure><\/li><li class=\"blocks-gallery-item\"><figure><a href=\"https:\/\/www.agrupamentoverticalgaviao.pt\/wp-content\/uploads\/2021\/11\/reflezao_-22.jpg\"><img loading=\"lazy\" decoding=\"async\" width=\"720\" height=\"960\" src=\"https:\/\/www.agrupamentoverticalgaviao.pt\/wp-content\/uploads\/2021\/11\/reflezao_-22.jpg\" alt=\"\" data-id=\"39168\" data-full-url=\"https:\/\/www.agrupamentoverticalgaviao.pt\/wp-content\/uploads\/2021\/11\/reflezao_-22.jpg\" data-link=\"https:\/\/www.agrupamentoverticalgaviao.pt\/?attachment_id=39168\" class=\"wp-image-39168\" srcset=\"https:\/\/www.agrupamentoverticalgaviao.pt\/wp-content\/uploads\/2021\/11\/reflezao_-22.jpg 720w, https:\/\/www.agrupamentoverticalgaviao.pt\/wp-content\/uploads\/2021\/11\/reflezao_-22-225x300.jpg 225w\" sizes=\"auto, (max-width: 720px) 100vw, 720px\" \/><\/a><\/figure><\/li><li class=\"blocks-gallery-item\"><figure><a href=\"https:\/\/www.agrupamentoverticalgaviao.pt\/wp-content\/uploads\/2021\/11\/reflezao_-23.jpg\"><img loading=\"lazy\" decoding=\"async\" width=\"720\" height=\"960\" src=\"https:\/\/www.agrupamentoverticalgaviao.pt\/wp-content\/uploads\/2021\/11\/reflezao_-23.jpg\" alt=\"\" data-id=\"39169\" data-full-url=\"https:\/\/www.agrupamentoverticalgaviao.pt\/wp-content\/uploads\/2021\/11\/reflezao_-23.jpg\" data-link=\"https:\/\/www.agrupamentoverticalgaviao.pt\/?attachment_id=39169\" class=\"wp-image-39169\" srcset=\"https:\/\/www.agrupamentoverticalgaviao.pt\/wp-content\/uploads\/2021\/11\/reflezao_-23.jpg 720w, https:\/\/www.agrupamentoverticalgaviao.pt\/wp-content\/uploads\/2021\/11\/reflezao_-23-225x300.jpg 225w\" sizes=\"auto, (max-width: 720px) 100vw, 720px\" \/><\/a><\/figure><\/li><li class=\"blocks-gallery-item\"><figure><a href=\"https:\/\/www.agrupamentoverticalgaviao.pt\/wp-content\/uploads\/2021\/11\/reflezao_-24.jpg\"><img loading=\"lazy\" decoding=\"async\" width=\"960\" height=\"720\" src=\"https:\/\/www.agrupamentoverticalgaviao.pt\/wp-content\/uploads\/2021\/11\/reflezao_-24.jpg\" alt=\"\" data-id=\"39170\" data-full-url=\"https:\/\/www.agrupamentoverticalgaviao.pt\/wp-content\/uploads\/2021\/11\/reflezao_-24.jpg\" data-link=\"https:\/\/www.agrupamentoverticalgaviao.pt\/?attachment_id=39170\" class=\"wp-image-39170\" srcset=\"https:\/\/www.agrupamentoverticalgaviao.pt\/wp-content\/uploads\/2021\/11\/reflezao_-24.jpg 960w, https:\/\/www.agrupamentoverticalgaviao.pt\/wp-content\/uploads\/2021\/11\/reflezao_-24-300x225.jpg 300w, https:\/\/www.agrupamentoverticalgaviao.pt\/wp-content\/uploads\/2021\/11\/reflezao_-24-768x576.jpg 768w\" sizes=\"auto, (max-width: 960px) 100vw, 960px\" \/><\/a><\/figure><\/li><li class=\"blocks-gallery-item\"><figure><a href=\"https:\/\/www.agrupamentoverticalgaviao.pt\/wp-content\/uploads\/2021\/11\/reflezao_-25.jpg\"><img loading=\"lazy\" decoding=\"async\" width=\"720\" height=\"960\" src=\"https:\/\/www.agrupamentoverticalgaviao.pt\/wp-content\/uploads\/2021\/11\/reflezao_-25.jpg\" alt=\"\" data-id=\"39171\" data-full-url=\"https:\/\/www.agrupamentoverticalgaviao.pt\/wp-content\/uploads\/2021\/11\/reflezao_-25.jpg\" data-link=\"https:\/\/www.agrupamentoverticalgaviao.pt\/?attachment_id=39171\" class=\"wp-image-39171\" srcset=\"https:\/\/www.agrupamentoverticalgaviao.pt\/wp-content\/uploads\/2021\/11\/reflezao_-25.jpg 720w, https:\/\/www.agrupamentoverticalgaviao.pt\/wp-content\/uploads\/2021\/11\/reflezao_-25-225x300.jpg 225w\" sizes=\"auto, (max-width: 720px) 100vw, 720px\" \/><\/a><\/figure><\/li><li class=\"blocks-gallery-item\"><figure><a href=\"blob:https:\/\/www.agrupamentoverticalgaviao.pt\/cbe6980a-fecb-4a70-843c-efa83265c333\"><img decoding=\"async\" src=\"blob:https:\/\/www.agrupamentoverticalgaviao.pt\/cbe6980a-fecb-4a70-843c-efa83265c333\" data-id=\"\"\/><\/a><\/figure><\/li><li class=\"blocks-gallery-item\"><figure><a href=\"blob:https:\/\/www.agrupamentoverticalgaviao.pt\/79473b52-b223-41f2-bc08-69fd37bbae9f\"><img decoding=\"async\" src=\"blob:https:\/\/www.agrupamentoverticalgaviao.pt\/79473b52-b223-41f2-bc08-69fd37bbae9f\" data-id=\"\"\/><\/a><\/figure><\/li><li class=\"blocks-gallery-item\"><figure><a href=\"blob:https:\/\/www.agrupamentoverticalgaviao.pt\/a4862ecc-d6de-4cf9-a641-2a0a9eb0d8e0\"><img decoding=\"async\" src=\"blob:https:\/\/www.agrupamentoverticalgaviao.pt\/a4862ecc-d6de-4cf9-a641-2a0a9eb0d8e0\" data-id=\"\"\/><\/a><\/figure><\/li><\/ul><\/figure>\n","protected":false},"excerpt":{"rendered":"<p>No dia 20 de outubro realizou-se um dia de Sensibiliza\u00e7\u00e3o e Reflex\u00e3o \u00e0 volta &hellip; <\/p>\n","protected":false},"author":2,"featured_media":39153,"comment_status":"closed","ping_status":"closed","sticky":false,"template":"","format":"standard","meta":{"footnotes":""},"categories":[199],"tags":[],"class_list":["post-39146","post","type-post","status-publish","format-standard","has-post-thumbnail","hentry","category-acao-de-sensibilizacao"],"yoast_head":"<!-- This site is optimized with the Yoast SEO plugin v27.5 - https:\/\/yoast.com\/product\/yoast-seo-wordpress\/ -->\n<title>Dia de Sensibiliza\u00e7\u00e3o e Reflex\u00e3o - Agrupamento de Escolas de Gavi\u00e3o<\/title>\n<meta name=\"robots\" content=\"index, follow, max-snippet:-1, max-image-preview:large, max-video-preview:-1\" \/>\n<link rel=\"canonical\" href=\"https:\/\/www.agrupamentoverticalgaviao.pt\/?p=39146\" \/>\n<meta property=\"og:locale\" content=\"pt_PT\" \/>\n<meta property=\"og:type\" content=\"article\" \/>\n<meta property=\"og:title\" content=\"Dia de Sensibiliza\u00e7\u00e3o e Reflex\u00e3o - Agrupamento de Escolas de Gavi\u00e3o\" \/>\n<meta property=\"og:description\" content=\"No dia 20 de outubro realizou-se um dia de Sensibiliza\u00e7\u00e3o e Reflex\u00e3o \u00e0 volta &hellip;\" \/>\n<meta property=\"og:url\" content=\"https:\/\/www.agrupamentoverticalgaviao.pt\/?p=39146\" \/>\n<meta property=\"og:site_name\" content=\"Agrupamento de Escolas de Gavi\u00e3o\" \/>\n<meta property=\"article:published_time\" content=\"2021-11-01T22:10:20+00:00\" \/>\n<meta property=\"og:image\" content=\"https:\/\/www.agrupamentoverticalgaviao.pt\/wp-content\/uploads\/2021\/11\/reflezao_-7.jpg\" \/>\n\t<meta property=\"og:image:width\" content=\"960\" \/>\n\t<meta property=\"og:image:height\" content=\"720\" \/>\n\t<meta property=\"og:image:type\" content=\"image\/jpeg\" \/>\n<meta name=\"author\" content=\"marco Vilela\" \/>\n<meta name=\"twitter:card\" content=\"summary_large_image\" \/>\n<meta name=\"twitter:label1\" content=\"Escrito por\" \/>\n\t<meta name=\"twitter:data1\" content=\"marco Vilela\" \/>\n\t<meta name=\"twitter:label2\" content=\"Tempo estimado de leitura\" \/>\n\t<meta name=\"twitter:data2\" content=\"1 minuto\" \/>\n<script type=\"application\/ld+json\" class=\"yoast-schema-graph\">{\"@context\":\"https:\\\/\\\/schema.org\",\"@graph\":[{\"@type\":\"Article\",\"@id\":\"https:\\\/\\\/www.agrupamentoverticalgaviao.pt\\\/?p=39146#article\",\"isPartOf\":{\"@id\":\"https:\\\/\\\/www.agrupamentoverticalgaviao.pt\\\/?p=39146\"},\"author\":{\"name\":\"marco Vilela\",\"@id\":\"https:\\\/\\\/www.agrupamentoverticalgaviao.pt\\\/#\\\/schema\\\/person\\\/b337300b08ca20a17717f1b413f4b253\"},\"headline\":\"Dia de Sensibiliza\u00e7\u00e3o e Reflex\u00e3o\",\"datePublished\":\"2021-11-01T22:10:20+00:00\",\"mainEntityOfPage\":{\"@id\":\"https:\\\/\\\/www.agrupamentoverticalgaviao.pt\\\/?p=39146\"},\"wordCount\":282,\"image\":{\"@id\":\"https:\\\/\\\/www.agrupamentoverticalgaviao.pt\\\/?p=39146#primaryimage\"},\"thumbnailUrl\":\"https:\\\/\\\/www.agrupamentoverticalgaviao.pt\\\/wp-content\\\/uploads\\\/2021\\\/11\\\/reflezao_-7.jpg\",\"articleSection\":[\"A\u00e7\u00e3o de Sensibiliza\u00e7\u00e3o\"],\"inLanguage\":\"pt-PT\"},{\"@type\":\"WebPage\",\"@id\":\"https:\\\/\\\/www.agrupamentoverticalgaviao.pt\\\/?p=39146\",\"url\":\"https:\\\/\\\/www.agrupamentoverticalgaviao.pt\\\/?p=39146\",\"name\":\"Dia de Sensibiliza\u00e7\u00e3o e Reflex\u00e3o - Agrupamento de Escolas de Gavi\u00e3o\",\"isPartOf\":{\"@id\":\"https:\\\/\\\/www.agrupamentoverticalgaviao.pt\\\/#website\"},\"primaryImageOfPage\":{\"@id\":\"https:\\\/\\\/www.agrupamentoverticalgaviao.pt\\\/?p=39146#primaryimage\"},\"image\":{\"@id\":\"https:\\\/\\\/www.agrupamentoverticalgaviao.pt\\\/?p=39146#primaryimage\"},\"thumbnailUrl\":\"https:\\\/\\\/www.agrupamentoverticalgaviao.pt\\\/wp-content\\\/uploads\\\/2021\\\/11\\\/reflezao_-7.jpg\",\"datePublished\":\"2021-11-01T22:10:20+00:00\",\"author\":{\"@id\":\"https:\\\/\\\/www.agrupamentoverticalgaviao.pt\\\/#\\\/schema\\\/person\\\/b337300b08ca20a17717f1b413f4b253\"},\"breadcrumb\":{\"@id\":\"https:\\\/\\\/www.agrupamentoverticalgaviao.pt\\\/?p=39146#breadcrumb\"},\"inLanguage\":\"pt-PT\",\"potentialAction\":[{\"@type\":\"ReadAction\",\"target\":[\"https:\\\/\\\/www.agrupamentoverticalgaviao.pt\\\/?p=39146\"]}]},{\"@type\":\"ImageObject\",\"inLanguage\":\"pt-PT\",\"@id\":\"https:\\\/\\\/www.agrupamentoverticalgaviao.pt\\\/?p=39146#primaryimage\",\"url\":\"https:\\\/\\\/www.agrupamentoverticalgaviao.pt\\\/wp-content\\\/uploads\\\/2021\\\/11\\\/reflezao_-7.jpg\",\"contentUrl\":\"https:\\\/\\\/www.agrupamentoverticalgaviao.pt\\\/wp-content\\\/uploads\\\/2021\\\/11\\\/reflezao_-7.jpg\",\"width\":960,\"height\":720},{\"@type\":\"BreadcrumbList\",\"@id\":\"https:\\\/\\\/www.agrupamentoverticalgaviao.pt\\\/?p=39146#breadcrumb\",\"itemListElement\":[{\"@type\":\"ListItem\",\"position\":1,\"name\":\"In\u00edcio\",\"item\":\"https:\\\/\\\/www.agrupamentoverticalgaviao.pt\\\/\"},{\"@type\":\"ListItem\",\"position\":2,\"name\":\"Dia de Sensibiliza\u00e7\u00e3o e Reflex\u00e3o\"}]},{\"@type\":\"WebSite\",\"@id\":\"https:\\\/\\\/www.agrupamentoverticalgaviao.pt\\\/#website\",\"url\":\"https:\\\/\\\/www.agrupamentoverticalgaviao.pt\\\/\",\"name\":\"Agrupamento de Escolas de Gavi\u00e3o\",\"description\":\"\",\"alternateName\":\"Agrupamento de Escolas de Gavi\u00e3o\",\"potentialAction\":[{\"@type\":\"SearchAction\",\"target\":{\"@type\":\"EntryPoint\",\"urlTemplate\":\"https:\\\/\\\/www.agrupamentoverticalgaviao.pt\\\/?s={search_term_string}\"},\"query-input\":{\"@type\":\"PropertyValueSpecification\",\"valueRequired\":true,\"valueName\":\"search_term_string\"}}],\"inLanguage\":\"pt-PT\"},{\"@type\":\"Person\",\"@id\":\"https:\\\/\\\/www.agrupamentoverticalgaviao.pt\\\/#\\\/schema\\\/person\\\/b337300b08ca20a17717f1b413f4b253\",\"name\":\"marco Vilela\",\"image\":{\"@type\":\"ImageObject\",\"inLanguage\":\"pt-PT\",\"@id\":\"https:\\\/\\\/secure.gravatar.com\\\/avatar\\\/8eb0feb60b637bbf624addb993bbcd710c4802ede472519543b7b7625a815e2d?s=96&d=mm&r=g\",\"url\":\"https:\\\/\\\/secure.gravatar.com\\\/avatar\\\/8eb0feb60b637bbf624addb993bbcd710c4802ede472519543b7b7625a815e2d?s=96&d=mm&r=g\",\"contentUrl\":\"https:\\\/\\\/secure.gravatar.com\\\/avatar\\\/8eb0feb60b637bbf624addb993bbcd710c4802ede472519543b7b7625a815e2d?s=96&d=mm&r=g\",\"caption\":\"marco Vilela\"},\"url\":\"https:\\\/\\\/www.agrupamentoverticalgaviao.pt\\\/?author=2\"}]}<\/script>\n<!-- \/ Yoast SEO plugin. -->","yoast_head_json":{"title":"Dia de Sensibiliza\u00e7\u00e3o e Reflex\u00e3o - Agrupamento de Escolas de Gavi\u00e3o","robots":{"index":"index","follow":"follow","max-snippet":"max-snippet:-1","max-image-preview":"max-image-preview:large","max-video-preview":"max-video-preview:-1"},"canonical":"https:\/\/www.agrupamentoverticalgaviao.pt\/?p=39146","og_locale":"pt_PT","og_type":"article","og_title":"Dia de Sensibiliza\u00e7\u00e3o e Reflex\u00e3o - Agrupamento de Escolas de Gavi\u00e3o","og_description":"No dia 20 de outubro realizou-se um dia de Sensibiliza\u00e7\u00e3o e Reflex\u00e3o \u00e0 volta &hellip;","og_url":"https:\/\/www.agrupamentoverticalgaviao.pt\/?p=39146","og_site_name":"Agrupamento de Escolas de Gavi\u00e3o","article_published_time":"2021-11-01T22:10:20+00:00","og_image":[{"width":960,"height":720,"url":"https:\/\/www.agrupamentoverticalgaviao.pt\/wp-content\/uploads\/2021\/11\/reflezao_-7.jpg","type":"image\/jpeg"}],"author":"marco Vilela","twitter_card":"summary_large_image","twitter_misc":{"Escrito por":"marco Vilela","Tempo estimado de leitura":"1 minuto"},"schema":{"@context":"https:\/\/schema.org","@graph":[{"@type":"Article","@id":"https:\/\/www.agrupamentoverticalgaviao.pt\/?p=39146#article","isPartOf":{"@id":"https:\/\/www.agrupamentoverticalgaviao.pt\/?p=39146"},"author":{"name":"marco Vilela","@id":"https:\/\/www.agrupamentoverticalgaviao.pt\/#\/schema\/person\/b337300b08ca20a17717f1b413f4b253"},"headline":"Dia de Sensibiliza\u00e7\u00e3o e Reflex\u00e3o","datePublished":"2021-11-01T22:10:20+00:00","mainEntityOfPage":{"@id":"https:\/\/www.agrupamentoverticalgaviao.pt\/?p=39146"},"wordCount":282,"image":{"@id":"https:\/\/www.agrupamentoverticalgaviao.pt\/?p=39146#primaryimage"},"thumbnailUrl":"https:\/\/www.agrupamentoverticalgaviao.pt\/wp-content\/uploads\/2021\/11\/reflezao_-7.jpg","articleSection":["A\u00e7\u00e3o de Sensibiliza\u00e7\u00e3o"],"inLanguage":"pt-PT"},{"@type":"WebPage","@id":"https:\/\/www.agrupamentoverticalgaviao.pt\/?p=39146","url":"https:\/\/www.agrupamentoverticalgaviao.pt\/?p=39146","name":"Dia de Sensibiliza\u00e7\u00e3o e Reflex\u00e3o - Agrupamento de Escolas de Gavi\u00e3o","isPartOf":{"@id":"https:\/\/www.agrupamentoverticalgaviao.pt\/#website"},"primaryImageOfPage":{"@id":"https:\/\/www.agrupamentoverticalgaviao.pt\/?p=39146#primaryimage"},"image":{"@id":"https:\/\/www.agrupamentoverticalgaviao.pt\/?p=39146#primaryimage"},"thumbnailUrl":"https:\/\/www.agrupamentoverticalgaviao.pt\/wp-content\/uploads\/2021\/11\/reflezao_-7.jpg","datePublished":"2021-11-01T22:10:20+00:00","author":{"@id":"https:\/\/www.agrupamentoverticalgaviao.pt\/#\/schema\/person\/b337300b08ca20a17717f1b413f4b253"},"breadcrumb":{"@id":"https:\/\/www.agrupamentoverticalgaviao.pt\/?p=39146#breadcrumb"},"inLanguage":"pt-PT","potentialAction":[{"@type":"ReadAction","target":["https:\/\/www.agrupamentoverticalgaviao.pt\/?p=39146"]}]},{"@type":"ImageObject","inLanguage":"pt-PT","@id":"https:\/\/www.agrupamentoverticalgaviao.pt\/?p=39146#primaryimage","url":"https:\/\/www.agrupamentoverticalgaviao.pt\/wp-content\/uploads\/2021\/11\/reflezao_-7.jpg","contentUrl":"https:\/\/www.agrupamentoverticalgaviao.pt\/wp-content\/uploads\/2021\/11\/reflezao_-7.jpg","width":960,"height":720},{"@type":"BreadcrumbList","@id":"https:\/\/www.agrupamentoverticalgaviao.pt\/?p=39146#breadcrumb","itemListElement":[{"@type":"ListItem","position":1,"name":"In\u00edcio","item":"https:\/\/www.agrupamentoverticalgaviao.pt\/"},{"@type":"ListItem","position":2,"name":"Dia de Sensibiliza\u00e7\u00e3o e Reflex\u00e3o"}]},{"@type":"WebSite","@id":"https:\/\/www.agrupamentoverticalgaviao.pt\/#website","url":"https:\/\/www.agrupamentoverticalgaviao.pt\/","name":"Agrupamento de Escolas de Gavi\u00e3o","description":"","alternateName":"Agrupamento de Escolas de Gavi\u00e3o","potentialAction":[{"@type":"SearchAction","target":{"@type":"EntryPoint","urlTemplate":"https:\/\/www.agrupamentoverticalgaviao.pt\/?s={search_term_string}"},"query-input":{"@type":"PropertyValueSpecification","valueRequired":true,"valueName":"search_term_string"}}],"inLanguage":"pt-PT"},{"@type":"Person","@id":"https:\/\/www.agrupamentoverticalgaviao.pt\/#\/schema\/person\/b337300b08ca20a17717f1b413f4b253","name":"marco Vilela","image":{"@type":"ImageObject","inLanguage":"pt-PT","@id":"https:\/\/secure.gravatar.com\/avatar\/8eb0feb60b637bbf624addb993bbcd710c4802ede472519543b7b7625a815e2d?s=96&d=mm&r=g","url":"https:\/\/secure.gravatar.com\/avatar\/8eb0feb60b637bbf624addb993bbcd710c4802ede472519543b7b7625a815e2d?s=96&d=mm&r=g","contentUrl":"https:\/\/secure.gravatar.com\/avatar\/8eb0feb60b637bbf624addb993bbcd710c4802ede472519543b7b7625a815e2d?s=96&d=mm&r=g","caption":"marco Vilela"},"url":"https:\/\/www.agrupamentoverticalgaviao.pt\/?author=2"}]}},"_links":{"self":[{"href":"https:\/\/www.agrupamentoverticalgaviao.pt\/index.php?rest_route=\/wp\/v2\/posts\/39146","targetHints":{"allow":["GET"]}}],"collection":[{"href":"https:\/\/www.agrupamentoverticalgaviao.pt\/index.php?rest_route=\/wp\/v2\/posts"}],"about":[{"href":"https:\/\/www.agrupamentoverticalgaviao.pt\/index.php?rest_route=\/wp\/v2\/types\/post"}],"author":[{"embeddable":true,"href":"https:\/\/www.agrupamentoverticalgaviao.pt\/index.php?rest_route=\/wp\/v2\/users\/2"}],"replies":[{"embeddable":true,"href":"https:\/\/www.agrupamentoverticalgaviao.pt\/index.php?rest_route=%2Fwp%2Fv2%2Fcomments&post=39146"}],"version-history":[{"count":2,"href":"https:\/\/www.agrupamentoverticalgaviao.pt\/index.php?rest_route=\/wp\/v2\/posts\/39146\/revisions"}],"predecessor-version":[{"id":39176,"href":"https:\/\/www.agrupamentoverticalgaviao.pt\/index.php?rest_route=\/wp\/v2\/posts\/39146\/revisions\/39176"}],"wp:featuredmedia":[{"embeddable":true,"href":"https:\/\/www.agrupamentoverticalgaviao.pt\/index.php?rest_route=\/wp\/v2\/media\/39153"}],"wp:attachment":[{"href":"https:\/\/www.agrupamentoverticalgaviao.pt\/index.php?rest_route=%2Fwp%2Fv2%2Fmedia&parent=39146"}],"wp:term":[{"taxonomy":"category","embeddable":true,"href":"https:\/\/www.agrupamentoverticalgaviao.pt\/index.php?rest_route=%2Fwp%2Fv2%2Fcategories&post=39146"},{"taxonomy":"post_tag","embeddable":true,"href":"https:\/\/www.agrupamentoverticalgaviao.pt\/index.php?rest_route=%2Fwp%2Fv2%2Ftags&post=39146"}],"curies":[{"name":"wp","href":"https:\/\/api.w.org\/{rel}","templated":true}]}}