{"id":37909,"date":"2020-06-05T08:26:21","date_gmt":"2020-06-05T08:26:21","guid":{"rendered":"https:\/\/www.agrupamentoverticalgaviao.pt\/pt\/?p=37909"},"modified":"2020-06-05T11:32:51","modified_gmt":"2020-06-05T11:32:51","slug":"eco-poster-2020-2021","status":"publish","type":"post","link":"https:\/\/www.agrupamentoverticalgaviao.pt\/?p=37909","title":{"rendered":"Eco-Poster 2020\/2021"},"content":{"rendered":"\n<p>No <strong><em>Dia Mundial do Ambiente<\/em><\/strong> apresentamos o Eco-Poster do Agrupamento de Escolas de Gavi\u00e3o.<\/p>\n\n\n\n<p>O Eco-<em>Poster<\/em> pretende dar resposta ao Eco-C\u00f3digo 2020, expressando os objetivos do plano de a\u00e7\u00e3o do nosso agrupamento, no \u00e2mbito do programa Eco-Escolas, que assentam nos temas-base &#8220;\u00c1gua\u201d, \u201cRes\u00edduos\u201d e \u201cEnergia\u201d e no tema do ano \u201cComunidades Sustent\u00e1veis\u201d.<\/p>\n\n\n\n<p>Numa perspetiva de transversalidade, o presente trabalho envolveu os alunos de todas as turmas do 1\u00ba, 2\u00ba e 3\u00ba Ciclos, com a orienta\u00e7\u00e3o dos diretores de turma e docentes de Cidadania e Desenvolvimento, nomeadamente na constru\u00e7\u00e3o das 10 frases que constituem o Eco-C\u00f3digo.<\/p>\n\n\n\n<p>Quanto \u00e0 conce\u00e7\u00e3o gr\u00e1fica de poster, foi da autoria do docente de F\u00edsico-Qu\u00edmica e dos alunos do 3\u00ba Ciclo no \u00e2mbito da referida disciplina.<\/p>\n\n\n\n<p>Todo o trabalho foi elaborado durante o per\u00edodo de Ensino a Dist\u00e2ncia (E@D), o que reflete, uma vez mais, o trabalho colaborativo entre os docentes.&nbsp;&nbsp;<\/p>\n\n\n\n<p>Pretendemos continuar a sensibilizar a comunidade escolar e local para a mudan\u00e7a de atitude no dia-a-dia, otimizando uma consci\u00eancia c\u00edvico-ambiental e contribuindo para minimizar, com pequenos gestos, os danos ambientais.<\/p>\n\n\n\n<p>Obrigada, a todos, pela colabora\u00e7\u00e3o!<\/p>\n\n\n\n<p>A coordenadora do Eco-Escolas.<\/p>\n\n\n\n<figure class=\"wp-block-image size-large\"><img loading=\"lazy\" decoding=\"async\" width=\"755\" height=\"1024\" src=\"https:\/\/www.agrupamentoverticalgaviao.pt\/pt\/wp-content\/uploads\/2020\/06\/thumbnail_poster_eco_v2-1-755x1024.png\" alt=\"\" class=\"wp-image-37910\" srcset=\"https:\/\/www.agrupamentoverticalgaviao.pt\/wp-content\/uploads\/2020\/06\/thumbnail_poster_eco_v2-1-755x1024.png 755w, https:\/\/www.agrupamentoverticalgaviao.pt\/wp-content\/uploads\/2020\/06\/thumbnail_poster_eco_v2-1-221x300.png 221w, https:\/\/www.agrupamentoverticalgaviao.pt\/wp-content\/uploads\/2020\/06\/thumbnail_poster_eco_v2-1-768x1041.png 768w, https:\/\/www.agrupamentoverticalgaviao.pt\/wp-content\/uploads\/2020\/06\/thumbnail_poster_eco_v2-1-18x24.png 18w, https:\/\/www.agrupamentoverticalgaviao.pt\/wp-content\/uploads\/2020\/06\/thumbnail_poster_eco_v2-1-27x36.png 27w, https:\/\/www.agrupamentoverticalgaviao.pt\/wp-content\/uploads\/2020\/06\/thumbnail_poster_eco_v2-1-35x48.png 35w, https:\/\/www.agrupamentoverticalgaviao.pt\/wp-content\/uploads\/2020\/06\/thumbnail_poster_eco_v2-1.png 944w\" sizes=\"auto, (max-width: 755px) 100vw, 755px\" \/><\/figure>\n\n\n\n<figure class=\"wp-block-embed-youtube wp-block-embed is-type-video is-provider-youtube wp-embed-aspect-16-9 wp-has-aspect-ratio\"><div class=\"wp-block-embed__wrapper\">\nhttps:\/\/www.youtube.com\/watch?v=dAjuTiWNzC8&#038;feature=youtu.be&#038;fbclid=IwAR0dtAee8mqj8UNO_bznp0mMMwVrnZ6Jw9fMAsBOTR-sAVfyN-0-PPGupNA\n<\/div><\/figure>\n","protected":false},"excerpt":{"rendered":"<p>No Dia Mundial do Ambiente apresentamos o Eco-Poster do Agrupamento de Escolas de Gavi\u00e3o. &hellip; <\/p>\n","protected":false},"author":2,"featured_media":37910,"comment_status":"open","ping_status":"closed","sticky":false,"template":"","format":"standard","meta":{"footnotes":""},"categories":[165],"tags":[],"class_list":["post-37909","post","type-post","status-publish","format-standard","has-post-thumbnail","hentry","category-eco-escolas"],"yoast_head":"<!-- This site is optimized with the Yoast SEO plugin v27.4 - https:\/\/yoast.com\/product\/yoast-seo-wordpress\/ -->\n<title>Eco-Poster 2020\/2021 - Agrupamento de Escolas de Gavi\u00e3o<\/title>\n<meta name=\"robots\" content=\"index, follow, max-snippet:-1, max-image-preview:large, max-video-preview:-1\" \/>\n<link rel=\"canonical\" href=\"https:\/\/www.agrupamentoverticalgaviao.pt\/?p=37909\" \/>\n<meta property=\"og:locale\" content=\"pt_PT\" \/>\n<meta property=\"og:type\" content=\"article\" \/>\n<meta property=\"og:title\" content=\"Eco-Poster 2020\/2021 - Agrupamento de Escolas de Gavi\u00e3o\" \/>\n<meta property=\"og:description\" content=\"No Dia Mundial do Ambiente apresentamos o Eco-Poster do Agrupamento de Escolas de Gavi\u00e3o. &hellip;\" \/>\n<meta property=\"og:url\" content=\"https:\/\/www.agrupamentoverticalgaviao.pt\/?p=37909\" \/>\n<meta property=\"og:site_name\" content=\"Agrupamento de Escolas de Gavi\u00e3o\" \/>\n<meta property=\"article:published_time\" content=\"2020-06-05T08:26:21+00:00\" \/>\n<meta property=\"article:modified_time\" content=\"2020-06-05T11:32:51+00:00\" \/>\n<meta property=\"og:image\" content=\"https:\/\/www.agrupamentoverticalgaviao.pt\/wp-content\/uploads\/2020\/06\/thumbnail_poster_eco_v2-1.png\" \/>\n\t<meta property=\"og:image:width\" content=\"944\" \/>\n\t<meta property=\"og:image:height\" content=\"1280\" \/>\n\t<meta property=\"og:image:type\" content=\"image\/png\" \/>\n<meta name=\"author\" content=\"marco Vilela\" \/>\n<meta name=\"twitter:card\" content=\"summary_large_image\" \/>\n<meta name=\"twitter:label1\" content=\"Escrito por\" \/>\n\t<meta name=\"twitter:data1\" content=\"marco Vilela\" \/>\n\t<meta name=\"twitter:label2\" content=\"Tempo estimado de leitura\" \/>\n\t<meta name=\"twitter:data2\" content=\"1 minuto\" \/>\n<script type=\"application\/ld+json\" class=\"yoast-schema-graph\">{\"@context\":\"https:\\\/\\\/schema.org\",\"@graph\":[{\"@type\":\"Article\",\"@id\":\"https:\\\/\\\/www.agrupamentoverticalgaviao.pt\\\/?p=37909#article\",\"isPartOf\":{\"@id\":\"https:\\\/\\\/www.agrupamentoverticalgaviao.pt\\\/?p=37909\"},\"author\":{\"name\":\"marco Vilela\",\"@id\":\"https:\\\/\\\/www.agrupamentoverticalgaviao.pt\\\/#\\\/schema\\\/person\\\/b337300b08ca20a17717f1b413f4b253\"},\"headline\":\"Eco-Poster 2020\\\/2021\",\"datePublished\":\"2020-06-05T08:26:21+00:00\",\"dateModified\":\"2020-06-05T11:32:51+00:00\",\"mainEntityOfPage\":{\"@id\":\"https:\\\/\\\/www.agrupamentoverticalgaviao.pt\\\/?p=37909\"},\"wordCount\":220,\"commentCount\":0,\"image\":{\"@id\":\"https:\\\/\\\/www.agrupamentoverticalgaviao.pt\\\/?p=37909#primaryimage\"},\"thumbnailUrl\":\"https:\\\/\\\/www.agrupamentoverticalgaviao.pt\\\/wp-content\\\/uploads\\\/2020\\\/06\\\/thumbnail_poster_eco_v2-1.png\",\"articleSection\":[\"Eco-Escolas\"],\"inLanguage\":\"pt-PT\",\"potentialAction\":[{\"@type\":\"CommentAction\",\"name\":\"Comment\",\"target\":[\"https:\\\/\\\/www.agrupamentoverticalgaviao.pt\\\/?p=37909#respond\"]}]},{\"@type\":\"WebPage\",\"@id\":\"https:\\\/\\\/www.agrupamentoverticalgaviao.pt\\\/?p=37909\",\"url\":\"https:\\\/\\\/www.agrupamentoverticalgaviao.pt\\\/?p=37909\",\"name\":\"Eco-Poster 2020\\\/2021 - Agrupamento de Escolas de Gavi\u00e3o\",\"isPartOf\":{\"@id\":\"https:\\\/\\\/www.agrupamentoverticalgaviao.pt\\\/#website\"},\"primaryImageOfPage\":{\"@id\":\"https:\\\/\\\/www.agrupamentoverticalgaviao.pt\\\/?p=37909#primaryimage\"},\"image\":{\"@id\":\"https:\\\/\\\/www.agrupamentoverticalgaviao.pt\\\/?p=37909#primaryimage\"},\"thumbnailUrl\":\"https:\\\/\\\/www.agrupamentoverticalgaviao.pt\\\/wp-content\\\/uploads\\\/2020\\\/06\\\/thumbnail_poster_eco_v2-1.png\",\"datePublished\":\"2020-06-05T08:26:21+00:00\",\"dateModified\":\"2020-06-05T11:32:51+00:00\",\"author\":{\"@id\":\"https:\\\/\\\/www.agrupamentoverticalgaviao.pt\\\/#\\\/schema\\\/person\\\/b337300b08ca20a17717f1b413f4b253\"},\"breadcrumb\":{\"@id\":\"https:\\\/\\\/www.agrupamentoverticalgaviao.pt\\\/?p=37909#breadcrumb\"},\"inLanguage\":\"pt-PT\",\"potentialAction\":[{\"@type\":\"ReadAction\",\"target\":[\"https:\\\/\\\/www.agrupamentoverticalgaviao.pt\\\/?p=37909\"]}]},{\"@type\":\"ImageObject\",\"inLanguage\":\"pt-PT\",\"@id\":\"https:\\\/\\\/www.agrupamentoverticalgaviao.pt\\\/?p=37909#primaryimage\",\"url\":\"https:\\\/\\\/www.agrupamentoverticalgaviao.pt\\\/wp-content\\\/uploads\\\/2020\\\/06\\\/thumbnail_poster_eco_v2-1.png\",\"contentUrl\":\"https:\\\/\\\/www.agrupamentoverticalgaviao.pt\\\/wp-content\\\/uploads\\\/2020\\\/06\\\/thumbnail_poster_eco_v2-1.png\",\"width\":944,\"height\":1280},{\"@type\":\"BreadcrumbList\",\"@id\":\"https:\\\/\\\/www.agrupamentoverticalgaviao.pt\\\/?p=37909#breadcrumb\",\"itemListElement\":[{\"@type\":\"ListItem\",\"position\":1,\"name\":\"In\u00edcio\",\"item\":\"https:\\\/\\\/www.agrupamentoverticalgaviao.pt\\\/\"},{\"@type\":\"ListItem\",\"position\":2,\"name\":\"Eco-Poster 2020\\\/2021\"}]},{\"@type\":\"WebSite\",\"@id\":\"https:\\\/\\\/www.agrupamentoverticalgaviao.pt\\\/#website\",\"url\":\"https:\\\/\\\/www.agrupamentoverticalgaviao.pt\\\/\",\"name\":\"Agrupamento de Escolas de Gavi\u00e3o\",\"description\":\"\",\"alternateName\":\"Agrupamento de Escolas de Gavi\u00e3o\",\"potentialAction\":[{\"@type\":\"SearchAction\",\"target\":{\"@type\":\"EntryPoint\",\"urlTemplate\":\"https:\\\/\\\/www.agrupamentoverticalgaviao.pt\\\/?s={search_term_string}\"},\"query-input\":{\"@type\":\"PropertyValueSpecification\",\"valueRequired\":true,\"valueName\":\"search_term_string\"}}],\"inLanguage\":\"pt-PT\"},{\"@type\":\"Person\",\"@id\":\"https:\\\/\\\/www.agrupamentoverticalgaviao.pt\\\/#\\\/schema\\\/person\\\/b337300b08ca20a17717f1b413f4b253\",\"name\":\"marco Vilela\",\"image\":{\"@type\":\"ImageObject\",\"inLanguage\":\"pt-PT\",\"@id\":\"https:\\\/\\\/secure.gravatar.com\\\/avatar\\\/8eb0feb60b637bbf624addb993bbcd710c4802ede472519543b7b7625a815e2d?s=96&d=mm&r=g\",\"url\":\"https:\\\/\\\/secure.gravatar.com\\\/avatar\\\/8eb0feb60b637bbf624addb993bbcd710c4802ede472519543b7b7625a815e2d?s=96&d=mm&r=g\",\"contentUrl\":\"https:\\\/\\\/secure.gravatar.com\\\/avatar\\\/8eb0feb60b637bbf624addb993bbcd710c4802ede472519543b7b7625a815e2d?s=96&d=mm&r=g\",\"caption\":\"marco Vilela\"},\"url\":\"https:\\\/\\\/www.agrupamentoverticalgaviao.pt\\\/?author=2\"}]}<\/script>\n<!-- \/ Yoast SEO plugin. -->","yoast_head_json":{"title":"Eco-Poster 2020\/2021 - Agrupamento de Escolas de Gavi\u00e3o","robots":{"index":"index","follow":"follow","max-snippet":"max-snippet:-1","max-image-preview":"max-image-preview:large","max-video-preview":"max-video-preview:-1"},"canonical":"https:\/\/www.agrupamentoverticalgaviao.pt\/?p=37909","og_locale":"pt_PT","og_type":"article","og_title":"Eco-Poster 2020\/2021 - Agrupamento de Escolas de Gavi\u00e3o","og_description":"No Dia Mundial do Ambiente apresentamos o Eco-Poster do Agrupamento de Escolas de Gavi\u00e3o. &hellip;","og_url":"https:\/\/www.agrupamentoverticalgaviao.pt\/?p=37909","og_site_name":"Agrupamento de Escolas de Gavi\u00e3o","article_published_time":"2020-06-05T08:26:21+00:00","article_modified_time":"2020-06-05T11:32:51+00:00","og_image":[{"width":944,"height":1280,"url":"https:\/\/www.agrupamentoverticalgaviao.pt\/wp-content\/uploads\/2020\/06\/thumbnail_poster_eco_v2-1.png","type":"image\/png"}],"author":"marco Vilela","twitter_card":"summary_large_image","twitter_misc":{"Escrito por":"marco Vilela","Tempo estimado de leitura":"1 minuto"},"schema":{"@context":"https:\/\/schema.org","@graph":[{"@type":"Article","@id":"https:\/\/www.agrupamentoverticalgaviao.pt\/?p=37909#article","isPartOf":{"@id":"https:\/\/www.agrupamentoverticalgaviao.pt\/?p=37909"},"author":{"name":"marco Vilela","@id":"https:\/\/www.agrupamentoverticalgaviao.pt\/#\/schema\/person\/b337300b08ca20a17717f1b413f4b253"},"headline":"Eco-Poster 2020\/2021","datePublished":"2020-06-05T08:26:21+00:00","dateModified":"2020-06-05T11:32:51+00:00","mainEntityOfPage":{"@id":"https:\/\/www.agrupamentoverticalgaviao.pt\/?p=37909"},"wordCount":220,"commentCount":0,"image":{"@id":"https:\/\/www.agrupamentoverticalgaviao.pt\/?p=37909#primaryimage"},"thumbnailUrl":"https:\/\/www.agrupamentoverticalgaviao.pt\/wp-content\/uploads\/2020\/06\/thumbnail_poster_eco_v2-1.png","articleSection":["Eco-Escolas"],"inLanguage":"pt-PT","potentialAction":[{"@type":"CommentAction","name":"Comment","target":["https:\/\/www.agrupamentoverticalgaviao.pt\/?p=37909#respond"]}]},{"@type":"WebPage","@id":"https:\/\/www.agrupamentoverticalgaviao.pt\/?p=37909","url":"https:\/\/www.agrupamentoverticalgaviao.pt\/?p=37909","name":"Eco-Poster 2020\/2021 - Agrupamento de Escolas de Gavi\u00e3o","isPartOf":{"@id":"https:\/\/www.agrupamentoverticalgaviao.pt\/#website"},"primaryImageOfPage":{"@id":"https:\/\/www.agrupamentoverticalgaviao.pt\/?p=37909#primaryimage"},"image":{"@id":"https:\/\/www.agrupamentoverticalgaviao.pt\/?p=37909#primaryimage"},"thumbnailUrl":"https:\/\/www.agrupamentoverticalgaviao.pt\/wp-content\/uploads\/2020\/06\/thumbnail_poster_eco_v2-1.png","datePublished":"2020-06-05T08:26:21+00:00","dateModified":"2020-06-05T11:32:51+00:00","author":{"@id":"https:\/\/www.agrupamentoverticalgaviao.pt\/#\/schema\/person\/b337300b08ca20a17717f1b413f4b253"},"breadcrumb":{"@id":"https:\/\/www.agrupamentoverticalgaviao.pt\/?p=37909#breadcrumb"},"inLanguage":"pt-PT","potentialAction":[{"@type":"ReadAction","target":["https:\/\/www.agrupamentoverticalgaviao.pt\/?p=37909"]}]},{"@type":"ImageObject","inLanguage":"pt-PT","@id":"https:\/\/www.agrupamentoverticalgaviao.pt\/?p=37909#primaryimage","url":"https:\/\/www.agrupamentoverticalgaviao.pt\/wp-content\/uploads\/2020\/06\/thumbnail_poster_eco_v2-1.png","contentUrl":"https:\/\/www.agrupamentoverticalgaviao.pt\/wp-content\/uploads\/2020\/06\/thumbnail_poster_eco_v2-1.png","width":944,"height":1280},{"@type":"BreadcrumbList","@id":"https:\/\/www.agrupamentoverticalgaviao.pt\/?p=37909#breadcrumb","itemListElement":[{"@type":"ListItem","position":1,"name":"In\u00edcio","item":"https:\/\/www.agrupamentoverticalgaviao.pt\/"},{"@type":"ListItem","position":2,"name":"Eco-Poster 2020\/2021"}]},{"@type":"WebSite","@id":"https:\/\/www.agrupamentoverticalgaviao.pt\/#website","url":"https:\/\/www.agrupamentoverticalgaviao.pt\/","name":"Agrupamento de Escolas de Gavi\u00e3o","description":"","alternateName":"Agrupamento de Escolas de Gavi\u00e3o","potentialAction":[{"@type":"SearchAction","target":{"@type":"EntryPoint","urlTemplate":"https:\/\/www.agrupamentoverticalgaviao.pt\/?s={search_term_string}"},"query-input":{"@type":"PropertyValueSpecification","valueRequired":true,"valueName":"search_term_string"}}],"inLanguage":"pt-PT"},{"@type":"Person","@id":"https:\/\/www.agrupamentoverticalgaviao.pt\/#\/schema\/person\/b337300b08ca20a17717f1b413f4b253","name":"marco Vilela","image":{"@type":"ImageObject","inLanguage":"pt-PT","@id":"https:\/\/secure.gravatar.com\/avatar\/8eb0feb60b637bbf624addb993bbcd710c4802ede472519543b7b7625a815e2d?s=96&d=mm&r=g","url":"https:\/\/secure.gravatar.com\/avatar\/8eb0feb60b637bbf624addb993bbcd710c4802ede472519543b7b7625a815e2d?s=96&d=mm&r=g","contentUrl":"https:\/\/secure.gravatar.com\/avatar\/8eb0feb60b637bbf624addb993bbcd710c4802ede472519543b7b7625a815e2d?s=96&d=mm&r=g","caption":"marco Vilela"},"url":"https:\/\/www.agrupamentoverticalgaviao.pt\/?author=2"}]}},"_links":{"self":[{"href":"https:\/\/www.agrupamentoverticalgaviao.pt\/index.php?rest_route=\/wp\/v2\/posts\/37909","targetHints":{"allow":["GET"]}}],"collection":[{"href":"https:\/\/www.agrupamentoverticalgaviao.pt\/index.php?rest_route=\/wp\/v2\/posts"}],"about":[{"href":"https:\/\/www.agrupamentoverticalgaviao.pt\/index.php?rest_route=\/wp\/v2\/types\/post"}],"author":[{"embeddable":true,"href":"https:\/\/www.agrupamentoverticalgaviao.pt\/index.php?rest_route=\/wp\/v2\/users\/2"}],"replies":[{"embeddable":true,"href":"https:\/\/www.agrupamentoverticalgaviao.pt\/index.php?rest_route=%2Fwp%2Fv2%2Fcomments&post=37909"}],"version-history":[{"count":0,"href":"https:\/\/www.agrupamentoverticalgaviao.pt\/index.php?rest_route=\/wp\/v2\/posts\/37909\/revisions"}],"wp:featuredmedia":[{"embeddable":true,"href":"https:\/\/www.agrupamentoverticalgaviao.pt\/index.php?rest_route=\/wp\/v2\/media\/37910"}],"wp:attachment":[{"href":"https:\/\/www.agrupamentoverticalgaviao.pt\/index.php?rest_route=%2Fwp%2Fv2%2Fmedia&parent=37909"}],"wp:term":[{"taxonomy":"category","embeddable":true,"href":"https:\/\/www.agrupamentoverticalgaviao.pt\/index.php?rest_route=%2Fwp%2Fv2%2Fcategories&post=37909"},{"taxonomy":"post_tag","embeddable":true,"href":"https:\/\/www.agrupamentoverticalgaviao.pt\/index.php?rest_route=%2Fwp%2Fv2%2Ftags&post=37909"}],"curies":[{"name":"wp","href":"https:\/\/api.w.org\/{rel}","templated":true}]}}