{"id":37520,"date":"2020-02-04T23:00:29","date_gmt":"2020-02-04T23:00:29","guid":{"rendered":"http:\/\/www.agrupamentoverticalgaviao.pt\/pt\/?p=37520"},"modified":"2020-02-04T23:00:29","modified_gmt":"2020-02-04T23:00:29","slug":"projeto-parlamento-dos-jovens-2","status":"publish","type":"post","link":"https:\/\/www.agrupamentoverticalgaviao.pt\/?p=37520","title":{"rendered":"Projeto Parlamento dos Jovens"},"content":{"rendered":"\n<p>A Escola B\u00e1sica de Gavi\u00e3o aderiu mais uma vez a\neste projeto que \u00e9 uma iniciativa da Assembleia da Rep\u00fablica.<\/p>\n\n\n\n<p>O Programa Parlamento dos Jovens tem como\nobjetivos:<\/p>\n\n\n\n<p>a) Incentivar o interesse dos jovens pela participa\u00e7\u00e3o c\u00edvica e pol\u00edtica; <\/p>\n\n\n\n<p>b) Sublinhar a import\u00e2ncia da sua contribui\u00e7\u00e3o\npara a resolu\u00e7\u00e3o de quest\u00f5es que afetam o seu presente e o futuro individual e\ncoletivo, fazendo ouvir as suas propostas junto dos \u00f3rg\u00e3os do poder pol\u00edtico;<\/p>\n\n\n\n<p>c) Dar a conhecer o significado do mandato parlamentar e o processo de decis\u00e3o da Assembleia da Rep\u00fablica, enquanto \u00f3rg\u00e3o representativo de todos os cidad\u00e3os portugueses; <\/p>\n\n\n\n<p>d) Incentivar as capacidades de argumenta\u00e7\u00e3o na\ndefesa das ideias, com respeito pelos valores da toler\u00e2ncia e da forma\u00e7\u00e3o da\nvontade da maioria.<\/p>\n\n\n\n<p>No presente ano letivo o tema \u00e9 \u201cViol\u00eancia\ndom\u00e9stica e no namoro: da sensibiliza\u00e7\u00e3o \u00e0 a\u00e7\u00e3o\u201d.&nbsp; Iniciamos o debate do tema com a colabora\u00e7\u00e3o\nda t\u00e9cnica da APAV em todas as turmas do 2\u00ba e 3\u00ba ciclos, seguidamente houve um\ntempo para forma\u00e7\u00e3o de listas e respetiva campanha eleitoral.<\/p>\n\n\n\n<p>No dia das elei\u00e7\u00f5es que decorreram dentro do\nmaior civismo foram eleitos 31 deputados que defenderam os seus projetos de\nrecomenda\u00e7\u00e3o na Sess\u00e3o Escolar. A mesa da sess\u00e3o foi presidida pela Mariana\nLeal, do 9\u00ba B, com a Jader Matias, do 5\u00ba A, como vice-presidente e secretariada\npelo Guilherme Estevinha, do 9\u00ba A.<\/p>\n\n\n\n<p>Nesse dia foram eleitos os deputados que\nrepresentar\u00e3o a nossa escola na Sess\u00e3o Distrital a realizar em Portalegre,\nassim como a candidata \u00e0 mesa dessa mesma sess\u00e3o: Romeu Pessoa; Patr\u00edcia\nGaspar; Mariana Leal que \u00e9 tamb\u00e9m candidata \u00e0 mesa e Joana Coentre.<\/p>\n\n\n\n<p>A TODOS(AS) MUITOS PARAB\u00c9NS.<\/p>\n\n\n\n[ngg src=&#8221;galleries&#8221; ids=&#8221;600&#8243; display=&#8221;basic_thumbnail&#8221; thumbnail_crop=&#8221;0&#8243;]\n","protected":false},"excerpt":{"rendered":"<p>A Escola B\u00e1sica de Gavi\u00e3o aderiu mais uma vez a este projeto que \u00e9 &hellip; <\/p>\n","protected":false},"author":2,"featured_media":37521,"comment_status":"open","ping_status":"closed","sticky":false,"template":"","format":"standard","meta":{"footnotes":""},"categories":[38],"tags":[],"class_list":["post-37520","post","type-post","status-publish","format-standard","has-post-thumbnail","hentry","category-parlamento-jovem"],"yoast_head":"<!-- This site is optimized with the Yoast SEO plugin v27.4 - https:\/\/yoast.com\/product\/yoast-seo-wordpress\/ -->\n<title>Projeto Parlamento dos Jovens - Agrupamento de Escolas de Gavi\u00e3o<\/title>\n<meta name=\"robots\" content=\"index, follow, max-snippet:-1, max-image-preview:large, max-video-preview:-1\" \/>\n<link rel=\"canonical\" href=\"https:\/\/www.agrupamentoverticalgaviao.pt\/?p=37520\" \/>\n<meta property=\"og:locale\" content=\"pt_PT\" \/>\n<meta property=\"og:type\" content=\"article\" \/>\n<meta property=\"og:title\" content=\"Projeto Parlamento dos Jovens - Agrupamento de Escolas de Gavi\u00e3o\" \/>\n<meta property=\"og:description\" content=\"A Escola B\u00e1sica de Gavi\u00e3o aderiu mais uma vez a este projeto que \u00e9 &hellip;\" \/>\n<meta property=\"og:url\" content=\"https:\/\/www.agrupamentoverticalgaviao.pt\/?p=37520\" \/>\n<meta property=\"og:site_name\" content=\"Agrupamento de Escolas de Gavi\u00e3o\" \/>\n<meta property=\"article:published_time\" content=\"2020-02-04T23:00:29+00:00\" \/>\n<meta property=\"og:image\" content=\"https:\/\/www.agrupamentoverticalgaviao.pt\/wp-content\/uploads\/2020\/02\/Projeto-07.jpg\" \/>\n\t<meta property=\"og:image:width\" content=\"620\" \/>\n\t<meta property=\"og:image:height\" content=\"413\" \/>\n\t<meta property=\"og:image:type\" content=\"image\/jpeg\" \/>\n<meta name=\"author\" content=\"marco Vilela\" \/>\n<meta name=\"twitter:card\" content=\"summary_large_image\" \/>\n<meta name=\"twitter:label1\" content=\"Escrito por\" \/>\n\t<meta name=\"twitter:data1\" content=\"marco Vilela\" \/>\n\t<meta name=\"twitter:label2\" content=\"Tempo estimado de leitura\" \/>\n\t<meta name=\"twitter:data2\" content=\"2 minutos\" \/>\n<script type=\"application\/ld+json\" class=\"yoast-schema-graph\">{\"@context\":\"https:\\\/\\\/schema.org\",\"@graph\":[{\"@type\":\"Article\",\"@id\":\"https:\\\/\\\/www.agrupamentoverticalgaviao.pt\\\/?p=37520#article\",\"isPartOf\":{\"@id\":\"https:\\\/\\\/www.agrupamentoverticalgaviao.pt\\\/?p=37520\"},\"author\":{\"name\":\"marco Vilela\",\"@id\":\"https:\\\/\\\/www.agrupamentoverticalgaviao.pt\\\/#\\\/schema\\\/person\\\/b337300b08ca20a17717f1b413f4b253\"},\"headline\":\"Projeto Parlamento dos Jovens\",\"datePublished\":\"2020-02-04T23:00:29+00:00\",\"mainEntityOfPage\":{\"@id\":\"https:\\\/\\\/www.agrupamentoverticalgaviao.pt\\\/?p=37520\"},\"wordCount\":309,\"commentCount\":0,\"image\":{\"@id\":\"https:\\\/\\\/www.agrupamentoverticalgaviao.pt\\\/?p=37520#primaryimage\"},\"thumbnailUrl\":\"https:\\\/\\\/www.agrupamentoverticalgaviao.pt\\\/wp-content\\\/uploads\\\/2020\\\/02\\\/Projeto-07.jpg\",\"articleSection\":[\"Parlamento Jovem\"],\"inLanguage\":\"pt-PT\",\"potentialAction\":[{\"@type\":\"CommentAction\",\"name\":\"Comment\",\"target\":[\"https:\\\/\\\/www.agrupamentoverticalgaviao.pt\\\/?p=37520#respond\"]}]},{\"@type\":\"WebPage\",\"@id\":\"https:\\\/\\\/www.agrupamentoverticalgaviao.pt\\\/?p=37520\",\"url\":\"https:\\\/\\\/www.agrupamentoverticalgaviao.pt\\\/?p=37520\",\"name\":\"Projeto Parlamento dos Jovens - Agrupamento de Escolas de Gavi\u00e3o\",\"isPartOf\":{\"@id\":\"https:\\\/\\\/www.agrupamentoverticalgaviao.pt\\\/#website\"},\"primaryImageOfPage\":{\"@id\":\"https:\\\/\\\/www.agrupamentoverticalgaviao.pt\\\/?p=37520#primaryimage\"},\"image\":{\"@id\":\"https:\\\/\\\/www.agrupamentoverticalgaviao.pt\\\/?p=37520#primaryimage\"},\"thumbnailUrl\":\"https:\\\/\\\/www.agrupamentoverticalgaviao.pt\\\/wp-content\\\/uploads\\\/2020\\\/02\\\/Projeto-07.jpg\",\"datePublished\":\"2020-02-04T23:00:29+00:00\",\"author\":{\"@id\":\"https:\\\/\\\/www.agrupamentoverticalgaviao.pt\\\/#\\\/schema\\\/person\\\/b337300b08ca20a17717f1b413f4b253\"},\"breadcrumb\":{\"@id\":\"https:\\\/\\\/www.agrupamentoverticalgaviao.pt\\\/?p=37520#breadcrumb\"},\"inLanguage\":\"pt-PT\",\"potentialAction\":[{\"@type\":\"ReadAction\",\"target\":[\"https:\\\/\\\/www.agrupamentoverticalgaviao.pt\\\/?p=37520\"]}]},{\"@type\":\"ImageObject\",\"inLanguage\":\"pt-PT\",\"@id\":\"https:\\\/\\\/www.agrupamentoverticalgaviao.pt\\\/?p=37520#primaryimage\",\"url\":\"https:\\\/\\\/www.agrupamentoverticalgaviao.pt\\\/wp-content\\\/uploads\\\/2020\\\/02\\\/Projeto-07.jpg\",\"contentUrl\":\"https:\\\/\\\/www.agrupamentoverticalgaviao.pt\\\/wp-content\\\/uploads\\\/2020\\\/02\\\/Projeto-07.jpg\",\"width\":620,\"height\":413},{\"@type\":\"BreadcrumbList\",\"@id\":\"https:\\\/\\\/www.agrupamentoverticalgaviao.pt\\\/?p=37520#breadcrumb\",\"itemListElement\":[{\"@type\":\"ListItem\",\"position\":1,\"name\":\"In\u00edcio\",\"item\":\"https:\\\/\\\/www.agrupamentoverticalgaviao.pt\\\/\"},{\"@type\":\"ListItem\",\"position\":2,\"name\":\"Projeto Parlamento dos Jovens\"}]},{\"@type\":\"WebSite\",\"@id\":\"https:\\\/\\\/www.agrupamentoverticalgaviao.pt\\\/#website\",\"url\":\"https:\\\/\\\/www.agrupamentoverticalgaviao.pt\\\/\",\"name\":\"Agrupamento de Escolas de Gavi\u00e3o\",\"description\":\"\",\"alternateName\":\"Agrupamento de Escolas de Gavi\u00e3o\",\"potentialAction\":[{\"@type\":\"SearchAction\",\"target\":{\"@type\":\"EntryPoint\",\"urlTemplate\":\"https:\\\/\\\/www.agrupamentoverticalgaviao.pt\\\/?s={search_term_string}\"},\"query-input\":{\"@type\":\"PropertyValueSpecification\",\"valueRequired\":true,\"valueName\":\"search_term_string\"}}],\"inLanguage\":\"pt-PT\"},{\"@type\":\"Person\",\"@id\":\"https:\\\/\\\/www.agrupamentoverticalgaviao.pt\\\/#\\\/schema\\\/person\\\/b337300b08ca20a17717f1b413f4b253\",\"name\":\"marco Vilela\",\"image\":{\"@type\":\"ImageObject\",\"inLanguage\":\"pt-PT\",\"@id\":\"https:\\\/\\\/secure.gravatar.com\\\/avatar\\\/8eb0feb60b637bbf624addb993bbcd710c4802ede472519543b7b7625a815e2d?s=96&d=mm&r=g\",\"url\":\"https:\\\/\\\/secure.gravatar.com\\\/avatar\\\/8eb0feb60b637bbf624addb993bbcd710c4802ede472519543b7b7625a815e2d?s=96&d=mm&r=g\",\"contentUrl\":\"https:\\\/\\\/secure.gravatar.com\\\/avatar\\\/8eb0feb60b637bbf624addb993bbcd710c4802ede472519543b7b7625a815e2d?s=96&d=mm&r=g\",\"caption\":\"marco Vilela\"},\"url\":\"https:\\\/\\\/www.agrupamentoverticalgaviao.pt\\\/?author=2\"}]}<\/script>\n<!-- \/ Yoast SEO plugin. -->","yoast_head_json":{"title":"Projeto Parlamento dos Jovens - Agrupamento de Escolas de Gavi\u00e3o","robots":{"index":"index","follow":"follow","max-snippet":"max-snippet:-1","max-image-preview":"max-image-preview:large","max-video-preview":"max-video-preview:-1"},"canonical":"https:\/\/www.agrupamentoverticalgaviao.pt\/?p=37520","og_locale":"pt_PT","og_type":"article","og_title":"Projeto Parlamento dos Jovens - Agrupamento de Escolas de Gavi\u00e3o","og_description":"A Escola B\u00e1sica de Gavi\u00e3o aderiu mais uma vez a este projeto que \u00e9 &hellip;","og_url":"https:\/\/www.agrupamentoverticalgaviao.pt\/?p=37520","og_site_name":"Agrupamento de Escolas de Gavi\u00e3o","article_published_time":"2020-02-04T23:00:29+00:00","og_image":[{"width":620,"height":413,"url":"https:\/\/www.agrupamentoverticalgaviao.pt\/wp-content\/uploads\/2020\/02\/Projeto-07.jpg","type":"image\/jpeg"}],"author":"marco Vilela","twitter_card":"summary_large_image","twitter_misc":{"Escrito por":"marco Vilela","Tempo estimado de leitura":"2 minutos"},"schema":{"@context":"https:\/\/schema.org","@graph":[{"@type":"Article","@id":"https:\/\/www.agrupamentoverticalgaviao.pt\/?p=37520#article","isPartOf":{"@id":"https:\/\/www.agrupamentoverticalgaviao.pt\/?p=37520"},"author":{"name":"marco Vilela","@id":"https:\/\/www.agrupamentoverticalgaviao.pt\/#\/schema\/person\/b337300b08ca20a17717f1b413f4b253"},"headline":"Projeto Parlamento dos Jovens","datePublished":"2020-02-04T23:00:29+00:00","mainEntityOfPage":{"@id":"https:\/\/www.agrupamentoverticalgaviao.pt\/?p=37520"},"wordCount":309,"commentCount":0,"image":{"@id":"https:\/\/www.agrupamentoverticalgaviao.pt\/?p=37520#primaryimage"},"thumbnailUrl":"https:\/\/www.agrupamentoverticalgaviao.pt\/wp-content\/uploads\/2020\/02\/Projeto-07.jpg","articleSection":["Parlamento Jovem"],"inLanguage":"pt-PT","potentialAction":[{"@type":"CommentAction","name":"Comment","target":["https:\/\/www.agrupamentoverticalgaviao.pt\/?p=37520#respond"]}]},{"@type":"WebPage","@id":"https:\/\/www.agrupamentoverticalgaviao.pt\/?p=37520","url":"https:\/\/www.agrupamentoverticalgaviao.pt\/?p=37520","name":"Projeto Parlamento dos Jovens - Agrupamento de Escolas de Gavi\u00e3o","isPartOf":{"@id":"https:\/\/www.agrupamentoverticalgaviao.pt\/#website"},"primaryImageOfPage":{"@id":"https:\/\/www.agrupamentoverticalgaviao.pt\/?p=37520#primaryimage"},"image":{"@id":"https:\/\/www.agrupamentoverticalgaviao.pt\/?p=37520#primaryimage"},"thumbnailUrl":"https:\/\/www.agrupamentoverticalgaviao.pt\/wp-content\/uploads\/2020\/02\/Projeto-07.jpg","datePublished":"2020-02-04T23:00:29+00:00","author":{"@id":"https:\/\/www.agrupamentoverticalgaviao.pt\/#\/schema\/person\/b337300b08ca20a17717f1b413f4b253"},"breadcrumb":{"@id":"https:\/\/www.agrupamentoverticalgaviao.pt\/?p=37520#breadcrumb"},"inLanguage":"pt-PT","potentialAction":[{"@type":"ReadAction","target":["https:\/\/www.agrupamentoverticalgaviao.pt\/?p=37520"]}]},{"@type":"ImageObject","inLanguage":"pt-PT","@id":"https:\/\/www.agrupamentoverticalgaviao.pt\/?p=37520#primaryimage","url":"https:\/\/www.agrupamentoverticalgaviao.pt\/wp-content\/uploads\/2020\/02\/Projeto-07.jpg","contentUrl":"https:\/\/www.agrupamentoverticalgaviao.pt\/wp-content\/uploads\/2020\/02\/Projeto-07.jpg","width":620,"height":413},{"@type":"BreadcrumbList","@id":"https:\/\/www.agrupamentoverticalgaviao.pt\/?p=37520#breadcrumb","itemListElement":[{"@type":"ListItem","position":1,"name":"In\u00edcio","item":"https:\/\/www.agrupamentoverticalgaviao.pt\/"},{"@type":"ListItem","position":2,"name":"Projeto Parlamento dos Jovens"}]},{"@type":"WebSite","@id":"https:\/\/www.agrupamentoverticalgaviao.pt\/#website","url":"https:\/\/www.agrupamentoverticalgaviao.pt\/","name":"Agrupamento de Escolas de Gavi\u00e3o","description":"","alternateName":"Agrupamento de Escolas de Gavi\u00e3o","potentialAction":[{"@type":"SearchAction","target":{"@type":"EntryPoint","urlTemplate":"https:\/\/www.agrupamentoverticalgaviao.pt\/?s={search_term_string}"},"query-input":{"@type":"PropertyValueSpecification","valueRequired":true,"valueName":"search_term_string"}}],"inLanguage":"pt-PT"},{"@type":"Person","@id":"https:\/\/www.agrupamentoverticalgaviao.pt\/#\/schema\/person\/b337300b08ca20a17717f1b413f4b253","name":"marco Vilela","image":{"@type":"ImageObject","inLanguage":"pt-PT","@id":"https:\/\/secure.gravatar.com\/avatar\/8eb0feb60b637bbf624addb993bbcd710c4802ede472519543b7b7625a815e2d?s=96&d=mm&r=g","url":"https:\/\/secure.gravatar.com\/avatar\/8eb0feb60b637bbf624addb993bbcd710c4802ede472519543b7b7625a815e2d?s=96&d=mm&r=g","contentUrl":"https:\/\/secure.gravatar.com\/avatar\/8eb0feb60b637bbf624addb993bbcd710c4802ede472519543b7b7625a815e2d?s=96&d=mm&r=g","caption":"marco Vilela"},"url":"https:\/\/www.agrupamentoverticalgaviao.pt\/?author=2"}]}},"_links":{"self":[{"href":"https:\/\/www.agrupamentoverticalgaviao.pt\/index.php?rest_route=\/wp\/v2\/posts\/37520","targetHints":{"allow":["GET"]}}],"collection":[{"href":"https:\/\/www.agrupamentoverticalgaviao.pt\/index.php?rest_route=\/wp\/v2\/posts"}],"about":[{"href":"https:\/\/www.agrupamentoverticalgaviao.pt\/index.php?rest_route=\/wp\/v2\/types\/post"}],"author":[{"embeddable":true,"href":"https:\/\/www.agrupamentoverticalgaviao.pt\/index.php?rest_route=\/wp\/v2\/users\/2"}],"replies":[{"embeddable":true,"href":"https:\/\/www.agrupamentoverticalgaviao.pt\/index.php?rest_route=%2Fwp%2Fv2%2Fcomments&post=37520"}],"version-history":[{"count":0,"href":"https:\/\/www.agrupamentoverticalgaviao.pt\/index.php?rest_route=\/wp\/v2\/posts\/37520\/revisions"}],"wp:featuredmedia":[{"embeddable":true,"href":"https:\/\/www.agrupamentoverticalgaviao.pt\/index.php?rest_route=\/wp\/v2\/media\/37521"}],"wp:attachment":[{"href":"https:\/\/www.agrupamentoverticalgaviao.pt\/index.php?rest_route=%2Fwp%2Fv2%2Fmedia&parent=37520"}],"wp:term":[{"taxonomy":"category","embeddable":true,"href":"https:\/\/www.agrupamentoverticalgaviao.pt\/index.php?rest_route=%2Fwp%2Fv2%2Fcategories&post=37520"},{"taxonomy":"post_tag","embeddable":true,"href":"https:\/\/www.agrupamentoverticalgaviao.pt\/index.php?rest_route=%2Fwp%2Fv2%2Ftags&post=37520"}],"curies":[{"name":"wp","href":"https:\/\/api.w.org\/{rel}","templated":true}]}}