{"id":37093,"date":"2019-10-14T08:05:03","date_gmt":"2019-10-14T08:05:03","guid":{"rendered":"http:\/\/www.agrupamentoverticalgaviao.pt\/pt\/?p=37093"},"modified":"2019-10-17T09:17:22","modified_gmt":"2019-10-17T09:17:22","slug":"dia-das-bandeiras-verdes-em-guimaraes","status":"publish","type":"post","link":"https:\/\/www.agrupamentoverticalgaviao.pt\/?p=37093","title":{"rendered":"Dia das bandeiras verdes em Guimar\u00e3es"},"content":{"rendered":"<p>A Escola B\u00e1sica de Gavi\u00e3o ganhou, mais uma vez, a Bandeira Verde referente ao trabalho desenvolvido no ano letivo 2018\/2019, no \u00e2mbito do programa Eco-Escolas. A entrega realizar-se-\u00e1 no dia 18 de outubro de 2019, em Guimar\u00e3es. A escola far-se-\u00e1 representar por uma delega\u00e7\u00e3o de 6 pessoas: 4 alunos, a coordenadora do Eco-Escolas e a Sr\u00aa Vereadora da Educa\u00e7\u00e3o da CM de Gavi\u00e3o.<\/p>\n<p><a href=\"http:\/\/www.agrupamentoverticalgaviao.pt\/pt\/wp-content\/uploads\/2019\/10\/Guimaraes.png\"><img loading=\"lazy\" decoding=\"async\" class=\"alignnone size-full wp-image-37094\" src=\"http:\/\/www.agrupamentoverticalgaviao.pt\/pt\/wp-content\/uploads\/2019\/10\/Guimaraes.png\" alt=\"\" width=\"586\" height=\"854\" srcset=\"https:\/\/www.agrupamentoverticalgaviao.pt\/wp-content\/uploads\/2019\/10\/Guimaraes.png 586w, https:\/\/www.agrupamentoverticalgaviao.pt\/wp-content\/uploads\/2019\/10\/Guimaraes-206x300.png 206w\" sizes=\"auto, (max-width: 586px) 100vw, 586px\" \/><\/a><\/p>\n","protected":false},"excerpt":{"rendered":"<p>A Escola B\u00e1sica de Gavi\u00e3o ganhou, mais uma vez, a Bandeira Verde referente ao &hellip; <\/p>\n","protected":false},"author":1,"featured_media":37095,"comment_status":"open","ping_status":"closed","sticky":false,"template":"","format":"standard","meta":{"footnotes":""},"categories":[25],"tags":[],"class_list":["post-37093","post","type-post","status-publish","format-standard","has-post-thumbnail","hentry","category-agrupamento-de-escolas-de-gaviao"],"yoast_head":"<!-- This site is optimized with the Yoast SEO plugin v27.5 - https:\/\/yoast.com\/product\/yoast-seo-wordpress\/ -->\n<title>Dia das bandeiras verdes em Guimar\u00e3es - Agrupamento de Escolas de Gavi\u00e3o<\/title>\n<meta name=\"robots\" content=\"index, follow, max-snippet:-1, max-image-preview:large, max-video-preview:-1\" \/>\n<link rel=\"canonical\" href=\"https:\/\/www.agrupamentoverticalgaviao.pt\/?p=37093\" \/>\n<meta property=\"og:locale\" content=\"pt_PT\" \/>\n<meta property=\"og:type\" content=\"article\" \/>\n<meta property=\"og:title\" content=\"Dia das bandeiras verdes em Guimar\u00e3es - Agrupamento de Escolas de Gavi\u00e3o\" \/>\n<meta property=\"og:description\" content=\"A Escola B\u00e1sica de Gavi\u00e3o ganhou, mais uma vez, a Bandeira Verde referente ao &hellip;\" \/>\n<meta property=\"og:url\" content=\"https:\/\/www.agrupamentoverticalgaviao.pt\/?p=37093\" \/>\n<meta property=\"og:site_name\" content=\"Agrupamento de Escolas de Gavi\u00e3o\" \/>\n<meta property=\"article:published_time\" content=\"2019-10-14T08:05:03+00:00\" \/>\n<meta property=\"article:modified_time\" content=\"2019-10-17T09:17:22+00:00\" \/>\n<meta property=\"og:image\" content=\"https:\/\/www.agrupamentoverticalgaviao.pt\/wp-content\/uploads\/2019\/10\/Guimaraes-banner.png\" \/>\n\t<meta property=\"og:image:width\" content=\"599\" \/>\n\t<meta property=\"og:image:height\" content=\"230\" \/>\n\t<meta property=\"og:image:type\" content=\"image\/png\" \/>\n<meta name=\"author\" content=\"Marco Vilela\" \/>\n<meta name=\"twitter:card\" content=\"summary_large_image\" \/>\n<meta name=\"twitter:label1\" content=\"Escrito por\" \/>\n\t<meta name=\"twitter:data1\" content=\"Marco Vilela\" \/>\n<script type=\"application\/ld+json\" class=\"yoast-schema-graph\">{\"@context\":\"https:\\\/\\\/schema.org\",\"@graph\":[{\"@type\":\"Article\",\"@id\":\"https:\\\/\\\/www.agrupamentoverticalgaviao.pt\\\/?p=37093#article\",\"isPartOf\":{\"@id\":\"https:\\\/\\\/www.agrupamentoverticalgaviao.pt\\\/?p=37093\"},\"author\":{\"name\":\"Marco Vilela\",\"@id\":\"https:\\\/\\\/www.agrupamentoverticalgaviao.pt\\\/#\\\/schema\\\/person\\\/d31a59159eb58000be8001b507e8435f\"},\"headline\":\"Dia das bandeiras verdes em Guimar\u00e3es\",\"datePublished\":\"2019-10-14T08:05:03+00:00\",\"dateModified\":\"2019-10-17T09:17:22+00:00\",\"mainEntityOfPage\":{\"@id\":\"https:\\\/\\\/www.agrupamentoverticalgaviao.pt\\\/?p=37093\"},\"wordCount\":71,\"commentCount\":0,\"image\":{\"@id\":\"https:\\\/\\\/www.agrupamentoverticalgaviao.pt\\\/?p=37093#primaryimage\"},\"thumbnailUrl\":\"https:\\\/\\\/www.agrupamentoverticalgaviao.pt\\\/wp-content\\\/uploads\\\/2019\\\/10\\\/Guimaraes-banner.png\",\"articleSection\":[\"Agrupamento de Escolas de Gavi\u00e3o\"],\"inLanguage\":\"pt-PT\",\"potentialAction\":[{\"@type\":\"CommentAction\",\"name\":\"Comment\",\"target\":[\"https:\\\/\\\/www.agrupamentoverticalgaviao.pt\\\/?p=37093#respond\"]}]},{\"@type\":\"WebPage\",\"@id\":\"https:\\\/\\\/www.agrupamentoverticalgaviao.pt\\\/?p=37093\",\"url\":\"https:\\\/\\\/www.agrupamentoverticalgaviao.pt\\\/?p=37093\",\"name\":\"Dia das bandeiras verdes em Guimar\u00e3es - Agrupamento de Escolas de Gavi\u00e3o\",\"isPartOf\":{\"@id\":\"https:\\\/\\\/www.agrupamentoverticalgaviao.pt\\\/#website\"},\"primaryImageOfPage\":{\"@id\":\"https:\\\/\\\/www.agrupamentoverticalgaviao.pt\\\/?p=37093#primaryimage\"},\"image\":{\"@id\":\"https:\\\/\\\/www.agrupamentoverticalgaviao.pt\\\/?p=37093#primaryimage\"},\"thumbnailUrl\":\"https:\\\/\\\/www.agrupamentoverticalgaviao.pt\\\/wp-content\\\/uploads\\\/2019\\\/10\\\/Guimaraes-banner.png\",\"datePublished\":\"2019-10-14T08:05:03+00:00\",\"dateModified\":\"2019-10-17T09:17:22+00:00\",\"author\":{\"@id\":\"https:\\\/\\\/www.agrupamentoverticalgaviao.pt\\\/#\\\/schema\\\/person\\\/d31a59159eb58000be8001b507e8435f\"},\"breadcrumb\":{\"@id\":\"https:\\\/\\\/www.agrupamentoverticalgaviao.pt\\\/?p=37093#breadcrumb\"},\"inLanguage\":\"pt-PT\",\"potentialAction\":[{\"@type\":\"ReadAction\",\"target\":[\"https:\\\/\\\/www.agrupamentoverticalgaviao.pt\\\/?p=37093\"]}]},{\"@type\":\"ImageObject\",\"inLanguage\":\"pt-PT\",\"@id\":\"https:\\\/\\\/www.agrupamentoverticalgaviao.pt\\\/?p=37093#primaryimage\",\"url\":\"https:\\\/\\\/www.agrupamentoverticalgaviao.pt\\\/wp-content\\\/uploads\\\/2019\\\/10\\\/Guimaraes-banner.png\",\"contentUrl\":\"https:\\\/\\\/www.agrupamentoverticalgaviao.pt\\\/wp-content\\\/uploads\\\/2019\\\/10\\\/Guimaraes-banner.png\",\"width\":599,\"height\":230},{\"@type\":\"BreadcrumbList\",\"@id\":\"https:\\\/\\\/www.agrupamentoverticalgaviao.pt\\\/?p=37093#breadcrumb\",\"itemListElement\":[{\"@type\":\"ListItem\",\"position\":1,\"name\":\"In\u00edcio\",\"item\":\"https:\\\/\\\/www.agrupamentoverticalgaviao.pt\\\/\"},{\"@type\":\"ListItem\",\"position\":2,\"name\":\"Dia das bandeiras verdes em Guimar\u00e3es\"}]},{\"@type\":\"WebSite\",\"@id\":\"https:\\\/\\\/www.agrupamentoverticalgaviao.pt\\\/#website\",\"url\":\"https:\\\/\\\/www.agrupamentoverticalgaviao.pt\\\/\",\"name\":\"Agrupamento de Escolas de Gavi\u00e3o\",\"description\":\"\",\"alternateName\":\"Agrupamento de Escolas de Gavi\u00e3o\",\"potentialAction\":[{\"@type\":\"SearchAction\",\"target\":{\"@type\":\"EntryPoint\",\"urlTemplate\":\"https:\\\/\\\/www.agrupamentoverticalgaviao.pt\\\/?s={search_term_string}\"},\"query-input\":{\"@type\":\"PropertyValueSpecification\",\"valueRequired\":true,\"valueName\":\"search_term_string\"}}],\"inLanguage\":\"pt-PT\"},{\"@type\":\"Person\",\"@id\":\"https:\\\/\\\/www.agrupamentoverticalgaviao.pt\\\/#\\\/schema\\\/person\\\/d31a59159eb58000be8001b507e8435f\",\"name\":\"Marco Vilela\",\"image\":{\"@type\":\"ImageObject\",\"inLanguage\":\"pt-PT\",\"@id\":\"https:\\\/\\\/secure.gravatar.com\\\/avatar\\\/a84a1029af2ec5895ae6cc5fd3c06f1390e9b3dc24ed93780502c881f57940be?s=96&d=mm&r=g\",\"url\":\"https:\\\/\\\/secure.gravatar.com\\\/avatar\\\/a84a1029af2ec5895ae6cc5fd3c06f1390e9b3dc24ed93780502c881f57940be?s=96&d=mm&r=g\",\"contentUrl\":\"https:\\\/\\\/secure.gravatar.com\\\/avatar\\\/a84a1029af2ec5895ae6cc5fd3c06f1390e9b3dc24ed93780502c881f57940be?s=96&d=mm&r=g\",\"caption\":\"Marco Vilela\"},\"url\":\"https:\\\/\\\/www.agrupamentoverticalgaviao.pt\\\/?author=1\"}]}<\/script>\n<!-- \/ Yoast SEO plugin. -->","yoast_head_json":{"title":"Dia das bandeiras verdes em Guimar\u00e3es - Agrupamento de Escolas de Gavi\u00e3o","robots":{"index":"index","follow":"follow","max-snippet":"max-snippet:-1","max-image-preview":"max-image-preview:large","max-video-preview":"max-video-preview:-1"},"canonical":"https:\/\/www.agrupamentoverticalgaviao.pt\/?p=37093","og_locale":"pt_PT","og_type":"article","og_title":"Dia das bandeiras verdes em Guimar\u00e3es - Agrupamento de Escolas de Gavi\u00e3o","og_description":"A Escola B\u00e1sica de Gavi\u00e3o ganhou, mais uma vez, a Bandeira Verde referente ao &hellip;","og_url":"https:\/\/www.agrupamentoverticalgaviao.pt\/?p=37093","og_site_name":"Agrupamento de Escolas de Gavi\u00e3o","article_published_time":"2019-10-14T08:05:03+00:00","article_modified_time":"2019-10-17T09:17:22+00:00","og_image":[{"width":599,"height":230,"url":"https:\/\/www.agrupamentoverticalgaviao.pt\/wp-content\/uploads\/2019\/10\/Guimaraes-banner.png","type":"image\/png"}],"author":"Marco Vilela","twitter_card":"summary_large_image","twitter_misc":{"Escrito por":"Marco Vilela"},"schema":{"@context":"https:\/\/schema.org","@graph":[{"@type":"Article","@id":"https:\/\/www.agrupamentoverticalgaviao.pt\/?p=37093#article","isPartOf":{"@id":"https:\/\/www.agrupamentoverticalgaviao.pt\/?p=37093"},"author":{"name":"Marco Vilela","@id":"https:\/\/www.agrupamentoverticalgaviao.pt\/#\/schema\/person\/d31a59159eb58000be8001b507e8435f"},"headline":"Dia das bandeiras verdes em Guimar\u00e3es","datePublished":"2019-10-14T08:05:03+00:00","dateModified":"2019-10-17T09:17:22+00:00","mainEntityOfPage":{"@id":"https:\/\/www.agrupamentoverticalgaviao.pt\/?p=37093"},"wordCount":71,"commentCount":0,"image":{"@id":"https:\/\/www.agrupamentoverticalgaviao.pt\/?p=37093#primaryimage"},"thumbnailUrl":"https:\/\/www.agrupamentoverticalgaviao.pt\/wp-content\/uploads\/2019\/10\/Guimaraes-banner.png","articleSection":["Agrupamento de Escolas de Gavi\u00e3o"],"inLanguage":"pt-PT","potentialAction":[{"@type":"CommentAction","name":"Comment","target":["https:\/\/www.agrupamentoverticalgaviao.pt\/?p=37093#respond"]}]},{"@type":"WebPage","@id":"https:\/\/www.agrupamentoverticalgaviao.pt\/?p=37093","url":"https:\/\/www.agrupamentoverticalgaviao.pt\/?p=37093","name":"Dia das bandeiras verdes em Guimar\u00e3es - Agrupamento de Escolas de Gavi\u00e3o","isPartOf":{"@id":"https:\/\/www.agrupamentoverticalgaviao.pt\/#website"},"primaryImageOfPage":{"@id":"https:\/\/www.agrupamentoverticalgaviao.pt\/?p=37093#primaryimage"},"image":{"@id":"https:\/\/www.agrupamentoverticalgaviao.pt\/?p=37093#primaryimage"},"thumbnailUrl":"https:\/\/www.agrupamentoverticalgaviao.pt\/wp-content\/uploads\/2019\/10\/Guimaraes-banner.png","datePublished":"2019-10-14T08:05:03+00:00","dateModified":"2019-10-17T09:17:22+00:00","author":{"@id":"https:\/\/www.agrupamentoverticalgaviao.pt\/#\/schema\/person\/d31a59159eb58000be8001b507e8435f"},"breadcrumb":{"@id":"https:\/\/www.agrupamentoverticalgaviao.pt\/?p=37093#breadcrumb"},"inLanguage":"pt-PT","potentialAction":[{"@type":"ReadAction","target":["https:\/\/www.agrupamentoverticalgaviao.pt\/?p=37093"]}]},{"@type":"ImageObject","inLanguage":"pt-PT","@id":"https:\/\/www.agrupamentoverticalgaviao.pt\/?p=37093#primaryimage","url":"https:\/\/www.agrupamentoverticalgaviao.pt\/wp-content\/uploads\/2019\/10\/Guimaraes-banner.png","contentUrl":"https:\/\/www.agrupamentoverticalgaviao.pt\/wp-content\/uploads\/2019\/10\/Guimaraes-banner.png","width":599,"height":230},{"@type":"BreadcrumbList","@id":"https:\/\/www.agrupamentoverticalgaviao.pt\/?p=37093#breadcrumb","itemListElement":[{"@type":"ListItem","position":1,"name":"In\u00edcio","item":"https:\/\/www.agrupamentoverticalgaviao.pt\/"},{"@type":"ListItem","position":2,"name":"Dia das bandeiras verdes em Guimar\u00e3es"}]},{"@type":"WebSite","@id":"https:\/\/www.agrupamentoverticalgaviao.pt\/#website","url":"https:\/\/www.agrupamentoverticalgaviao.pt\/","name":"Agrupamento de Escolas de Gavi\u00e3o","description":"","alternateName":"Agrupamento de Escolas de Gavi\u00e3o","potentialAction":[{"@type":"SearchAction","target":{"@type":"EntryPoint","urlTemplate":"https:\/\/www.agrupamentoverticalgaviao.pt\/?s={search_term_string}"},"query-input":{"@type":"PropertyValueSpecification","valueRequired":true,"valueName":"search_term_string"}}],"inLanguage":"pt-PT"},{"@type":"Person","@id":"https:\/\/www.agrupamentoverticalgaviao.pt\/#\/schema\/person\/d31a59159eb58000be8001b507e8435f","name":"Marco Vilela","image":{"@type":"ImageObject","inLanguage":"pt-PT","@id":"https:\/\/secure.gravatar.com\/avatar\/a84a1029af2ec5895ae6cc5fd3c06f1390e9b3dc24ed93780502c881f57940be?s=96&d=mm&r=g","url":"https:\/\/secure.gravatar.com\/avatar\/a84a1029af2ec5895ae6cc5fd3c06f1390e9b3dc24ed93780502c881f57940be?s=96&d=mm&r=g","contentUrl":"https:\/\/secure.gravatar.com\/avatar\/a84a1029af2ec5895ae6cc5fd3c06f1390e9b3dc24ed93780502c881f57940be?s=96&d=mm&r=g","caption":"Marco Vilela"},"url":"https:\/\/www.agrupamentoverticalgaviao.pt\/?author=1"}]}},"_links":{"self":[{"href":"https:\/\/www.agrupamentoverticalgaviao.pt\/index.php?rest_route=\/wp\/v2\/posts\/37093","targetHints":{"allow":["GET"]}}],"collection":[{"href":"https:\/\/www.agrupamentoverticalgaviao.pt\/index.php?rest_route=\/wp\/v2\/posts"}],"about":[{"href":"https:\/\/www.agrupamentoverticalgaviao.pt\/index.php?rest_route=\/wp\/v2\/types\/post"}],"author":[{"embeddable":true,"href":"https:\/\/www.agrupamentoverticalgaviao.pt\/index.php?rest_route=\/wp\/v2\/users\/1"}],"replies":[{"embeddable":true,"href":"https:\/\/www.agrupamentoverticalgaviao.pt\/index.php?rest_route=%2Fwp%2Fv2%2Fcomments&post=37093"}],"version-history":[{"count":0,"href":"https:\/\/www.agrupamentoverticalgaviao.pt\/index.php?rest_route=\/wp\/v2\/posts\/37093\/revisions"}],"wp:featuredmedia":[{"embeddable":true,"href":"https:\/\/www.agrupamentoverticalgaviao.pt\/index.php?rest_route=\/wp\/v2\/media\/37095"}],"wp:attachment":[{"href":"https:\/\/www.agrupamentoverticalgaviao.pt\/index.php?rest_route=%2Fwp%2Fv2%2Fmedia&parent=37093"}],"wp:term":[{"taxonomy":"category","embeddable":true,"href":"https:\/\/www.agrupamentoverticalgaviao.pt\/index.php?rest_route=%2Fwp%2Fv2%2Fcategories&post=37093"},{"taxonomy":"post_tag","embeddable":true,"href":"https:\/\/www.agrupamentoverticalgaviao.pt\/index.php?rest_route=%2Fwp%2Fv2%2Ftags&post=37093"}],"curies":[{"name":"wp","href":"https:\/\/api.w.org\/{rel}","templated":true}]}}