{"id":35647,"date":"2018-11-18T22:55:55","date_gmt":"2018-11-18T22:55:55","guid":{"rendered":"http:\/\/www.agrupamentoverticalgaviao.pt\/pt\/?p=35647"},"modified":"2018-11-18T22:55:55","modified_gmt":"2018-11-18T22:55:55","slug":"exercicio-publico-a-terra-treme-2","status":"publish","type":"post","link":"https:\/\/www.agrupamentoverticalgaviao.pt\/?p=35647","title":{"rendered":"Exerc\u00edcio P\u00fablico A Terra treme"},"content":{"rendered":"<p>Mais uma vez, o Agrupamento de Escolas de Gavi\u00e3o aderiu ao exerc\u00edcio p\u00fablico A Terra treme organizado anualmente pela Autoridade Nacional de Prote\u00e7\u00e3o Civil.<br \/>\nEste exerc\u00edcio pretende alertar e sensibilizar a popula\u00e7\u00e3o sobre como agir antes, durante e depois da ocorr\u00eancia de um sismo.<br \/>\nOs 3 gestos BAIXAR, PROTEGER, AGUARDAR s\u00e3o a melhor resposta para nos protegermos em caso de sismo.<br \/>\nO exerc\u00edcio ajudar\u00e1 a conhecer e praticar estes 3 gestos que podem salvar vidas.<\/p>\n<p>[ngg src=&#8221;galleries&#8221; ids=&#8221;536&#8243; display=&#8221;basic_thumbnail&#8221;]<\/p>\n","protected":false},"excerpt":{"rendered":"<p>Mais uma vez, o Agrupamento de Escolas de Gavi\u00e3o aderiu ao exerc\u00edcio p\u00fablico A &hellip; <\/p>\n","protected":false},"author":1,"featured_media":35657,"comment_status":"open","ping_status":"closed","sticky":false,"template":"","format":"standard","meta":{"footnotes":""},"categories":[194],"tags":[],"class_list":["post-35647","post","type-post","status-publish","format-standard","has-post-thumbnail","hentry","category-simulacro"],"yoast_head":"<!-- This site is optimized with the Yoast SEO plugin v27.4 - https:\/\/yoast.com\/product\/yoast-seo-wordpress\/ -->\n<title>Exerc\u00edcio P\u00fablico A Terra treme - Agrupamento de Escolas de Gavi\u00e3o<\/title>\n<meta name=\"robots\" content=\"index, follow, max-snippet:-1, max-image-preview:large, max-video-preview:-1\" \/>\n<link rel=\"canonical\" href=\"https:\/\/www.agrupamentoverticalgaviao.pt\/?p=35647\" \/>\n<meta property=\"og:locale\" content=\"pt_PT\" \/>\n<meta property=\"og:type\" content=\"article\" \/>\n<meta property=\"og:title\" content=\"Exerc\u00edcio P\u00fablico A Terra treme - Agrupamento de Escolas de Gavi\u00e3o\" \/>\n<meta property=\"og:description\" content=\"Mais uma vez, o Agrupamento de Escolas de Gavi\u00e3o aderiu ao exerc\u00edcio p\u00fablico A &hellip;\" \/>\n<meta property=\"og:url\" content=\"https:\/\/www.agrupamentoverticalgaviao.pt\/?p=35647\" \/>\n<meta property=\"og:site_name\" content=\"Agrupamento de Escolas de Gavi\u00e3o\" \/>\n<meta property=\"article:published_time\" content=\"2018-11-18T22:55:55+00:00\" \/>\n<meta property=\"og:image\" content=\"https:\/\/www.agrupamentoverticalgaviao.pt\/wp-content\/uploads\/2018\/11\/TerraTreme-07.jpg\" \/>\n\t<meta property=\"og:image:width\" content=\"620\" \/>\n\t<meta property=\"og:image:height\" content=\"413\" \/>\n\t<meta property=\"og:image:type\" content=\"image\/jpeg\" \/>\n<meta name=\"author\" content=\"Marco Vilela\" \/>\n<meta name=\"twitter:card\" content=\"summary_large_image\" \/>\n<meta name=\"twitter:label1\" content=\"Escrito por\" \/>\n\t<meta name=\"twitter:data1\" content=\"Marco Vilela\" \/>\n<script type=\"application\/ld+json\" class=\"yoast-schema-graph\">{\"@context\":\"https:\\\/\\\/schema.org\",\"@graph\":[{\"@type\":\"Article\",\"@id\":\"https:\\\/\\\/www.agrupamentoverticalgaviao.pt\\\/?p=35647#article\",\"isPartOf\":{\"@id\":\"https:\\\/\\\/www.agrupamentoverticalgaviao.pt\\\/?p=35647\"},\"author\":{\"name\":\"Marco Vilela\",\"@id\":\"https:\\\/\\\/www.agrupamentoverticalgaviao.pt\\\/#\\\/schema\\\/person\\\/d31a59159eb58000be8001b507e8435f\"},\"headline\":\"Exerc\u00edcio P\u00fablico A Terra treme\",\"datePublished\":\"2018-11-18T22:55:55+00:00\",\"mainEntityOfPage\":{\"@id\":\"https:\\\/\\\/www.agrupamentoverticalgaviao.pt\\\/?p=35647\"},\"wordCount\":96,\"commentCount\":0,\"image\":{\"@id\":\"https:\\\/\\\/www.agrupamentoverticalgaviao.pt\\\/?p=35647#primaryimage\"},\"thumbnailUrl\":\"https:\\\/\\\/www.agrupamentoverticalgaviao.pt\\\/wp-content\\\/uploads\\\/2018\\\/11\\\/TerraTreme-07.jpg\",\"articleSection\":[\"Simulacro\"],\"inLanguage\":\"pt-PT\",\"potentialAction\":[{\"@type\":\"CommentAction\",\"name\":\"Comment\",\"target\":[\"https:\\\/\\\/www.agrupamentoverticalgaviao.pt\\\/?p=35647#respond\"]}]},{\"@type\":\"WebPage\",\"@id\":\"https:\\\/\\\/www.agrupamentoverticalgaviao.pt\\\/?p=35647\",\"url\":\"https:\\\/\\\/www.agrupamentoverticalgaviao.pt\\\/?p=35647\",\"name\":\"Exerc\u00edcio P\u00fablico A Terra treme - Agrupamento de Escolas de Gavi\u00e3o\",\"isPartOf\":{\"@id\":\"https:\\\/\\\/www.agrupamentoverticalgaviao.pt\\\/#website\"},\"primaryImageOfPage\":{\"@id\":\"https:\\\/\\\/www.agrupamentoverticalgaviao.pt\\\/?p=35647#primaryimage\"},\"image\":{\"@id\":\"https:\\\/\\\/www.agrupamentoverticalgaviao.pt\\\/?p=35647#primaryimage\"},\"thumbnailUrl\":\"https:\\\/\\\/www.agrupamentoverticalgaviao.pt\\\/wp-content\\\/uploads\\\/2018\\\/11\\\/TerraTreme-07.jpg\",\"datePublished\":\"2018-11-18T22:55:55+00:00\",\"author\":{\"@id\":\"https:\\\/\\\/www.agrupamentoverticalgaviao.pt\\\/#\\\/schema\\\/person\\\/d31a59159eb58000be8001b507e8435f\"},\"breadcrumb\":{\"@id\":\"https:\\\/\\\/www.agrupamentoverticalgaviao.pt\\\/?p=35647#breadcrumb\"},\"inLanguage\":\"pt-PT\",\"potentialAction\":[{\"@type\":\"ReadAction\",\"target\":[\"https:\\\/\\\/www.agrupamentoverticalgaviao.pt\\\/?p=35647\"]}]},{\"@type\":\"ImageObject\",\"inLanguage\":\"pt-PT\",\"@id\":\"https:\\\/\\\/www.agrupamentoverticalgaviao.pt\\\/?p=35647#primaryimage\",\"url\":\"https:\\\/\\\/www.agrupamentoverticalgaviao.pt\\\/wp-content\\\/uploads\\\/2018\\\/11\\\/TerraTreme-07.jpg\",\"contentUrl\":\"https:\\\/\\\/www.agrupamentoverticalgaviao.pt\\\/wp-content\\\/uploads\\\/2018\\\/11\\\/TerraTreme-07.jpg\",\"width\":620,\"height\":413},{\"@type\":\"BreadcrumbList\",\"@id\":\"https:\\\/\\\/www.agrupamentoverticalgaviao.pt\\\/?p=35647#breadcrumb\",\"itemListElement\":[{\"@type\":\"ListItem\",\"position\":1,\"name\":\"In\u00edcio\",\"item\":\"https:\\\/\\\/www.agrupamentoverticalgaviao.pt\\\/\"},{\"@type\":\"ListItem\",\"position\":2,\"name\":\"Exerc\u00edcio P\u00fablico A Terra treme\"}]},{\"@type\":\"WebSite\",\"@id\":\"https:\\\/\\\/www.agrupamentoverticalgaviao.pt\\\/#website\",\"url\":\"https:\\\/\\\/www.agrupamentoverticalgaviao.pt\\\/\",\"name\":\"Agrupamento de Escolas de Gavi\u00e3o\",\"description\":\"\",\"alternateName\":\"Agrupamento de Escolas de Gavi\u00e3o\",\"potentialAction\":[{\"@type\":\"SearchAction\",\"target\":{\"@type\":\"EntryPoint\",\"urlTemplate\":\"https:\\\/\\\/www.agrupamentoverticalgaviao.pt\\\/?s={search_term_string}\"},\"query-input\":{\"@type\":\"PropertyValueSpecification\",\"valueRequired\":true,\"valueName\":\"search_term_string\"}}],\"inLanguage\":\"pt-PT\"},{\"@type\":\"Person\",\"@id\":\"https:\\\/\\\/www.agrupamentoverticalgaviao.pt\\\/#\\\/schema\\\/person\\\/d31a59159eb58000be8001b507e8435f\",\"name\":\"Marco Vilela\",\"image\":{\"@type\":\"ImageObject\",\"inLanguage\":\"pt-PT\",\"@id\":\"https:\\\/\\\/secure.gravatar.com\\\/avatar\\\/a84a1029af2ec5895ae6cc5fd3c06f1390e9b3dc24ed93780502c881f57940be?s=96&d=mm&r=g\",\"url\":\"https:\\\/\\\/secure.gravatar.com\\\/avatar\\\/a84a1029af2ec5895ae6cc5fd3c06f1390e9b3dc24ed93780502c881f57940be?s=96&d=mm&r=g\",\"contentUrl\":\"https:\\\/\\\/secure.gravatar.com\\\/avatar\\\/a84a1029af2ec5895ae6cc5fd3c06f1390e9b3dc24ed93780502c881f57940be?s=96&d=mm&r=g\",\"caption\":\"Marco Vilela\"},\"url\":\"https:\\\/\\\/www.agrupamentoverticalgaviao.pt\\\/?author=1\"}]}<\/script>\n<!-- \/ Yoast SEO plugin. -->","yoast_head_json":{"title":"Exerc\u00edcio P\u00fablico A Terra treme - Agrupamento de Escolas de Gavi\u00e3o","robots":{"index":"index","follow":"follow","max-snippet":"max-snippet:-1","max-image-preview":"max-image-preview:large","max-video-preview":"max-video-preview:-1"},"canonical":"https:\/\/www.agrupamentoverticalgaviao.pt\/?p=35647","og_locale":"pt_PT","og_type":"article","og_title":"Exerc\u00edcio P\u00fablico A Terra treme - Agrupamento de Escolas de Gavi\u00e3o","og_description":"Mais uma vez, o Agrupamento de Escolas de Gavi\u00e3o aderiu ao exerc\u00edcio p\u00fablico A &hellip;","og_url":"https:\/\/www.agrupamentoverticalgaviao.pt\/?p=35647","og_site_name":"Agrupamento de Escolas de Gavi\u00e3o","article_published_time":"2018-11-18T22:55:55+00:00","og_image":[{"width":620,"height":413,"url":"https:\/\/www.agrupamentoverticalgaviao.pt\/wp-content\/uploads\/2018\/11\/TerraTreme-07.jpg","type":"image\/jpeg"}],"author":"Marco Vilela","twitter_card":"summary_large_image","twitter_misc":{"Escrito por":"Marco Vilela"},"schema":{"@context":"https:\/\/schema.org","@graph":[{"@type":"Article","@id":"https:\/\/www.agrupamentoverticalgaviao.pt\/?p=35647#article","isPartOf":{"@id":"https:\/\/www.agrupamentoverticalgaviao.pt\/?p=35647"},"author":{"name":"Marco Vilela","@id":"https:\/\/www.agrupamentoverticalgaviao.pt\/#\/schema\/person\/d31a59159eb58000be8001b507e8435f"},"headline":"Exerc\u00edcio P\u00fablico A Terra treme","datePublished":"2018-11-18T22:55:55+00:00","mainEntityOfPage":{"@id":"https:\/\/www.agrupamentoverticalgaviao.pt\/?p=35647"},"wordCount":96,"commentCount":0,"image":{"@id":"https:\/\/www.agrupamentoverticalgaviao.pt\/?p=35647#primaryimage"},"thumbnailUrl":"https:\/\/www.agrupamentoverticalgaviao.pt\/wp-content\/uploads\/2018\/11\/TerraTreme-07.jpg","articleSection":["Simulacro"],"inLanguage":"pt-PT","potentialAction":[{"@type":"CommentAction","name":"Comment","target":["https:\/\/www.agrupamentoverticalgaviao.pt\/?p=35647#respond"]}]},{"@type":"WebPage","@id":"https:\/\/www.agrupamentoverticalgaviao.pt\/?p=35647","url":"https:\/\/www.agrupamentoverticalgaviao.pt\/?p=35647","name":"Exerc\u00edcio P\u00fablico A Terra treme - Agrupamento de Escolas de Gavi\u00e3o","isPartOf":{"@id":"https:\/\/www.agrupamentoverticalgaviao.pt\/#website"},"primaryImageOfPage":{"@id":"https:\/\/www.agrupamentoverticalgaviao.pt\/?p=35647#primaryimage"},"image":{"@id":"https:\/\/www.agrupamentoverticalgaviao.pt\/?p=35647#primaryimage"},"thumbnailUrl":"https:\/\/www.agrupamentoverticalgaviao.pt\/wp-content\/uploads\/2018\/11\/TerraTreme-07.jpg","datePublished":"2018-11-18T22:55:55+00:00","author":{"@id":"https:\/\/www.agrupamentoverticalgaviao.pt\/#\/schema\/person\/d31a59159eb58000be8001b507e8435f"},"breadcrumb":{"@id":"https:\/\/www.agrupamentoverticalgaviao.pt\/?p=35647#breadcrumb"},"inLanguage":"pt-PT","potentialAction":[{"@type":"ReadAction","target":["https:\/\/www.agrupamentoverticalgaviao.pt\/?p=35647"]}]},{"@type":"ImageObject","inLanguage":"pt-PT","@id":"https:\/\/www.agrupamentoverticalgaviao.pt\/?p=35647#primaryimage","url":"https:\/\/www.agrupamentoverticalgaviao.pt\/wp-content\/uploads\/2018\/11\/TerraTreme-07.jpg","contentUrl":"https:\/\/www.agrupamentoverticalgaviao.pt\/wp-content\/uploads\/2018\/11\/TerraTreme-07.jpg","width":620,"height":413},{"@type":"BreadcrumbList","@id":"https:\/\/www.agrupamentoverticalgaviao.pt\/?p=35647#breadcrumb","itemListElement":[{"@type":"ListItem","position":1,"name":"In\u00edcio","item":"https:\/\/www.agrupamentoverticalgaviao.pt\/"},{"@type":"ListItem","position":2,"name":"Exerc\u00edcio P\u00fablico A Terra treme"}]},{"@type":"WebSite","@id":"https:\/\/www.agrupamentoverticalgaviao.pt\/#website","url":"https:\/\/www.agrupamentoverticalgaviao.pt\/","name":"Agrupamento de Escolas de Gavi\u00e3o","description":"","alternateName":"Agrupamento de Escolas de Gavi\u00e3o","potentialAction":[{"@type":"SearchAction","target":{"@type":"EntryPoint","urlTemplate":"https:\/\/www.agrupamentoverticalgaviao.pt\/?s={search_term_string}"},"query-input":{"@type":"PropertyValueSpecification","valueRequired":true,"valueName":"search_term_string"}}],"inLanguage":"pt-PT"},{"@type":"Person","@id":"https:\/\/www.agrupamentoverticalgaviao.pt\/#\/schema\/person\/d31a59159eb58000be8001b507e8435f","name":"Marco Vilela","image":{"@type":"ImageObject","inLanguage":"pt-PT","@id":"https:\/\/secure.gravatar.com\/avatar\/a84a1029af2ec5895ae6cc5fd3c06f1390e9b3dc24ed93780502c881f57940be?s=96&d=mm&r=g","url":"https:\/\/secure.gravatar.com\/avatar\/a84a1029af2ec5895ae6cc5fd3c06f1390e9b3dc24ed93780502c881f57940be?s=96&d=mm&r=g","contentUrl":"https:\/\/secure.gravatar.com\/avatar\/a84a1029af2ec5895ae6cc5fd3c06f1390e9b3dc24ed93780502c881f57940be?s=96&d=mm&r=g","caption":"Marco Vilela"},"url":"https:\/\/www.agrupamentoverticalgaviao.pt\/?author=1"}]}},"_links":{"self":[{"href":"https:\/\/www.agrupamentoverticalgaviao.pt\/index.php?rest_route=\/wp\/v2\/posts\/35647","targetHints":{"allow":["GET"]}}],"collection":[{"href":"https:\/\/www.agrupamentoverticalgaviao.pt\/index.php?rest_route=\/wp\/v2\/posts"}],"about":[{"href":"https:\/\/www.agrupamentoverticalgaviao.pt\/index.php?rest_route=\/wp\/v2\/types\/post"}],"author":[{"embeddable":true,"href":"https:\/\/www.agrupamentoverticalgaviao.pt\/index.php?rest_route=\/wp\/v2\/users\/1"}],"replies":[{"embeddable":true,"href":"https:\/\/www.agrupamentoverticalgaviao.pt\/index.php?rest_route=%2Fwp%2Fv2%2Fcomments&post=35647"}],"version-history":[{"count":0,"href":"https:\/\/www.agrupamentoverticalgaviao.pt\/index.php?rest_route=\/wp\/v2\/posts\/35647\/revisions"}],"wp:featuredmedia":[{"embeddable":true,"href":"https:\/\/www.agrupamentoverticalgaviao.pt\/index.php?rest_route=\/wp\/v2\/media\/35657"}],"wp:attachment":[{"href":"https:\/\/www.agrupamentoverticalgaviao.pt\/index.php?rest_route=%2Fwp%2Fv2%2Fmedia&parent=35647"}],"wp:term":[{"taxonomy":"category","embeddable":true,"href":"https:\/\/www.agrupamentoverticalgaviao.pt\/index.php?rest_route=%2Fwp%2Fv2%2Fcategories&post=35647"},{"taxonomy":"post_tag","embeddable":true,"href":"https:\/\/www.agrupamentoverticalgaviao.pt\/index.php?rest_route=%2Fwp%2Fv2%2Ftags&post=35647"}],"curies":[{"name":"wp","href":"https:\/\/api.w.org\/{rel}","templated":true}]}}