{"id":24590,"date":"2016-03-04T00:01:47","date_gmt":"2016-03-04T00:01:47","guid":{"rendered":"http:\/\/www.agrupamentoverticalgaviao.pt\/pt\/?p=24590"},"modified":"2016-03-04T00:01:47","modified_gmt":"2016-03-04T00:01:47","slug":"suporte-basico-de-vida","status":"publish","type":"post","link":"https:\/\/www.agrupamentoverticalgaviao.pt\/?p=24590","title":{"rendered":"Suporte B\u00e1sico de Vida"},"content":{"rendered":"<p>Entre os dias 18 e 29 de fevereiro e integrado no programa curricular de Ci\u00eancias Naturais 9\u00baano, decorreram sess\u00f5es de forma\u00e7\u00e3o de Suporte B\u00e1sico de Vida. Estas sess\u00f5es foram desenvolvidas no hor\u00e1rio curricular das respetivas turmas, tendo sido dinamizadas pela turma do secund\u00e1rio Vocacional \u2013 T\u00e9cnico de Prote\u00e7\u00e3o Civil, apoiadas pela docente Ana Teresa Marques e pelo formador Bruno Marques. As sess\u00f5es, que constaram de uma parte te\u00f3rica seguida de pr\u00e1tica simulada, decorreram de modo muito ativo e em ambiente facilitador das aprendizagens.<\/p>\n<p><img decoding=\"async\" class=\"ngg_displayed_gallery mceItem\" src=\"http:\/\/www.agrupamentoverticalgaviao.pt\/pt\/nextgen-attach_to_post\/preview\/id--24875\" alt=\"\" data-mce-placeholder=\"1\" \/><\/p>\n","protected":false},"excerpt":{"rendered":"<p>Entre os dias 18 e 29 de fevereiro e integrado no programa curricular de &hellip; <\/p>\n","protected":false},"author":1,"featured_media":24877,"comment_status":"open","ping_status":"closed","sticky":false,"template":"","format":"standard","meta":{"footnotes":""},"categories":[25],"tags":[],"class_list":["post-24590","post","type-post","status-publish","format-standard","has-post-thumbnail","hentry","category-agrupamento-de-escolas-de-gaviao"],"yoast_head":"<!-- This site is optimized with the Yoast SEO plugin v27.4 - https:\/\/yoast.com\/product\/yoast-seo-wordpress\/ -->\n<title>Suporte B\u00e1sico de Vida - Agrupamento de Escolas de Gavi\u00e3o<\/title>\n<meta name=\"robots\" content=\"index, follow, max-snippet:-1, max-image-preview:large, max-video-preview:-1\" \/>\n<link rel=\"canonical\" href=\"https:\/\/www.agrupamentoverticalgaviao.pt\/?p=24590\" \/>\n<meta property=\"og:locale\" content=\"pt_PT\" \/>\n<meta property=\"og:type\" content=\"article\" \/>\n<meta property=\"og:title\" content=\"Suporte B\u00e1sico de Vida - Agrupamento de Escolas de Gavi\u00e3o\" \/>\n<meta property=\"og:description\" content=\"Entre os dias 18 e 29 de fevereiro e integrado no programa curricular de &hellip;\" \/>\n<meta property=\"og:url\" content=\"https:\/\/www.agrupamentoverticalgaviao.pt\/?p=24590\" \/>\n<meta property=\"og:site_name\" content=\"Agrupamento de Escolas de Gavi\u00e3o\" \/>\n<meta property=\"article:published_time\" content=\"2016-03-04T00:01:47+00:00\" \/>\n<meta property=\"og:image\" content=\"https:\/\/www.agrupamentoverticalgaviao.pt\/wp-content\/uploads\/2016\/03\/SuporteBasicoVida_062.jpg\" \/>\n\t<meta property=\"og:image:width\" content=\"713\" \/>\n\t<meta property=\"og:image:height\" content=\"401\" \/>\n\t<meta property=\"og:image:type\" content=\"image\/jpeg\" \/>\n<meta name=\"author\" content=\"Marco Vilela\" \/>\n<meta name=\"twitter:card\" content=\"summary_large_image\" \/>\n<meta name=\"twitter:label1\" content=\"Escrito por\" \/>\n\t<meta name=\"twitter:data1\" content=\"Marco Vilela\" \/>\n<script type=\"application\/ld+json\" class=\"yoast-schema-graph\">{\"@context\":\"https:\\\/\\\/schema.org\",\"@graph\":[{\"@type\":\"Article\",\"@id\":\"https:\\\/\\\/www.agrupamentoverticalgaviao.pt\\\/?p=24590#article\",\"isPartOf\":{\"@id\":\"https:\\\/\\\/www.agrupamentoverticalgaviao.pt\\\/?p=24590\"},\"author\":{\"name\":\"Marco Vilela\",\"@id\":\"https:\\\/\\\/www.agrupamentoverticalgaviao.pt\\\/#\\\/schema\\\/person\\\/d31a59159eb58000be8001b507e8435f\"},\"headline\":\"Suporte B\u00e1sico de Vida\",\"datePublished\":\"2016-03-04T00:01:47+00:00\",\"mainEntityOfPage\":{\"@id\":\"https:\\\/\\\/www.agrupamentoverticalgaviao.pt\\\/?p=24590\"},\"wordCount\":97,\"commentCount\":0,\"image\":{\"@id\":\"https:\\\/\\\/www.agrupamentoverticalgaviao.pt\\\/?p=24590#primaryimage\"},\"thumbnailUrl\":\"https:\\\/\\\/www.agrupamentoverticalgaviao.pt\\\/wp-content\\\/uploads\\\/2016\\\/03\\\/SuporteBasicoVida_062.jpg\",\"articleSection\":[\"Agrupamento de Escolas de Gavi\u00e3o\"],\"inLanguage\":\"pt-PT\",\"potentialAction\":[{\"@type\":\"CommentAction\",\"name\":\"Comment\",\"target\":[\"https:\\\/\\\/www.agrupamentoverticalgaviao.pt\\\/?p=24590#respond\"]}]},{\"@type\":\"WebPage\",\"@id\":\"https:\\\/\\\/www.agrupamentoverticalgaviao.pt\\\/?p=24590\",\"url\":\"https:\\\/\\\/www.agrupamentoverticalgaviao.pt\\\/?p=24590\",\"name\":\"Suporte B\u00e1sico de Vida - Agrupamento de Escolas de Gavi\u00e3o\",\"isPartOf\":{\"@id\":\"https:\\\/\\\/www.agrupamentoverticalgaviao.pt\\\/#website\"},\"primaryImageOfPage\":{\"@id\":\"https:\\\/\\\/www.agrupamentoverticalgaviao.pt\\\/?p=24590#primaryimage\"},\"image\":{\"@id\":\"https:\\\/\\\/www.agrupamentoverticalgaviao.pt\\\/?p=24590#primaryimage\"},\"thumbnailUrl\":\"https:\\\/\\\/www.agrupamentoverticalgaviao.pt\\\/wp-content\\\/uploads\\\/2016\\\/03\\\/SuporteBasicoVida_062.jpg\",\"datePublished\":\"2016-03-04T00:01:47+00:00\",\"author\":{\"@id\":\"https:\\\/\\\/www.agrupamentoverticalgaviao.pt\\\/#\\\/schema\\\/person\\\/d31a59159eb58000be8001b507e8435f\"},\"breadcrumb\":{\"@id\":\"https:\\\/\\\/www.agrupamentoverticalgaviao.pt\\\/?p=24590#breadcrumb\"},\"inLanguage\":\"pt-PT\",\"potentialAction\":[{\"@type\":\"ReadAction\",\"target\":[\"https:\\\/\\\/www.agrupamentoverticalgaviao.pt\\\/?p=24590\"]}]},{\"@type\":\"ImageObject\",\"inLanguage\":\"pt-PT\",\"@id\":\"https:\\\/\\\/www.agrupamentoverticalgaviao.pt\\\/?p=24590#primaryimage\",\"url\":\"https:\\\/\\\/www.agrupamentoverticalgaviao.pt\\\/wp-content\\\/uploads\\\/2016\\\/03\\\/SuporteBasicoVida_062.jpg\",\"contentUrl\":\"https:\\\/\\\/www.agrupamentoverticalgaviao.pt\\\/wp-content\\\/uploads\\\/2016\\\/03\\\/SuporteBasicoVida_062.jpg\",\"width\":713,\"height\":401},{\"@type\":\"BreadcrumbList\",\"@id\":\"https:\\\/\\\/www.agrupamentoverticalgaviao.pt\\\/?p=24590#breadcrumb\",\"itemListElement\":[{\"@type\":\"ListItem\",\"position\":1,\"name\":\"In\u00edcio\",\"item\":\"https:\\\/\\\/www.agrupamentoverticalgaviao.pt\\\/\"},{\"@type\":\"ListItem\",\"position\":2,\"name\":\"Suporte B\u00e1sico de Vida\"}]},{\"@type\":\"WebSite\",\"@id\":\"https:\\\/\\\/www.agrupamentoverticalgaviao.pt\\\/#website\",\"url\":\"https:\\\/\\\/www.agrupamentoverticalgaviao.pt\\\/\",\"name\":\"Agrupamento de Escolas de Gavi\u00e3o\",\"description\":\"\",\"alternateName\":\"Agrupamento de Escolas de Gavi\u00e3o\",\"potentialAction\":[{\"@type\":\"SearchAction\",\"target\":{\"@type\":\"EntryPoint\",\"urlTemplate\":\"https:\\\/\\\/www.agrupamentoverticalgaviao.pt\\\/?s={search_term_string}\"},\"query-input\":{\"@type\":\"PropertyValueSpecification\",\"valueRequired\":true,\"valueName\":\"search_term_string\"}}],\"inLanguage\":\"pt-PT\"},{\"@type\":\"Person\",\"@id\":\"https:\\\/\\\/www.agrupamentoverticalgaviao.pt\\\/#\\\/schema\\\/person\\\/d31a59159eb58000be8001b507e8435f\",\"name\":\"Marco Vilela\",\"image\":{\"@type\":\"ImageObject\",\"inLanguage\":\"pt-PT\",\"@id\":\"https:\\\/\\\/secure.gravatar.com\\\/avatar\\\/a84a1029af2ec5895ae6cc5fd3c06f1390e9b3dc24ed93780502c881f57940be?s=96&d=mm&r=g\",\"url\":\"https:\\\/\\\/secure.gravatar.com\\\/avatar\\\/a84a1029af2ec5895ae6cc5fd3c06f1390e9b3dc24ed93780502c881f57940be?s=96&d=mm&r=g\",\"contentUrl\":\"https:\\\/\\\/secure.gravatar.com\\\/avatar\\\/a84a1029af2ec5895ae6cc5fd3c06f1390e9b3dc24ed93780502c881f57940be?s=96&d=mm&r=g\",\"caption\":\"Marco Vilela\"},\"url\":\"https:\\\/\\\/www.agrupamentoverticalgaviao.pt\\\/?author=1\"}]}<\/script>\n<!-- \/ Yoast SEO plugin. -->","yoast_head_json":{"title":"Suporte B\u00e1sico de Vida - Agrupamento de Escolas de Gavi\u00e3o","robots":{"index":"index","follow":"follow","max-snippet":"max-snippet:-1","max-image-preview":"max-image-preview:large","max-video-preview":"max-video-preview:-1"},"canonical":"https:\/\/www.agrupamentoverticalgaviao.pt\/?p=24590","og_locale":"pt_PT","og_type":"article","og_title":"Suporte B\u00e1sico de Vida - Agrupamento de Escolas de Gavi\u00e3o","og_description":"Entre os dias 18 e 29 de fevereiro e integrado no programa curricular de &hellip;","og_url":"https:\/\/www.agrupamentoverticalgaviao.pt\/?p=24590","og_site_name":"Agrupamento de Escolas de Gavi\u00e3o","article_published_time":"2016-03-04T00:01:47+00:00","og_image":[{"width":713,"height":401,"url":"https:\/\/www.agrupamentoverticalgaviao.pt\/wp-content\/uploads\/2016\/03\/SuporteBasicoVida_062.jpg","type":"image\/jpeg"}],"author":"Marco Vilela","twitter_card":"summary_large_image","twitter_misc":{"Escrito por":"Marco Vilela"},"schema":{"@context":"https:\/\/schema.org","@graph":[{"@type":"Article","@id":"https:\/\/www.agrupamentoverticalgaviao.pt\/?p=24590#article","isPartOf":{"@id":"https:\/\/www.agrupamentoverticalgaviao.pt\/?p=24590"},"author":{"name":"Marco Vilela","@id":"https:\/\/www.agrupamentoverticalgaviao.pt\/#\/schema\/person\/d31a59159eb58000be8001b507e8435f"},"headline":"Suporte B\u00e1sico de Vida","datePublished":"2016-03-04T00:01:47+00:00","mainEntityOfPage":{"@id":"https:\/\/www.agrupamentoverticalgaviao.pt\/?p=24590"},"wordCount":97,"commentCount":0,"image":{"@id":"https:\/\/www.agrupamentoverticalgaviao.pt\/?p=24590#primaryimage"},"thumbnailUrl":"https:\/\/www.agrupamentoverticalgaviao.pt\/wp-content\/uploads\/2016\/03\/SuporteBasicoVida_062.jpg","articleSection":["Agrupamento de Escolas de Gavi\u00e3o"],"inLanguage":"pt-PT","potentialAction":[{"@type":"CommentAction","name":"Comment","target":["https:\/\/www.agrupamentoverticalgaviao.pt\/?p=24590#respond"]}]},{"@type":"WebPage","@id":"https:\/\/www.agrupamentoverticalgaviao.pt\/?p=24590","url":"https:\/\/www.agrupamentoverticalgaviao.pt\/?p=24590","name":"Suporte B\u00e1sico de Vida - Agrupamento de Escolas de Gavi\u00e3o","isPartOf":{"@id":"https:\/\/www.agrupamentoverticalgaviao.pt\/#website"},"primaryImageOfPage":{"@id":"https:\/\/www.agrupamentoverticalgaviao.pt\/?p=24590#primaryimage"},"image":{"@id":"https:\/\/www.agrupamentoverticalgaviao.pt\/?p=24590#primaryimage"},"thumbnailUrl":"https:\/\/www.agrupamentoverticalgaviao.pt\/wp-content\/uploads\/2016\/03\/SuporteBasicoVida_062.jpg","datePublished":"2016-03-04T00:01:47+00:00","author":{"@id":"https:\/\/www.agrupamentoverticalgaviao.pt\/#\/schema\/person\/d31a59159eb58000be8001b507e8435f"},"breadcrumb":{"@id":"https:\/\/www.agrupamentoverticalgaviao.pt\/?p=24590#breadcrumb"},"inLanguage":"pt-PT","potentialAction":[{"@type":"ReadAction","target":["https:\/\/www.agrupamentoverticalgaviao.pt\/?p=24590"]}]},{"@type":"ImageObject","inLanguage":"pt-PT","@id":"https:\/\/www.agrupamentoverticalgaviao.pt\/?p=24590#primaryimage","url":"https:\/\/www.agrupamentoverticalgaviao.pt\/wp-content\/uploads\/2016\/03\/SuporteBasicoVida_062.jpg","contentUrl":"https:\/\/www.agrupamentoverticalgaviao.pt\/wp-content\/uploads\/2016\/03\/SuporteBasicoVida_062.jpg","width":713,"height":401},{"@type":"BreadcrumbList","@id":"https:\/\/www.agrupamentoverticalgaviao.pt\/?p=24590#breadcrumb","itemListElement":[{"@type":"ListItem","position":1,"name":"In\u00edcio","item":"https:\/\/www.agrupamentoverticalgaviao.pt\/"},{"@type":"ListItem","position":2,"name":"Suporte B\u00e1sico de Vida"}]},{"@type":"WebSite","@id":"https:\/\/www.agrupamentoverticalgaviao.pt\/#website","url":"https:\/\/www.agrupamentoverticalgaviao.pt\/","name":"Agrupamento de Escolas de Gavi\u00e3o","description":"","alternateName":"Agrupamento de Escolas de Gavi\u00e3o","potentialAction":[{"@type":"SearchAction","target":{"@type":"EntryPoint","urlTemplate":"https:\/\/www.agrupamentoverticalgaviao.pt\/?s={search_term_string}"},"query-input":{"@type":"PropertyValueSpecification","valueRequired":true,"valueName":"search_term_string"}}],"inLanguage":"pt-PT"},{"@type":"Person","@id":"https:\/\/www.agrupamentoverticalgaviao.pt\/#\/schema\/person\/d31a59159eb58000be8001b507e8435f","name":"Marco Vilela","image":{"@type":"ImageObject","inLanguage":"pt-PT","@id":"https:\/\/secure.gravatar.com\/avatar\/a84a1029af2ec5895ae6cc5fd3c06f1390e9b3dc24ed93780502c881f57940be?s=96&d=mm&r=g","url":"https:\/\/secure.gravatar.com\/avatar\/a84a1029af2ec5895ae6cc5fd3c06f1390e9b3dc24ed93780502c881f57940be?s=96&d=mm&r=g","contentUrl":"https:\/\/secure.gravatar.com\/avatar\/a84a1029af2ec5895ae6cc5fd3c06f1390e9b3dc24ed93780502c881f57940be?s=96&d=mm&r=g","caption":"Marco Vilela"},"url":"https:\/\/www.agrupamentoverticalgaviao.pt\/?author=1"}]}},"_links":{"self":[{"href":"https:\/\/www.agrupamentoverticalgaviao.pt\/index.php?rest_route=\/wp\/v2\/posts\/24590","targetHints":{"allow":["GET"]}}],"collection":[{"href":"https:\/\/www.agrupamentoverticalgaviao.pt\/index.php?rest_route=\/wp\/v2\/posts"}],"about":[{"href":"https:\/\/www.agrupamentoverticalgaviao.pt\/index.php?rest_route=\/wp\/v2\/types\/post"}],"author":[{"embeddable":true,"href":"https:\/\/www.agrupamentoverticalgaviao.pt\/index.php?rest_route=\/wp\/v2\/users\/1"}],"replies":[{"embeddable":true,"href":"https:\/\/www.agrupamentoverticalgaviao.pt\/index.php?rest_route=%2Fwp%2Fv2%2Fcomments&post=24590"}],"version-history":[{"count":0,"href":"https:\/\/www.agrupamentoverticalgaviao.pt\/index.php?rest_route=\/wp\/v2\/posts\/24590\/revisions"}],"wp:featuredmedia":[{"embeddable":true,"href":"https:\/\/www.agrupamentoverticalgaviao.pt\/index.php?rest_route=\/wp\/v2\/media\/24877"}],"wp:attachment":[{"href":"https:\/\/www.agrupamentoverticalgaviao.pt\/index.php?rest_route=%2Fwp%2Fv2%2Fmedia&parent=24590"}],"wp:term":[{"taxonomy":"category","embeddable":true,"href":"https:\/\/www.agrupamentoverticalgaviao.pt\/index.php?rest_route=%2Fwp%2Fv2%2Fcategories&post=24590"},{"taxonomy":"post_tag","embeddable":true,"href":"https:\/\/www.agrupamentoverticalgaviao.pt\/index.php?rest_route=%2Fwp%2Fv2%2Ftags&post=24590"}],"curies":[{"name":"wp","href":"https:\/\/api.w.org\/{rel}","templated":true}]}}