{"id":23453,"date":"2016-01-18T10:30:39","date_gmt":"2016-01-18T10:30:39","guid":{"rendered":"http:\/\/www.agrupamentoverticalgaviao.pt\/pt\/?p=23453"},"modified":"2016-04-21T21:18:39","modified_gmt":"2016-04-21T21:18:39","slug":"parlamento-dos-jovens-2015","status":"publish","type":"post","link":"https:\/\/www.agrupamentoverticalgaviao.pt\/?p=23453","title":{"rendered":"Parlamento dos Jovens"},"content":{"rendered":"<p><strong>Parlamento dos Jovens<\/strong><\/p>\n<p>No dia 17 de dezembro realizou-se uma a\u00e7\u00e3o de sensibiliza\u00e7\u00e3o para o tema \u201cRacismo, Preconceito e Discrimina\u00e7\u00e3o\u201d, no \u00e2mbito do projeto Parlamento dos Jovens, que contou com a presen\u00e7a do Sr. Presidente da C\u00e2mara Municipal de Gavi\u00e3o, Sr. Jos\u00e9 Pio e do Sr. Presidente da Assembleia Municipal de Gavi\u00e3o, Sr. Professor Jorge Martins. Ainda subordinada ao mesmo tema e no mesmo \u00e2mbito, realizou-se no dia 11 de janeiro do corrente ano, uma nova sess\u00e3o que contou com a presen\u00e7a do Senhor Deputado da Assembleia da Rep\u00fablica, eleito pelo distrito de Portalegre, Dr. Lu\u00eds Testa, e com a Senhora Presidente do Conselho Geral do Agrupamento de Escolas de Gavi\u00e3o, professora Genoveva Belona e dos acima mencionados Senhores Presidentes do Munic\u00edpio e da Assembleia Municipal do Gavi\u00e3o. Tamb\u00e9m o Sr. Diretor do Agrupamento esteve presente nas duas sess\u00f5es que tiveram uma significativa participa\u00e7\u00e3o dos alunos. \u00c9 a sexta vez consecutiva que a dire\u00e7\u00e3o da nossa escola prop\u00f5e a participa\u00e7\u00e3o neste projeto em que s\u00e3o sempre explorados temas atuais e de grande pertin\u00eancia, e em que se pretende incentivar a participa\u00e7\u00e3o c\u00edvica dos alunos bem como proporcionar-lhes momentos de viv\u00eancia democr\u00e1tica. Este ano a tem\u00e1tica centra-se, como foi mencionado, no racismo, no preconceito e na descrimina\u00e7\u00e3o, sintomas de uma intoler\u00e2ncia que pode ser analisada num contexto dum prec\u00e1rio conhecimento dos cidad\u00e3os face a diferentes culturas, diferentes modos de ser e de estar. \u00c9 no sentido de formar cidad\u00e3os cr\u00edticos, respons\u00e1veis, ativos e promotores do bem-estar social que os professores da escola desenvolvido a sua atividade e \u00e9, neste pressuposto, que se enquadra a participa\u00e7\u00e3o no projeto \u201cParlamento dos Jovens\u201d.<\/p>\n<p>Agradece-se ainda a todas as institui\u00e7\u00f5es e entidades que colaboraram nestes eventos e ainda a forma empenhada e prof\u00edcua como o fizeram.<\/p>\n<p>&nbsp;<\/p>\n<p><img decoding=\"async\" class=\"ngg_displayed_gallery mceItem\" src=\"http:\/\/www.agrupamentoverticalgaviao.pt\/pt\/nextgen-attach_to_post\/preview\/id--23558\" alt=\"\" data-mce-placeholder=\"1\" \/><img decoding=\"async\" class=\"ngg_displayed_gallery mceItem\" src=\"http:\/\/www.agrupamentoverticalgaviao.pt\/pt\/nextgen-attach_to_post\/preview\/id--23645\" alt=\"\" data-mce-placeholder=\"1\" \/><\/p>\n<p>[AdSense-A]<\/p>\n","protected":false},"excerpt":{"rendered":"<p>Parlamento dos Jovens No dia 17 de dezembro realizou-se uma a\u00e7\u00e3o de sensibiliza\u00e7\u00e3o para &hellip; <\/p>\n","protected":false},"author":1,"featured_media":23559,"comment_status":"open","ping_status":"closed","sticky":false,"template":"","format":"standard","meta":{"footnotes":""},"categories":[38],"tags":[],"class_list":["post-23453","post","type-post","status-publish","format-standard","has-post-thumbnail","hentry","category-parlamento-jovem"],"yoast_head":"<!-- This site is optimized with the Yoast SEO plugin v27.4 - https:\/\/yoast.com\/product\/yoast-seo-wordpress\/ -->\n<title>Parlamento dos Jovens - Agrupamento de Escolas de Gavi\u00e3o<\/title>\n<meta name=\"robots\" content=\"index, follow, max-snippet:-1, max-image-preview:large, max-video-preview:-1\" \/>\n<link rel=\"canonical\" href=\"https:\/\/www.agrupamentoverticalgaviao.pt\/?p=23453\" \/>\n<meta property=\"og:locale\" content=\"pt_PT\" \/>\n<meta property=\"og:type\" content=\"article\" \/>\n<meta property=\"og:title\" content=\"Parlamento dos Jovens - Agrupamento de Escolas de Gavi\u00e3o\" \/>\n<meta property=\"og:description\" content=\"Parlamento dos Jovens No dia 17 de dezembro realizou-se uma a\u00e7\u00e3o de sensibiliza\u00e7\u00e3o para &hellip;\" \/>\n<meta property=\"og:url\" content=\"https:\/\/www.agrupamentoverticalgaviao.pt\/?p=23453\" \/>\n<meta property=\"og:site_name\" content=\"Agrupamento de Escolas de Gavi\u00e3o\" \/>\n<meta property=\"article:published_time\" content=\"2016-01-18T10:30:39+00:00\" \/>\n<meta property=\"article:modified_time\" content=\"2016-04-21T21:18:39+00:00\" \/>\n<meta property=\"og:image\" content=\"https:\/\/www.agrupamentoverticalgaviao.pt\/wp-content\/uploads\/2016\/01\/PJ2-028.jpg\" \/>\n\t<meta property=\"og:image:width\" content=\"600\" \/>\n\t<meta property=\"og:image:height\" content=\"400\" \/>\n\t<meta property=\"og:image:type\" content=\"image\/jpeg\" \/>\n<meta name=\"author\" content=\"Marco Vilela\" \/>\n<meta name=\"twitter:card\" content=\"summary_large_image\" \/>\n<meta name=\"twitter:label1\" content=\"Escrito por\" \/>\n\t<meta name=\"twitter:data1\" content=\"Marco Vilela\" \/>\n\t<meta name=\"twitter:label2\" content=\"Tempo estimado de leitura\" \/>\n\t<meta name=\"twitter:data2\" content=\"2 minutos\" \/>\n<script type=\"application\/ld+json\" class=\"yoast-schema-graph\">{\"@context\":\"https:\\\/\\\/schema.org\",\"@graph\":[{\"@type\":\"Article\",\"@id\":\"https:\\\/\\\/www.agrupamentoverticalgaviao.pt\\\/?p=23453#article\",\"isPartOf\":{\"@id\":\"https:\\\/\\\/www.agrupamentoverticalgaviao.pt\\\/?p=23453\"},\"author\":{\"name\":\"Marco Vilela\",\"@id\":\"https:\\\/\\\/www.agrupamentoverticalgaviao.pt\\\/#\\\/schema\\\/person\\\/d31a59159eb58000be8001b507e8435f\"},\"headline\":\"Parlamento dos Jovens\",\"datePublished\":\"2016-01-18T10:30:39+00:00\",\"dateModified\":\"2016-04-21T21:18:39+00:00\",\"mainEntityOfPage\":{\"@id\":\"https:\\\/\\\/www.agrupamentoverticalgaviao.pt\\\/?p=23453\"},\"wordCount\":328,\"commentCount\":0,\"image\":{\"@id\":\"https:\\\/\\\/www.agrupamentoverticalgaviao.pt\\\/?p=23453#primaryimage\"},\"thumbnailUrl\":\"https:\\\/\\\/www.agrupamentoverticalgaviao.pt\\\/wp-content\\\/uploads\\\/2016\\\/01\\\/PJ2-028.jpg\",\"articleSection\":[\"Parlamento Jovem\"],\"inLanguage\":\"pt-PT\",\"potentialAction\":[{\"@type\":\"CommentAction\",\"name\":\"Comment\",\"target\":[\"https:\\\/\\\/www.agrupamentoverticalgaviao.pt\\\/?p=23453#respond\"]}]},{\"@type\":\"WebPage\",\"@id\":\"https:\\\/\\\/www.agrupamentoverticalgaviao.pt\\\/?p=23453\",\"url\":\"https:\\\/\\\/www.agrupamentoverticalgaviao.pt\\\/?p=23453\",\"name\":\"Parlamento dos Jovens - Agrupamento de Escolas de Gavi\u00e3o\",\"isPartOf\":{\"@id\":\"https:\\\/\\\/www.agrupamentoverticalgaviao.pt\\\/#website\"},\"primaryImageOfPage\":{\"@id\":\"https:\\\/\\\/www.agrupamentoverticalgaviao.pt\\\/?p=23453#primaryimage\"},\"image\":{\"@id\":\"https:\\\/\\\/www.agrupamentoverticalgaviao.pt\\\/?p=23453#primaryimage\"},\"thumbnailUrl\":\"https:\\\/\\\/www.agrupamentoverticalgaviao.pt\\\/wp-content\\\/uploads\\\/2016\\\/01\\\/PJ2-028.jpg\",\"datePublished\":\"2016-01-18T10:30:39+00:00\",\"dateModified\":\"2016-04-21T21:18:39+00:00\",\"author\":{\"@id\":\"https:\\\/\\\/www.agrupamentoverticalgaviao.pt\\\/#\\\/schema\\\/person\\\/d31a59159eb58000be8001b507e8435f\"},\"breadcrumb\":{\"@id\":\"https:\\\/\\\/www.agrupamentoverticalgaviao.pt\\\/?p=23453#breadcrumb\"},\"inLanguage\":\"pt-PT\",\"potentialAction\":[{\"@type\":\"ReadAction\",\"target\":[\"https:\\\/\\\/www.agrupamentoverticalgaviao.pt\\\/?p=23453\"]}]},{\"@type\":\"ImageObject\",\"inLanguage\":\"pt-PT\",\"@id\":\"https:\\\/\\\/www.agrupamentoverticalgaviao.pt\\\/?p=23453#primaryimage\",\"url\":\"https:\\\/\\\/www.agrupamentoverticalgaviao.pt\\\/wp-content\\\/uploads\\\/2016\\\/01\\\/PJ2-028.jpg\",\"contentUrl\":\"https:\\\/\\\/www.agrupamentoverticalgaviao.pt\\\/wp-content\\\/uploads\\\/2016\\\/01\\\/PJ2-028.jpg\",\"width\":600,\"height\":400},{\"@type\":\"BreadcrumbList\",\"@id\":\"https:\\\/\\\/www.agrupamentoverticalgaviao.pt\\\/?p=23453#breadcrumb\",\"itemListElement\":[{\"@type\":\"ListItem\",\"position\":1,\"name\":\"In\u00edcio\",\"item\":\"https:\\\/\\\/www.agrupamentoverticalgaviao.pt\\\/\"},{\"@type\":\"ListItem\",\"position\":2,\"name\":\"Parlamento dos Jovens\"}]},{\"@type\":\"WebSite\",\"@id\":\"https:\\\/\\\/www.agrupamentoverticalgaviao.pt\\\/#website\",\"url\":\"https:\\\/\\\/www.agrupamentoverticalgaviao.pt\\\/\",\"name\":\"Agrupamento de Escolas de Gavi\u00e3o\",\"description\":\"\",\"alternateName\":\"Agrupamento de Escolas de Gavi\u00e3o\",\"potentialAction\":[{\"@type\":\"SearchAction\",\"target\":{\"@type\":\"EntryPoint\",\"urlTemplate\":\"https:\\\/\\\/www.agrupamentoverticalgaviao.pt\\\/?s={search_term_string}\"},\"query-input\":{\"@type\":\"PropertyValueSpecification\",\"valueRequired\":true,\"valueName\":\"search_term_string\"}}],\"inLanguage\":\"pt-PT\"},{\"@type\":\"Person\",\"@id\":\"https:\\\/\\\/www.agrupamentoverticalgaviao.pt\\\/#\\\/schema\\\/person\\\/d31a59159eb58000be8001b507e8435f\",\"name\":\"Marco Vilela\",\"image\":{\"@type\":\"ImageObject\",\"inLanguage\":\"pt-PT\",\"@id\":\"https:\\\/\\\/secure.gravatar.com\\\/avatar\\\/a84a1029af2ec5895ae6cc5fd3c06f1390e9b3dc24ed93780502c881f57940be?s=96&d=mm&r=g\",\"url\":\"https:\\\/\\\/secure.gravatar.com\\\/avatar\\\/a84a1029af2ec5895ae6cc5fd3c06f1390e9b3dc24ed93780502c881f57940be?s=96&d=mm&r=g\",\"contentUrl\":\"https:\\\/\\\/secure.gravatar.com\\\/avatar\\\/a84a1029af2ec5895ae6cc5fd3c06f1390e9b3dc24ed93780502c881f57940be?s=96&d=mm&r=g\",\"caption\":\"Marco Vilela\"},\"url\":\"https:\\\/\\\/www.agrupamentoverticalgaviao.pt\\\/?author=1\"}]}<\/script>\n<!-- \/ Yoast SEO plugin. -->","yoast_head_json":{"title":"Parlamento dos Jovens - Agrupamento de Escolas de Gavi\u00e3o","robots":{"index":"index","follow":"follow","max-snippet":"max-snippet:-1","max-image-preview":"max-image-preview:large","max-video-preview":"max-video-preview:-1"},"canonical":"https:\/\/www.agrupamentoverticalgaviao.pt\/?p=23453","og_locale":"pt_PT","og_type":"article","og_title":"Parlamento dos Jovens - Agrupamento de Escolas de Gavi\u00e3o","og_description":"Parlamento dos Jovens No dia 17 de dezembro realizou-se uma a\u00e7\u00e3o de sensibiliza\u00e7\u00e3o para &hellip;","og_url":"https:\/\/www.agrupamentoverticalgaviao.pt\/?p=23453","og_site_name":"Agrupamento de Escolas de Gavi\u00e3o","article_published_time":"2016-01-18T10:30:39+00:00","article_modified_time":"2016-04-21T21:18:39+00:00","og_image":[{"width":600,"height":400,"url":"https:\/\/www.agrupamentoverticalgaviao.pt\/wp-content\/uploads\/2016\/01\/PJ2-028.jpg","type":"image\/jpeg"}],"author":"Marco Vilela","twitter_card":"summary_large_image","twitter_misc":{"Escrito por":"Marco Vilela","Tempo estimado de leitura":"2 minutos"},"schema":{"@context":"https:\/\/schema.org","@graph":[{"@type":"Article","@id":"https:\/\/www.agrupamentoverticalgaviao.pt\/?p=23453#article","isPartOf":{"@id":"https:\/\/www.agrupamentoverticalgaviao.pt\/?p=23453"},"author":{"name":"Marco Vilela","@id":"https:\/\/www.agrupamentoverticalgaviao.pt\/#\/schema\/person\/d31a59159eb58000be8001b507e8435f"},"headline":"Parlamento dos Jovens","datePublished":"2016-01-18T10:30:39+00:00","dateModified":"2016-04-21T21:18:39+00:00","mainEntityOfPage":{"@id":"https:\/\/www.agrupamentoverticalgaviao.pt\/?p=23453"},"wordCount":328,"commentCount":0,"image":{"@id":"https:\/\/www.agrupamentoverticalgaviao.pt\/?p=23453#primaryimage"},"thumbnailUrl":"https:\/\/www.agrupamentoverticalgaviao.pt\/wp-content\/uploads\/2016\/01\/PJ2-028.jpg","articleSection":["Parlamento Jovem"],"inLanguage":"pt-PT","potentialAction":[{"@type":"CommentAction","name":"Comment","target":["https:\/\/www.agrupamentoverticalgaviao.pt\/?p=23453#respond"]}]},{"@type":"WebPage","@id":"https:\/\/www.agrupamentoverticalgaviao.pt\/?p=23453","url":"https:\/\/www.agrupamentoverticalgaviao.pt\/?p=23453","name":"Parlamento dos Jovens - Agrupamento de Escolas de Gavi\u00e3o","isPartOf":{"@id":"https:\/\/www.agrupamentoverticalgaviao.pt\/#website"},"primaryImageOfPage":{"@id":"https:\/\/www.agrupamentoverticalgaviao.pt\/?p=23453#primaryimage"},"image":{"@id":"https:\/\/www.agrupamentoverticalgaviao.pt\/?p=23453#primaryimage"},"thumbnailUrl":"https:\/\/www.agrupamentoverticalgaviao.pt\/wp-content\/uploads\/2016\/01\/PJ2-028.jpg","datePublished":"2016-01-18T10:30:39+00:00","dateModified":"2016-04-21T21:18:39+00:00","author":{"@id":"https:\/\/www.agrupamentoverticalgaviao.pt\/#\/schema\/person\/d31a59159eb58000be8001b507e8435f"},"breadcrumb":{"@id":"https:\/\/www.agrupamentoverticalgaviao.pt\/?p=23453#breadcrumb"},"inLanguage":"pt-PT","potentialAction":[{"@type":"ReadAction","target":["https:\/\/www.agrupamentoverticalgaviao.pt\/?p=23453"]}]},{"@type":"ImageObject","inLanguage":"pt-PT","@id":"https:\/\/www.agrupamentoverticalgaviao.pt\/?p=23453#primaryimage","url":"https:\/\/www.agrupamentoverticalgaviao.pt\/wp-content\/uploads\/2016\/01\/PJ2-028.jpg","contentUrl":"https:\/\/www.agrupamentoverticalgaviao.pt\/wp-content\/uploads\/2016\/01\/PJ2-028.jpg","width":600,"height":400},{"@type":"BreadcrumbList","@id":"https:\/\/www.agrupamentoverticalgaviao.pt\/?p=23453#breadcrumb","itemListElement":[{"@type":"ListItem","position":1,"name":"In\u00edcio","item":"https:\/\/www.agrupamentoverticalgaviao.pt\/"},{"@type":"ListItem","position":2,"name":"Parlamento dos Jovens"}]},{"@type":"WebSite","@id":"https:\/\/www.agrupamentoverticalgaviao.pt\/#website","url":"https:\/\/www.agrupamentoverticalgaviao.pt\/","name":"Agrupamento de Escolas de Gavi\u00e3o","description":"","alternateName":"Agrupamento de Escolas de Gavi\u00e3o","potentialAction":[{"@type":"SearchAction","target":{"@type":"EntryPoint","urlTemplate":"https:\/\/www.agrupamentoverticalgaviao.pt\/?s={search_term_string}"},"query-input":{"@type":"PropertyValueSpecification","valueRequired":true,"valueName":"search_term_string"}}],"inLanguage":"pt-PT"},{"@type":"Person","@id":"https:\/\/www.agrupamentoverticalgaviao.pt\/#\/schema\/person\/d31a59159eb58000be8001b507e8435f","name":"Marco Vilela","image":{"@type":"ImageObject","inLanguage":"pt-PT","@id":"https:\/\/secure.gravatar.com\/avatar\/a84a1029af2ec5895ae6cc5fd3c06f1390e9b3dc24ed93780502c881f57940be?s=96&d=mm&r=g","url":"https:\/\/secure.gravatar.com\/avatar\/a84a1029af2ec5895ae6cc5fd3c06f1390e9b3dc24ed93780502c881f57940be?s=96&d=mm&r=g","contentUrl":"https:\/\/secure.gravatar.com\/avatar\/a84a1029af2ec5895ae6cc5fd3c06f1390e9b3dc24ed93780502c881f57940be?s=96&d=mm&r=g","caption":"Marco Vilela"},"url":"https:\/\/www.agrupamentoverticalgaviao.pt\/?author=1"}]}},"_links":{"self":[{"href":"https:\/\/www.agrupamentoverticalgaviao.pt\/index.php?rest_route=\/wp\/v2\/posts\/23453","targetHints":{"allow":["GET"]}}],"collection":[{"href":"https:\/\/www.agrupamentoverticalgaviao.pt\/index.php?rest_route=\/wp\/v2\/posts"}],"about":[{"href":"https:\/\/www.agrupamentoverticalgaviao.pt\/index.php?rest_route=\/wp\/v2\/types\/post"}],"author":[{"embeddable":true,"href":"https:\/\/www.agrupamentoverticalgaviao.pt\/index.php?rest_route=\/wp\/v2\/users\/1"}],"replies":[{"embeddable":true,"href":"https:\/\/www.agrupamentoverticalgaviao.pt\/index.php?rest_route=%2Fwp%2Fv2%2Fcomments&post=23453"}],"version-history":[{"count":0,"href":"https:\/\/www.agrupamentoverticalgaviao.pt\/index.php?rest_route=\/wp\/v2\/posts\/23453\/revisions"}],"wp:featuredmedia":[{"embeddable":true,"href":"https:\/\/www.agrupamentoverticalgaviao.pt\/index.php?rest_route=\/wp\/v2\/media\/23559"}],"wp:attachment":[{"href":"https:\/\/www.agrupamentoverticalgaviao.pt\/index.php?rest_route=%2Fwp%2Fv2%2Fmedia&parent=23453"}],"wp:term":[{"taxonomy":"category","embeddable":true,"href":"https:\/\/www.agrupamentoverticalgaviao.pt\/index.php?rest_route=%2Fwp%2Fv2%2Fcategories&post=23453"},{"taxonomy":"post_tag","embeddable":true,"href":"https:\/\/www.agrupamentoverticalgaviao.pt\/index.php?rest_route=%2Fwp%2Fv2%2Ftags&post=23453"}],"curies":[{"name":"wp","href":"https:\/\/api.w.org\/{rel}","templated":true}]}}