{"id":22802,"date":"2016-01-10T22:52:32","date_gmt":"2016-01-10T22:52:32","guid":{"rendered":"http:\/\/www.agrupamentoverticalgaviao.pt\/pt\/?p=22802"},"modified":"2016-01-10T22:53:26","modified_gmt":"2016-01-10T22:53:26","slug":"dia-mundial-do-nao-fumador-e-dia-mundial-da-luta-contra-a-sida","status":"publish","type":"post","link":"https:\/\/www.agrupamentoverticalgaviao.pt\/?p=22802","title":{"rendered":"Dia Mundial do N\u00e3o Fumador e Dia Mundial da Luta Contra a SIDA"},"content":{"rendered":"<p>Nos dias 17 de novembro e dia 1 de dezembro a equipa da sa\u00fade e o curso vocacional de secund\u00e1rio dinamizaram, no agrupamento, algumas atividades com vista \u00e0 consciencializa\u00e7\u00e3o de toda a comunidade educativa para a exist\u00eancia de comportamentos de risco, quer a n\u00edvel da preven\u00e7\u00e3o do tabagismo quer do v\u00edrus HIV.<\/p>\n<p>Assim, dia 17, <strong>Dia Mundial do N\u00e3o Fumador<\/strong>, foi constru\u00eddo um mural, no \u00e1trio da escola, com informa\u00e7\u00e3o pertinente sobre o consumo do tabaco a n\u00edvel nacional, retirado do Programa Nacional para a Preven\u00e7\u00e3o e Controlo do Tabagismo e distribu\u00eddas pulseiras com mensagens de preven\u00e7\u00e3o anti-tabagismo. Foi ainda, atrav\u00e9s do link\u00a0<a href=\"http:\/\/www.escolavirtual.pt\/lpcc\/ligaexperimentar\/\">http:\/\/www.escolavirtual.pt\/lpcc\/ligaexperimentar\/<\/a>, feita a explora\u00e7\u00e3o do tema, nas aulas de cidadania e\/ou nas aulas de Ci\u00eancias Naturais, por sugest\u00e3o da equipa da sa\u00fade.<\/p>\n<p>No dia 1, <strong>Dia Mundial da Luta contra a SIDA<\/strong>, foi assinalado a data com a elabora\u00e7\u00e3o\/ exposi\u00e7\u00e3o \u00e0 comunidade de um cartaz comemorativo, relembrando que o <em>O S\u00edndrome de Imunodefici\u00eancia Adquirida (SIDA) matou mais de 20 milh\u00f5es de pessoas nos \u00faltimos 20 anos e, at\u00e9 hoje, n\u00e3o foi poss\u00edvel encontrar nem uma cura nem uma vacina eficazes para lutar contra esta amea\u00e7a que afeta pessoas de todas as idades, em todos os continentes.<\/em><\/p>\n<p style=\"text-align: right;\">Equipa da Sa\u00fade<\/p>\n<p style=\"text-align: left;\"><img decoding=\"async\" class=\"ngg_displayed_gallery mceItem\" src=\"http:\/\/www.agrupamentoverticalgaviao.pt\/pt\/nextgen-attach_to_post\/preview\/id--22803\" alt=\"\" data-mce-placeholder=\"1\" \/><\/p>\n<p style=\"text-align: left;\">\n<p style=\"text-align: left;\">[AdSense-A]<\/p>\n","protected":false},"excerpt":{"rendered":"<p>Nos dias 17 de novembro e dia 1 de dezembro a equipa da sa\u00fade &hellip; <\/p>\n","protected":false},"author":1,"featured_media":22804,"comment_status":"open","ping_status":"closed","sticky":false,"template":"","format":"standard","meta":{"footnotes":""},"categories":[33],"tags":[],"class_list":["post-22802","post","type-post","status-publish","format-standard","has-post-thumbnail","hentry","category-equipa-da-saude"],"yoast_head":"<!-- This site is optimized with the Yoast SEO plugin v27.5 - https:\/\/yoast.com\/product\/yoast-seo-wordpress\/ -->\n<title>Dia Mundial do N\u00e3o Fumador e Dia Mundial da Luta Contra a SIDA - Agrupamento de Escolas de Gavi\u00e3o<\/title>\n<meta name=\"robots\" content=\"index, follow, max-snippet:-1, max-image-preview:large, max-video-preview:-1\" \/>\n<link rel=\"canonical\" href=\"https:\/\/www.agrupamentoverticalgaviao.pt\/?p=22802\" \/>\n<meta property=\"og:locale\" content=\"pt_PT\" \/>\n<meta property=\"og:type\" content=\"article\" \/>\n<meta property=\"og:title\" content=\"Dia Mundial do N\u00e3o Fumador e Dia Mundial da Luta Contra a SIDA - Agrupamento de Escolas de Gavi\u00e3o\" \/>\n<meta property=\"og:description\" content=\"Nos dias 17 de novembro e dia 1 de dezembro a equipa da sa\u00fade &hellip;\" \/>\n<meta property=\"og:url\" content=\"https:\/\/www.agrupamentoverticalgaviao.pt\/?p=22802\" \/>\n<meta property=\"og:site_name\" content=\"Agrupamento de Escolas de Gavi\u00e3o\" \/>\n<meta property=\"article:published_time\" content=\"2016-01-10T22:52:32+00:00\" \/>\n<meta property=\"article:modified_time\" content=\"2016-01-10T22:53:26+00:00\" \/>\n<meta property=\"og:image\" content=\"https:\/\/www.agrupamentoverticalgaviao.pt\/wp-content\/uploads\/2016\/01\/nao-fumador-02.jpg\" \/>\n\t<meta property=\"og:image:width\" content=\"600\" \/>\n\t<meta property=\"og:image:height\" content=\"400\" \/>\n\t<meta property=\"og:image:type\" content=\"image\/jpeg\" \/>\n<meta name=\"author\" content=\"Marco Vilela\" \/>\n<meta name=\"twitter:card\" content=\"summary_large_image\" \/>\n<meta name=\"twitter:label1\" content=\"Escrito por\" \/>\n\t<meta name=\"twitter:data1\" content=\"Marco Vilela\" \/>\n\t<meta name=\"twitter:label2\" content=\"Tempo estimado de leitura\" \/>\n\t<meta name=\"twitter:data2\" content=\"1 minuto\" \/>\n<script type=\"application\/ld+json\" class=\"yoast-schema-graph\">{\"@context\":\"https:\\\/\\\/schema.org\",\"@graph\":[{\"@type\":\"Article\",\"@id\":\"https:\\\/\\\/www.agrupamentoverticalgaviao.pt\\\/?p=22802#article\",\"isPartOf\":{\"@id\":\"https:\\\/\\\/www.agrupamentoverticalgaviao.pt\\\/?p=22802\"},\"author\":{\"name\":\"Marco Vilela\",\"@id\":\"https:\\\/\\\/www.agrupamentoverticalgaviao.pt\\\/#\\\/schema\\\/person\\\/d31a59159eb58000be8001b507e8435f\"},\"headline\":\"Dia Mundial do N\u00e3o Fumador e Dia Mundial da Luta Contra a SIDA\",\"datePublished\":\"2016-01-10T22:52:32+00:00\",\"dateModified\":\"2016-01-10T22:53:26+00:00\",\"mainEntityOfPage\":{\"@id\":\"https:\\\/\\\/www.agrupamentoverticalgaviao.pt\\\/?p=22802\"},\"wordCount\":243,\"commentCount\":0,\"image\":{\"@id\":\"https:\\\/\\\/www.agrupamentoverticalgaviao.pt\\\/?p=22802#primaryimage\"},\"thumbnailUrl\":\"https:\\\/\\\/www.agrupamentoverticalgaviao.pt\\\/wp-content\\\/uploads\\\/2016\\\/01\\\/nao-fumador-02.jpg\",\"articleSection\":[\"Equipa da Sa\u00fade\"],\"inLanguage\":\"pt-PT\",\"potentialAction\":[{\"@type\":\"CommentAction\",\"name\":\"Comment\",\"target\":[\"https:\\\/\\\/www.agrupamentoverticalgaviao.pt\\\/?p=22802#respond\"]}]},{\"@type\":\"WebPage\",\"@id\":\"https:\\\/\\\/www.agrupamentoverticalgaviao.pt\\\/?p=22802\",\"url\":\"https:\\\/\\\/www.agrupamentoverticalgaviao.pt\\\/?p=22802\",\"name\":\"Dia Mundial do N\u00e3o Fumador e Dia Mundial da Luta Contra a SIDA - Agrupamento de Escolas de Gavi\u00e3o\",\"isPartOf\":{\"@id\":\"https:\\\/\\\/www.agrupamentoverticalgaviao.pt\\\/#website\"},\"primaryImageOfPage\":{\"@id\":\"https:\\\/\\\/www.agrupamentoverticalgaviao.pt\\\/?p=22802#primaryimage\"},\"image\":{\"@id\":\"https:\\\/\\\/www.agrupamentoverticalgaviao.pt\\\/?p=22802#primaryimage\"},\"thumbnailUrl\":\"https:\\\/\\\/www.agrupamentoverticalgaviao.pt\\\/wp-content\\\/uploads\\\/2016\\\/01\\\/nao-fumador-02.jpg\",\"datePublished\":\"2016-01-10T22:52:32+00:00\",\"dateModified\":\"2016-01-10T22:53:26+00:00\",\"author\":{\"@id\":\"https:\\\/\\\/www.agrupamentoverticalgaviao.pt\\\/#\\\/schema\\\/person\\\/d31a59159eb58000be8001b507e8435f\"},\"breadcrumb\":{\"@id\":\"https:\\\/\\\/www.agrupamentoverticalgaviao.pt\\\/?p=22802#breadcrumb\"},\"inLanguage\":\"pt-PT\",\"potentialAction\":[{\"@type\":\"ReadAction\",\"target\":[\"https:\\\/\\\/www.agrupamentoverticalgaviao.pt\\\/?p=22802\"]}]},{\"@type\":\"ImageObject\",\"inLanguage\":\"pt-PT\",\"@id\":\"https:\\\/\\\/www.agrupamentoverticalgaviao.pt\\\/?p=22802#primaryimage\",\"url\":\"https:\\\/\\\/www.agrupamentoverticalgaviao.pt\\\/wp-content\\\/uploads\\\/2016\\\/01\\\/nao-fumador-02.jpg\",\"contentUrl\":\"https:\\\/\\\/www.agrupamentoverticalgaviao.pt\\\/wp-content\\\/uploads\\\/2016\\\/01\\\/nao-fumador-02.jpg\",\"width\":600,\"height\":400},{\"@type\":\"BreadcrumbList\",\"@id\":\"https:\\\/\\\/www.agrupamentoverticalgaviao.pt\\\/?p=22802#breadcrumb\",\"itemListElement\":[{\"@type\":\"ListItem\",\"position\":1,\"name\":\"In\u00edcio\",\"item\":\"https:\\\/\\\/www.agrupamentoverticalgaviao.pt\\\/\"},{\"@type\":\"ListItem\",\"position\":2,\"name\":\"Dia Mundial do N\u00e3o Fumador e Dia Mundial da Luta Contra a SIDA\"}]},{\"@type\":\"WebSite\",\"@id\":\"https:\\\/\\\/www.agrupamentoverticalgaviao.pt\\\/#website\",\"url\":\"https:\\\/\\\/www.agrupamentoverticalgaviao.pt\\\/\",\"name\":\"Agrupamento de Escolas de Gavi\u00e3o\",\"description\":\"\",\"alternateName\":\"Agrupamento de Escolas de Gavi\u00e3o\",\"potentialAction\":[{\"@type\":\"SearchAction\",\"target\":{\"@type\":\"EntryPoint\",\"urlTemplate\":\"https:\\\/\\\/www.agrupamentoverticalgaviao.pt\\\/?s={search_term_string}\"},\"query-input\":{\"@type\":\"PropertyValueSpecification\",\"valueRequired\":true,\"valueName\":\"search_term_string\"}}],\"inLanguage\":\"pt-PT\"},{\"@type\":\"Person\",\"@id\":\"https:\\\/\\\/www.agrupamentoverticalgaviao.pt\\\/#\\\/schema\\\/person\\\/d31a59159eb58000be8001b507e8435f\",\"name\":\"Marco Vilela\",\"image\":{\"@type\":\"ImageObject\",\"inLanguage\":\"pt-PT\",\"@id\":\"https:\\\/\\\/secure.gravatar.com\\\/avatar\\\/a84a1029af2ec5895ae6cc5fd3c06f1390e9b3dc24ed93780502c881f57940be?s=96&d=mm&r=g\",\"url\":\"https:\\\/\\\/secure.gravatar.com\\\/avatar\\\/a84a1029af2ec5895ae6cc5fd3c06f1390e9b3dc24ed93780502c881f57940be?s=96&d=mm&r=g\",\"contentUrl\":\"https:\\\/\\\/secure.gravatar.com\\\/avatar\\\/a84a1029af2ec5895ae6cc5fd3c06f1390e9b3dc24ed93780502c881f57940be?s=96&d=mm&r=g\",\"caption\":\"Marco Vilela\"},\"url\":\"https:\\\/\\\/www.agrupamentoverticalgaviao.pt\\\/?author=1\"}]}<\/script>\n<!-- \/ Yoast SEO plugin. -->","yoast_head_json":{"title":"Dia Mundial do N\u00e3o Fumador e Dia Mundial da Luta Contra a SIDA - Agrupamento de Escolas de Gavi\u00e3o","robots":{"index":"index","follow":"follow","max-snippet":"max-snippet:-1","max-image-preview":"max-image-preview:large","max-video-preview":"max-video-preview:-1"},"canonical":"https:\/\/www.agrupamentoverticalgaviao.pt\/?p=22802","og_locale":"pt_PT","og_type":"article","og_title":"Dia Mundial do N\u00e3o Fumador e Dia Mundial da Luta Contra a SIDA - Agrupamento de Escolas de Gavi\u00e3o","og_description":"Nos dias 17 de novembro e dia 1 de dezembro a equipa da sa\u00fade &hellip;","og_url":"https:\/\/www.agrupamentoverticalgaviao.pt\/?p=22802","og_site_name":"Agrupamento de Escolas de Gavi\u00e3o","article_published_time":"2016-01-10T22:52:32+00:00","article_modified_time":"2016-01-10T22:53:26+00:00","og_image":[{"width":600,"height":400,"url":"https:\/\/www.agrupamentoverticalgaviao.pt\/wp-content\/uploads\/2016\/01\/nao-fumador-02.jpg","type":"image\/jpeg"}],"author":"Marco Vilela","twitter_card":"summary_large_image","twitter_misc":{"Escrito por":"Marco Vilela","Tempo estimado de leitura":"1 minuto"},"schema":{"@context":"https:\/\/schema.org","@graph":[{"@type":"Article","@id":"https:\/\/www.agrupamentoverticalgaviao.pt\/?p=22802#article","isPartOf":{"@id":"https:\/\/www.agrupamentoverticalgaviao.pt\/?p=22802"},"author":{"name":"Marco Vilela","@id":"https:\/\/www.agrupamentoverticalgaviao.pt\/#\/schema\/person\/d31a59159eb58000be8001b507e8435f"},"headline":"Dia Mundial do N\u00e3o Fumador e Dia Mundial da Luta Contra a SIDA","datePublished":"2016-01-10T22:52:32+00:00","dateModified":"2016-01-10T22:53:26+00:00","mainEntityOfPage":{"@id":"https:\/\/www.agrupamentoverticalgaviao.pt\/?p=22802"},"wordCount":243,"commentCount":0,"image":{"@id":"https:\/\/www.agrupamentoverticalgaviao.pt\/?p=22802#primaryimage"},"thumbnailUrl":"https:\/\/www.agrupamentoverticalgaviao.pt\/wp-content\/uploads\/2016\/01\/nao-fumador-02.jpg","articleSection":["Equipa da Sa\u00fade"],"inLanguage":"pt-PT","potentialAction":[{"@type":"CommentAction","name":"Comment","target":["https:\/\/www.agrupamentoverticalgaviao.pt\/?p=22802#respond"]}]},{"@type":"WebPage","@id":"https:\/\/www.agrupamentoverticalgaviao.pt\/?p=22802","url":"https:\/\/www.agrupamentoverticalgaviao.pt\/?p=22802","name":"Dia Mundial do N\u00e3o Fumador e Dia Mundial da Luta Contra a SIDA - Agrupamento de Escolas de Gavi\u00e3o","isPartOf":{"@id":"https:\/\/www.agrupamentoverticalgaviao.pt\/#website"},"primaryImageOfPage":{"@id":"https:\/\/www.agrupamentoverticalgaviao.pt\/?p=22802#primaryimage"},"image":{"@id":"https:\/\/www.agrupamentoverticalgaviao.pt\/?p=22802#primaryimage"},"thumbnailUrl":"https:\/\/www.agrupamentoverticalgaviao.pt\/wp-content\/uploads\/2016\/01\/nao-fumador-02.jpg","datePublished":"2016-01-10T22:52:32+00:00","dateModified":"2016-01-10T22:53:26+00:00","author":{"@id":"https:\/\/www.agrupamentoverticalgaviao.pt\/#\/schema\/person\/d31a59159eb58000be8001b507e8435f"},"breadcrumb":{"@id":"https:\/\/www.agrupamentoverticalgaviao.pt\/?p=22802#breadcrumb"},"inLanguage":"pt-PT","potentialAction":[{"@type":"ReadAction","target":["https:\/\/www.agrupamentoverticalgaviao.pt\/?p=22802"]}]},{"@type":"ImageObject","inLanguage":"pt-PT","@id":"https:\/\/www.agrupamentoverticalgaviao.pt\/?p=22802#primaryimage","url":"https:\/\/www.agrupamentoverticalgaviao.pt\/wp-content\/uploads\/2016\/01\/nao-fumador-02.jpg","contentUrl":"https:\/\/www.agrupamentoverticalgaviao.pt\/wp-content\/uploads\/2016\/01\/nao-fumador-02.jpg","width":600,"height":400},{"@type":"BreadcrumbList","@id":"https:\/\/www.agrupamentoverticalgaviao.pt\/?p=22802#breadcrumb","itemListElement":[{"@type":"ListItem","position":1,"name":"In\u00edcio","item":"https:\/\/www.agrupamentoverticalgaviao.pt\/"},{"@type":"ListItem","position":2,"name":"Dia Mundial do N\u00e3o Fumador e Dia Mundial da Luta Contra a SIDA"}]},{"@type":"WebSite","@id":"https:\/\/www.agrupamentoverticalgaviao.pt\/#website","url":"https:\/\/www.agrupamentoverticalgaviao.pt\/","name":"Agrupamento de Escolas de Gavi\u00e3o","description":"","alternateName":"Agrupamento de Escolas de Gavi\u00e3o","potentialAction":[{"@type":"SearchAction","target":{"@type":"EntryPoint","urlTemplate":"https:\/\/www.agrupamentoverticalgaviao.pt\/?s={search_term_string}"},"query-input":{"@type":"PropertyValueSpecification","valueRequired":true,"valueName":"search_term_string"}}],"inLanguage":"pt-PT"},{"@type":"Person","@id":"https:\/\/www.agrupamentoverticalgaviao.pt\/#\/schema\/person\/d31a59159eb58000be8001b507e8435f","name":"Marco Vilela","image":{"@type":"ImageObject","inLanguage":"pt-PT","@id":"https:\/\/secure.gravatar.com\/avatar\/a84a1029af2ec5895ae6cc5fd3c06f1390e9b3dc24ed93780502c881f57940be?s=96&d=mm&r=g","url":"https:\/\/secure.gravatar.com\/avatar\/a84a1029af2ec5895ae6cc5fd3c06f1390e9b3dc24ed93780502c881f57940be?s=96&d=mm&r=g","contentUrl":"https:\/\/secure.gravatar.com\/avatar\/a84a1029af2ec5895ae6cc5fd3c06f1390e9b3dc24ed93780502c881f57940be?s=96&d=mm&r=g","caption":"Marco Vilela"},"url":"https:\/\/www.agrupamentoverticalgaviao.pt\/?author=1"}]}},"_links":{"self":[{"href":"https:\/\/www.agrupamentoverticalgaviao.pt\/index.php?rest_route=\/wp\/v2\/posts\/22802","targetHints":{"allow":["GET"]}}],"collection":[{"href":"https:\/\/www.agrupamentoverticalgaviao.pt\/index.php?rest_route=\/wp\/v2\/posts"}],"about":[{"href":"https:\/\/www.agrupamentoverticalgaviao.pt\/index.php?rest_route=\/wp\/v2\/types\/post"}],"author":[{"embeddable":true,"href":"https:\/\/www.agrupamentoverticalgaviao.pt\/index.php?rest_route=\/wp\/v2\/users\/1"}],"replies":[{"embeddable":true,"href":"https:\/\/www.agrupamentoverticalgaviao.pt\/index.php?rest_route=%2Fwp%2Fv2%2Fcomments&post=22802"}],"version-history":[{"count":0,"href":"https:\/\/www.agrupamentoverticalgaviao.pt\/index.php?rest_route=\/wp\/v2\/posts\/22802\/revisions"}],"wp:featuredmedia":[{"embeddable":true,"href":"https:\/\/www.agrupamentoverticalgaviao.pt\/index.php?rest_route=\/wp\/v2\/media\/22804"}],"wp:attachment":[{"href":"https:\/\/www.agrupamentoverticalgaviao.pt\/index.php?rest_route=%2Fwp%2Fv2%2Fmedia&parent=22802"}],"wp:term":[{"taxonomy":"category","embeddable":true,"href":"https:\/\/www.agrupamentoverticalgaviao.pt\/index.php?rest_route=%2Fwp%2Fv2%2Fcategories&post=22802"},{"taxonomy":"post_tag","embeddable":true,"href":"https:\/\/www.agrupamentoverticalgaviao.pt\/index.php?rest_route=%2Fwp%2Fv2%2Ftags&post=22802"}],"curies":[{"name":"wp","href":"https:\/\/api.w.org\/{rel}","templated":true}]}}