{"id":11295,"date":"2014-12-22T22:16:18","date_gmt":"2014-12-22T22:16:18","guid":{"rendered":"http:\/\/www.agrupamentoverticalgaviao.pt\/pt\/?p=11295"},"modified":"2014-12-22T22:16:18","modified_gmt":"2014-12-22T22:16:18","slug":"planeta-da-leitura-agora-e-a-nossa-vez","status":"publish","type":"post","link":"https:\/\/www.agrupamentoverticalgaviao.pt\/?p=11295","title":{"rendered":"Planeta da Leitura \u2013 Agora \u00e9 a nossa vez\u2026"},"content":{"rendered":"<h3 style=\"text-align: center;\">\u201cNatal nas Asas do Arco-\u00edris\u201d<\/h3>\n<p>O projeto de leitura tem sido um grande incentivo \u00e0 leitura e \u00e0 criatividade.<\/p>\n<p>\u00c9 tamb\u00e9m uma forma agrad\u00e1vel e enriquecedora de aproximar as fam\u00edlias da escola, da sala de aula e do contexto escolar.<\/p>\n<p>Esta proximidade foi fomentada desde o 1\u00ba ano, com o projeto \u201cLer c\u00e1 e para l\u00e1 da escola\u201d, agora no 3\u00ba ano h\u00e1 que aumentar as exig\u00eancias, inovar, criar e surpreender\u2026<\/p>\n<p>O papel das fam\u00edlias continua a ser muito importante. Este ano j\u00e1 tivemos a \u201cvisita\u201d de cinco fam\u00edlias, elas partilharam connosco hist\u00f3rias interessantes e diferentes, que nos fizeram pensar e ajudaram a olhar o mundo que nos rodeia de outra forma.<\/p>\n<p>Por tudo isto quisemos \u201cvoar\u201d mais alto e mostrar que valeu a pena e que tamb\u00e9m somos capazes. Quisemos surpreender as nossas fam\u00edlias e assim surgiu a atividade \u201cAgora \u00e9 a nossa vez\u2026\u201d<\/p>\n<p>No dia 11 de Dezembro aconteceu o momento m\u00e1gico.<\/p>\n<p>Convid\u00e1mos as nossas fam\u00edlias, escolhemos a hist\u00f3ria, decidimos por maioria que a Biblioteca Escolar seria o lugar ideal para contar a hist\u00f3ria. Solicit\u00e1mos o espa\u00e7o \u00e0 professora bibliotec\u00e1ria, estava dispon\u00edvel e, desde logo a professora Paula Pio se prontificou a ajudar-nos. A professora Manuela tamb\u00e9m aceitou juntar-se a n\u00f3s para tornar aquele momento ainda mais especial.<\/p>\n<p>Trein\u00e1mos a leitura e esper\u00e1mos ansiosamente pelo momento.<\/p>\n<p>A Biblioteca encheu-se de gente e emo\u00e7\u00f5es.<\/p>\n<p>Foi um grande desafio!<\/p>\n<p>Primeiro sentimos medo, depois orgulho, porque conseguimos. Sentimos tamb\u00e9m muita alegria porque as nossas fam\u00edlias aceitaram o nosso convite.<\/p>\n<p>No final da hist\u00f3ria toc\u00e1mos flauta, pela primeira vez em p\u00fablico e depois cant\u00e1mos quatro can\u00e7\u00f5es de Natal, juntamente com os amigos da turma do 2\u00ba ano.<\/p>\n<p>Ador\u00e1mos a experi\u00eancia, a magia da hist\u00f3ria, do momento e do espa\u00e7o tomou conta de n\u00f3s.<\/p>\n<p>A alegria contagiou e emocionou todos os que ali estavam.<\/p>\n<p>Agradecemos a todos os que nos ajudaram!<\/p>\n<p style=\"text-align: right;\">Turma do 3\u00ba ano de Gavi\u00e3o<br \/>\nProf\u00aa\u00a0 Adriana Martins<\/p>\n<p style=\"text-align: left;\"><img decoding=\"async\" class=\"ngg_displayed_gallery mceItem\" src=\"http:\/\/www.agrupamentoverticalgaviao.pt\/pt\/nextgen-attach_to_post\/preview\/id--11356\" alt=\"\" \/><\/p>\n","protected":false},"excerpt":{"rendered":"<p>\u201cNatal nas Asas do Arco-\u00edris\u201d O projeto de leitura tem sido um grande incentivo &hellip; <\/p>\n","protected":false},"author":1,"featured_media":11357,"comment_status":"open","ping_status":"closed","sticky":false,"template":"","format":"standard","meta":{"footnotes":""},"categories":[20,26],"tags":[62,128],"class_list":["post-11295","post","type-post","status-publish","format-standard","has-post-thumbnail","hentry","category-biblioteca-escolar","category-natal","tag-biblioteca-escolar","tag-natal"],"yoast_head":"<!-- This site is optimized with the Yoast SEO plugin v27.4 - https:\/\/yoast.com\/product\/yoast-seo-wordpress\/ -->\n<title>Planeta da Leitura \u2013 Agora \u00e9 a nossa vez\u2026 - Agrupamento de Escolas de Gavi\u00e3o<\/title>\n<meta name=\"robots\" content=\"index, follow, max-snippet:-1, max-image-preview:large, max-video-preview:-1\" \/>\n<link rel=\"canonical\" href=\"https:\/\/www.agrupamentoverticalgaviao.pt\/?p=11295\" \/>\n<meta property=\"og:locale\" content=\"pt_PT\" \/>\n<meta property=\"og:type\" content=\"article\" \/>\n<meta property=\"og:title\" content=\"Planeta da Leitura \u2013 Agora \u00e9 a nossa vez\u2026 - Agrupamento de Escolas de Gavi\u00e3o\" \/>\n<meta property=\"og:description\" content=\"\u201cNatal nas Asas do Arco-\u00edris\u201d O projeto de leitura tem sido um grande incentivo &hellip;\" \/>\n<meta property=\"og:url\" content=\"https:\/\/www.agrupamentoverticalgaviao.pt\/?p=11295\" \/>\n<meta property=\"og:site_name\" content=\"Agrupamento de Escolas de Gavi\u00e3o\" \/>\n<meta property=\"article:published_time\" content=\"2014-12-22T22:16:18+00:00\" \/>\n<meta property=\"og:image\" content=\"https:\/\/www.agrupamentoverticalgaviao.pt\/wp-content\/uploads\/2014\/12\/banner7.jpg\" \/>\n\t<meta property=\"og:image:width\" content=\"600\" \/>\n\t<meta property=\"og:image:height\" content=\"200\" \/>\n\t<meta property=\"og:image:type\" content=\"image\/jpeg\" \/>\n<meta name=\"author\" content=\"Marco Vilela\" \/>\n<meta name=\"twitter:card\" content=\"summary_large_image\" \/>\n<meta name=\"twitter:label1\" content=\"Escrito por\" \/>\n\t<meta name=\"twitter:data1\" content=\"Marco Vilela\" \/>\n\t<meta name=\"twitter:label2\" content=\"Tempo estimado de leitura\" \/>\n\t<meta name=\"twitter:data2\" content=\"2 minutos\" \/>\n<script type=\"application\/ld+json\" class=\"yoast-schema-graph\">{\"@context\":\"https:\\\/\\\/schema.org\",\"@graph\":[{\"@type\":\"Article\",\"@id\":\"https:\\\/\\\/www.agrupamentoverticalgaviao.pt\\\/?p=11295#article\",\"isPartOf\":{\"@id\":\"https:\\\/\\\/www.agrupamentoverticalgaviao.pt\\\/?p=11295\"},\"author\":{\"name\":\"Marco Vilela\",\"@id\":\"https:\\\/\\\/www.agrupamentoverticalgaviao.pt\\\/#\\\/schema\\\/person\\\/d31a59159eb58000be8001b507e8435f\"},\"headline\":\"Planeta da Leitura \u2013 Agora \u00e9 a nossa vez\u2026\",\"datePublished\":\"2014-12-22T22:16:18+00:00\",\"mainEntityOfPage\":{\"@id\":\"https:\\\/\\\/www.agrupamentoverticalgaviao.pt\\\/?p=11295\"},\"wordCount\":351,\"commentCount\":0,\"image\":{\"@id\":\"https:\\\/\\\/www.agrupamentoverticalgaviao.pt\\\/?p=11295#primaryimage\"},\"thumbnailUrl\":\"https:\\\/\\\/www.agrupamentoverticalgaviao.pt\\\/wp-content\\\/uploads\\\/2014\\\/12\\\/banner7.jpg\",\"keywords\":[\"Biblioteca Escolar\",\"Natal\"],\"articleSection\":[\"Biblioteca Escolar\",\"Natal\"],\"inLanguage\":\"pt-PT\",\"potentialAction\":[{\"@type\":\"CommentAction\",\"name\":\"Comment\",\"target\":[\"https:\\\/\\\/www.agrupamentoverticalgaviao.pt\\\/?p=11295#respond\"]}]},{\"@type\":\"WebPage\",\"@id\":\"https:\\\/\\\/www.agrupamentoverticalgaviao.pt\\\/?p=11295\",\"url\":\"https:\\\/\\\/www.agrupamentoverticalgaviao.pt\\\/?p=11295\",\"name\":\"Planeta da Leitura \u2013 Agora \u00e9 a nossa vez\u2026 - Agrupamento de Escolas de Gavi\u00e3o\",\"isPartOf\":{\"@id\":\"https:\\\/\\\/www.agrupamentoverticalgaviao.pt\\\/#website\"},\"primaryImageOfPage\":{\"@id\":\"https:\\\/\\\/www.agrupamentoverticalgaviao.pt\\\/?p=11295#primaryimage\"},\"image\":{\"@id\":\"https:\\\/\\\/www.agrupamentoverticalgaviao.pt\\\/?p=11295#primaryimage\"},\"thumbnailUrl\":\"https:\\\/\\\/www.agrupamentoverticalgaviao.pt\\\/wp-content\\\/uploads\\\/2014\\\/12\\\/banner7.jpg\",\"datePublished\":\"2014-12-22T22:16:18+00:00\",\"author\":{\"@id\":\"https:\\\/\\\/www.agrupamentoverticalgaviao.pt\\\/#\\\/schema\\\/person\\\/d31a59159eb58000be8001b507e8435f\"},\"breadcrumb\":{\"@id\":\"https:\\\/\\\/www.agrupamentoverticalgaviao.pt\\\/?p=11295#breadcrumb\"},\"inLanguage\":\"pt-PT\",\"potentialAction\":[{\"@type\":\"ReadAction\",\"target\":[\"https:\\\/\\\/www.agrupamentoverticalgaviao.pt\\\/?p=11295\"]}]},{\"@type\":\"ImageObject\",\"inLanguage\":\"pt-PT\",\"@id\":\"https:\\\/\\\/www.agrupamentoverticalgaviao.pt\\\/?p=11295#primaryimage\",\"url\":\"https:\\\/\\\/www.agrupamentoverticalgaviao.pt\\\/wp-content\\\/uploads\\\/2014\\\/12\\\/banner7.jpg\",\"contentUrl\":\"https:\\\/\\\/www.agrupamentoverticalgaviao.pt\\\/wp-content\\\/uploads\\\/2014\\\/12\\\/banner7.jpg\",\"width\":600,\"height\":200},{\"@type\":\"BreadcrumbList\",\"@id\":\"https:\\\/\\\/www.agrupamentoverticalgaviao.pt\\\/?p=11295#breadcrumb\",\"itemListElement\":[{\"@type\":\"ListItem\",\"position\":1,\"name\":\"In\u00edcio\",\"item\":\"https:\\\/\\\/www.agrupamentoverticalgaviao.pt\\\/\"},{\"@type\":\"ListItem\",\"position\":2,\"name\":\"Planeta da Leitura \u2013 Agora \u00e9 a nossa vez\u2026\"}]},{\"@type\":\"WebSite\",\"@id\":\"https:\\\/\\\/www.agrupamentoverticalgaviao.pt\\\/#website\",\"url\":\"https:\\\/\\\/www.agrupamentoverticalgaviao.pt\\\/\",\"name\":\"Agrupamento de Escolas de Gavi\u00e3o\",\"description\":\"\",\"alternateName\":\"Agrupamento de Escolas de Gavi\u00e3o\",\"potentialAction\":[{\"@type\":\"SearchAction\",\"target\":{\"@type\":\"EntryPoint\",\"urlTemplate\":\"https:\\\/\\\/www.agrupamentoverticalgaviao.pt\\\/?s={search_term_string}\"},\"query-input\":{\"@type\":\"PropertyValueSpecification\",\"valueRequired\":true,\"valueName\":\"search_term_string\"}}],\"inLanguage\":\"pt-PT\"},{\"@type\":\"Person\",\"@id\":\"https:\\\/\\\/www.agrupamentoverticalgaviao.pt\\\/#\\\/schema\\\/person\\\/d31a59159eb58000be8001b507e8435f\",\"name\":\"Marco Vilela\",\"image\":{\"@type\":\"ImageObject\",\"inLanguage\":\"pt-PT\",\"@id\":\"https:\\\/\\\/secure.gravatar.com\\\/avatar\\\/a84a1029af2ec5895ae6cc5fd3c06f1390e9b3dc24ed93780502c881f57940be?s=96&d=mm&r=g\",\"url\":\"https:\\\/\\\/secure.gravatar.com\\\/avatar\\\/a84a1029af2ec5895ae6cc5fd3c06f1390e9b3dc24ed93780502c881f57940be?s=96&d=mm&r=g\",\"contentUrl\":\"https:\\\/\\\/secure.gravatar.com\\\/avatar\\\/a84a1029af2ec5895ae6cc5fd3c06f1390e9b3dc24ed93780502c881f57940be?s=96&d=mm&r=g\",\"caption\":\"Marco Vilela\"},\"url\":\"https:\\\/\\\/www.agrupamentoverticalgaviao.pt\\\/?author=1\"}]}<\/script>\n<!-- \/ Yoast SEO plugin. -->","yoast_head_json":{"title":"Planeta da Leitura \u2013 Agora \u00e9 a nossa vez\u2026 - Agrupamento de Escolas de Gavi\u00e3o","robots":{"index":"index","follow":"follow","max-snippet":"max-snippet:-1","max-image-preview":"max-image-preview:large","max-video-preview":"max-video-preview:-1"},"canonical":"https:\/\/www.agrupamentoverticalgaviao.pt\/?p=11295","og_locale":"pt_PT","og_type":"article","og_title":"Planeta da Leitura \u2013 Agora \u00e9 a nossa vez\u2026 - Agrupamento de Escolas de Gavi\u00e3o","og_description":"\u201cNatal nas Asas do Arco-\u00edris\u201d O projeto de leitura tem sido um grande incentivo &hellip;","og_url":"https:\/\/www.agrupamentoverticalgaviao.pt\/?p=11295","og_site_name":"Agrupamento de Escolas de Gavi\u00e3o","article_published_time":"2014-12-22T22:16:18+00:00","og_image":[{"width":600,"height":200,"url":"https:\/\/www.agrupamentoverticalgaviao.pt\/wp-content\/uploads\/2014\/12\/banner7.jpg","type":"image\/jpeg"}],"author":"Marco Vilela","twitter_card":"summary_large_image","twitter_misc":{"Escrito por":"Marco Vilela","Tempo estimado de leitura":"2 minutos"},"schema":{"@context":"https:\/\/schema.org","@graph":[{"@type":"Article","@id":"https:\/\/www.agrupamentoverticalgaviao.pt\/?p=11295#article","isPartOf":{"@id":"https:\/\/www.agrupamentoverticalgaviao.pt\/?p=11295"},"author":{"name":"Marco Vilela","@id":"https:\/\/www.agrupamentoverticalgaviao.pt\/#\/schema\/person\/d31a59159eb58000be8001b507e8435f"},"headline":"Planeta da Leitura \u2013 Agora \u00e9 a nossa vez\u2026","datePublished":"2014-12-22T22:16:18+00:00","mainEntityOfPage":{"@id":"https:\/\/www.agrupamentoverticalgaviao.pt\/?p=11295"},"wordCount":351,"commentCount":0,"image":{"@id":"https:\/\/www.agrupamentoverticalgaviao.pt\/?p=11295#primaryimage"},"thumbnailUrl":"https:\/\/www.agrupamentoverticalgaviao.pt\/wp-content\/uploads\/2014\/12\/banner7.jpg","keywords":["Biblioteca Escolar","Natal"],"articleSection":["Biblioteca Escolar","Natal"],"inLanguage":"pt-PT","potentialAction":[{"@type":"CommentAction","name":"Comment","target":["https:\/\/www.agrupamentoverticalgaviao.pt\/?p=11295#respond"]}]},{"@type":"WebPage","@id":"https:\/\/www.agrupamentoverticalgaviao.pt\/?p=11295","url":"https:\/\/www.agrupamentoverticalgaviao.pt\/?p=11295","name":"Planeta da Leitura \u2013 Agora \u00e9 a nossa vez\u2026 - Agrupamento de Escolas de Gavi\u00e3o","isPartOf":{"@id":"https:\/\/www.agrupamentoverticalgaviao.pt\/#website"},"primaryImageOfPage":{"@id":"https:\/\/www.agrupamentoverticalgaviao.pt\/?p=11295#primaryimage"},"image":{"@id":"https:\/\/www.agrupamentoverticalgaviao.pt\/?p=11295#primaryimage"},"thumbnailUrl":"https:\/\/www.agrupamentoverticalgaviao.pt\/wp-content\/uploads\/2014\/12\/banner7.jpg","datePublished":"2014-12-22T22:16:18+00:00","author":{"@id":"https:\/\/www.agrupamentoverticalgaviao.pt\/#\/schema\/person\/d31a59159eb58000be8001b507e8435f"},"breadcrumb":{"@id":"https:\/\/www.agrupamentoverticalgaviao.pt\/?p=11295#breadcrumb"},"inLanguage":"pt-PT","potentialAction":[{"@type":"ReadAction","target":["https:\/\/www.agrupamentoverticalgaviao.pt\/?p=11295"]}]},{"@type":"ImageObject","inLanguage":"pt-PT","@id":"https:\/\/www.agrupamentoverticalgaviao.pt\/?p=11295#primaryimage","url":"https:\/\/www.agrupamentoverticalgaviao.pt\/wp-content\/uploads\/2014\/12\/banner7.jpg","contentUrl":"https:\/\/www.agrupamentoverticalgaviao.pt\/wp-content\/uploads\/2014\/12\/banner7.jpg","width":600,"height":200},{"@type":"BreadcrumbList","@id":"https:\/\/www.agrupamentoverticalgaviao.pt\/?p=11295#breadcrumb","itemListElement":[{"@type":"ListItem","position":1,"name":"In\u00edcio","item":"https:\/\/www.agrupamentoverticalgaviao.pt\/"},{"@type":"ListItem","position":2,"name":"Planeta da Leitura \u2013 Agora \u00e9 a nossa vez\u2026"}]},{"@type":"WebSite","@id":"https:\/\/www.agrupamentoverticalgaviao.pt\/#website","url":"https:\/\/www.agrupamentoverticalgaviao.pt\/","name":"Agrupamento de Escolas de Gavi\u00e3o","description":"","alternateName":"Agrupamento de Escolas de Gavi\u00e3o","potentialAction":[{"@type":"SearchAction","target":{"@type":"EntryPoint","urlTemplate":"https:\/\/www.agrupamentoverticalgaviao.pt\/?s={search_term_string}"},"query-input":{"@type":"PropertyValueSpecification","valueRequired":true,"valueName":"search_term_string"}}],"inLanguage":"pt-PT"},{"@type":"Person","@id":"https:\/\/www.agrupamentoverticalgaviao.pt\/#\/schema\/person\/d31a59159eb58000be8001b507e8435f","name":"Marco Vilela","image":{"@type":"ImageObject","inLanguage":"pt-PT","@id":"https:\/\/secure.gravatar.com\/avatar\/a84a1029af2ec5895ae6cc5fd3c06f1390e9b3dc24ed93780502c881f57940be?s=96&d=mm&r=g","url":"https:\/\/secure.gravatar.com\/avatar\/a84a1029af2ec5895ae6cc5fd3c06f1390e9b3dc24ed93780502c881f57940be?s=96&d=mm&r=g","contentUrl":"https:\/\/secure.gravatar.com\/avatar\/a84a1029af2ec5895ae6cc5fd3c06f1390e9b3dc24ed93780502c881f57940be?s=96&d=mm&r=g","caption":"Marco Vilela"},"url":"https:\/\/www.agrupamentoverticalgaviao.pt\/?author=1"}]}},"_links":{"self":[{"href":"https:\/\/www.agrupamentoverticalgaviao.pt\/index.php?rest_route=\/wp\/v2\/posts\/11295","targetHints":{"allow":["GET"]}}],"collection":[{"href":"https:\/\/www.agrupamentoverticalgaviao.pt\/index.php?rest_route=\/wp\/v2\/posts"}],"about":[{"href":"https:\/\/www.agrupamentoverticalgaviao.pt\/index.php?rest_route=\/wp\/v2\/types\/post"}],"author":[{"embeddable":true,"href":"https:\/\/www.agrupamentoverticalgaviao.pt\/index.php?rest_route=\/wp\/v2\/users\/1"}],"replies":[{"embeddable":true,"href":"https:\/\/www.agrupamentoverticalgaviao.pt\/index.php?rest_route=%2Fwp%2Fv2%2Fcomments&post=11295"}],"version-history":[{"count":0,"href":"https:\/\/www.agrupamentoverticalgaviao.pt\/index.php?rest_route=\/wp\/v2\/posts\/11295\/revisions"}],"wp:featuredmedia":[{"embeddable":true,"href":"https:\/\/www.agrupamentoverticalgaviao.pt\/index.php?rest_route=\/wp\/v2\/media\/11357"}],"wp:attachment":[{"href":"https:\/\/www.agrupamentoverticalgaviao.pt\/index.php?rest_route=%2Fwp%2Fv2%2Fmedia&parent=11295"}],"wp:term":[{"taxonomy":"category","embeddable":true,"href":"https:\/\/www.agrupamentoverticalgaviao.pt\/index.php?rest_route=%2Fwp%2Fv2%2Fcategories&post=11295"},{"taxonomy":"post_tag","embeddable":true,"href":"https:\/\/www.agrupamentoverticalgaviao.pt\/index.php?rest_route=%2Fwp%2Fv2%2Ftags&post=11295"}],"curies":[{"name":"wp","href":"https:\/\/api.w.org\/{rel}","templated":true}]}}